{"id":2769,"date":"2025-09-15T00:36:20","date_gmt":"2025-09-15T00:36:20","guid":{"rendered":"https:\/\/voxsahel.com\/?p=2769"},"modified":"2025-09-15T00:37:33","modified_gmt":"2025-09-15T00:37:33","slug":"portrait-cheik-abdoul-nasser-karaga-un-destin-forge-entre-passion-leadership-et-transmission","status":"publish","type":"post","link":"https:\/\/voxsahel.com\/?p=2769","title":{"rendered":"Portrait | Cheik Abdoul Nasser Karaga : un destin forg\u00e9 entre passion, leadership et transmission"},"content":{"rendered":"<p class=\"p1\">Figure discr\u00e8te mais influente du football burkinab\u00e8, Cheik Abdoul Nasser Karaga incarne le parcours d\u2019un passionn\u00e9 dont la carri\u00e8re s\u2019est construite sur la pers\u00e9v\u00e9rance, la discipline et l\u2019amour du ballon rond. N\u00e9 et grandi \u00e0 Bobo-Dioulasso, il d\u00e9couvre tr\u00e8s t\u00f4t sa vocation. D\u00e8s le l\u2019\u00e9cole primaire, son talent attire l\u2019attention et lui ouvre les portes de l\u2019\u00e9quipe minime du Racing Club de Bobo. C\u2019est l\u00e0 qu\u2019il plante les premi\u00e8res graines d\u2019un destin d\u00e9j\u00e0 tourn\u00e9 vers les terrains de football.<\/p>\n<p class=\"p1\"><span class=\"s2\">Apr\u00e8s l\u2019obtention de son Certificat d\u2019\u00c9tudes Primaires, il int\u00e8gre le centre de formation <\/span><span class=\"s1\">Plan\u00e8te Champion<\/span><span class=\"s2\">, entre 2000 et 2006. Ce passage s\u2019av\u00e8re d\u00e9cisif. Avec cette p\u00e9pini\u00e8re de talents, il vit une progression fulgurante, montant de la D3 \u00e0 la D2 nationale. Mais une contrainte r\u00e9glementaire freine l\u2019\u00e9lan du centre : \u00e0 l\u2019\u00e9poque, les centres de formation n\u2019\u00e9taient pas autoris\u00e9s \u00e0 disputer la premi\u00e8re division. Un coup dur qui n\u2019entame toutefois ni sa d\u00e9termination, ni son ambition.<\/span><\/p>\n<p class=\"p1\"><span class=\"s2\">Son ascension se poursuit lorsqu\u2019il est convoqu\u00e9 en <\/span><span class=\"s1\">\u00e9quipe nationale cadette<\/span><span class=\"s2\">. Vice-capitaine de cette s\u00e9lection, il participe \u00e0 la CAN U17 au Togo, confirmant son statut de joueur prometteur. Par la suite, il rejoint l\u2019<\/span><span class=\"s1\">ASFB (Association Sportive des Forces Arm\u00e9es)<\/span><span class=\"s2\">, o\u00f9 il passe trois saisons. Capitaine de cette formation, il incarne le leadership et l\u2019exemplarit\u00e9 sur le terrain. Parall\u00e8lement, il est s\u00e9lectionn\u00e9 en \u00e9quipe nationale junior, sous la houlette de l\u2019entra\u00eeneur Brama Traor\u00e9, ce qui renforce encore son exp\u00e9rience internationale.<\/span><\/p>\n<p class=\"p1\"><span class=\"s2\">Apr\u00e8s un court passage au <\/span><span class=\"s1\">Racing Club de Bobo<\/span><span class=\"s2\">, il retourne \u00e0 l\u2019ASFB, avec laquelle il contribue activement \u00e0 la remont\u00e9e en premi\u00e8re division. C\u2019est toutefois sous les couleurs de l\u2019<\/span><span class=\"s1\">\u00c9toile Filante de Ouagadougou (EFO)<\/span><span class=\"s2\"> qu\u2019il conna\u00eetra ses plus grands succ\u00e8s.<\/span><\/p>\n<ul class=\"ul1\">\n<li class=\"li1\"><span class=\"s1\">Saison 2013-2014<\/span><span class=\"s2\"> : Champion du Burkina Faso et finaliste de la Coupe du Faso.<\/span><\/li>\n<li class=\"li1\"><span class=\"s1\">Saison 2014-2015<\/span><span class=\"s2\"> : Vice-champion du Burkina Faso et troisi\u00e8me de la Coupe du Faso.<\/span><\/li>\n<\/ul>\n<p class=\"p1\"><span class=\"s2\">Ces performances lui valent une s\u00e9lection avec les <\/span><span class=\"s1\">\u00c9talons locaux<\/span><span class=\"s2\">, dirig\u00e9s par l\u2019entra\u00eeneur Saboteur. Mais une blessure, survenue au mauvais moment, l\u2019emp\u00eache de participer pleinement \u00e0 la comp\u00e9tition, marquant un tournant dans sa carri\u00e8re.<\/span><\/p>\n<p class=\"p1\"><span class=\"s2\">En 2015, il retourne \u00e0 Bobo-Dioulasso et rejoint l\u2019<\/span><span class=\"s1\">AJEB (Association des Jeunes Espoirs de Bobo)<\/span><span class=\"s2\">. Devenu capitaine, il apporte son exp\u00e9rience et sa rigueur au sein de cette \u00e9quipe, qu\u2019il accompagnera jusqu\u2019en 2020. C\u2019est durant cette p\u00e9riode qu\u2019il amorce une transition r\u00e9fl\u00e9chie vers une carri\u00e8re d\u2019encadreur. Plus qu\u2019un joueur, Karaga devient mentor, guide et pilier organisationnel.<\/span><\/p>\n<p class=\"p1\"><span class=\"s2\">Soucieux de pr\u00e9parer son avenir, il se forme et obtient plusieurs dipl\u00f4mes :<\/span><\/p>\n<ul class=\"ul1\">\n<li class=\"li1\"><span class=\"s1\">Licence D CAF<\/span><\/li>\n<li class=\"li1\"><span class=\"s1\">Licence C CAF<\/span><\/li>\n<\/ul>\n<p class=\"p1\"><span class=\"s2\">Ces qualifications lui ouvrent la voie \u00e0 une nouvelle aventure : celle d\u2019entra\u00eeneur. Aujourd\u2019hui, Cheik Abdoul Nasser Karaga poursuit son engagement sur le banc de touche, en transmettant son savoir et ses valeurs. Sollicit\u00e9 par <\/span><span class=\"s1\">Babali Football Club<\/span><span class=\"s2\">, une formation de troisi\u00e8me division, il prend en main l\u2019\u00e9quipe en tant qu\u2019entra\u00eeneur principal. Pour lui, ce nouveau d\u00e9fi est bien plus qu\u2019une suite logique : il s\u2019agit d\u2019un prolongement naturel de son histoire d\u2019amour avec le football.<\/span><\/p>\n<p class=\"p1\"><span class=\"s2\">Au-del\u00e0 de son parcours sportif, Karaga est \u00e9galement un homme de relations. Proche de l\u2019international <\/span><span class=\"s1\">Alain Traor\u00e9<\/span><span class=\"s2\">, le l\u00e9gendaire \u00ab gaucher magique \u00bb des \u00c9talons, il reste ancr\u00e9 dans le cercle des grandes figures du football burkinab\u00e8. Cette amiti\u00e9 illustre son int\u00e9gration et sa reconnaissance dans un milieu o\u00f9 la solidarit\u00e9 et la transmission sont essentielles.<\/span><\/p>\n<p class=\"p1\"><span class=\"s2\">\u00c0 travers son parcours, Cheik Abdoul Nasser Karaga appara\u00eet comme un exemple de r\u00e9silience et de passion. D\u2019un enfant joueur de quartier \u00e0 un capitaine respect\u00e9, puis \u00e0 un entra\u00eeneur en devenir, il incarne la continuit\u00e9 et l\u2019\u00e9volution d\u2019un homme qui n\u2019a jamais cess\u00e9 de croire en la force du football comme outil de d\u00e9veloppement personnel et collectif.<\/span><\/p>\n<p class=\"p1\"><span class=\"s2\">Aujourd\u2019hui, il ne r\u00eave plus seulement de marquer des buts, mais de forger des g\u00e9n\u00e9rations, de b\u00e2tir des \u00e9quipes, et surtout, de transmettre un h\u00e9ritage. Car pour lui, le football n\u2019est pas seulement un jeu : c\u2019est une \u00e9cole de vie.<\/span><\/p>\n<p class=\"p1\" style=\"text-align: right;\"><strong><span class=\"s2\">Par Vox Sahel <\/span><\/strong><\/p>\n","protected":false},"excerpt":{"rendered":"<p>Figure discr\u00e8te mais influente du football burkinab\u00e8, Cheik Abdoul Nasser Karaga incarne le parcours d\u2019un<\/p>\n","protected":false},"author":2,"featured_media":2771,"comment_status":"open","ping_status":"open","sticky":false,"template":"","format":"standard","meta":{"_et_pb_use_builder":"","_et_pb_old_content":"","_et_gb_content_width":"","footnotes":""},"categories":[12],"tags":[126,18,915,40,35,916,34],"class_list":["post-2769","post","type-post","status-publish","format-standard","has-post-thumbnail","hentry","category-sports","tag-alain-traore","tag-burkina-faso","tag-cheik-abdoul-nasser-karaga","tag-federation-burkinabe-de-football","tag-football","tag-planete-champion","tag-sport"],"yoast_head":"<!-- This site is optimized with the Yoast SEO plugin v27.5 - https:\/\/yoast.com\/product\/yoast-seo-wordpress\/ -->\n<title>Portrait | Cheik Abdoul Nasser Karaga : un destin forg\u00e9 entre passion, leadership et transmission - Vox Sahel<\/title>\n<meta name=\"robots\" content=\"index, follow, max-snippet:-1, max-image-preview:large, max-video-preview:-1\" \/>\n<link rel=\"canonical\" href=\"https:\/\/voxsahel.com\/?p=2769\" \/>\n<meta property=\"og:locale\" content=\"fr_FR\" \/>\n<meta property=\"og:type\" content=\"article\" \/>\n<meta property=\"og:title\" content=\"Portrait | Cheik Abdoul Nasser Karaga : un destin forg\u00e9 entre passion, leadership et transmission - Vox Sahel\" \/>\n<meta property=\"og:description\" content=\"Figure discr\u00e8te mais influente du football burkinab\u00e8, Cheik Abdoul Nasser Karaga incarne le parcours d\u2019un\" \/>\n<meta property=\"og:url\" content=\"https:\/\/voxsahel.com\/?p=2769\" \/>\n<meta property=\"og:site_name\" content=\"Vox Sahel\" \/>\n<meta property=\"article:publisher\" content=\"https:\/\/www.facebook.com\/journal.voxsahel\" \/>\n<meta property=\"article:published_time\" content=\"2025-09-15T00:36:20+00:00\" \/>\n<meta property=\"article:modified_time\" content=\"2025-09-15T00:37:33+00:00\" \/>\n<meta property=\"og:image\" content=\"https:\/\/voxsahel.com\/wp-content\/uploads\/2025\/09\/IMG_7982.jpeg\" \/>\n\t<meta property=\"og:image:width\" content=\"2048\" \/>\n\t<meta property=\"og:image:height\" content=\"2048\" \/>\n\t<meta property=\"og:image:type\" content=\"image\/jpeg\" \/>\n<meta name=\"author\" content=\"Vox Sahel\" \/>\n<meta name=\"twitter:card\" content=\"summary_large_image\" \/>\n<meta name=\"twitter:label1\" content=\"\u00c9crit par\" \/>\n\t<meta name=\"twitter:data1\" content=\"Vox Sahel\" \/>\n\t<meta name=\"twitter:label2\" content=\"Dur\u00e9e de lecture estim\u00e9e\" \/>\n\t<meta name=\"twitter:data2\" content=\"4 minutes\" \/>\n<script type=\"application\/ld+json\" class=\"yoast-schema-graph\">{\"@context\":\"https:\\\/\\\/schema.org\",\"@graph\":[{\"@type\":\"Article\",\"@id\":\"https:\\\/\\\/voxsahel.com\\\/?p=2769#article\",\"isPartOf\":{\"@id\":\"https:\\\/\\\/voxsahel.com\\\/?p=2769\"},\"author\":{\"name\":\"Vox Sahel\",\"@id\":\"https:\\\/\\\/voxsahel.com\\\/#\\\/schema\\\/person\\\/b4043608248f8fa227cd760e7ff1e19e\"},\"headline\":\"Portrait | Cheik Abdoul Nasser Karaga : un destin forg\u00e9 entre passion, leadership et transmission\",\"datePublished\":\"2025-09-15T00:36:20+00:00\",\"dateModified\":\"2025-09-15T00:37:33+00:00\",\"mainEntityOfPage\":{\"@id\":\"https:\\\/\\\/voxsahel.com\\\/?p=2769\"},\"wordCount\":744,\"commentCount\":0,\"publisher\":{\"@id\":\"https:\\\/\\\/voxsahel.com\\\/#organization\"},\"image\":{\"@id\":\"https:\\\/\\\/voxsahel.com\\\/?p=2769#primaryimage\"},\"thumbnailUrl\":\"https:\\\/\\\/voxsahel.com\\\/wp-content\\\/uploads\\\/2025\\\/09\\\/IMG_7982.jpeg\",\"keywords\":[\"Alain Traor\u00e9\",\"Burkina Faso\",\"Cheik Abdoul Nasser Karaga\",\"F\u00e9d\u00e9ration Burkinab\u00e8 de Football\",\"Football\",\"Plan\u00e8te Champion\",\"Sport\"],\"articleSection\":[\"SPORTS\"],\"inLanguage\":\"fr-FR\",\"potentialAction\":[{\"@type\":\"CommentAction\",\"name\":\"Comment\",\"target\":[\"https:\\\/\\\/voxsahel.com\\\/?p=2769#respond\"]}]},{\"@type\":\"WebPage\",\"@id\":\"https:\\\/\\\/voxsahel.com\\\/?p=2769\",\"url\":\"https:\\\/\\\/voxsahel.com\\\/?p=2769\",\"name\":\"Portrait | Cheik Abdoul Nasser Karaga : un destin forg\u00e9 entre passion, leadership et transmission - Vox Sahel\",\"isPartOf\":{\"@id\":\"https:\\\/\\\/voxsahel.com\\\/#website\"},\"primaryImageOfPage\":{\"@id\":\"https:\\\/\\\/voxsahel.com\\\/?p=2769#primaryimage\"},\"image\":{\"@id\":\"https:\\\/\\\/voxsahel.com\\\/?p=2769#primaryimage\"},\"thumbnailUrl\":\"https:\\\/\\\/voxsahel.com\\\/wp-content\\\/uploads\\\/2025\\\/09\\\/IMG_7982.jpeg\",\"datePublished\":\"2025-09-15T00:36:20+00:00\",\"dateModified\":\"2025-09-15T00:37:33+00:00\",\"breadcrumb\":{\"@id\":\"https:\\\/\\\/voxsahel.com\\\/?p=2769#breadcrumb\"},\"inLanguage\":\"fr-FR\",\"potentialAction\":[{\"@type\":\"ReadAction\",\"target\":[\"https:\\\/\\\/voxsahel.com\\\/?p=2769\"]}]},{\"@type\":\"ImageObject\",\"inLanguage\":\"fr-FR\",\"@id\":\"https:\\\/\\\/voxsahel.com\\\/?p=2769#primaryimage\",\"url\":\"https:\\\/\\\/voxsahel.com\\\/wp-content\\\/uploads\\\/2025\\\/09\\\/IMG_7982.jpeg\",\"contentUrl\":\"https:\\\/\\\/voxsahel.com\\\/wp-content\\\/uploads\\\/2025\\\/09\\\/IMG_7982.jpeg\",\"width\":2048,\"height\":2048},{\"@type\":\"BreadcrumbList\",\"@id\":\"https:\\\/\\\/voxsahel.com\\\/?p=2769#breadcrumb\",\"itemListElement\":[{\"@type\":\"ListItem\",\"position\":1,\"name\":\"Home\",\"item\":\"https:\\\/\\\/voxsahel.com\\\/\"},{\"@type\":\"ListItem\",\"position\":2,\"name\":\"Portrait | Cheik Abdoul Nasser Karaga : un destin forg\u00e9 entre passion, leadership et transmission\"}]},{\"@type\":\"WebSite\",\"@id\":\"https:\\\/\\\/voxsahel.com\\\/#website\",\"url\":\"https:\\\/\\\/voxsahel.com\\\/\",\"name\":\"Vox Sahel\",\"description\":\"Informez-vous sur le Sahel en un clic\",\"publisher\":{\"@id\":\"https:\\\/\\\/voxsahel.com\\\/#organization\"},\"potentialAction\":[{\"@type\":\"SearchAction\",\"target\":{\"@type\":\"EntryPoint\",\"urlTemplate\":\"https:\\\/\\\/voxsahel.com\\\/?s={search_term_string}\"},\"query-input\":{\"@type\":\"PropertyValueSpecification\",\"valueRequired\":true,\"valueName\":\"search_term_string\"}}],\"inLanguage\":\"fr-FR\"},{\"@type\":\"Organization\",\"@id\":\"https:\\\/\\\/voxsahel.com\\\/#organization\",\"name\":\"Vox Sahel\",\"url\":\"https:\\\/\\\/voxsahel.com\\\/\",\"logo\":{\"@type\":\"ImageObject\",\"inLanguage\":\"fr-FR\",\"@id\":\"https:\\\/\\\/voxsahel.com\\\/#\\\/schema\\\/logo\\\/image\\\/\",\"url\":\"https:\\\/\\\/voxsahel.com\\\/wp-content\\\/uploads\\\/2024\\\/09\\\/Logo-Vox-Sahel.jpg\",\"contentUrl\":\"https:\\\/\\\/voxsahel.com\\\/wp-content\\\/uploads\\\/2024\\\/09\\\/Logo-Vox-Sahel.jpg\",\"width\":1181,\"height\":848,\"caption\":\"Vox Sahel\"},\"image\":{\"@id\":\"https:\\\/\\\/voxsahel.com\\\/#\\\/schema\\\/logo\\\/image\\\/\"},\"sameAs\":[\"https:\\\/\\\/www.facebook.com\\\/journal.voxsahel\"]},{\"@type\":\"Person\",\"@id\":\"https:\\\/\\\/voxsahel.com\\\/#\\\/schema\\\/person\\\/b4043608248f8fa227cd760e7ff1e19e\",\"name\":\"Vox Sahel\",\"image\":{\"@type\":\"ImageObject\",\"inLanguage\":\"fr-FR\",\"@id\":\"https:\\\/\\\/secure.gravatar.com\\\/avatar\\\/f70e7fa0cb9b29d4a7c5788d6eb2e9ab4d3135cbae1c9161810fdf77a8964699?s=96&d=mm&r=g\",\"url\":\"https:\\\/\\\/secure.gravatar.com\\\/avatar\\\/f70e7fa0cb9b29d4a7c5788d6eb2e9ab4d3135cbae1c9161810fdf77a8964699?s=96&d=mm&r=g\",\"contentUrl\":\"https:\\\/\\\/secure.gravatar.com\\\/avatar\\\/f70e7fa0cb9b29d4a7c5788d6eb2e9ab4d3135cbae1c9161810fdf77a8964699?s=96&d=mm&r=g\",\"caption\":\"Vox Sahel\"},\"sameAs\":[\"http:\\\/\\\/www.voxsahel.com\"],\"url\":\"https:\\\/\\\/voxsahel.com\\\/?author=2\"}]}<\/script>\n<!-- \/ Yoast SEO plugin. -->","yoast_head_json":{"title":"Portrait | Cheik Abdoul Nasser Karaga : un destin forg\u00e9 entre passion, leadership et transmission - Vox Sahel","robots":{"index":"index","follow":"follow","max-snippet":"max-snippet:-1","max-image-preview":"max-image-preview:large","max-video-preview":"max-video-preview:-1"},"canonical":"https:\/\/voxsahel.com\/?p=2769","og_locale":"fr_FR","og_type":"article","og_title":"Portrait | Cheik Abdoul Nasser Karaga : un destin forg\u00e9 entre passion, leadership et transmission - Vox Sahel","og_description":"Figure discr\u00e8te mais influente du football burkinab\u00e8, Cheik Abdoul Nasser Karaga incarne le parcours d\u2019un","og_url":"https:\/\/voxsahel.com\/?p=2769","og_site_name":"Vox Sahel","article_publisher":"https:\/\/www.facebook.com\/journal.voxsahel","article_published_time":"2025-09-15T00:36:20+00:00","article_modified_time":"2025-09-15T00:37:33+00:00","og_image":[{"width":2048,"height":2048,"url":"https:\/\/voxsahel.com\/wp-content\/uploads\/2025\/09\/IMG_7982.jpeg","type":"image\/jpeg"}],"author":"Vox Sahel","twitter_card":"summary_large_image","twitter_misc":{"\u00c9crit par":"Vox Sahel","Dur\u00e9e de lecture estim\u00e9e":"4 minutes"},"schema":{"@context":"https:\/\/schema.org","@graph":[{"@type":"Article","@id":"https:\/\/voxsahel.com\/?p=2769#article","isPartOf":{"@id":"https:\/\/voxsahel.com\/?p=2769"},"author":{"name":"Vox Sahel","@id":"https:\/\/voxsahel.com\/#\/schema\/person\/b4043608248f8fa227cd760e7ff1e19e"},"headline":"Portrait | Cheik Abdoul Nasser Karaga : un destin forg\u00e9 entre passion, leadership et transmission","datePublished":"2025-09-15T00:36:20+00:00","dateModified":"2025-09-15T00:37:33+00:00","mainEntityOfPage":{"@id":"https:\/\/voxsahel.com\/?p=2769"},"wordCount":744,"commentCount":0,"publisher":{"@id":"https:\/\/voxsahel.com\/#organization"},"image":{"@id":"https:\/\/voxsahel.com\/?p=2769#primaryimage"},"thumbnailUrl":"https:\/\/voxsahel.com\/wp-content\/uploads\/2025\/09\/IMG_7982.jpeg","keywords":["Alain Traor\u00e9","Burkina Faso","Cheik Abdoul Nasser Karaga","F\u00e9d\u00e9ration Burkinab\u00e8 de Football","Football","Plan\u00e8te Champion","Sport"],"articleSection":["SPORTS"],"inLanguage":"fr-FR","potentialAction":[{"@type":"CommentAction","name":"Comment","target":["https:\/\/voxsahel.com\/?p=2769#respond"]}]},{"@type":"WebPage","@id":"https:\/\/voxsahel.com\/?p=2769","url":"https:\/\/voxsahel.com\/?p=2769","name":"Portrait | Cheik Abdoul Nasser Karaga : un destin forg\u00e9 entre passion, leadership et transmission - Vox Sahel","isPartOf":{"@id":"https:\/\/voxsahel.com\/#website"},"primaryImageOfPage":{"@id":"https:\/\/voxsahel.com\/?p=2769#primaryimage"},"image":{"@id":"https:\/\/voxsahel.com\/?p=2769#primaryimage"},"thumbnailUrl":"https:\/\/voxsahel.com\/wp-content\/uploads\/2025\/09\/IMG_7982.jpeg","datePublished":"2025-09-15T00:36:20+00:00","dateModified":"2025-09-15T00:37:33+00:00","breadcrumb":{"@id":"https:\/\/voxsahel.com\/?p=2769#breadcrumb"},"inLanguage":"fr-FR","potentialAction":[{"@type":"ReadAction","target":["https:\/\/voxsahel.com\/?p=2769"]}]},{"@type":"ImageObject","inLanguage":"fr-FR","@id":"https:\/\/voxsahel.com\/?p=2769#primaryimage","url":"https:\/\/voxsahel.com\/wp-content\/uploads\/2025\/09\/IMG_7982.jpeg","contentUrl":"https:\/\/voxsahel.com\/wp-content\/uploads\/2025\/09\/IMG_7982.jpeg","width":2048,"height":2048},{"@type":"BreadcrumbList","@id":"https:\/\/voxsahel.com\/?p=2769#breadcrumb","itemListElement":[{"@type":"ListItem","position":1,"name":"Home","item":"https:\/\/voxsahel.com\/"},{"@type":"ListItem","position":2,"name":"Portrait | Cheik Abdoul Nasser Karaga : un destin forg\u00e9 entre passion, leadership et transmission"}]},{"@type":"WebSite","@id":"https:\/\/voxsahel.com\/#website","url":"https:\/\/voxsahel.com\/","name":"Vox Sahel","description":"Informez-vous sur le Sahel en un clic","publisher":{"@id":"https:\/\/voxsahel.com\/#organization"},"potentialAction":[{"@type":"SearchAction","target":{"@type":"EntryPoint","urlTemplate":"https:\/\/voxsahel.com\/?s={search_term_string}"},"query-input":{"@type":"PropertyValueSpecification","valueRequired":true,"valueName":"search_term_string"}}],"inLanguage":"fr-FR"},{"@type":"Organization","@id":"https:\/\/voxsahel.com\/#organization","name":"Vox Sahel","url":"https:\/\/voxsahel.com\/","logo":{"@type":"ImageObject","inLanguage":"fr-FR","@id":"https:\/\/voxsahel.com\/#\/schema\/logo\/image\/","url":"https:\/\/voxsahel.com\/wp-content\/uploads\/2024\/09\/Logo-Vox-Sahel.jpg","contentUrl":"https:\/\/voxsahel.com\/wp-content\/uploads\/2024\/09\/Logo-Vox-Sahel.jpg","width":1181,"height":848,"caption":"Vox Sahel"},"image":{"@id":"https:\/\/voxsahel.com\/#\/schema\/logo\/image\/"},"sameAs":["https:\/\/www.facebook.com\/journal.voxsahel"]},{"@type":"Person","@id":"https:\/\/voxsahel.com\/#\/schema\/person\/b4043608248f8fa227cd760e7ff1e19e","name":"Vox Sahel","image":{"@type":"ImageObject","inLanguage":"fr-FR","@id":"https:\/\/secure.gravatar.com\/avatar\/f70e7fa0cb9b29d4a7c5788d6eb2e9ab4d3135cbae1c9161810fdf77a8964699?s=96&d=mm&r=g","url":"https:\/\/secure.gravatar.com\/avatar\/f70e7fa0cb9b29d4a7c5788d6eb2e9ab4d3135cbae1c9161810fdf77a8964699?s=96&d=mm&r=g","contentUrl":"https:\/\/secure.gravatar.com\/avatar\/f70e7fa0cb9b29d4a7c5788d6eb2e9ab4d3135cbae1c9161810fdf77a8964699?s=96&d=mm&r=g","caption":"Vox Sahel"},"sameAs":["http:\/\/www.voxsahel.com"],"url":"https:\/\/voxsahel.com\/?author=2"}]}},"_links":{"self":[{"href":"https:\/\/voxsahel.com\/index.php?rest_route=\/wp\/v2\/posts\/2769","targetHints":{"allow":["GET"]}}],"collection":[{"href":"https:\/\/voxsahel.com\/index.php?rest_route=\/wp\/v2\/posts"}],"about":[{"href":"https:\/\/voxsahel.com\/index.php?rest_route=\/wp\/v2\/types\/post"}],"author":[{"embeddable":true,"href":"https:\/\/voxsahel.com\/index.php?rest_route=\/wp\/v2\/users\/2"}],"replies":[{"embeddable":true,"href":"https:\/\/voxsahel.com\/index.php?rest_route=%2Fwp%2Fv2%2Fcomments&post=2769"}],"version-history":[{"count":1,"href":"https:\/\/voxsahel.com\/index.php?rest_route=\/wp\/v2\/posts\/2769\/revisions"}],"predecessor-version":[{"id":2772,"href":"https:\/\/voxsahel.com\/index.php?rest_route=\/wp\/v2\/posts\/2769\/revisions\/2772"}],"wp:featuredmedia":[{"embeddable":true,"href":"https:\/\/voxsahel.com\/index.php?rest_route=\/wp\/v2\/media\/2771"}],"wp:attachment":[{"href":"https:\/\/voxsahel.com\/index.php?rest_route=%2Fwp%2Fv2%2Fmedia&parent=2769"}],"wp:term":[{"taxonomy":"category","embeddable":true,"href":"https:\/\/voxsahel.com\/index.php?rest_route=%2Fwp%2Fv2%2Fcategories&post=2769"},{"taxonomy":"post_tag","embeddable":true,"href":"https:\/\/voxsahel.com\/index.php?rest_route=%2Fwp%2Fv2%2Ftags&post=2769"}],"curies":[{"name":"wp","href":"https:\/\/api.w.org\/{rel}","templated":true}]}}