{"id":2763,"date":"2025-09-14T11:45:34","date_gmt":"2025-09-14T11:45:34","guid":{"rendered":"https:\/\/voxsahel.com\/?p=2763"},"modified":"2025-09-14T11:45:34","modified_gmt":"2025-09-14T11:45:34","slug":"burkina-faso-la-cooperation-agricole-sino-burkinabe-donne-un-nouvel-elan-a-lelevage-villageois","status":"publish","type":"post","link":"https:\/\/voxsahel.com\/?p=2763","title":{"rendered":"Burkina Faso : la coop\u00e9ration agricole sino-burkinab\u00e8 donne un nouvel \u00e9lan \u00e0 l\u2019\u00e9levage villageois"},"content":{"rendered":"<p class=\"p2\">Dans les villages int\u00e9gr\u00e9s de r\u00e9duction de la pauvret\u00e9 de Nariou et Kouzoughin, l\u2019ambiance \u00e9tait \u00e0 la fois festive et porteuse d\u2019espoir. Pendant deux jours, les habitants ont particip\u00e9 \u00e0 des activit\u00e9s qui pourraient transformer durablement leur quotidien : distribution de poussins, formations techniques et conseils pratiques pour d\u00e9velopper l\u2019\u00e9levage de volailles.<\/p>\n<p class=\"p3\"><span class=\"s1\">Cette initiative, men\u00e9e par l\u2019\u00c9quipe d\u2019assistance technique agricole chinoise au Burkina Faso, s\u2019inscrit dans un mod\u00e8le global de d\u00e9veloppement rural. Apr\u00e8s avoir introduit le riz hybride et accompagn\u00e9 la pisciculture, les experts chinois mettent d\u00e9sormais l\u2019accent sur l\u2019aviculture, pour offrir aux producteurs locaux des revenus plus stables et diversifi\u00e9s.<\/span><\/p>\n<p class=\"p3\"><span class=\"s1\">Pour <\/span><span class=\"s3\">Dianda Idrissa<\/span><span class=\"s1\">, repr\u00e9sentant du Minist\u00e8re de l\u2019Agriculture, des Ressources Animales et Halieutiques, cette approche constitue une v\u00e9ritable opportunit\u00e9 pour les producteurs ruraux.<\/span><\/p>\n<p class=\"p3\"><span class=\"s1\">\u00ab Les experts chinois nous apportent non seulement des techniques avanc\u00e9es, mais surtout un sch\u00e9ma de r\u00e9duction de la pauvret\u00e9 adapt\u00e9 \u00e0 la r\u00e9alit\u00e9 burkinab\u00e8. De la riziculture \u00e0 la pisciculture, puis aujourd\u2019hui \u00e0 l\u2019aviculture, le mod\u00e8le d\u2019int\u00e9gration culture-\u00e9levage permet aux producteurs d\u2019avoir des revenus plus stables et une plus grande r\u00e9silience \u00bb, a-t-il d\u00e9clar\u00e9.<\/span><\/p>\n<p class=\"p3\"><span class=\"s1\">Dans un futur proche, l\u2019\u00e9quipe chinoise accompagnera les coop\u00e9ratives villageoises de Nariou et de Kouzoughin pour faciliter leur acc\u00e8s aux march\u00e9s de Ouagadougou et des villes environnantes, afin de r\u00e9soudre la question cruciale de la commercialisation. Elle ambitionne \u00e9galement de mettre en place un mod\u00e8le circulaire \u00ab riz\u2013poisson\u2013volaille \u00bb, destin\u00e9 \u00e0 r\u00e9duire les co\u00fbts de production et \u00e0 am\u00e9liorer la rentabilit\u00e9 des exploitations.<\/span><\/p>\n<p class=\"p3\"><span class=\"s1\">Cette initiative illustre la transition progressive des communaut\u00e9s rurales burkinab\u00e8 : passer de \u00ab manger \u00e0 sa faim \u00bb \u00e0 \u00ab gagner davantage \u00bb, et de la monoculture \u00e0 une production diversifi\u00e9e. Pour les populations b\u00e9n\u00e9ficiaires, elle ouvre la voie vers une plus grande s\u00e9curit\u00e9 alimentaire et des perspectives \u00e9conomiques renforc\u00e9es.<\/span><\/p>\n<p class=\"p3\"><span class=\"s1\">\u00c0 travers ces actions concr\u00e8tes, la coop\u00e9ration agricole sino-burkinab\u00e8 se consolide et d\u00e9montre sa capacit\u00e9 \u00e0 insuffler une nouvelle dynamique dans la lutte contre la pauvret\u00e9 en milieu rural.<\/span><\/p>\n<p class=\"p3\" style=\"text-align: right;\"><strong><span class=\"s1\"><span class=\"Apple-converted-space\">\u00a0 <\/span>Par Vox Sahel <\/span><\/strong><\/p>\n","protected":false},"excerpt":{"rendered":"<p>Dans les villages int\u00e9gr\u00e9s de r\u00e9duction de la pauvret\u00e9 de Nariou et Kouzoughin, l\u2019ambiance \u00e9tait<\/p>\n","protected":false},"author":2,"featured_media":2764,"comment_status":"open","ping_status":"open","sticky":false,"template":"","format":"standard","meta":{"_et_pb_use_builder":"","_et_pb_old_content":"","_et_gb_content_width":"","footnotes":""},"categories":[5],"tags":[81,18,50,655,807,87,416,886,52],"class_list":["post-2763","post","type-post","status-publish","format-standard","has-post-thumbnail","hentry","category-societe","tag-agriculture","tag-burkina-faso","tag-chine","tag-cooperation","tag-cooperation-sino-africaine","tag-diplomatie","tag-missions-diplomatiques","tag-republique-populaire-de-chine","tag-sommet-chine-afrique"],"yoast_head":"<!-- This site is optimized with the Yoast SEO plugin v27.5 - https:\/\/yoast.com\/product\/yoast-seo-wordpress\/ -->\n<title>Burkina Faso : la coop\u00e9ration agricole sino-burkinab\u00e8 donne un nouvel \u00e9lan \u00e0 l\u2019\u00e9levage villageois - Vox Sahel<\/title>\n<meta name=\"robots\" content=\"index, follow, max-snippet:-1, max-image-preview:large, max-video-preview:-1\" \/>\n<link rel=\"canonical\" href=\"https:\/\/voxsahel.com\/?p=2763\" \/>\n<meta property=\"og:locale\" content=\"fr_FR\" \/>\n<meta property=\"og:type\" content=\"article\" \/>\n<meta property=\"og:title\" content=\"Burkina Faso : la coop\u00e9ration agricole sino-burkinab\u00e8 donne un nouvel \u00e9lan \u00e0 l\u2019\u00e9levage villageois - Vox Sahel\" \/>\n<meta property=\"og:description\" content=\"Dans les villages int\u00e9gr\u00e9s de r\u00e9duction de la pauvret\u00e9 de Nariou et Kouzoughin, l\u2019ambiance \u00e9tait\" \/>\n<meta property=\"og:url\" content=\"https:\/\/voxsahel.com\/?p=2763\" \/>\n<meta property=\"og:site_name\" content=\"Vox Sahel\" \/>\n<meta property=\"article:publisher\" content=\"https:\/\/www.facebook.com\/journal.voxsahel\" \/>\n<meta property=\"article:published_time\" content=\"2025-09-14T11:45:34+00:00\" \/>\n<meta property=\"og:image\" content=\"https:\/\/voxsahel.com\/wp-content\/uploads\/2025\/09\/IMG_7895.jpeg\" \/>\n\t<meta property=\"og:image:width\" content=\"1377\" \/>\n\t<meta property=\"og:image:height\" content=\"1032\" \/>\n\t<meta property=\"og:image:type\" content=\"image\/jpeg\" \/>\n<meta name=\"author\" content=\"Vox Sahel\" \/>\n<meta name=\"twitter:card\" content=\"summary_large_image\" \/>\n<meta name=\"twitter:label1\" content=\"\u00c9crit par\" \/>\n\t<meta name=\"twitter:data1\" content=\"Vox Sahel\" \/>\n\t<meta name=\"twitter:label2\" content=\"Dur\u00e9e de lecture estim\u00e9e\" \/>\n\t<meta name=\"twitter:data2\" content=\"2 minutes\" \/>\n<script type=\"application\/ld+json\" class=\"yoast-schema-graph\">{\"@context\":\"https:\\\/\\\/schema.org\",\"@graph\":[{\"@type\":\"Article\",\"@id\":\"https:\\\/\\\/voxsahel.com\\\/?p=2763#article\",\"isPartOf\":{\"@id\":\"https:\\\/\\\/voxsahel.com\\\/?p=2763\"},\"author\":{\"name\":\"Vox Sahel\",\"@id\":\"https:\\\/\\\/voxsahel.com\\\/#\\\/schema\\\/person\\\/b4043608248f8fa227cd760e7ff1e19e\"},\"headline\":\"Burkina Faso : la coop\u00e9ration agricole sino-burkinab\u00e8 donne un nouvel \u00e9lan \u00e0 l\u2019\u00e9levage villageois\",\"datePublished\":\"2025-09-14T11:45:34+00:00\",\"mainEntityOfPage\":{\"@id\":\"https:\\\/\\\/voxsahel.com\\\/?p=2763\"},\"wordCount\":373,\"commentCount\":0,\"publisher\":{\"@id\":\"https:\\\/\\\/voxsahel.com\\\/#organization\"},\"image\":{\"@id\":\"https:\\\/\\\/voxsahel.com\\\/?p=2763#primaryimage\"},\"thumbnailUrl\":\"https:\\\/\\\/voxsahel.com\\\/wp-content\\\/uploads\\\/2025\\\/09\\\/IMG_7895.jpeg\",\"keywords\":[\"Agriculture\",\"Burkina Faso\",\"Chine\",\"Coop\u00e9ration\",\"Coop\u00e9ration sino-africaine\",\"Diplomatie\",\"Missions diplomatiques\",\"R\u00e9publique populaire de Chine\",\"Sommet Chine-Afrique\"],\"articleSection\":[\"SOCIETE\"],\"inLanguage\":\"fr-FR\",\"potentialAction\":[{\"@type\":\"CommentAction\",\"name\":\"Comment\",\"target\":[\"https:\\\/\\\/voxsahel.com\\\/?p=2763#respond\"]}]},{\"@type\":\"WebPage\",\"@id\":\"https:\\\/\\\/voxsahel.com\\\/?p=2763\",\"url\":\"https:\\\/\\\/voxsahel.com\\\/?p=2763\",\"name\":\"Burkina Faso : la coop\u00e9ration agricole sino-burkinab\u00e8 donne un nouvel \u00e9lan \u00e0 l\u2019\u00e9levage villageois - Vox Sahel\",\"isPartOf\":{\"@id\":\"https:\\\/\\\/voxsahel.com\\\/#website\"},\"primaryImageOfPage\":{\"@id\":\"https:\\\/\\\/voxsahel.com\\\/?p=2763#primaryimage\"},\"image\":{\"@id\":\"https:\\\/\\\/voxsahel.com\\\/?p=2763#primaryimage\"},\"thumbnailUrl\":\"https:\\\/\\\/voxsahel.com\\\/wp-content\\\/uploads\\\/2025\\\/09\\\/IMG_7895.jpeg\",\"datePublished\":\"2025-09-14T11:45:34+00:00\",\"breadcrumb\":{\"@id\":\"https:\\\/\\\/voxsahel.com\\\/?p=2763#breadcrumb\"},\"inLanguage\":\"fr-FR\",\"potentialAction\":[{\"@type\":\"ReadAction\",\"target\":[\"https:\\\/\\\/voxsahel.com\\\/?p=2763\"]}]},{\"@type\":\"ImageObject\",\"inLanguage\":\"fr-FR\",\"@id\":\"https:\\\/\\\/voxsahel.com\\\/?p=2763#primaryimage\",\"url\":\"https:\\\/\\\/voxsahel.com\\\/wp-content\\\/uploads\\\/2025\\\/09\\\/IMG_7895.jpeg\",\"contentUrl\":\"https:\\\/\\\/voxsahel.com\\\/wp-content\\\/uploads\\\/2025\\\/09\\\/IMG_7895.jpeg\",\"width\":1377,\"height\":1032},{\"@type\":\"BreadcrumbList\",\"@id\":\"https:\\\/\\\/voxsahel.com\\\/?p=2763#breadcrumb\",\"itemListElement\":[{\"@type\":\"ListItem\",\"position\":1,\"name\":\"Home\",\"item\":\"https:\\\/\\\/voxsahel.com\\\/\"},{\"@type\":\"ListItem\",\"position\":2,\"name\":\"Burkina Faso : la coop\u00e9ration agricole sino-burkinab\u00e8 donne un nouvel \u00e9lan \u00e0 l\u2019\u00e9levage villageois\"}]},{\"@type\":\"WebSite\",\"@id\":\"https:\\\/\\\/voxsahel.com\\\/#website\",\"url\":\"https:\\\/\\\/voxsahel.com\\\/\",\"name\":\"Vox Sahel\",\"description\":\"Informez-vous sur le Sahel en un clic\",\"publisher\":{\"@id\":\"https:\\\/\\\/voxsahel.com\\\/#organization\"},\"potentialAction\":[{\"@type\":\"SearchAction\",\"target\":{\"@type\":\"EntryPoint\",\"urlTemplate\":\"https:\\\/\\\/voxsahel.com\\\/?s={search_term_string}\"},\"query-input\":{\"@type\":\"PropertyValueSpecification\",\"valueRequired\":true,\"valueName\":\"search_term_string\"}}],\"inLanguage\":\"fr-FR\"},{\"@type\":\"Organization\",\"@id\":\"https:\\\/\\\/voxsahel.com\\\/#organization\",\"name\":\"Vox Sahel\",\"url\":\"https:\\\/\\\/voxsahel.com\\\/\",\"logo\":{\"@type\":\"ImageObject\",\"inLanguage\":\"fr-FR\",\"@id\":\"https:\\\/\\\/voxsahel.com\\\/#\\\/schema\\\/logo\\\/image\\\/\",\"url\":\"https:\\\/\\\/voxsahel.com\\\/wp-content\\\/uploads\\\/2024\\\/09\\\/Logo-Vox-Sahel.jpg\",\"contentUrl\":\"https:\\\/\\\/voxsahel.com\\\/wp-content\\\/uploads\\\/2024\\\/09\\\/Logo-Vox-Sahel.jpg\",\"width\":1181,\"height\":848,\"caption\":\"Vox Sahel\"},\"image\":{\"@id\":\"https:\\\/\\\/voxsahel.com\\\/#\\\/schema\\\/logo\\\/image\\\/\"},\"sameAs\":[\"https:\\\/\\\/www.facebook.com\\\/journal.voxsahel\"]},{\"@type\":\"Person\",\"@id\":\"https:\\\/\\\/voxsahel.com\\\/#\\\/schema\\\/person\\\/b4043608248f8fa227cd760e7ff1e19e\",\"name\":\"Vox Sahel\",\"image\":{\"@type\":\"ImageObject\",\"inLanguage\":\"fr-FR\",\"@id\":\"https:\\\/\\\/secure.gravatar.com\\\/avatar\\\/f70e7fa0cb9b29d4a7c5788d6eb2e9ab4d3135cbae1c9161810fdf77a8964699?s=96&d=mm&r=g\",\"url\":\"https:\\\/\\\/secure.gravatar.com\\\/avatar\\\/f70e7fa0cb9b29d4a7c5788d6eb2e9ab4d3135cbae1c9161810fdf77a8964699?s=96&d=mm&r=g\",\"contentUrl\":\"https:\\\/\\\/secure.gravatar.com\\\/avatar\\\/f70e7fa0cb9b29d4a7c5788d6eb2e9ab4d3135cbae1c9161810fdf77a8964699?s=96&d=mm&r=g\",\"caption\":\"Vox Sahel\"},\"sameAs\":[\"http:\\\/\\\/www.voxsahel.com\"],\"url\":\"https:\\\/\\\/voxsahel.com\\\/?author=2\"}]}<\/script>\n<!-- \/ Yoast SEO plugin. -->","yoast_head_json":{"title":"Burkina Faso : la coop\u00e9ration agricole sino-burkinab\u00e8 donne un nouvel \u00e9lan \u00e0 l\u2019\u00e9levage villageois - Vox Sahel","robots":{"index":"index","follow":"follow","max-snippet":"max-snippet:-1","max-image-preview":"max-image-preview:large","max-video-preview":"max-video-preview:-1"},"canonical":"https:\/\/voxsahel.com\/?p=2763","og_locale":"fr_FR","og_type":"article","og_title":"Burkina Faso : la coop\u00e9ration agricole sino-burkinab\u00e8 donne un nouvel \u00e9lan \u00e0 l\u2019\u00e9levage villageois - Vox Sahel","og_description":"Dans les villages int\u00e9gr\u00e9s de r\u00e9duction de la pauvret\u00e9 de Nariou et Kouzoughin, l\u2019ambiance \u00e9tait","og_url":"https:\/\/voxsahel.com\/?p=2763","og_site_name":"Vox Sahel","article_publisher":"https:\/\/www.facebook.com\/journal.voxsahel","article_published_time":"2025-09-14T11:45:34+00:00","og_image":[{"width":1377,"height":1032,"url":"https:\/\/voxsahel.com\/wp-content\/uploads\/2025\/09\/IMG_7895.jpeg","type":"image\/jpeg"}],"author":"Vox Sahel","twitter_card":"summary_large_image","twitter_misc":{"\u00c9crit par":"Vox Sahel","Dur\u00e9e de lecture estim\u00e9e":"2 minutes"},"schema":{"@context":"https:\/\/schema.org","@graph":[{"@type":"Article","@id":"https:\/\/voxsahel.com\/?p=2763#article","isPartOf":{"@id":"https:\/\/voxsahel.com\/?p=2763"},"author":{"name":"Vox Sahel","@id":"https:\/\/voxsahel.com\/#\/schema\/person\/b4043608248f8fa227cd760e7ff1e19e"},"headline":"Burkina Faso : la coop\u00e9ration agricole sino-burkinab\u00e8 donne un nouvel \u00e9lan \u00e0 l\u2019\u00e9levage villageois","datePublished":"2025-09-14T11:45:34+00:00","mainEntityOfPage":{"@id":"https:\/\/voxsahel.com\/?p=2763"},"wordCount":373,"commentCount":0,"publisher":{"@id":"https:\/\/voxsahel.com\/#organization"},"image":{"@id":"https:\/\/voxsahel.com\/?p=2763#primaryimage"},"thumbnailUrl":"https:\/\/voxsahel.com\/wp-content\/uploads\/2025\/09\/IMG_7895.jpeg","keywords":["Agriculture","Burkina Faso","Chine","Coop\u00e9ration","Coop\u00e9ration sino-africaine","Diplomatie","Missions diplomatiques","R\u00e9publique populaire de Chine","Sommet Chine-Afrique"],"articleSection":["SOCIETE"],"inLanguage":"fr-FR","potentialAction":[{"@type":"CommentAction","name":"Comment","target":["https:\/\/voxsahel.com\/?p=2763#respond"]}]},{"@type":"WebPage","@id":"https:\/\/voxsahel.com\/?p=2763","url":"https:\/\/voxsahel.com\/?p=2763","name":"Burkina Faso : la coop\u00e9ration agricole sino-burkinab\u00e8 donne un nouvel \u00e9lan \u00e0 l\u2019\u00e9levage villageois - Vox Sahel","isPartOf":{"@id":"https:\/\/voxsahel.com\/#website"},"primaryImageOfPage":{"@id":"https:\/\/voxsahel.com\/?p=2763#primaryimage"},"image":{"@id":"https:\/\/voxsahel.com\/?p=2763#primaryimage"},"thumbnailUrl":"https:\/\/voxsahel.com\/wp-content\/uploads\/2025\/09\/IMG_7895.jpeg","datePublished":"2025-09-14T11:45:34+00:00","breadcrumb":{"@id":"https:\/\/voxsahel.com\/?p=2763#breadcrumb"},"inLanguage":"fr-FR","potentialAction":[{"@type":"ReadAction","target":["https:\/\/voxsahel.com\/?p=2763"]}]},{"@type":"ImageObject","inLanguage":"fr-FR","@id":"https:\/\/voxsahel.com\/?p=2763#primaryimage","url":"https:\/\/voxsahel.com\/wp-content\/uploads\/2025\/09\/IMG_7895.jpeg","contentUrl":"https:\/\/voxsahel.com\/wp-content\/uploads\/2025\/09\/IMG_7895.jpeg","width":1377,"height":1032},{"@type":"BreadcrumbList","@id":"https:\/\/voxsahel.com\/?p=2763#breadcrumb","itemListElement":[{"@type":"ListItem","position":1,"name":"Home","item":"https:\/\/voxsahel.com\/"},{"@type":"ListItem","position":2,"name":"Burkina Faso : la coop\u00e9ration agricole sino-burkinab\u00e8 donne un nouvel \u00e9lan \u00e0 l\u2019\u00e9levage villageois"}]},{"@type":"WebSite","@id":"https:\/\/voxsahel.com\/#website","url":"https:\/\/voxsahel.com\/","name":"Vox Sahel","description":"Informez-vous sur le Sahel en un clic","publisher":{"@id":"https:\/\/voxsahel.com\/#organization"},"potentialAction":[{"@type":"SearchAction","target":{"@type":"EntryPoint","urlTemplate":"https:\/\/voxsahel.com\/?s={search_term_string}"},"query-input":{"@type":"PropertyValueSpecification","valueRequired":true,"valueName":"search_term_string"}}],"inLanguage":"fr-FR"},{"@type":"Organization","@id":"https:\/\/voxsahel.com\/#organization","name":"Vox Sahel","url":"https:\/\/voxsahel.com\/","logo":{"@type":"ImageObject","inLanguage":"fr-FR","@id":"https:\/\/voxsahel.com\/#\/schema\/logo\/image\/","url":"https:\/\/voxsahel.com\/wp-content\/uploads\/2024\/09\/Logo-Vox-Sahel.jpg","contentUrl":"https:\/\/voxsahel.com\/wp-content\/uploads\/2024\/09\/Logo-Vox-Sahel.jpg","width":1181,"height":848,"caption":"Vox Sahel"},"image":{"@id":"https:\/\/voxsahel.com\/#\/schema\/logo\/image\/"},"sameAs":["https:\/\/www.facebook.com\/journal.voxsahel"]},{"@type":"Person","@id":"https:\/\/voxsahel.com\/#\/schema\/person\/b4043608248f8fa227cd760e7ff1e19e","name":"Vox Sahel","image":{"@type":"ImageObject","inLanguage":"fr-FR","@id":"https:\/\/secure.gravatar.com\/avatar\/f70e7fa0cb9b29d4a7c5788d6eb2e9ab4d3135cbae1c9161810fdf77a8964699?s=96&d=mm&r=g","url":"https:\/\/secure.gravatar.com\/avatar\/f70e7fa0cb9b29d4a7c5788d6eb2e9ab4d3135cbae1c9161810fdf77a8964699?s=96&d=mm&r=g","contentUrl":"https:\/\/secure.gravatar.com\/avatar\/f70e7fa0cb9b29d4a7c5788d6eb2e9ab4d3135cbae1c9161810fdf77a8964699?s=96&d=mm&r=g","caption":"Vox Sahel"},"sameAs":["http:\/\/www.voxsahel.com"],"url":"https:\/\/voxsahel.com\/?author=2"}]}},"_links":{"self":[{"href":"https:\/\/voxsahel.com\/index.php?rest_route=\/wp\/v2\/posts\/2763","targetHints":{"allow":["GET"]}}],"collection":[{"href":"https:\/\/voxsahel.com\/index.php?rest_route=\/wp\/v2\/posts"}],"about":[{"href":"https:\/\/voxsahel.com\/index.php?rest_route=\/wp\/v2\/types\/post"}],"author":[{"embeddable":true,"href":"https:\/\/voxsahel.com\/index.php?rest_route=\/wp\/v2\/users\/2"}],"replies":[{"embeddable":true,"href":"https:\/\/voxsahel.com\/index.php?rest_route=%2Fwp%2Fv2%2Fcomments&post=2763"}],"version-history":[{"count":1,"href":"https:\/\/voxsahel.com\/index.php?rest_route=\/wp\/v2\/posts\/2763\/revisions"}],"predecessor-version":[{"id":2765,"href":"https:\/\/voxsahel.com\/index.php?rest_route=\/wp\/v2\/posts\/2763\/revisions\/2765"}],"wp:featuredmedia":[{"embeddable":true,"href":"https:\/\/voxsahel.com\/index.php?rest_route=\/wp\/v2\/media\/2764"}],"wp:attachment":[{"href":"https:\/\/voxsahel.com\/index.php?rest_route=%2Fwp%2Fv2%2Fmedia&parent=2763"}],"wp:term":[{"taxonomy":"category","embeddable":true,"href":"https:\/\/voxsahel.com\/index.php?rest_route=%2Fwp%2Fv2%2Fcategories&post=2763"},{"taxonomy":"post_tag","embeddable":true,"href":"https:\/\/voxsahel.com\/index.php?rest_route=%2Fwp%2Fv2%2Ftags&post=2763"}],"curies":[{"name":"wp","href":"https:\/\/api.w.org\/{rel}","templated":true}]}}