{"id":2750,"date":"2025-09-12T17:30:59","date_gmt":"2025-09-12T17:30:59","guid":{"rendered":"https:\/\/voxsahel.com\/?p=2750"},"modified":"2025-09-12T17:33:36","modified_gmt":"2025-09-12T17:33:36","slug":"burkina-le-mil-chinois-en-experimentation-a-lenafa-de-matourkou","status":"publish","type":"post","link":"https:\/\/voxsahel.com\/?p=2750","title":{"rendered":"Burkina : Le mil chinois en exp\u00e9rimentation \u00e0 l\u2019ENAFA de Matourkou"},"content":{"rendered":"<p class=\"p1\"><span class=\"s1\">Burkina : Le mil chinois en exp\u00e9rimentation \u00e0 l\u2019ENAFA de Matourkou<\/span><\/p>\n<p class=\"p1\"><span class=\"s1\">L\u2019\u00c9cole nationale de formation agricole (ENAFA) de Matourkou, sous la direction de son Directeur g\u00e9n\u00e9ral, Dr Issa Wonni, explore de nouvelles pistes pour diversifier et renforcer la production c\u00e9r\u00e9ali\u00e8re au Burkina Faso. Le jeudi 11 septembre 2025, Dr Wonni et ses collaborateurs, accompagn\u00e9s d\u2019une \u00e9quipe du projet \u00ab mil chinois \u00bb, ont proc\u00e9d\u00e9 \u00e0 une visite de terrain sur les parcelles d\u2019exp\u00e9rimentation de cette culture encore peu connue dans le pays.<\/span><\/p>\n<p class=\"p1\"><span class=\"s1\">Implant\u00e9 pour la premi\u00e8re fois sur le site de Matourkou, le mil chinois suscite d\u00e9j\u00e0 l\u2019int\u00e9r\u00eat des techniciens agricoles. Au terme de la visite, les deux \u00e9quipes pr\u00e9sentes ont exprim\u00e9 leur satisfaction quant \u00e0 la mise en place des parcelles et \u00e0 l\u2019\u00e9volution des plants. Selon les premiers constats, la croissance s\u2019annonce prometteuse, avec un bon enracinement et une r\u00e9sistance appr\u00e9ciable aux conditions locales. Des observations techniques ont \u00e9t\u00e9 imm\u00e9diatement partag\u00e9es sur le terrain afin d\u2019identifier les atouts, mais aussi les points \u00e0 am\u00e9liorer pour de futurs essais.<\/span><\/p>\n<p class=\"p1\"><span class=\"s1\">Dans une d\u00e9marche scientifique, l\u2019ENAFA a \u00e9galement mis en culture du mil local, \u00e0 proximit\u00e9 des parcelles de mil chinois. Cette approche permettra de suivre en parall\u00e8le l\u2019\u00e9volution des deux vari\u00e9t\u00e9s, d\u2019\u00e9valuer leurs rendements respectifs, leur r\u00e9sistance aux al\u00e9as climatiques ainsi que leur capacit\u00e9 d\u2019adaptation aux sols de la r\u00e9gion. L\u2019objectif est d\u2019apporter des r\u00e9ponses pr\u00e9cises aux producteurs et aux d\u00e9cideurs agricoles, afin d\u2019envisager \u00e0 terme une vulgarisation \u00e9ventuelle de cette nouvelle vari\u00e9t\u00e9.<\/span><\/p>\n<p class=\"p1\"><span class=\"s1\">Au-del\u00e0 de la pr\u00e9sente campagne, les acteurs du projet envisagent d\u00e9j\u00e0 une reconduction de l\u2019exp\u00e9rimentation en saison s\u00e8che, cette fois aux abords du barrage de l\u2019ENAFA. Une telle d\u00e9marche permettra de tester la r\u00e9silience du mil chinois face aux conditions plus difficiles de cette p\u00e9riode, o\u00f9 l\u2019irrigation devient indispensable.<\/span><\/p>\n<p class=\"p1\"><span class=\"s1\">Parall\u00e8lement, une r\u00e9flexion est en cours pour cr\u00e9er une unit\u00e9 agro-industrielle d\u00e9di\u00e9e \u00e0 la transformation du mil chinois, mais aussi d\u2019autres vari\u00e9t\u00e9s locales. Cette unit\u00e9 devrait produire des biscuits, g\u00e2teaux, chips et autres d\u00e9riv\u00e9s \u00e0 base de mil, contribuant ainsi \u00e0 diversifier l\u2019offre alimentaire, \u00e0 valoriser les c\u00e9r\u00e9ales et \u00e0 cr\u00e9er de nouvelles opportunit\u00e9s \u00e9conomiques pour les producteurs comme pour les transformateurs.<\/span><\/p>\n<p class=\"p3\"><span class=\"s3\">Une innovation agricole porteuse d\u2019espoir<\/span><\/p>\n<p class=\"p1\"><span class=\"s1\">Dans un contexte marqu\u00e9 par les d\u00e9fis de s\u00e9curit\u00e9 alimentaire et de changement climatique, l\u2019introduction et l\u2019exp\u00e9rimentation de nouvelles vari\u00e9t\u00e9s comme le mil chinois s\u2019inscrivent dans la volont\u00e9 de renforcer la r\u00e9silience de l\u2019agriculture burkinab\u00e8. Les enseignements tir\u00e9s de cette exp\u00e9rience pilote \u00e0 l\u2019ENAFA de Matourkou pourraient ouvrir la voie \u00e0 de nouvelles pratiques culturales, mieux adapt\u00e9es aux r\u00e9alit\u00e9s locales, et participer \u00e0 la dynamisation du secteur agricole national.<\/span><\/p>\n<p class=\"p1\"><span class=\"s1\">Avec ces premiers pas encourageants, le Burkina Faso confirme son engagement \u00e0 explorer des solutions innovantes pour garantir une agriculture durable, productive et cr\u00e9atrice de valeur ajout\u00e9e.<\/span><\/p>\n<p class=\"p1\" style=\"text-align: right;\"><strong><span class=\"s1\">Par Vox Sahel <\/span><\/strong><\/p>\n","protected":false},"excerpt":{"rendered":"<p>Burkina : Le mil chinois en exp\u00e9rimentation \u00e0 l\u2019ENAFA de Matourkou L\u2019\u00c9cole nationale de formation<\/p>\n","protected":false},"author":2,"featured_media":2751,"comment_status":"open","ping_status":"open","sticky":false,"template":"","format":"standard","meta":{"_et_pb_use_builder":"","_et_pb_old_content":"","_et_gb_content_width":"","footnotes":""},"categories":[8],"tags":[81,18,50,655,807,87,911,416,886,52],"class_list":["post-2750","post","type-post","status-publish","format-standard","has-post-thumbnail","hentry","category-developpement","tag-agriculture","tag-burkina-faso","tag-chine","tag-cooperation","tag-cooperation-sino-africaine","tag-diplomatie","tag-diplome","tag-missions-diplomatiques","tag-republique-populaire-de-chine","tag-sommet-chine-afrique"],"yoast_head":"<!-- This site is optimized with the Yoast SEO plugin v27.5 - https:\/\/yoast.com\/product\/yoast-seo-wordpress\/ -->\n<title>Burkina : Le mil chinois en exp\u00e9rimentation \u00e0 l\u2019ENAFA de Matourkou - Vox Sahel<\/title>\n<meta name=\"robots\" content=\"index, follow, max-snippet:-1, max-image-preview:large, max-video-preview:-1\" \/>\n<link rel=\"canonical\" href=\"https:\/\/voxsahel.com\/?p=2750\" \/>\n<meta property=\"og:locale\" content=\"fr_FR\" \/>\n<meta property=\"og:type\" content=\"article\" \/>\n<meta property=\"og:title\" content=\"Burkina : Le mil chinois en exp\u00e9rimentation \u00e0 l\u2019ENAFA de Matourkou - Vox Sahel\" \/>\n<meta property=\"og:description\" content=\"Burkina : Le mil chinois en exp\u00e9rimentation \u00e0 l\u2019ENAFA de Matourkou L\u2019\u00c9cole nationale de formation\" \/>\n<meta property=\"og:url\" content=\"https:\/\/voxsahel.com\/?p=2750\" \/>\n<meta property=\"og:site_name\" content=\"Vox Sahel\" \/>\n<meta property=\"article:publisher\" content=\"https:\/\/www.facebook.com\/journal.voxsahel\" \/>\n<meta property=\"article:published_time\" content=\"2025-09-12T17:30:59+00:00\" \/>\n<meta property=\"article:modified_time\" content=\"2025-09-12T17:33:36+00:00\" \/>\n<meta property=\"og:image\" content=\"https:\/\/voxsahel.com\/wp-content\/uploads\/2025\/09\/IMG_7324.jpeg\" \/>\n\t<meta property=\"og:image:width\" content=\"1156\" \/>\n\t<meta property=\"og:image:height\" content=\"868\" \/>\n\t<meta property=\"og:image:type\" content=\"image\/jpeg\" \/>\n<meta name=\"author\" content=\"Vox Sahel\" \/>\n<meta name=\"twitter:card\" content=\"summary_large_image\" \/>\n<meta name=\"twitter:label1\" content=\"\u00c9crit par\" \/>\n\t<meta name=\"twitter:data1\" content=\"Vox Sahel\" \/>\n\t<meta name=\"twitter:label2\" content=\"Dur\u00e9e de lecture estim\u00e9e\" \/>\n\t<meta name=\"twitter:data2\" content=\"3 minutes\" \/>\n<script type=\"application\/ld+json\" class=\"yoast-schema-graph\">{\"@context\":\"https:\\\/\\\/schema.org\",\"@graph\":[{\"@type\":\"Article\",\"@id\":\"https:\\\/\\\/voxsahel.com\\\/?p=2750#article\",\"isPartOf\":{\"@id\":\"https:\\\/\\\/voxsahel.com\\\/?p=2750\"},\"author\":{\"name\":\"Vox Sahel\",\"@id\":\"https:\\\/\\\/voxsahel.com\\\/#\\\/schema\\\/person\\\/b4043608248f8fa227cd760e7ff1e19e\"},\"headline\":\"Burkina : Le mil chinois en exp\u00e9rimentation \u00e0 l\u2019ENAFA de Matourkou\",\"datePublished\":\"2025-09-12T17:30:59+00:00\",\"dateModified\":\"2025-09-12T17:33:36+00:00\",\"mainEntityOfPage\":{\"@id\":\"https:\\\/\\\/voxsahel.com\\\/?p=2750\"},\"wordCount\":538,\"commentCount\":0,\"publisher\":{\"@id\":\"https:\\\/\\\/voxsahel.com\\\/#organization\"},\"image\":{\"@id\":\"https:\\\/\\\/voxsahel.com\\\/?p=2750#primaryimage\"},\"thumbnailUrl\":\"https:\\\/\\\/voxsahel.com\\\/wp-content\\\/uploads\\\/2025\\\/09\\\/IMG_7324.jpeg\",\"keywords\":[\"Agriculture\",\"Burkina Faso\",\"Chine\",\"Coop\u00e9ration\",\"Coop\u00e9ration sino-africaine\",\"Diplomatie\",\"Dipl\u00f4me\",\"Missions diplomatiques\",\"R\u00e9publique populaire de Chine\",\"Sommet Chine-Afrique\"],\"articleSection\":[\"DEVELOPPEMENT\"],\"inLanguage\":\"fr-FR\",\"potentialAction\":[{\"@type\":\"CommentAction\",\"name\":\"Comment\",\"target\":[\"https:\\\/\\\/voxsahel.com\\\/?p=2750#respond\"]}]},{\"@type\":\"WebPage\",\"@id\":\"https:\\\/\\\/voxsahel.com\\\/?p=2750\",\"url\":\"https:\\\/\\\/voxsahel.com\\\/?p=2750\",\"name\":\"Burkina : Le mil chinois en exp\u00e9rimentation \u00e0 l\u2019ENAFA de Matourkou - Vox Sahel\",\"isPartOf\":{\"@id\":\"https:\\\/\\\/voxsahel.com\\\/#website\"},\"primaryImageOfPage\":{\"@id\":\"https:\\\/\\\/voxsahel.com\\\/?p=2750#primaryimage\"},\"image\":{\"@id\":\"https:\\\/\\\/voxsahel.com\\\/?p=2750#primaryimage\"},\"thumbnailUrl\":\"https:\\\/\\\/voxsahel.com\\\/wp-content\\\/uploads\\\/2025\\\/09\\\/IMG_7324.jpeg\",\"datePublished\":\"2025-09-12T17:30:59+00:00\",\"dateModified\":\"2025-09-12T17:33:36+00:00\",\"breadcrumb\":{\"@id\":\"https:\\\/\\\/voxsahel.com\\\/?p=2750#breadcrumb\"},\"inLanguage\":\"fr-FR\",\"potentialAction\":[{\"@type\":\"ReadAction\",\"target\":[\"https:\\\/\\\/voxsahel.com\\\/?p=2750\"]}]},{\"@type\":\"ImageObject\",\"inLanguage\":\"fr-FR\",\"@id\":\"https:\\\/\\\/voxsahel.com\\\/?p=2750#primaryimage\",\"url\":\"https:\\\/\\\/voxsahel.com\\\/wp-content\\\/uploads\\\/2025\\\/09\\\/IMG_7324.jpeg\",\"contentUrl\":\"https:\\\/\\\/voxsahel.com\\\/wp-content\\\/uploads\\\/2025\\\/09\\\/IMG_7324.jpeg\",\"width\":1156,\"height\":868},{\"@type\":\"BreadcrumbList\",\"@id\":\"https:\\\/\\\/voxsahel.com\\\/?p=2750#breadcrumb\",\"itemListElement\":[{\"@type\":\"ListItem\",\"position\":1,\"name\":\"Home\",\"item\":\"https:\\\/\\\/voxsahel.com\\\/\"},{\"@type\":\"ListItem\",\"position\":2,\"name\":\"Burkina : Le mil chinois en exp\u00e9rimentation \u00e0 l\u2019ENAFA de Matourkou\"}]},{\"@type\":\"WebSite\",\"@id\":\"https:\\\/\\\/voxsahel.com\\\/#website\",\"url\":\"https:\\\/\\\/voxsahel.com\\\/\",\"name\":\"Vox Sahel\",\"description\":\"Informez-vous sur le Sahel en un clic\",\"publisher\":{\"@id\":\"https:\\\/\\\/voxsahel.com\\\/#organization\"},\"potentialAction\":[{\"@type\":\"SearchAction\",\"target\":{\"@type\":\"EntryPoint\",\"urlTemplate\":\"https:\\\/\\\/voxsahel.com\\\/?s={search_term_string}\"},\"query-input\":{\"@type\":\"PropertyValueSpecification\",\"valueRequired\":true,\"valueName\":\"search_term_string\"}}],\"inLanguage\":\"fr-FR\"},{\"@type\":\"Organization\",\"@id\":\"https:\\\/\\\/voxsahel.com\\\/#organization\",\"name\":\"Vox Sahel\",\"url\":\"https:\\\/\\\/voxsahel.com\\\/\",\"logo\":{\"@type\":\"ImageObject\",\"inLanguage\":\"fr-FR\",\"@id\":\"https:\\\/\\\/voxsahel.com\\\/#\\\/schema\\\/logo\\\/image\\\/\",\"url\":\"https:\\\/\\\/voxsahel.com\\\/wp-content\\\/uploads\\\/2024\\\/09\\\/Logo-Vox-Sahel.jpg\",\"contentUrl\":\"https:\\\/\\\/voxsahel.com\\\/wp-content\\\/uploads\\\/2024\\\/09\\\/Logo-Vox-Sahel.jpg\",\"width\":1181,\"height\":848,\"caption\":\"Vox Sahel\"},\"image\":{\"@id\":\"https:\\\/\\\/voxsahel.com\\\/#\\\/schema\\\/logo\\\/image\\\/\"},\"sameAs\":[\"https:\\\/\\\/www.facebook.com\\\/journal.voxsahel\"]},{\"@type\":\"Person\",\"@id\":\"https:\\\/\\\/voxsahel.com\\\/#\\\/schema\\\/person\\\/b4043608248f8fa227cd760e7ff1e19e\",\"name\":\"Vox Sahel\",\"image\":{\"@type\":\"ImageObject\",\"inLanguage\":\"fr-FR\",\"@id\":\"https:\\\/\\\/secure.gravatar.com\\\/avatar\\\/f70e7fa0cb9b29d4a7c5788d6eb2e9ab4d3135cbae1c9161810fdf77a8964699?s=96&d=mm&r=g\",\"url\":\"https:\\\/\\\/secure.gravatar.com\\\/avatar\\\/f70e7fa0cb9b29d4a7c5788d6eb2e9ab4d3135cbae1c9161810fdf77a8964699?s=96&d=mm&r=g\",\"contentUrl\":\"https:\\\/\\\/secure.gravatar.com\\\/avatar\\\/f70e7fa0cb9b29d4a7c5788d6eb2e9ab4d3135cbae1c9161810fdf77a8964699?s=96&d=mm&r=g\",\"caption\":\"Vox Sahel\"},\"sameAs\":[\"http:\\\/\\\/www.voxsahel.com\"],\"url\":\"https:\\\/\\\/voxsahel.com\\\/?author=2\"}]}<\/script>\n<!-- \/ Yoast SEO plugin. -->","yoast_head_json":{"title":"Burkina : Le mil chinois en exp\u00e9rimentation \u00e0 l\u2019ENAFA de Matourkou - Vox Sahel","robots":{"index":"index","follow":"follow","max-snippet":"max-snippet:-1","max-image-preview":"max-image-preview:large","max-video-preview":"max-video-preview:-1"},"canonical":"https:\/\/voxsahel.com\/?p=2750","og_locale":"fr_FR","og_type":"article","og_title":"Burkina : Le mil chinois en exp\u00e9rimentation \u00e0 l\u2019ENAFA de Matourkou - Vox Sahel","og_description":"Burkina : Le mil chinois en exp\u00e9rimentation \u00e0 l\u2019ENAFA de Matourkou L\u2019\u00c9cole nationale de formation","og_url":"https:\/\/voxsahel.com\/?p=2750","og_site_name":"Vox Sahel","article_publisher":"https:\/\/www.facebook.com\/journal.voxsahel","article_published_time":"2025-09-12T17:30:59+00:00","article_modified_time":"2025-09-12T17:33:36+00:00","og_image":[{"width":1156,"height":868,"url":"https:\/\/voxsahel.com\/wp-content\/uploads\/2025\/09\/IMG_7324.jpeg","type":"image\/jpeg"}],"author":"Vox Sahel","twitter_card":"summary_large_image","twitter_misc":{"\u00c9crit par":"Vox Sahel","Dur\u00e9e de lecture estim\u00e9e":"3 minutes"},"schema":{"@context":"https:\/\/schema.org","@graph":[{"@type":"Article","@id":"https:\/\/voxsahel.com\/?p=2750#article","isPartOf":{"@id":"https:\/\/voxsahel.com\/?p=2750"},"author":{"name":"Vox Sahel","@id":"https:\/\/voxsahel.com\/#\/schema\/person\/b4043608248f8fa227cd760e7ff1e19e"},"headline":"Burkina : Le mil chinois en exp\u00e9rimentation \u00e0 l\u2019ENAFA de Matourkou","datePublished":"2025-09-12T17:30:59+00:00","dateModified":"2025-09-12T17:33:36+00:00","mainEntityOfPage":{"@id":"https:\/\/voxsahel.com\/?p=2750"},"wordCount":538,"commentCount":0,"publisher":{"@id":"https:\/\/voxsahel.com\/#organization"},"image":{"@id":"https:\/\/voxsahel.com\/?p=2750#primaryimage"},"thumbnailUrl":"https:\/\/voxsahel.com\/wp-content\/uploads\/2025\/09\/IMG_7324.jpeg","keywords":["Agriculture","Burkina Faso","Chine","Coop\u00e9ration","Coop\u00e9ration sino-africaine","Diplomatie","Dipl\u00f4me","Missions diplomatiques","R\u00e9publique populaire de Chine","Sommet Chine-Afrique"],"articleSection":["DEVELOPPEMENT"],"inLanguage":"fr-FR","potentialAction":[{"@type":"CommentAction","name":"Comment","target":["https:\/\/voxsahel.com\/?p=2750#respond"]}]},{"@type":"WebPage","@id":"https:\/\/voxsahel.com\/?p=2750","url":"https:\/\/voxsahel.com\/?p=2750","name":"Burkina : Le mil chinois en exp\u00e9rimentation \u00e0 l\u2019ENAFA de Matourkou - Vox Sahel","isPartOf":{"@id":"https:\/\/voxsahel.com\/#website"},"primaryImageOfPage":{"@id":"https:\/\/voxsahel.com\/?p=2750#primaryimage"},"image":{"@id":"https:\/\/voxsahel.com\/?p=2750#primaryimage"},"thumbnailUrl":"https:\/\/voxsahel.com\/wp-content\/uploads\/2025\/09\/IMG_7324.jpeg","datePublished":"2025-09-12T17:30:59+00:00","dateModified":"2025-09-12T17:33:36+00:00","breadcrumb":{"@id":"https:\/\/voxsahel.com\/?p=2750#breadcrumb"},"inLanguage":"fr-FR","potentialAction":[{"@type":"ReadAction","target":["https:\/\/voxsahel.com\/?p=2750"]}]},{"@type":"ImageObject","inLanguage":"fr-FR","@id":"https:\/\/voxsahel.com\/?p=2750#primaryimage","url":"https:\/\/voxsahel.com\/wp-content\/uploads\/2025\/09\/IMG_7324.jpeg","contentUrl":"https:\/\/voxsahel.com\/wp-content\/uploads\/2025\/09\/IMG_7324.jpeg","width":1156,"height":868},{"@type":"BreadcrumbList","@id":"https:\/\/voxsahel.com\/?p=2750#breadcrumb","itemListElement":[{"@type":"ListItem","position":1,"name":"Home","item":"https:\/\/voxsahel.com\/"},{"@type":"ListItem","position":2,"name":"Burkina : Le mil chinois en exp\u00e9rimentation \u00e0 l\u2019ENAFA de Matourkou"}]},{"@type":"WebSite","@id":"https:\/\/voxsahel.com\/#website","url":"https:\/\/voxsahel.com\/","name":"Vox Sahel","description":"Informez-vous sur le Sahel en un clic","publisher":{"@id":"https:\/\/voxsahel.com\/#organization"},"potentialAction":[{"@type":"SearchAction","target":{"@type":"EntryPoint","urlTemplate":"https:\/\/voxsahel.com\/?s={search_term_string}"},"query-input":{"@type":"PropertyValueSpecification","valueRequired":true,"valueName":"search_term_string"}}],"inLanguage":"fr-FR"},{"@type":"Organization","@id":"https:\/\/voxsahel.com\/#organization","name":"Vox Sahel","url":"https:\/\/voxsahel.com\/","logo":{"@type":"ImageObject","inLanguage":"fr-FR","@id":"https:\/\/voxsahel.com\/#\/schema\/logo\/image\/","url":"https:\/\/voxsahel.com\/wp-content\/uploads\/2024\/09\/Logo-Vox-Sahel.jpg","contentUrl":"https:\/\/voxsahel.com\/wp-content\/uploads\/2024\/09\/Logo-Vox-Sahel.jpg","width":1181,"height":848,"caption":"Vox Sahel"},"image":{"@id":"https:\/\/voxsahel.com\/#\/schema\/logo\/image\/"},"sameAs":["https:\/\/www.facebook.com\/journal.voxsahel"]},{"@type":"Person","@id":"https:\/\/voxsahel.com\/#\/schema\/person\/b4043608248f8fa227cd760e7ff1e19e","name":"Vox Sahel","image":{"@type":"ImageObject","inLanguage":"fr-FR","@id":"https:\/\/secure.gravatar.com\/avatar\/f70e7fa0cb9b29d4a7c5788d6eb2e9ab4d3135cbae1c9161810fdf77a8964699?s=96&d=mm&r=g","url":"https:\/\/secure.gravatar.com\/avatar\/f70e7fa0cb9b29d4a7c5788d6eb2e9ab4d3135cbae1c9161810fdf77a8964699?s=96&d=mm&r=g","contentUrl":"https:\/\/secure.gravatar.com\/avatar\/f70e7fa0cb9b29d4a7c5788d6eb2e9ab4d3135cbae1c9161810fdf77a8964699?s=96&d=mm&r=g","caption":"Vox Sahel"},"sameAs":["http:\/\/www.voxsahel.com"],"url":"https:\/\/voxsahel.com\/?author=2"}]}},"_links":{"self":[{"href":"https:\/\/voxsahel.com\/index.php?rest_route=\/wp\/v2\/posts\/2750","targetHints":{"allow":["GET"]}}],"collection":[{"href":"https:\/\/voxsahel.com\/index.php?rest_route=\/wp\/v2\/posts"}],"about":[{"href":"https:\/\/voxsahel.com\/index.php?rest_route=\/wp\/v2\/types\/post"}],"author":[{"embeddable":true,"href":"https:\/\/voxsahel.com\/index.php?rest_route=\/wp\/v2\/users\/2"}],"replies":[{"embeddable":true,"href":"https:\/\/voxsahel.com\/index.php?rest_route=%2Fwp%2Fv2%2Fcomments&post=2750"}],"version-history":[{"count":1,"href":"https:\/\/voxsahel.com\/index.php?rest_route=\/wp\/v2\/posts\/2750\/revisions"}],"predecessor-version":[{"id":2752,"href":"https:\/\/voxsahel.com\/index.php?rest_route=\/wp\/v2\/posts\/2750\/revisions\/2752"}],"wp:featuredmedia":[{"embeddable":true,"href":"https:\/\/voxsahel.com\/index.php?rest_route=\/wp\/v2\/media\/2751"}],"wp:attachment":[{"href":"https:\/\/voxsahel.com\/index.php?rest_route=%2Fwp%2Fv2%2Fmedia&parent=2750"}],"wp:term":[{"taxonomy":"category","embeddable":true,"href":"https:\/\/voxsahel.com\/index.php?rest_route=%2Fwp%2Fv2%2Fcategories&post=2750"},{"taxonomy":"post_tag","embeddable":true,"href":"https:\/\/voxsahel.com\/index.php?rest_route=%2Fwp%2Fv2%2Ftags&post=2750"}],"curies":[{"name":"wp","href":"https:\/\/api.w.org\/{rel}","templated":true}]}}