{"id":2743,"date":"2025-09-12T11:13:55","date_gmt":"2025-09-12T11:13:55","guid":{"rendered":"https:\/\/voxsahel.com\/?p=2743"},"modified":"2025-09-12T11:13:55","modified_gmt":"2025-09-12T11:13:55","slug":"initiative-presidentielle-faso-mebo-le-chef-de-letat-remet-plus-de-700-engins-aux-brigades-regionales","status":"publish","type":"post","link":"https:\/\/voxsahel.com\/?p=2743","title":{"rendered":"Initiative pr\u00e9sidentielle Faso M\u00eabo : Le Chef de l\u2019\u00c9tat remet plus de 700 engins aux brigades r\u00e9gionales"},"content":{"rendered":"<p class=\"p1\"><span class=\"s2\">Le Pr\u00e9sident du Faso, Chef de l\u2019\u00c9tat, le Capitaine Ibrahim TRAOR\u00c9, a proc\u00e9d\u00e9 ce vendredi<\/span><span class=\"s1\"> 12 septembre 2025, \u00e0 <\/span> <span class=\"s1\">Ouagadougou, <\/span><span class=\"s2\">\u00e0 une remise solennelle de 764 engins destin\u00e9s \u00e0 renforcer l\u2019op\u00e9rationnalisation de l\u2019Initiative pr\u00e9sidentielle <\/span><span class=\"s1\">Faso M\u00eabo<\/span><span class=\"s2\">. Cette dotation b\u00e9n\u00e9ficie \u00e0 quatre brigades r\u00e9gionales : celles du <\/span><span class=\"s1\">Yaadga, de Kouls\u00e9, du Goulmou et de Bankui<\/span><span class=\"s2\">.<\/span><\/p>\n<p class=\"p1\"><span class=\"s2\">La c\u00e9r\u00e9monie, tenue \u00e0 Ouagadougou, a marqu\u00e9 une \u00e9tape importante dans la mise en \u0153uvre de cette initiative qui vise \u00e0 am\u00e9liorer les infrastructures de base et \u00e0 soutenir le d\u00e9veloppement communautaire dans les diff\u00e9rentes r\u00e9gions du pays.<\/span><\/p>\n<p class=\"p1\"><span class=\"s2\">Le Coordonnateur national de l\u2019Initiative Faso M\u00eabo, le <\/span><span class=\"s1\">Commandant Zoodnoma Ahmed SAKAND\u00c9<\/span><span class=\"s2\">, a r\u00e9ceptionn\u00e9 le mat\u00e9riel compos\u00e9 notamment de v\u00e9hicules pick-up 4&#215;4, de machines recycleuses, de b\u00e9tonni\u00e8res, de camions-grues, de camions-bennes, de camions-citernes, de projecteurs mobiles et de niveleuses.<\/span><\/p>\n<p class=\"p1\"><span class=\"s2\">Dans son allocution, le Pr\u00e9sident Ibrahim TRAOR\u00c9 a soulign\u00e9 que cette dotation \u00ab s\u2019inscrit dans la volont\u00e9 du gouvernement de doter les brigades d\u2019outils modernes pour r\u00e9pondre efficacement aux besoins des populations \u00bb.<\/span><\/p>\n<p class=\"p1\"><span class=\"s2\">Pour sa part, le Commandant SAKAND\u00c9 a exprim\u00e9 sa gratitude au Chef de l\u2019\u00c9tat, tout en rassurant que les \u00e9quipements seront utilis\u00e9s \u00e0 bon escient pour am\u00e9liorer la qualit\u00e9 des services rendus aux communaut\u00e9s.<\/span><\/p>\n<p class=\"p1\"><span class=\"s2\">Avec ce renforcement logistique, les brigades r\u00e9gionales concern\u00e9es disposent d\u00e9sormais de moyens accrus pour conduire leurs missions, notamment dans la r\u00e9habilitation des pistes rurales, l\u2019am\u00e9lioration des infrastructures et la r\u00e9ponse rapide aux besoins urgents des populations.<\/span><\/p>\n<p class=\"p1\" style=\"text-align: right;\"><strong><span class=\"s2\">Par Vox Sahel <\/span><\/strong><\/p>\n","protected":false},"excerpt":{"rendered":"<p>Le Pr\u00e9sident du Faso, Chef de l\u2019\u00c9tat, le Capitaine Ibrahim TRAOR\u00c9, a proc\u00e9d\u00e9 ce vendredi<\/p>\n","protected":false},"author":2,"featured_media":2744,"comment_status":"open","ping_status":"open","sticky":false,"template":"","format":"standard","meta":{"_et_pb_use_builder":"","_et_pb_old_content":"","_et_gb_content_width":"","footnotes":""},"categories":[8],"tags":[18,174,910],"class_list":["post-2743","post","type-post","status-publish","format-standard","has-post-thumbnail","hentry","category-developpement","tag-burkina-faso","tag-capitaine-ibrahim-traore","tag-initiative-presidentielle-faso-mebo"],"yoast_head":"<!-- This site is optimized with the Yoast SEO plugin v27.5 - https:\/\/yoast.com\/product\/yoast-seo-wordpress\/ -->\n<title>Initiative pr\u00e9sidentielle Faso M\u00eabo : Le Chef de l\u2019\u00c9tat remet plus de 700 engins aux brigades r\u00e9gionales - Vox Sahel<\/title>\n<meta name=\"robots\" content=\"index, follow, max-snippet:-1, max-image-preview:large, max-video-preview:-1\" \/>\n<link rel=\"canonical\" href=\"https:\/\/voxsahel.com\/?p=2743\" \/>\n<meta property=\"og:locale\" content=\"fr_FR\" \/>\n<meta property=\"og:type\" content=\"article\" \/>\n<meta property=\"og:title\" content=\"Initiative pr\u00e9sidentielle Faso M\u00eabo : Le Chef de l\u2019\u00c9tat remet plus de 700 engins aux brigades r\u00e9gionales - Vox Sahel\" \/>\n<meta property=\"og:description\" content=\"Le Pr\u00e9sident du Faso, Chef de l\u2019\u00c9tat, le Capitaine Ibrahim TRAOR\u00c9, a proc\u00e9d\u00e9 ce vendredi\" \/>\n<meta property=\"og:url\" content=\"https:\/\/voxsahel.com\/?p=2743\" \/>\n<meta property=\"og:site_name\" content=\"Vox Sahel\" \/>\n<meta property=\"article:publisher\" content=\"https:\/\/www.facebook.com\/journal.voxsahel\" \/>\n<meta property=\"article:published_time\" content=\"2025-09-12T11:13:55+00:00\" \/>\n<meta property=\"og:image\" content=\"https:\/\/voxsahel.com\/wp-content\/uploads\/2025\/09\/9551c7e9-c2e5-474c-b89c-14e3351aa56d.jpeg\" \/>\n\t<meta property=\"og:image:width\" content=\"1600\" \/>\n\t<meta property=\"og:image:height\" content=\"900\" \/>\n\t<meta property=\"og:image:type\" content=\"image\/jpeg\" \/>\n<meta name=\"author\" content=\"Vox Sahel\" \/>\n<meta name=\"twitter:card\" content=\"summary_large_image\" \/>\n<meta name=\"twitter:label1\" content=\"\u00c9crit par\" \/>\n\t<meta name=\"twitter:data1\" content=\"Vox Sahel\" \/>\n\t<meta name=\"twitter:label2\" content=\"Dur\u00e9e de lecture estim\u00e9e\" \/>\n\t<meta name=\"twitter:data2\" content=\"2 minutes\" \/>\n<script type=\"application\/ld+json\" class=\"yoast-schema-graph\">{\"@context\":\"https:\\\/\\\/schema.org\",\"@graph\":[{\"@type\":\"Article\",\"@id\":\"https:\\\/\\\/voxsahel.com\\\/?p=2743#article\",\"isPartOf\":{\"@id\":\"https:\\\/\\\/voxsahel.com\\\/?p=2743\"},\"author\":{\"name\":\"Vox Sahel\",\"@id\":\"https:\\\/\\\/voxsahel.com\\\/#\\\/schema\\\/person\\\/b4043608248f8fa227cd760e7ff1e19e\"},\"headline\":\"Initiative pr\u00e9sidentielle Faso M\u00eabo : Le Chef de l\u2019\u00c9tat remet plus de 700 engins aux brigades r\u00e9gionales\",\"datePublished\":\"2025-09-12T11:13:55+00:00\",\"mainEntityOfPage\":{\"@id\":\"https:\\\/\\\/voxsahel.com\\\/?p=2743\"},\"wordCount\":282,\"commentCount\":0,\"publisher\":{\"@id\":\"https:\\\/\\\/voxsahel.com\\\/#organization\"},\"image\":{\"@id\":\"https:\\\/\\\/voxsahel.com\\\/?p=2743#primaryimage\"},\"thumbnailUrl\":\"https:\\\/\\\/voxsahel.com\\\/wp-content\\\/uploads\\\/2025\\\/09\\\/9551c7e9-c2e5-474c-b89c-14e3351aa56d.jpeg\",\"keywords\":[\"Burkina Faso\",\"Capitaine Ibrahim Traor\u00e9\",\"Initiative pr\u00e9sidentielle Faso M\u00eabo\"],\"articleSection\":[\"DEVELOPPEMENT\"],\"inLanguage\":\"fr-FR\",\"potentialAction\":[{\"@type\":\"CommentAction\",\"name\":\"Comment\",\"target\":[\"https:\\\/\\\/voxsahel.com\\\/?p=2743#respond\"]}]},{\"@type\":\"WebPage\",\"@id\":\"https:\\\/\\\/voxsahel.com\\\/?p=2743\",\"url\":\"https:\\\/\\\/voxsahel.com\\\/?p=2743\",\"name\":\"Initiative pr\u00e9sidentielle Faso M\u00eabo : Le Chef de l\u2019\u00c9tat remet plus de 700 engins aux brigades r\u00e9gionales - Vox Sahel\",\"isPartOf\":{\"@id\":\"https:\\\/\\\/voxsahel.com\\\/#website\"},\"primaryImageOfPage\":{\"@id\":\"https:\\\/\\\/voxsahel.com\\\/?p=2743#primaryimage\"},\"image\":{\"@id\":\"https:\\\/\\\/voxsahel.com\\\/?p=2743#primaryimage\"},\"thumbnailUrl\":\"https:\\\/\\\/voxsahel.com\\\/wp-content\\\/uploads\\\/2025\\\/09\\\/9551c7e9-c2e5-474c-b89c-14e3351aa56d.jpeg\",\"datePublished\":\"2025-09-12T11:13:55+00:00\",\"breadcrumb\":{\"@id\":\"https:\\\/\\\/voxsahel.com\\\/?p=2743#breadcrumb\"},\"inLanguage\":\"fr-FR\",\"potentialAction\":[{\"@type\":\"ReadAction\",\"target\":[\"https:\\\/\\\/voxsahel.com\\\/?p=2743\"]}]},{\"@type\":\"ImageObject\",\"inLanguage\":\"fr-FR\",\"@id\":\"https:\\\/\\\/voxsahel.com\\\/?p=2743#primaryimage\",\"url\":\"https:\\\/\\\/voxsahel.com\\\/wp-content\\\/uploads\\\/2025\\\/09\\\/9551c7e9-c2e5-474c-b89c-14e3351aa56d.jpeg\",\"contentUrl\":\"https:\\\/\\\/voxsahel.com\\\/wp-content\\\/uploads\\\/2025\\\/09\\\/9551c7e9-c2e5-474c-b89c-14e3351aa56d.jpeg\",\"width\":1600,\"height\":900},{\"@type\":\"BreadcrumbList\",\"@id\":\"https:\\\/\\\/voxsahel.com\\\/?p=2743#breadcrumb\",\"itemListElement\":[{\"@type\":\"ListItem\",\"position\":1,\"name\":\"Home\",\"item\":\"https:\\\/\\\/voxsahel.com\\\/\"},{\"@type\":\"ListItem\",\"position\":2,\"name\":\"Initiative pr\u00e9sidentielle Faso M\u00eabo : Le Chef de l\u2019\u00c9tat remet plus de 700 engins aux brigades r\u00e9gionales\"}]},{\"@type\":\"WebSite\",\"@id\":\"https:\\\/\\\/voxsahel.com\\\/#website\",\"url\":\"https:\\\/\\\/voxsahel.com\\\/\",\"name\":\"Vox Sahel\",\"description\":\"Informez-vous sur le Sahel en un clic\",\"publisher\":{\"@id\":\"https:\\\/\\\/voxsahel.com\\\/#organization\"},\"potentialAction\":[{\"@type\":\"SearchAction\",\"target\":{\"@type\":\"EntryPoint\",\"urlTemplate\":\"https:\\\/\\\/voxsahel.com\\\/?s={search_term_string}\"},\"query-input\":{\"@type\":\"PropertyValueSpecification\",\"valueRequired\":true,\"valueName\":\"search_term_string\"}}],\"inLanguage\":\"fr-FR\"},{\"@type\":\"Organization\",\"@id\":\"https:\\\/\\\/voxsahel.com\\\/#organization\",\"name\":\"Vox Sahel\",\"url\":\"https:\\\/\\\/voxsahel.com\\\/\",\"logo\":{\"@type\":\"ImageObject\",\"inLanguage\":\"fr-FR\",\"@id\":\"https:\\\/\\\/voxsahel.com\\\/#\\\/schema\\\/logo\\\/image\\\/\",\"url\":\"https:\\\/\\\/voxsahel.com\\\/wp-content\\\/uploads\\\/2024\\\/09\\\/Logo-Vox-Sahel.jpg\",\"contentUrl\":\"https:\\\/\\\/voxsahel.com\\\/wp-content\\\/uploads\\\/2024\\\/09\\\/Logo-Vox-Sahel.jpg\",\"width\":1181,\"height\":848,\"caption\":\"Vox Sahel\"},\"image\":{\"@id\":\"https:\\\/\\\/voxsahel.com\\\/#\\\/schema\\\/logo\\\/image\\\/\"},\"sameAs\":[\"https:\\\/\\\/www.facebook.com\\\/journal.voxsahel\"]},{\"@type\":\"Person\",\"@id\":\"https:\\\/\\\/voxsahel.com\\\/#\\\/schema\\\/person\\\/b4043608248f8fa227cd760e7ff1e19e\",\"name\":\"Vox Sahel\",\"image\":{\"@type\":\"ImageObject\",\"inLanguage\":\"fr-FR\",\"@id\":\"https:\\\/\\\/secure.gravatar.com\\\/avatar\\\/f70e7fa0cb9b29d4a7c5788d6eb2e9ab4d3135cbae1c9161810fdf77a8964699?s=96&d=mm&r=g\",\"url\":\"https:\\\/\\\/secure.gravatar.com\\\/avatar\\\/f70e7fa0cb9b29d4a7c5788d6eb2e9ab4d3135cbae1c9161810fdf77a8964699?s=96&d=mm&r=g\",\"contentUrl\":\"https:\\\/\\\/secure.gravatar.com\\\/avatar\\\/f70e7fa0cb9b29d4a7c5788d6eb2e9ab4d3135cbae1c9161810fdf77a8964699?s=96&d=mm&r=g\",\"caption\":\"Vox Sahel\"},\"sameAs\":[\"http:\\\/\\\/www.voxsahel.com\"],\"url\":\"https:\\\/\\\/voxsahel.com\\\/?author=2\"}]}<\/script>\n<!-- \/ Yoast SEO plugin. -->","yoast_head_json":{"title":"Initiative pr\u00e9sidentielle Faso M\u00eabo : Le Chef de l\u2019\u00c9tat remet plus de 700 engins aux brigades r\u00e9gionales - Vox Sahel","robots":{"index":"index","follow":"follow","max-snippet":"max-snippet:-1","max-image-preview":"max-image-preview:large","max-video-preview":"max-video-preview:-1"},"canonical":"https:\/\/voxsahel.com\/?p=2743","og_locale":"fr_FR","og_type":"article","og_title":"Initiative pr\u00e9sidentielle Faso M\u00eabo : Le Chef de l\u2019\u00c9tat remet plus de 700 engins aux brigades r\u00e9gionales - Vox Sahel","og_description":"Le Pr\u00e9sident du Faso, Chef de l\u2019\u00c9tat, le Capitaine Ibrahim TRAOR\u00c9, a proc\u00e9d\u00e9 ce vendredi","og_url":"https:\/\/voxsahel.com\/?p=2743","og_site_name":"Vox Sahel","article_publisher":"https:\/\/www.facebook.com\/journal.voxsahel","article_published_time":"2025-09-12T11:13:55+00:00","og_image":[{"width":1600,"height":900,"url":"https:\/\/voxsahel.com\/wp-content\/uploads\/2025\/09\/9551c7e9-c2e5-474c-b89c-14e3351aa56d.jpeg","type":"image\/jpeg"}],"author":"Vox Sahel","twitter_card":"summary_large_image","twitter_misc":{"\u00c9crit par":"Vox Sahel","Dur\u00e9e de lecture estim\u00e9e":"2 minutes"},"schema":{"@context":"https:\/\/schema.org","@graph":[{"@type":"Article","@id":"https:\/\/voxsahel.com\/?p=2743#article","isPartOf":{"@id":"https:\/\/voxsahel.com\/?p=2743"},"author":{"name":"Vox Sahel","@id":"https:\/\/voxsahel.com\/#\/schema\/person\/b4043608248f8fa227cd760e7ff1e19e"},"headline":"Initiative pr\u00e9sidentielle Faso M\u00eabo : Le Chef de l\u2019\u00c9tat remet plus de 700 engins aux brigades r\u00e9gionales","datePublished":"2025-09-12T11:13:55+00:00","mainEntityOfPage":{"@id":"https:\/\/voxsahel.com\/?p=2743"},"wordCount":282,"commentCount":0,"publisher":{"@id":"https:\/\/voxsahel.com\/#organization"},"image":{"@id":"https:\/\/voxsahel.com\/?p=2743#primaryimage"},"thumbnailUrl":"https:\/\/voxsahel.com\/wp-content\/uploads\/2025\/09\/9551c7e9-c2e5-474c-b89c-14e3351aa56d.jpeg","keywords":["Burkina Faso","Capitaine Ibrahim Traor\u00e9","Initiative pr\u00e9sidentielle Faso M\u00eabo"],"articleSection":["DEVELOPPEMENT"],"inLanguage":"fr-FR","potentialAction":[{"@type":"CommentAction","name":"Comment","target":["https:\/\/voxsahel.com\/?p=2743#respond"]}]},{"@type":"WebPage","@id":"https:\/\/voxsahel.com\/?p=2743","url":"https:\/\/voxsahel.com\/?p=2743","name":"Initiative pr\u00e9sidentielle Faso M\u00eabo : Le Chef de l\u2019\u00c9tat remet plus de 700 engins aux brigades r\u00e9gionales - Vox Sahel","isPartOf":{"@id":"https:\/\/voxsahel.com\/#website"},"primaryImageOfPage":{"@id":"https:\/\/voxsahel.com\/?p=2743#primaryimage"},"image":{"@id":"https:\/\/voxsahel.com\/?p=2743#primaryimage"},"thumbnailUrl":"https:\/\/voxsahel.com\/wp-content\/uploads\/2025\/09\/9551c7e9-c2e5-474c-b89c-14e3351aa56d.jpeg","datePublished":"2025-09-12T11:13:55+00:00","breadcrumb":{"@id":"https:\/\/voxsahel.com\/?p=2743#breadcrumb"},"inLanguage":"fr-FR","potentialAction":[{"@type":"ReadAction","target":["https:\/\/voxsahel.com\/?p=2743"]}]},{"@type":"ImageObject","inLanguage":"fr-FR","@id":"https:\/\/voxsahel.com\/?p=2743#primaryimage","url":"https:\/\/voxsahel.com\/wp-content\/uploads\/2025\/09\/9551c7e9-c2e5-474c-b89c-14e3351aa56d.jpeg","contentUrl":"https:\/\/voxsahel.com\/wp-content\/uploads\/2025\/09\/9551c7e9-c2e5-474c-b89c-14e3351aa56d.jpeg","width":1600,"height":900},{"@type":"BreadcrumbList","@id":"https:\/\/voxsahel.com\/?p=2743#breadcrumb","itemListElement":[{"@type":"ListItem","position":1,"name":"Home","item":"https:\/\/voxsahel.com\/"},{"@type":"ListItem","position":2,"name":"Initiative pr\u00e9sidentielle Faso M\u00eabo : Le Chef de l\u2019\u00c9tat remet plus de 700 engins aux brigades r\u00e9gionales"}]},{"@type":"WebSite","@id":"https:\/\/voxsahel.com\/#website","url":"https:\/\/voxsahel.com\/","name":"Vox Sahel","description":"Informez-vous sur le Sahel en un clic","publisher":{"@id":"https:\/\/voxsahel.com\/#organization"},"potentialAction":[{"@type":"SearchAction","target":{"@type":"EntryPoint","urlTemplate":"https:\/\/voxsahel.com\/?s={search_term_string}"},"query-input":{"@type":"PropertyValueSpecification","valueRequired":true,"valueName":"search_term_string"}}],"inLanguage":"fr-FR"},{"@type":"Organization","@id":"https:\/\/voxsahel.com\/#organization","name":"Vox Sahel","url":"https:\/\/voxsahel.com\/","logo":{"@type":"ImageObject","inLanguage":"fr-FR","@id":"https:\/\/voxsahel.com\/#\/schema\/logo\/image\/","url":"https:\/\/voxsahel.com\/wp-content\/uploads\/2024\/09\/Logo-Vox-Sahel.jpg","contentUrl":"https:\/\/voxsahel.com\/wp-content\/uploads\/2024\/09\/Logo-Vox-Sahel.jpg","width":1181,"height":848,"caption":"Vox Sahel"},"image":{"@id":"https:\/\/voxsahel.com\/#\/schema\/logo\/image\/"},"sameAs":["https:\/\/www.facebook.com\/journal.voxsahel"]},{"@type":"Person","@id":"https:\/\/voxsahel.com\/#\/schema\/person\/b4043608248f8fa227cd760e7ff1e19e","name":"Vox Sahel","image":{"@type":"ImageObject","inLanguage":"fr-FR","@id":"https:\/\/secure.gravatar.com\/avatar\/f70e7fa0cb9b29d4a7c5788d6eb2e9ab4d3135cbae1c9161810fdf77a8964699?s=96&d=mm&r=g","url":"https:\/\/secure.gravatar.com\/avatar\/f70e7fa0cb9b29d4a7c5788d6eb2e9ab4d3135cbae1c9161810fdf77a8964699?s=96&d=mm&r=g","contentUrl":"https:\/\/secure.gravatar.com\/avatar\/f70e7fa0cb9b29d4a7c5788d6eb2e9ab4d3135cbae1c9161810fdf77a8964699?s=96&d=mm&r=g","caption":"Vox Sahel"},"sameAs":["http:\/\/www.voxsahel.com"],"url":"https:\/\/voxsahel.com\/?author=2"}]}},"_links":{"self":[{"href":"https:\/\/voxsahel.com\/index.php?rest_route=\/wp\/v2\/posts\/2743","targetHints":{"allow":["GET"]}}],"collection":[{"href":"https:\/\/voxsahel.com\/index.php?rest_route=\/wp\/v2\/posts"}],"about":[{"href":"https:\/\/voxsahel.com\/index.php?rest_route=\/wp\/v2\/types\/post"}],"author":[{"embeddable":true,"href":"https:\/\/voxsahel.com\/index.php?rest_route=\/wp\/v2\/users\/2"}],"replies":[{"embeddable":true,"href":"https:\/\/voxsahel.com\/index.php?rest_route=%2Fwp%2Fv2%2Fcomments&post=2743"}],"version-history":[{"count":1,"href":"https:\/\/voxsahel.com\/index.php?rest_route=\/wp\/v2\/posts\/2743\/revisions"}],"predecessor-version":[{"id":2745,"href":"https:\/\/voxsahel.com\/index.php?rest_route=\/wp\/v2\/posts\/2743\/revisions\/2745"}],"wp:featuredmedia":[{"embeddable":true,"href":"https:\/\/voxsahel.com\/index.php?rest_route=\/wp\/v2\/media\/2744"}],"wp:attachment":[{"href":"https:\/\/voxsahel.com\/index.php?rest_route=%2Fwp%2Fv2%2Fmedia&parent=2743"}],"wp:term":[{"taxonomy":"category","embeddable":true,"href":"https:\/\/voxsahel.com\/index.php?rest_route=%2Fwp%2Fv2%2Fcategories&post=2743"},{"taxonomy":"post_tag","embeddable":true,"href":"https:\/\/voxsahel.com\/index.php?rest_route=%2Fwp%2Fv2%2Ftags&post=2743"}],"curies":[{"name":"wp","href":"https:\/\/api.w.org\/{rel}","templated":true}]}}