{"id":2732,"date":"2025-09-11T19:21:41","date_gmt":"2025-09-11T19:21:41","guid":{"rendered":"https:\/\/voxsahel.com\/?p=2732"},"modified":"2025-09-11T19:31:04","modified_gmt":"2025-09-11T19:31:04","slug":"burkina-faso-visa-gratuit-pour-les-africains-jours-feries-a-67-milliards-fcfa","status":"publish","type":"post","link":"https:\/\/voxsahel.com\/?p=2732","title":{"rendered":"Burkina Faso : visa gratuit pour les Africains, jours f\u00e9ri\u00e9s \u00e0 67 milliards FCFA"},"content":{"rendered":"<p>CONSEILS DES MINISTRES DU 11 SEPTEMBRE 2025<\/p>\n<p>&#8211; Gratuit\u00e9 de visa pour les ressortissants africains<br \/>\n&#8211; Un manque \u00e0 gagner qui pourrait s&rsquo;\u00e9lever \u00e0 plus de 67 milliards FCFA, en 2025, du fait des jours f\u00e9ri\u00e9s<\/p>\n<p>(Ouagadougou, 11 septembre 2025). Le Pr\u00e9sident du Faso, Chef de l\u2019\u00c9tat, le Capitaine Ibrahim TRAOR\u00c9, a pr\u00e9sid\u00e9 ce jeudi, l\u2019hebdomadaire Conseil des ministres. Selon le Ministre de la Communication, de la Culture, des Arts et du Tourisme, Porte-parole du gouvernement, Pingdwend\u00e9 Gilbert OUEDRAOGO, le Conseil a examin\u00e9 plusieurs dossiers, adopt\u00e9 des rapports et pris d\u2019importantes d\u00e9cisions pour la bonne marche de la Nation.<\/p>\n<p>Pour le compte du minist\u00e8re de la S\u00e9curit\u00e9, le Conseil a adopt\u00e9 un rapport additif \u00e0 la loi des finances rectificative pour l\u2019ex\u00e9cution du budget exercice 2025 relatif \u00e0 l&rsquo;institution de la gratuit\u00e9 des visas au profit des ressortissants des pays africains. Selon le Ministre de la S\u00e9curit\u00e9, le Commissaire divisionnaire de Police, Mahamadou SANA, avec ce rapport et conform\u00e9ment \u00e0 la vision panafricaniste du Chef de l&rsquo;\u00c9tat, le Burkina Faso r\u00e9affirme sa volont\u00e9 de raffermir les liens historiques de fraternit\u00e9 entre les peuples africains.<\/p>\n<figure id=\"attachment_2735\" aria-describedby=\"caption-attachment-2735\" style=\"width: 719px\" class=\"wp-caption aligncenter\"><img loading=\"lazy\" decoding=\"async\" class=\"size-full wp-image-2735\" src=\"https:\/\/voxsahel.com\/wp-content\/uploads\/2025\/09\/0bf56e01-70a3-4e17-a188-4138e26a8e88.jpeg\" alt=\"\" width=\"719\" height=\"935\" srcset=\"https:\/\/voxsahel.com\/wp-content\/uploads\/2025\/09\/0bf56e01-70a3-4e17-a188-4138e26a8e88.jpeg 719w, https:\/\/voxsahel.com\/wp-content\/uploads\/2025\/09\/0bf56e01-70a3-4e17-a188-4138e26a8e88-231x300.jpeg 231w, https:\/\/voxsahel.com\/wp-content\/uploads\/2025\/09\/0bf56e01-70a3-4e17-a188-4138e26a8e88-610x793.jpeg 610w\" sizes=\"(max-width: 719px) 100vw, 719px\" \/><figcaption id=\"caption-attachment-2735\" class=\"wp-caption-text\"><strong>Le Ministre de la S\u00e9curit\u00e9, le Commissaire divisionnaire de Police, Mahamadou SANA : \u00ab D\u00e9sormais tout ressortissant d&rsquo;un pays africain d\u00e9sirant se rendre au Burkina Faso ne d\u00e9boursera aucune somme pour s&rsquo;acquitter des frais de visa \u00bb<\/strong><\/figcaption><\/figure>\n<p>\u00ab D\u00e9sormais tout ressortissant d&rsquo;un pays africain d\u00e9sirant se rendre au Burkina Faso ne d\u00e9boursera aucune somme pour s&rsquo;acquitter des frais de visa \u00bb, dit le ministre qui pr\u00e9cise que la gratuit\u00e9 ne signifie pas exemption de visa. L\u2019adoption de ce d\u00e9cret vise, d\u2019une part, \u00e0 renforcer la libre circulation des peuples africains et de leurs biens sur le territoire burkinab\u00e8 et d\u2019autre part, l&rsquo;int\u00e9gration africaine, selon le Ministre SANA.<\/p>\n<p>Les jours f\u00e9ri\u00e9s pourraient engendrer un manque \u00e0 gagner potentiel de plus de 67,5 milliards FCFA<\/p>\n<p>Au titre du minist\u00e8re de la Fonction publique, du Travail et de la Protection sociale, le Conseil a adopt\u00e9 un projet de loi portant institution de jours ch\u00f4m\u00e9s et pay\u00e9s et de journ\u00e9es de comm\u00e9moration et de recueillement.<\/p>\n<figure id=\"attachment_2737\" aria-describedby=\"caption-attachment-2737\" style=\"width: 640px\" class=\"wp-caption aligncenter\"><img loading=\"lazy\" decoding=\"async\" class=\"size-large wp-image-2737\" src=\"https:\/\/voxsahel.com\/wp-content\/uploads\/2025\/09\/IMG_7127-957x1024.jpeg\" alt=\"\" width=\"640\" height=\"685\" srcset=\"https:\/\/voxsahel.com\/wp-content\/uploads\/2025\/09\/IMG_7127-957x1024.jpeg 957w, https:\/\/voxsahel.com\/wp-content\/uploads\/2025\/09\/IMG_7127-280x300.jpeg 280w, https:\/\/voxsahel.com\/wp-content\/uploads\/2025\/09\/IMG_7127-768x822.jpeg 768w, https:\/\/voxsahel.com\/wp-content\/uploads\/2025\/09\/IMG_7127-1080x1156.jpeg 1080w, https:\/\/voxsahel.com\/wp-content\/uploads\/2025\/09\/IMG_7127-610x653.jpeg 610w, https:\/\/voxsahel.com\/wp-content\/uploads\/2025\/09\/IMG_7127.jpeg 1290w\" sizes=\"(max-width: 640px) 100vw, 640px\" \/><figcaption id=\"caption-attachment-2737\" class=\"wp-caption-text\"><b>Selon le Ministre de la Fonction publique, du Travail et de la Protection sociale, Mathias TRAOR\u00c9, le Conseil des ministres a adopt\u00e9 un projet de loi portant institution de jours ch\u00f4m\u00e9s et pay\u00e9s, et de journ\u00e9es de comm\u00e9moration et de recueillement<\/b><\/figcaption><\/figure>\n<p>Selon le Ministre de la Fonction publique du Travail et de la Protection sociale, Mathias TRAOR\u00c9, le temps annuel de travail d\u00fb par l\u2019agent public est de 214 jours (58,63% des 365 jours de l\u2019ann\u00e9e) \u00e0 cause des f\u00eates l\u00e9gales, des f\u00eates l\u00e9gales tombant sur un dimanche et des weekends. Une \u00e9tude du minist\u00e8re de l\u2019\u00c9conomie et des Finances fait ressortir que le temps de travail perdu pourrait co\u00fbter plus de 67,5 milliards FCFA au budget annuel de l\u2019\u00c9tat au titre de l\u2019ann\u00e9e 2025.<\/p>\n<p>Le Ministre Mathias TRAOR\u00c9 soutient que l\u2019adoption de ce projet de loi permet \u00ab d&rsquo;ajuster le temps consacr\u00e9 au travail dans les administrations publiques et priv\u00e9es afin de soutenir les r\u00e9formes qui concourent \u00e0 la r\u00e9alisation \u00bb de la vision du Chef de l\u2019\u00c9tat.<\/p>\n<p>Le deuxi\u00e8me rapport porte r\u00e9vocation d\u2019agents publics pour falsification de dipl\u00f4mes \u00e0 l\u2019occasion de leur recrutement ou de leur promotion dans la fonction publique. Sur ce point, le ministre Mathias TRAOR\u00c9 note que le Conseil a r\u00e9voqu\u00e9 quatre agents publics.<\/p>\n<p>Pour le compte du minist\u00e8re de la Justice et des Droits humains, charg\u00e9 des Relations avec les Institutions, le Conseil a adopt\u00e9 trois d\u00e9crets portant d\u00e9finition du costume du pr\u00e9sident et des membres du Conseil constitutionnel lors des audiences, fixation des caract\u00e9ristiques et des conditions de port du costume d\u2019audience du personnel du corps des greffiers et des magistrats des juridictions sup\u00e9rieures.<\/p>\n<figure id=\"attachment_2738\" aria-describedby=\"caption-attachment-2738\" style=\"width: 640px\" class=\"wp-caption aligncenter\"><img loading=\"lazy\" decoding=\"async\" class=\"size-large wp-image-2738\" src=\"https:\/\/voxsahel.com\/wp-content\/uploads\/2025\/09\/IMG_7131-848x1024.jpeg\" alt=\"Pour le Ministre charg\u00e9 de la Justice, Edasso Rodrigue BAYALA, son d\u00e9partement travaille \u00e0 \u00eatre plus proche de nos r\u00e9alit\u00e9s socio-culturelles, conform\u00e9ment \u00e0 la vision du Pr\u00e9sident du Faso\" width=\"640\" height=\"773\" srcset=\"https:\/\/voxsahel.com\/wp-content\/uploads\/2025\/09\/IMG_7131-848x1024.jpeg 848w, https:\/\/voxsahel.com\/wp-content\/uploads\/2025\/09\/IMG_7131-248x300.jpeg 248w, https:\/\/voxsahel.com\/wp-content\/uploads\/2025\/09\/IMG_7131-768x928.jpeg 768w, https:\/\/voxsahel.com\/wp-content\/uploads\/2025\/09\/IMG_7131-1272x1536.jpeg 1272w, https:\/\/voxsahel.com\/wp-content\/uploads\/2025\/09\/IMG_7131-1080x1304.jpeg 1080w, https:\/\/voxsahel.com\/wp-content\/uploads\/2025\/09\/IMG_7131-610x737.jpeg 610w, https:\/\/voxsahel.com\/wp-content\/uploads\/2025\/09\/IMG_7131.jpeg 1290w\" sizes=\"(max-width: 640px) 100vw, 640px\" \/><figcaption id=\"caption-attachment-2738\" class=\"wp-caption-text\"><strong>Pour le Ministre charg\u00e9 de la Justice, Edasso Rodrigue BAYALA, son d\u00e9partement travaille \u00e0 \u00eatre plus proche de nos r\u00e9alit\u00e9s socio-culturelles, conform\u00e9ment \u00e0 la vision du Pr\u00e9sident du Faso<\/strong><\/figcaption><\/figure>\n<p>Selon le Ministre Edasso Rodrigue BAYALA, la justice travaille \u00e0 \u00eatre plus proche de nos r\u00e9alit\u00e9s socio-culturelles, conform\u00e9ment \u00e0 la vision du Pr\u00e9sident du Faso, le Capitaine Ibrahim TRAOR\u00c9. Les costumes du Pr\u00e9sident et des membres du Conseil constitutionnel, des magistrats et des greffiers de juridictions sup\u00e9rieures seront d\u00e9sormais faits \u00e0 base de cotonnade burkinab\u00e8, ce qui va permettre de soutenir l\u2019\u00e9conomie locale.<\/p>\n<p>Direction de la Communication de la Pr\u00e9sidence du Faso<\/p>\n","protected":false},"excerpt":{"rendered":"<p>CONSEILS DES MINISTRES DU 11 SEPTEMBRE 2025 &#8211; Gratuit\u00e9 de visa pour les ressortissants africains<\/p>\n","protected":false},"author":2,"featured_media":2734,"comment_status":"open","ping_status":"open","sticky":false,"template":"","format":"standard","meta":{"_et_pb_use_builder":"","_et_pb_old_content":"","_et_gb_content_width":"","footnotes":""},"categories":[6],"tags":[],"class_list":["post-2732","post","type-post","status-publish","format-standard","has-post-thumbnail","hentry","category-politique"],"yoast_head":"<!-- This site is optimized with the Yoast SEO plugin v27.5 - https:\/\/yoast.com\/product\/yoast-seo-wordpress\/ -->\n<title>Burkina Faso : visa gratuit pour les Africains, jours f\u00e9ri\u00e9s \u00e0 67 milliards FCFA - Vox Sahel<\/title>\n<meta name=\"robots\" content=\"index, follow, max-snippet:-1, max-image-preview:large, max-video-preview:-1\" \/>\n<link rel=\"canonical\" href=\"https:\/\/voxsahel.com\/?p=2732\" \/>\n<meta property=\"og:locale\" content=\"fr_FR\" \/>\n<meta property=\"og:type\" content=\"article\" \/>\n<meta property=\"og:title\" content=\"Burkina Faso : visa gratuit pour les Africains, jours f\u00e9ri\u00e9s \u00e0 67 milliards FCFA - Vox Sahel\" \/>\n<meta property=\"og:description\" content=\"CONSEILS DES MINISTRES DU 11 SEPTEMBRE 2025 &#8211; Gratuit\u00e9 de visa pour les ressortissants africains\" \/>\n<meta property=\"og:url\" content=\"https:\/\/voxsahel.com\/?p=2732\" \/>\n<meta property=\"og:site_name\" content=\"Vox Sahel\" \/>\n<meta property=\"article:publisher\" content=\"https:\/\/www.facebook.com\/journal.voxsahel\" \/>\n<meta property=\"article:published_time\" content=\"2025-09-11T19:21:41+00:00\" \/>\n<meta property=\"article:modified_time\" content=\"2025-09-11T19:31:04+00:00\" \/>\n<meta property=\"og:image\" content=\"https:\/\/voxsahel.com\/wp-content\/uploads\/2025\/09\/IMG_7113.jpeg\" \/>\n\t<meta property=\"og:image:width\" content=\"1290\" \/>\n\t<meta property=\"og:image:height\" content=\"839\" \/>\n\t<meta property=\"og:image:type\" content=\"image\/jpeg\" \/>\n<meta name=\"author\" content=\"Vox Sahel\" \/>\n<meta name=\"twitter:card\" content=\"summary_large_image\" \/>\n<meta name=\"twitter:label1\" content=\"\u00c9crit par\" \/>\n\t<meta name=\"twitter:data1\" content=\"Vox Sahel\" \/>\n\t<meta name=\"twitter:label2\" content=\"Dur\u00e9e de lecture estim\u00e9e\" \/>\n\t<meta name=\"twitter:data2\" content=\"5 minutes\" \/>\n<script type=\"application\/ld+json\" class=\"yoast-schema-graph\">{\"@context\":\"https:\\\/\\\/schema.org\",\"@graph\":[{\"@type\":\"Article\",\"@id\":\"https:\\\/\\\/voxsahel.com\\\/?p=2732#article\",\"isPartOf\":{\"@id\":\"https:\\\/\\\/voxsahel.com\\\/?p=2732\"},\"author\":{\"name\":\"Vox Sahel\",\"@id\":\"https:\\\/\\\/voxsahel.com\\\/#\\\/schema\\\/person\\\/b4043608248f8fa227cd760e7ff1e19e\"},\"headline\":\"Burkina Faso : visa gratuit pour les Africains, jours f\u00e9ri\u00e9s \u00e0 67 milliards FCFA\",\"datePublished\":\"2025-09-11T19:21:41+00:00\",\"dateModified\":\"2025-09-11T19:31:04+00:00\",\"mainEntityOfPage\":{\"@id\":\"https:\\\/\\\/voxsahel.com\\\/?p=2732\"},\"wordCount\":811,\"commentCount\":0,\"publisher\":{\"@id\":\"https:\\\/\\\/voxsahel.com\\\/#organization\"},\"image\":{\"@id\":\"https:\\\/\\\/voxsahel.com\\\/?p=2732#primaryimage\"},\"thumbnailUrl\":\"https:\\\/\\\/voxsahel.com\\\/wp-content\\\/uploads\\\/2025\\\/09\\\/IMG_7113.jpeg\",\"articleSection\":[\"POLITIQUE\"],\"inLanguage\":\"fr-FR\",\"potentialAction\":[{\"@type\":\"CommentAction\",\"name\":\"Comment\",\"target\":[\"https:\\\/\\\/voxsahel.com\\\/?p=2732#respond\"]}]},{\"@type\":\"WebPage\",\"@id\":\"https:\\\/\\\/voxsahel.com\\\/?p=2732\",\"url\":\"https:\\\/\\\/voxsahel.com\\\/?p=2732\",\"name\":\"Burkina Faso : visa gratuit pour les Africains, jours f\u00e9ri\u00e9s \u00e0 67 milliards FCFA - Vox Sahel\",\"isPartOf\":{\"@id\":\"https:\\\/\\\/voxsahel.com\\\/#website\"},\"primaryImageOfPage\":{\"@id\":\"https:\\\/\\\/voxsahel.com\\\/?p=2732#primaryimage\"},\"image\":{\"@id\":\"https:\\\/\\\/voxsahel.com\\\/?p=2732#primaryimage\"},\"thumbnailUrl\":\"https:\\\/\\\/voxsahel.com\\\/wp-content\\\/uploads\\\/2025\\\/09\\\/IMG_7113.jpeg\",\"datePublished\":\"2025-09-11T19:21:41+00:00\",\"dateModified\":\"2025-09-11T19:31:04+00:00\",\"breadcrumb\":{\"@id\":\"https:\\\/\\\/voxsahel.com\\\/?p=2732#breadcrumb\"},\"inLanguage\":\"fr-FR\",\"potentialAction\":[{\"@type\":\"ReadAction\",\"target\":[\"https:\\\/\\\/voxsahel.com\\\/?p=2732\"]}]},{\"@type\":\"ImageObject\",\"inLanguage\":\"fr-FR\",\"@id\":\"https:\\\/\\\/voxsahel.com\\\/?p=2732#primaryimage\",\"url\":\"https:\\\/\\\/voxsahel.com\\\/wp-content\\\/uploads\\\/2025\\\/09\\\/IMG_7113.jpeg\",\"contentUrl\":\"https:\\\/\\\/voxsahel.com\\\/wp-content\\\/uploads\\\/2025\\\/09\\\/IMG_7113.jpeg\",\"width\":1290,\"height\":839},{\"@type\":\"BreadcrumbList\",\"@id\":\"https:\\\/\\\/voxsahel.com\\\/?p=2732#breadcrumb\",\"itemListElement\":[{\"@type\":\"ListItem\",\"position\":1,\"name\":\"Home\",\"item\":\"https:\\\/\\\/voxsahel.com\\\/\"},{\"@type\":\"ListItem\",\"position\":2,\"name\":\"Burkina Faso : visa gratuit pour les Africains, jours f\u00e9ri\u00e9s \u00e0 67 milliards FCFA\"}]},{\"@type\":\"WebSite\",\"@id\":\"https:\\\/\\\/voxsahel.com\\\/#website\",\"url\":\"https:\\\/\\\/voxsahel.com\\\/\",\"name\":\"Vox Sahel\",\"description\":\"Informez-vous sur le Sahel en un clic\",\"publisher\":{\"@id\":\"https:\\\/\\\/voxsahel.com\\\/#organization\"},\"potentialAction\":[{\"@type\":\"SearchAction\",\"target\":{\"@type\":\"EntryPoint\",\"urlTemplate\":\"https:\\\/\\\/voxsahel.com\\\/?s={search_term_string}\"},\"query-input\":{\"@type\":\"PropertyValueSpecification\",\"valueRequired\":true,\"valueName\":\"search_term_string\"}}],\"inLanguage\":\"fr-FR\"},{\"@type\":\"Organization\",\"@id\":\"https:\\\/\\\/voxsahel.com\\\/#organization\",\"name\":\"Vox Sahel\",\"url\":\"https:\\\/\\\/voxsahel.com\\\/\",\"logo\":{\"@type\":\"ImageObject\",\"inLanguage\":\"fr-FR\",\"@id\":\"https:\\\/\\\/voxsahel.com\\\/#\\\/schema\\\/logo\\\/image\\\/\",\"url\":\"https:\\\/\\\/voxsahel.com\\\/wp-content\\\/uploads\\\/2024\\\/09\\\/Logo-Vox-Sahel.jpg\",\"contentUrl\":\"https:\\\/\\\/voxsahel.com\\\/wp-content\\\/uploads\\\/2024\\\/09\\\/Logo-Vox-Sahel.jpg\",\"width\":1181,\"height\":848,\"caption\":\"Vox Sahel\"},\"image\":{\"@id\":\"https:\\\/\\\/voxsahel.com\\\/#\\\/schema\\\/logo\\\/image\\\/\"},\"sameAs\":[\"https:\\\/\\\/www.facebook.com\\\/journal.voxsahel\"]},{\"@type\":\"Person\",\"@id\":\"https:\\\/\\\/voxsahel.com\\\/#\\\/schema\\\/person\\\/b4043608248f8fa227cd760e7ff1e19e\",\"name\":\"Vox Sahel\",\"image\":{\"@type\":\"ImageObject\",\"inLanguage\":\"fr-FR\",\"@id\":\"https:\\\/\\\/secure.gravatar.com\\\/avatar\\\/f70e7fa0cb9b29d4a7c5788d6eb2e9ab4d3135cbae1c9161810fdf77a8964699?s=96&d=mm&r=g\",\"url\":\"https:\\\/\\\/secure.gravatar.com\\\/avatar\\\/f70e7fa0cb9b29d4a7c5788d6eb2e9ab4d3135cbae1c9161810fdf77a8964699?s=96&d=mm&r=g\",\"contentUrl\":\"https:\\\/\\\/secure.gravatar.com\\\/avatar\\\/f70e7fa0cb9b29d4a7c5788d6eb2e9ab4d3135cbae1c9161810fdf77a8964699?s=96&d=mm&r=g\",\"caption\":\"Vox Sahel\"},\"sameAs\":[\"http:\\\/\\\/www.voxsahel.com\"],\"url\":\"https:\\\/\\\/voxsahel.com\\\/?author=2\"}]}<\/script>\n<!-- \/ Yoast SEO plugin. -->","yoast_head_json":{"title":"Burkina Faso : visa gratuit pour les Africains, jours f\u00e9ri\u00e9s \u00e0 67 milliards FCFA - Vox Sahel","robots":{"index":"index","follow":"follow","max-snippet":"max-snippet:-1","max-image-preview":"max-image-preview:large","max-video-preview":"max-video-preview:-1"},"canonical":"https:\/\/voxsahel.com\/?p=2732","og_locale":"fr_FR","og_type":"article","og_title":"Burkina Faso : visa gratuit pour les Africains, jours f\u00e9ri\u00e9s \u00e0 67 milliards FCFA - Vox Sahel","og_description":"CONSEILS DES MINISTRES DU 11 SEPTEMBRE 2025 &#8211; Gratuit\u00e9 de visa pour les ressortissants africains","og_url":"https:\/\/voxsahel.com\/?p=2732","og_site_name":"Vox Sahel","article_publisher":"https:\/\/www.facebook.com\/journal.voxsahel","article_published_time":"2025-09-11T19:21:41+00:00","article_modified_time":"2025-09-11T19:31:04+00:00","og_image":[{"width":1290,"height":839,"url":"https:\/\/voxsahel.com\/wp-content\/uploads\/2025\/09\/IMG_7113.jpeg","type":"image\/jpeg"}],"author":"Vox Sahel","twitter_card":"summary_large_image","twitter_misc":{"\u00c9crit par":"Vox Sahel","Dur\u00e9e de lecture estim\u00e9e":"5 minutes"},"schema":{"@context":"https:\/\/schema.org","@graph":[{"@type":"Article","@id":"https:\/\/voxsahel.com\/?p=2732#article","isPartOf":{"@id":"https:\/\/voxsahel.com\/?p=2732"},"author":{"name":"Vox Sahel","@id":"https:\/\/voxsahel.com\/#\/schema\/person\/b4043608248f8fa227cd760e7ff1e19e"},"headline":"Burkina Faso : visa gratuit pour les Africains, jours f\u00e9ri\u00e9s \u00e0 67 milliards FCFA","datePublished":"2025-09-11T19:21:41+00:00","dateModified":"2025-09-11T19:31:04+00:00","mainEntityOfPage":{"@id":"https:\/\/voxsahel.com\/?p=2732"},"wordCount":811,"commentCount":0,"publisher":{"@id":"https:\/\/voxsahel.com\/#organization"},"image":{"@id":"https:\/\/voxsahel.com\/?p=2732#primaryimage"},"thumbnailUrl":"https:\/\/voxsahel.com\/wp-content\/uploads\/2025\/09\/IMG_7113.jpeg","articleSection":["POLITIQUE"],"inLanguage":"fr-FR","potentialAction":[{"@type":"CommentAction","name":"Comment","target":["https:\/\/voxsahel.com\/?p=2732#respond"]}]},{"@type":"WebPage","@id":"https:\/\/voxsahel.com\/?p=2732","url":"https:\/\/voxsahel.com\/?p=2732","name":"Burkina Faso : visa gratuit pour les Africains, jours f\u00e9ri\u00e9s \u00e0 67 milliards FCFA - Vox Sahel","isPartOf":{"@id":"https:\/\/voxsahel.com\/#website"},"primaryImageOfPage":{"@id":"https:\/\/voxsahel.com\/?p=2732#primaryimage"},"image":{"@id":"https:\/\/voxsahel.com\/?p=2732#primaryimage"},"thumbnailUrl":"https:\/\/voxsahel.com\/wp-content\/uploads\/2025\/09\/IMG_7113.jpeg","datePublished":"2025-09-11T19:21:41+00:00","dateModified":"2025-09-11T19:31:04+00:00","breadcrumb":{"@id":"https:\/\/voxsahel.com\/?p=2732#breadcrumb"},"inLanguage":"fr-FR","potentialAction":[{"@type":"ReadAction","target":["https:\/\/voxsahel.com\/?p=2732"]}]},{"@type":"ImageObject","inLanguage":"fr-FR","@id":"https:\/\/voxsahel.com\/?p=2732#primaryimage","url":"https:\/\/voxsahel.com\/wp-content\/uploads\/2025\/09\/IMG_7113.jpeg","contentUrl":"https:\/\/voxsahel.com\/wp-content\/uploads\/2025\/09\/IMG_7113.jpeg","width":1290,"height":839},{"@type":"BreadcrumbList","@id":"https:\/\/voxsahel.com\/?p=2732#breadcrumb","itemListElement":[{"@type":"ListItem","position":1,"name":"Home","item":"https:\/\/voxsahel.com\/"},{"@type":"ListItem","position":2,"name":"Burkina Faso : visa gratuit pour les Africains, jours f\u00e9ri\u00e9s \u00e0 67 milliards FCFA"}]},{"@type":"WebSite","@id":"https:\/\/voxsahel.com\/#website","url":"https:\/\/voxsahel.com\/","name":"Vox Sahel","description":"Informez-vous sur le Sahel en un clic","publisher":{"@id":"https:\/\/voxsahel.com\/#organization"},"potentialAction":[{"@type":"SearchAction","target":{"@type":"EntryPoint","urlTemplate":"https:\/\/voxsahel.com\/?s={search_term_string}"},"query-input":{"@type":"PropertyValueSpecification","valueRequired":true,"valueName":"search_term_string"}}],"inLanguage":"fr-FR"},{"@type":"Organization","@id":"https:\/\/voxsahel.com\/#organization","name":"Vox Sahel","url":"https:\/\/voxsahel.com\/","logo":{"@type":"ImageObject","inLanguage":"fr-FR","@id":"https:\/\/voxsahel.com\/#\/schema\/logo\/image\/","url":"https:\/\/voxsahel.com\/wp-content\/uploads\/2024\/09\/Logo-Vox-Sahel.jpg","contentUrl":"https:\/\/voxsahel.com\/wp-content\/uploads\/2024\/09\/Logo-Vox-Sahel.jpg","width":1181,"height":848,"caption":"Vox Sahel"},"image":{"@id":"https:\/\/voxsahel.com\/#\/schema\/logo\/image\/"},"sameAs":["https:\/\/www.facebook.com\/journal.voxsahel"]},{"@type":"Person","@id":"https:\/\/voxsahel.com\/#\/schema\/person\/b4043608248f8fa227cd760e7ff1e19e","name":"Vox Sahel","image":{"@type":"ImageObject","inLanguage":"fr-FR","@id":"https:\/\/secure.gravatar.com\/avatar\/f70e7fa0cb9b29d4a7c5788d6eb2e9ab4d3135cbae1c9161810fdf77a8964699?s=96&d=mm&r=g","url":"https:\/\/secure.gravatar.com\/avatar\/f70e7fa0cb9b29d4a7c5788d6eb2e9ab4d3135cbae1c9161810fdf77a8964699?s=96&d=mm&r=g","contentUrl":"https:\/\/secure.gravatar.com\/avatar\/f70e7fa0cb9b29d4a7c5788d6eb2e9ab4d3135cbae1c9161810fdf77a8964699?s=96&d=mm&r=g","caption":"Vox Sahel"},"sameAs":["http:\/\/www.voxsahel.com"],"url":"https:\/\/voxsahel.com\/?author=2"}]}},"_links":{"self":[{"href":"https:\/\/voxsahel.com\/index.php?rest_route=\/wp\/v2\/posts\/2732","targetHints":{"allow":["GET"]}}],"collection":[{"href":"https:\/\/voxsahel.com\/index.php?rest_route=\/wp\/v2\/posts"}],"about":[{"href":"https:\/\/voxsahel.com\/index.php?rest_route=\/wp\/v2\/types\/post"}],"author":[{"embeddable":true,"href":"https:\/\/voxsahel.com\/index.php?rest_route=\/wp\/v2\/users\/2"}],"replies":[{"embeddable":true,"href":"https:\/\/voxsahel.com\/index.php?rest_route=%2Fwp%2Fv2%2Fcomments&post=2732"}],"version-history":[{"count":3,"href":"https:\/\/voxsahel.com\/index.php?rest_route=\/wp\/v2\/posts\/2732\/revisions"}],"predecessor-version":[{"id":2739,"href":"https:\/\/voxsahel.com\/index.php?rest_route=\/wp\/v2\/posts\/2732\/revisions\/2739"}],"wp:featuredmedia":[{"embeddable":true,"href":"https:\/\/voxsahel.com\/index.php?rest_route=\/wp\/v2\/media\/2734"}],"wp:attachment":[{"href":"https:\/\/voxsahel.com\/index.php?rest_route=%2Fwp%2Fv2%2Fmedia&parent=2732"}],"wp:term":[{"taxonomy":"category","embeddable":true,"href":"https:\/\/voxsahel.com\/index.php?rest_route=%2Fwp%2Fv2%2Fcategories&post=2732"},{"taxonomy":"post_tag","embeddable":true,"href":"https:\/\/voxsahel.com\/index.php?rest_route=%2Fwp%2Fv2%2Ftags&post=2732"}],"curies":[{"name":"wp","href":"https:\/\/api.w.org\/{rel}","templated":true}]}}