{"id":2722,"date":"2025-09-10T15:21:52","date_gmt":"2025-09-10T15:21:52","guid":{"rendered":"https:\/\/voxsahel.com\/?p=2722"},"modified":"2025-09-10T15:22:32","modified_gmt":"2025-09-10T15:22:32","slug":"france-journee-de-chaos-et-de-mobilisation-sous-le-mot-dordre-bloquons-tout","status":"publish","type":"post","link":"https:\/\/voxsahel.com\/?p=2722","title":{"rendered":"France : journ\u00e9e de chaos et de mobilisation sous le mot d\u2019ordre \u00ab Bloquons tout \u00bb"},"content":{"rendered":"<p class=\"p1\"><span class=\"s3\">La France traverse une journ\u00e9e de tension extr\u00eame, marqu\u00e9e par des gr\u00e8ves, des blocages et de violentes manifestations dans le cadre du mouvement baptis\u00e9 <\/span><span class=\"s2\">\u00ab Bloquons tout \u00bb<\/span><span class=\"s3\">. Cette mobilisation survient au lendemain de la d\u00e9mission du Premier ministre Fran\u00e7ois Bayrou, remplac\u00e9 par S\u00e9bastien Lecornu, dans un climat politique d\u00e9j\u00e0 instable.<\/span><\/p>\n<p class=\"p1\"><strong><span class=\"s1\">Une mobilisation massive et tendue<\/span><\/strong><\/p>\n<p class=\"p3\"><span class=\"s3\">D\u00e8s les premi\u00e8res heures de la matin\u00e9e, plusieurs axes strat\u00e9giques ont \u00e9t\u00e9 bloqu\u00e9s, notamment le Boulevard p\u00e9riph\u00e9rique parisien. La Pr\u00e9fecture de police a recens\u00e9, vers 8 h 30 (6 h 30 TU), <\/span><span class=\"s2\">75 interpellations<\/span><span class=\"s3\"> en lien avec ces actions. Au total, le minist\u00e8re de l\u2019Int\u00e9rieur fait \u00e9tat d\u2019<\/span><span class=\"s2\">une centaine d\u2019arrestations sur l\u2019ensemble du territoire<\/span><span class=\"s3\">, dont la grande majorit\u00e9 \u00e0 Paris.<\/span><\/p>\n<p class=\"p3\"><span class=\"s3\">Face \u00e0 cette situation explosive, <\/span><span class=\"s2\">80 000 policiers et gendarmes<\/span><span class=\"s3\"> ont \u00e9t\u00e9 d\u00e9ploy\u00e9s \u00e0 travers le pays, dont 6 000 dans la capitale. Les pompiers de Paris ont d\u00fb intervenir pour \u00e9teindre des feux de barricades aux portes de Bagnolet et de Montreuil.<\/span><\/p>\n<p class=\"p3\"><span class=\"s3\">Les services de s\u00e9curit\u00e9 estiment que <\/span><span class=\"s2\">100 000 participants<\/span><span class=\"s3\"> sont attendus dans toute la France au cours de la journ\u00e9e, entre manifestations, blocages et actions de sabotage.<\/span><\/p>\n<p class=\"p1\"><strong><span class=\"s1\">Violences et affrontements<\/span><\/strong><\/p>\n<p class=\"p3\"><span class=\"s3\">\u00c0 Paris, de violents heurts ont \u00e9clat\u00e9 devant le lyc\u00e9e H\u00e9l\u00e8ne-Boucher, o\u00f9 des lyc\u00e9ens ont affront\u00e9 les forces de l\u2019ordre lors d\u2019un blocus. Dans l\u2019Ouest, \u00e0 Nantes, plusieurs poubelles ont \u00e9t\u00e9 incendi\u00e9es devant l\u2019entr\u00e9e du centre hospitalier universitaire (CHU). Apr\u00e8s sommations, les forces de l\u2019ordre ont dispers\u00e9 les manifestants afin de s\u00e9curiser l\u2019\u00e9tablissement et permettre l\u2019intervention des pompiers.<\/span><\/p>\n<p class=\"p3\"><span class=\"s3\">Selon un dernier bilan communiqu\u00e9 par la pr\u00e9fecture de police de Paris \u00e0 17 heures, <\/span><span class=\"s2\">203 personnes avaient \u00e9t\u00e9 interpell\u00e9es en r\u00e9gion parisienne<\/span><span class=\"s3\">.<\/span><\/p>\n<p class=\"p1\"><strong><span class=\"s1\">Une contestation dirig\u00e9e contre Emmanuel Macron<\/span><\/strong><\/p>\n<p class=\"p3\"><span class=\"s3\">Au c\u0153ur de la col\u00e8re, une exigence : la <\/span><span class=\"s2\">d\u00e9mission du pr\u00e9sident Emmanuel Macron<\/span><span class=\"s3\">. Les manifestants l\u2019accusent d\u2019avoir plong\u00e9 la France dans une <\/span><span class=\"s2\">crise \u00e9conomique, politique et diplomatique<\/span><span class=\"s3\"> sans pr\u00e9c\u00e9dent. Les interpellations massives men\u00e9es ces derniers jours \u2013 plus de 250 selon les chiffres du gouvernement \u2013 alimentent davantage la d\u00e9fiance et la radicalisation d\u2019une partie des protestataires.<\/span><\/p>\n<p class=\"p1\"><strong><span class=\"s1\">Une impasse politique inqui\u00e9tante<\/span><\/strong><\/p>\n<p class=\"p3\"><span class=\"s3\">Le ministre de l\u2019Int\u00e9rieur d\u00e9missionnaire, <\/span><span class=\"s2\">Bruno Retailleau<\/span><span class=\"s3\">, avait promis une politique de \u00ab tol\u00e9rance z\u00e9ro \u00bb face aux d\u00e9bordements. Il avait confirm\u00e9 le d\u00e9ploiement massif de <\/span><span class=\"s2\">80 000 membres des forces de l\u2019ordre<\/span><span class=\"s3\"> et assur\u00e9 qu\u2019\u00ab aucune violence ne serait tol\u00e9r\u00e9e \u00bb. Mais la r\u00e9pression nourrit d\u00e9j\u00e0 un sentiment d\u2019<\/span><span class=\"s2\">affrontement in\u00e9vitable<\/span><span class=\"s3\"> entre un pouvoir contest\u00e9 et un peuple d\u00e9termin\u00e9 \u00e0 faire entendre sa col\u00e8re.<\/span><\/p>\n<p class=\"p3\"><span class=\"s3\">En ce 10 septembre, la France s\u2019enfonce un peu plus dans une <\/span><span class=\"s2\">impasse explosive<\/span><span class=\"s3\">, o\u00f9 l\u2019\u00e9quilibre entre maintien de l\u2019ordre et expression d\u00e9mocratique semble vaciller.<\/span><\/p>\n","protected":false},"excerpt":{"rendered":"<p>La France traverse une journ\u00e9e de tension extr\u00eame, marqu\u00e9e par des gr\u00e8ves, des blocages et<\/p>\n","protected":false},"author":2,"featured_media":2724,"comment_status":"open","ping_status":"open","sticky":false,"template":"","format":"standard","meta":{"_et_pb_use_builder":"","_et_pb_old_content":"","_et_gb_content_width":"","footnotes":""},"categories":[15],"tags":[550,278],"class_list":["post-2722","post","type-post","status-publish","format-standard","has-post-thumbnail","hentry","category-international","tag-emmanuel-macron","tag-france"],"yoast_head":"<!-- This site is optimized with the Yoast SEO plugin v27.5 - https:\/\/yoast.com\/product\/yoast-seo-wordpress\/ -->\n<title>France : journ\u00e9e de chaos et de mobilisation sous le mot d\u2019ordre \u00ab Bloquons tout \u00bb - Vox Sahel<\/title>\n<meta name=\"robots\" content=\"index, follow, max-snippet:-1, max-image-preview:large, max-video-preview:-1\" \/>\n<link rel=\"canonical\" href=\"https:\/\/voxsahel.com\/?p=2722\" \/>\n<meta property=\"og:locale\" content=\"fr_FR\" \/>\n<meta property=\"og:type\" content=\"article\" \/>\n<meta property=\"og:title\" content=\"France : journ\u00e9e de chaos et de mobilisation sous le mot d\u2019ordre \u00ab Bloquons tout \u00bb - Vox Sahel\" \/>\n<meta property=\"og:description\" content=\"La France traverse une journ\u00e9e de tension extr\u00eame, marqu\u00e9e par des gr\u00e8ves, des blocages et\" \/>\n<meta property=\"og:url\" content=\"https:\/\/voxsahel.com\/?p=2722\" \/>\n<meta property=\"og:site_name\" content=\"Vox Sahel\" \/>\n<meta property=\"article:publisher\" content=\"https:\/\/www.facebook.com\/journal.voxsahel\" \/>\n<meta property=\"article:published_time\" content=\"2025-09-10T15:21:52+00:00\" \/>\n<meta property=\"article:modified_time\" content=\"2025-09-10T15:22:32+00:00\" \/>\n<meta property=\"og:image\" content=\"https:\/\/voxsahel.com\/wp-content\/uploads\/2025\/09\/IMG_6928.jpeg\" \/>\n\t<meta property=\"og:image:width\" content=\"720\" \/>\n\t<meta property=\"og:image:height\" content=\"611\" \/>\n\t<meta property=\"og:image:type\" content=\"image\/jpeg\" \/>\n<meta name=\"author\" content=\"Vox Sahel\" \/>\n<meta name=\"twitter:card\" content=\"summary_large_image\" \/>\n<meta name=\"twitter:label1\" content=\"\u00c9crit par\" \/>\n\t<meta name=\"twitter:data1\" content=\"Vox Sahel\" \/>\n\t<meta name=\"twitter:label2\" content=\"Dur\u00e9e de lecture estim\u00e9e\" \/>\n\t<meta name=\"twitter:data2\" content=\"3 minutes\" \/>\n<script type=\"application\/ld+json\" class=\"yoast-schema-graph\">{\"@context\":\"https:\\\/\\\/schema.org\",\"@graph\":[{\"@type\":\"Article\",\"@id\":\"https:\\\/\\\/voxsahel.com\\\/?p=2722#article\",\"isPartOf\":{\"@id\":\"https:\\\/\\\/voxsahel.com\\\/?p=2722\"},\"author\":{\"name\":\"Vox Sahel\",\"@id\":\"https:\\\/\\\/voxsahel.com\\\/#\\\/schema\\\/person\\\/b4043608248f8fa227cd760e7ff1e19e\"},\"headline\":\"France : journ\u00e9e de chaos et de mobilisation sous le mot d\u2019ordre \u00ab Bloquons tout \u00bb\",\"datePublished\":\"2025-09-10T15:21:52+00:00\",\"dateModified\":\"2025-09-10T15:22:32+00:00\",\"mainEntityOfPage\":{\"@id\":\"https:\\\/\\\/voxsahel.com\\\/?p=2722\"},\"wordCount\":487,\"commentCount\":0,\"publisher\":{\"@id\":\"https:\\\/\\\/voxsahel.com\\\/#organization\"},\"image\":{\"@id\":\"https:\\\/\\\/voxsahel.com\\\/?p=2722#primaryimage\"},\"thumbnailUrl\":\"https:\\\/\\\/voxsahel.com\\\/wp-content\\\/uploads\\\/2025\\\/09\\\/IMG_6928.jpeg\",\"keywords\":[\"Emmanuel Macron\",\"France\"],\"articleSection\":[\"INTERNATIONAL\"],\"inLanguage\":\"fr-FR\",\"potentialAction\":[{\"@type\":\"CommentAction\",\"name\":\"Comment\",\"target\":[\"https:\\\/\\\/voxsahel.com\\\/?p=2722#respond\"]}]},{\"@type\":\"WebPage\",\"@id\":\"https:\\\/\\\/voxsahel.com\\\/?p=2722\",\"url\":\"https:\\\/\\\/voxsahel.com\\\/?p=2722\",\"name\":\"France : journ\u00e9e de chaos et de mobilisation sous le mot d\u2019ordre \u00ab Bloquons tout \u00bb - Vox Sahel\",\"isPartOf\":{\"@id\":\"https:\\\/\\\/voxsahel.com\\\/#website\"},\"primaryImageOfPage\":{\"@id\":\"https:\\\/\\\/voxsahel.com\\\/?p=2722#primaryimage\"},\"image\":{\"@id\":\"https:\\\/\\\/voxsahel.com\\\/?p=2722#primaryimage\"},\"thumbnailUrl\":\"https:\\\/\\\/voxsahel.com\\\/wp-content\\\/uploads\\\/2025\\\/09\\\/IMG_6928.jpeg\",\"datePublished\":\"2025-09-10T15:21:52+00:00\",\"dateModified\":\"2025-09-10T15:22:32+00:00\",\"breadcrumb\":{\"@id\":\"https:\\\/\\\/voxsahel.com\\\/?p=2722#breadcrumb\"},\"inLanguage\":\"fr-FR\",\"potentialAction\":[{\"@type\":\"ReadAction\",\"target\":[\"https:\\\/\\\/voxsahel.com\\\/?p=2722\"]}]},{\"@type\":\"ImageObject\",\"inLanguage\":\"fr-FR\",\"@id\":\"https:\\\/\\\/voxsahel.com\\\/?p=2722#primaryimage\",\"url\":\"https:\\\/\\\/voxsahel.com\\\/wp-content\\\/uploads\\\/2025\\\/09\\\/IMG_6928.jpeg\",\"contentUrl\":\"https:\\\/\\\/voxsahel.com\\\/wp-content\\\/uploads\\\/2025\\\/09\\\/IMG_6928.jpeg\",\"width\":720,\"height\":611},{\"@type\":\"BreadcrumbList\",\"@id\":\"https:\\\/\\\/voxsahel.com\\\/?p=2722#breadcrumb\",\"itemListElement\":[{\"@type\":\"ListItem\",\"position\":1,\"name\":\"Home\",\"item\":\"https:\\\/\\\/voxsahel.com\\\/\"},{\"@type\":\"ListItem\",\"position\":2,\"name\":\"France : journ\u00e9e de chaos et de mobilisation sous le mot d\u2019ordre \u00ab Bloquons tout \u00bb\"}]},{\"@type\":\"WebSite\",\"@id\":\"https:\\\/\\\/voxsahel.com\\\/#website\",\"url\":\"https:\\\/\\\/voxsahel.com\\\/\",\"name\":\"Vox Sahel\",\"description\":\"Informez-vous sur le Sahel en un clic\",\"publisher\":{\"@id\":\"https:\\\/\\\/voxsahel.com\\\/#organization\"},\"potentialAction\":[{\"@type\":\"SearchAction\",\"target\":{\"@type\":\"EntryPoint\",\"urlTemplate\":\"https:\\\/\\\/voxsahel.com\\\/?s={search_term_string}\"},\"query-input\":{\"@type\":\"PropertyValueSpecification\",\"valueRequired\":true,\"valueName\":\"search_term_string\"}}],\"inLanguage\":\"fr-FR\"},{\"@type\":\"Organization\",\"@id\":\"https:\\\/\\\/voxsahel.com\\\/#organization\",\"name\":\"Vox Sahel\",\"url\":\"https:\\\/\\\/voxsahel.com\\\/\",\"logo\":{\"@type\":\"ImageObject\",\"inLanguage\":\"fr-FR\",\"@id\":\"https:\\\/\\\/voxsahel.com\\\/#\\\/schema\\\/logo\\\/image\\\/\",\"url\":\"https:\\\/\\\/voxsahel.com\\\/wp-content\\\/uploads\\\/2024\\\/09\\\/Logo-Vox-Sahel.jpg\",\"contentUrl\":\"https:\\\/\\\/voxsahel.com\\\/wp-content\\\/uploads\\\/2024\\\/09\\\/Logo-Vox-Sahel.jpg\",\"width\":1181,\"height\":848,\"caption\":\"Vox Sahel\"},\"image\":{\"@id\":\"https:\\\/\\\/voxsahel.com\\\/#\\\/schema\\\/logo\\\/image\\\/\"},\"sameAs\":[\"https:\\\/\\\/www.facebook.com\\\/journal.voxsahel\"]},{\"@type\":\"Person\",\"@id\":\"https:\\\/\\\/voxsahel.com\\\/#\\\/schema\\\/person\\\/b4043608248f8fa227cd760e7ff1e19e\",\"name\":\"Vox Sahel\",\"image\":{\"@type\":\"ImageObject\",\"inLanguage\":\"fr-FR\",\"@id\":\"https:\\\/\\\/secure.gravatar.com\\\/avatar\\\/f70e7fa0cb9b29d4a7c5788d6eb2e9ab4d3135cbae1c9161810fdf77a8964699?s=96&d=mm&r=g\",\"url\":\"https:\\\/\\\/secure.gravatar.com\\\/avatar\\\/f70e7fa0cb9b29d4a7c5788d6eb2e9ab4d3135cbae1c9161810fdf77a8964699?s=96&d=mm&r=g\",\"contentUrl\":\"https:\\\/\\\/secure.gravatar.com\\\/avatar\\\/f70e7fa0cb9b29d4a7c5788d6eb2e9ab4d3135cbae1c9161810fdf77a8964699?s=96&d=mm&r=g\",\"caption\":\"Vox Sahel\"},\"sameAs\":[\"http:\\\/\\\/www.voxsahel.com\"],\"url\":\"https:\\\/\\\/voxsahel.com\\\/?author=2\"}]}<\/script>\n<!-- \/ Yoast SEO plugin. -->","yoast_head_json":{"title":"France : journ\u00e9e de chaos et de mobilisation sous le mot d\u2019ordre \u00ab Bloquons tout \u00bb - Vox Sahel","robots":{"index":"index","follow":"follow","max-snippet":"max-snippet:-1","max-image-preview":"max-image-preview:large","max-video-preview":"max-video-preview:-1"},"canonical":"https:\/\/voxsahel.com\/?p=2722","og_locale":"fr_FR","og_type":"article","og_title":"France : journ\u00e9e de chaos et de mobilisation sous le mot d\u2019ordre \u00ab Bloquons tout \u00bb - Vox Sahel","og_description":"La France traverse une journ\u00e9e de tension extr\u00eame, marqu\u00e9e par des gr\u00e8ves, des blocages et","og_url":"https:\/\/voxsahel.com\/?p=2722","og_site_name":"Vox Sahel","article_publisher":"https:\/\/www.facebook.com\/journal.voxsahel","article_published_time":"2025-09-10T15:21:52+00:00","article_modified_time":"2025-09-10T15:22:32+00:00","og_image":[{"width":720,"height":611,"url":"https:\/\/voxsahel.com\/wp-content\/uploads\/2025\/09\/IMG_6928.jpeg","type":"image\/jpeg"}],"author":"Vox Sahel","twitter_card":"summary_large_image","twitter_misc":{"\u00c9crit par":"Vox Sahel","Dur\u00e9e de lecture estim\u00e9e":"3 minutes"},"schema":{"@context":"https:\/\/schema.org","@graph":[{"@type":"Article","@id":"https:\/\/voxsahel.com\/?p=2722#article","isPartOf":{"@id":"https:\/\/voxsahel.com\/?p=2722"},"author":{"name":"Vox Sahel","@id":"https:\/\/voxsahel.com\/#\/schema\/person\/b4043608248f8fa227cd760e7ff1e19e"},"headline":"France : journ\u00e9e de chaos et de mobilisation sous le mot d\u2019ordre \u00ab Bloquons tout \u00bb","datePublished":"2025-09-10T15:21:52+00:00","dateModified":"2025-09-10T15:22:32+00:00","mainEntityOfPage":{"@id":"https:\/\/voxsahel.com\/?p=2722"},"wordCount":487,"commentCount":0,"publisher":{"@id":"https:\/\/voxsahel.com\/#organization"},"image":{"@id":"https:\/\/voxsahel.com\/?p=2722#primaryimage"},"thumbnailUrl":"https:\/\/voxsahel.com\/wp-content\/uploads\/2025\/09\/IMG_6928.jpeg","keywords":["Emmanuel Macron","France"],"articleSection":["INTERNATIONAL"],"inLanguage":"fr-FR","potentialAction":[{"@type":"CommentAction","name":"Comment","target":["https:\/\/voxsahel.com\/?p=2722#respond"]}]},{"@type":"WebPage","@id":"https:\/\/voxsahel.com\/?p=2722","url":"https:\/\/voxsahel.com\/?p=2722","name":"France : journ\u00e9e de chaos et de mobilisation sous le mot d\u2019ordre \u00ab Bloquons tout \u00bb - Vox Sahel","isPartOf":{"@id":"https:\/\/voxsahel.com\/#website"},"primaryImageOfPage":{"@id":"https:\/\/voxsahel.com\/?p=2722#primaryimage"},"image":{"@id":"https:\/\/voxsahel.com\/?p=2722#primaryimage"},"thumbnailUrl":"https:\/\/voxsahel.com\/wp-content\/uploads\/2025\/09\/IMG_6928.jpeg","datePublished":"2025-09-10T15:21:52+00:00","dateModified":"2025-09-10T15:22:32+00:00","breadcrumb":{"@id":"https:\/\/voxsahel.com\/?p=2722#breadcrumb"},"inLanguage":"fr-FR","potentialAction":[{"@type":"ReadAction","target":["https:\/\/voxsahel.com\/?p=2722"]}]},{"@type":"ImageObject","inLanguage":"fr-FR","@id":"https:\/\/voxsahel.com\/?p=2722#primaryimage","url":"https:\/\/voxsahel.com\/wp-content\/uploads\/2025\/09\/IMG_6928.jpeg","contentUrl":"https:\/\/voxsahel.com\/wp-content\/uploads\/2025\/09\/IMG_6928.jpeg","width":720,"height":611},{"@type":"BreadcrumbList","@id":"https:\/\/voxsahel.com\/?p=2722#breadcrumb","itemListElement":[{"@type":"ListItem","position":1,"name":"Home","item":"https:\/\/voxsahel.com\/"},{"@type":"ListItem","position":2,"name":"France : journ\u00e9e de chaos et de mobilisation sous le mot d\u2019ordre \u00ab Bloquons tout \u00bb"}]},{"@type":"WebSite","@id":"https:\/\/voxsahel.com\/#website","url":"https:\/\/voxsahel.com\/","name":"Vox Sahel","description":"Informez-vous sur le Sahel en un clic","publisher":{"@id":"https:\/\/voxsahel.com\/#organization"},"potentialAction":[{"@type":"SearchAction","target":{"@type":"EntryPoint","urlTemplate":"https:\/\/voxsahel.com\/?s={search_term_string}"},"query-input":{"@type":"PropertyValueSpecification","valueRequired":true,"valueName":"search_term_string"}}],"inLanguage":"fr-FR"},{"@type":"Organization","@id":"https:\/\/voxsahel.com\/#organization","name":"Vox Sahel","url":"https:\/\/voxsahel.com\/","logo":{"@type":"ImageObject","inLanguage":"fr-FR","@id":"https:\/\/voxsahel.com\/#\/schema\/logo\/image\/","url":"https:\/\/voxsahel.com\/wp-content\/uploads\/2024\/09\/Logo-Vox-Sahel.jpg","contentUrl":"https:\/\/voxsahel.com\/wp-content\/uploads\/2024\/09\/Logo-Vox-Sahel.jpg","width":1181,"height":848,"caption":"Vox Sahel"},"image":{"@id":"https:\/\/voxsahel.com\/#\/schema\/logo\/image\/"},"sameAs":["https:\/\/www.facebook.com\/journal.voxsahel"]},{"@type":"Person","@id":"https:\/\/voxsahel.com\/#\/schema\/person\/b4043608248f8fa227cd760e7ff1e19e","name":"Vox Sahel","image":{"@type":"ImageObject","inLanguage":"fr-FR","@id":"https:\/\/secure.gravatar.com\/avatar\/f70e7fa0cb9b29d4a7c5788d6eb2e9ab4d3135cbae1c9161810fdf77a8964699?s=96&d=mm&r=g","url":"https:\/\/secure.gravatar.com\/avatar\/f70e7fa0cb9b29d4a7c5788d6eb2e9ab4d3135cbae1c9161810fdf77a8964699?s=96&d=mm&r=g","contentUrl":"https:\/\/secure.gravatar.com\/avatar\/f70e7fa0cb9b29d4a7c5788d6eb2e9ab4d3135cbae1c9161810fdf77a8964699?s=96&d=mm&r=g","caption":"Vox Sahel"},"sameAs":["http:\/\/www.voxsahel.com"],"url":"https:\/\/voxsahel.com\/?author=2"}]}},"_links":{"self":[{"href":"https:\/\/voxsahel.com\/index.php?rest_route=\/wp\/v2\/posts\/2722","targetHints":{"allow":["GET"]}}],"collection":[{"href":"https:\/\/voxsahel.com\/index.php?rest_route=\/wp\/v2\/posts"}],"about":[{"href":"https:\/\/voxsahel.com\/index.php?rest_route=\/wp\/v2\/types\/post"}],"author":[{"embeddable":true,"href":"https:\/\/voxsahel.com\/index.php?rest_route=\/wp\/v2\/users\/2"}],"replies":[{"embeddable":true,"href":"https:\/\/voxsahel.com\/index.php?rest_route=%2Fwp%2Fv2%2Fcomments&post=2722"}],"version-history":[{"count":1,"href":"https:\/\/voxsahel.com\/index.php?rest_route=\/wp\/v2\/posts\/2722\/revisions"}],"predecessor-version":[{"id":2723,"href":"https:\/\/voxsahel.com\/index.php?rest_route=\/wp\/v2\/posts\/2722\/revisions\/2723"}],"wp:featuredmedia":[{"embeddable":true,"href":"https:\/\/voxsahel.com\/index.php?rest_route=\/wp\/v2\/media\/2724"}],"wp:attachment":[{"href":"https:\/\/voxsahel.com\/index.php?rest_route=%2Fwp%2Fv2%2Fmedia&parent=2722"}],"wp:term":[{"taxonomy":"category","embeddable":true,"href":"https:\/\/voxsahel.com\/index.php?rest_route=%2Fwp%2Fv2%2Fcategories&post=2722"},{"taxonomy":"post_tag","embeddable":true,"href":"https:\/\/voxsahel.com\/index.php?rest_route=%2Fwp%2Fv2%2Ftags&post=2722"}],"curies":[{"name":"wp","href":"https:\/\/api.w.org\/{rel}","templated":true}]}}