{"id":2711,"date":"2025-09-09T20:20:23","date_gmt":"2025-09-09T20:20:23","guid":{"rendered":"https:\/\/voxsahel.com\/?p=2711"},"modified":"2025-09-09T20:20:23","modified_gmt":"2025-09-09T20:20:23","slug":"80e-anniversaire-de-la-defaite-du-japon-lambassade-de-chine-au-burkina-commemore-la-victoire-antifasciste","status":"publish","type":"post","link":"https:\/\/voxsahel.com\/?p=2711","title":{"rendered":"80e anniversaire de la d\u00e9faite du Japon : L&rsquo;ambassade de Chine au Burkina comm\u00e9more la victoire antifasciste"},"content":{"rendered":"<p class=\"p1\"><strong><span class=\"s1\">L\u2019Ambassade de la R\u00e9publique populaire de Chine au Burkina Faso a marqu\u00e9 le 80e anniversaire de la d\u00e9faite du Japon et de la fin de la Seconde Guerre mondiale par une c\u00e9r\u00e9monie riche en symboles. Une exposition de photos historiques et la projection d\u2019un film retra\u00e7ant la grande parade militaire organis\u00e9e le 3 septembre \u00e0 Beijing ont constitu\u00e9 les temps forts de la comm\u00e9moration.<\/span><\/strong><\/p>\n<figure id=\"attachment_2712\" aria-describedby=\"caption-attachment-2712\" style=\"width: 640px\" class=\"wp-caption aligncenter\"><img loading=\"lazy\" decoding=\"async\" class=\"size-large wp-image-2712\" src=\"https:\/\/voxsahel.com\/wp-content\/uploads\/2025\/09\/e1de9f39-ba26-4a02-a3c9-3cd6c4759078-1024x768.jpeg\" alt=\"Zhao Deyong, ambassadeur de Chine au Burkina Faso, rappelle l\u2019excellence des relations entre les deux pays\" width=\"640\" height=\"480\" srcset=\"https:\/\/voxsahel.com\/wp-content\/uploads\/2025\/09\/e1de9f39-ba26-4a02-a3c9-3cd6c4759078-1024x768.jpeg 1024w, https:\/\/voxsahel.com\/wp-content\/uploads\/2025\/09\/e1de9f39-ba26-4a02-a3c9-3cd6c4759078-300x225.jpeg 300w, https:\/\/voxsahel.com\/wp-content\/uploads\/2025\/09\/e1de9f39-ba26-4a02-a3c9-3cd6c4759078-768x576.jpeg 768w, https:\/\/voxsahel.com\/wp-content\/uploads\/2025\/09\/e1de9f39-ba26-4a02-a3c9-3cd6c4759078-1536x1152.jpeg 1536w, https:\/\/voxsahel.com\/wp-content\/uploads\/2025\/09\/e1de9f39-ba26-4a02-a3c9-3cd6c4759078-2048x1536.jpeg 2048w, https:\/\/voxsahel.com\/wp-content\/uploads\/2025\/09\/e1de9f39-ba26-4a02-a3c9-3cd6c4759078-510x382.jpeg 510w, https:\/\/voxsahel.com\/wp-content\/uploads\/2025\/09\/e1de9f39-ba26-4a02-a3c9-3cd6c4759078-1080x810.jpeg 1080w, https:\/\/voxsahel.com\/wp-content\/uploads\/2025\/09\/e1de9f39-ba26-4a02-a3c9-3cd6c4759078-610x458.jpeg 610w, https:\/\/voxsahel.com\/wp-content\/uploads\/2025\/09\/e1de9f39-ba26-4a02-a3c9-3cd6c4759078-720x540.jpeg 720w\" sizes=\"(max-width: 640px) 100vw, 640px\" \/><figcaption id=\"caption-attachment-2712\" class=\"wp-caption-text\"><strong>Zhao Deyong, ambassadeur de Chine au Burkina Faso, rappelle l\u2019excellence des relations entre les deux pays<\/strong><\/figcaption><\/figure>\n<p class=\"p1\"><span class=\"s1\"><br \/>\n<\/span>Dans son allocution, l\u2019ambassadeur de Chine au Burkina Faso, Zhao Deyong, a plac\u00e9 la m\u00e9moire et la paix au centre de l\u2019\u00e9v\u00e9nement. \u00ab Cette victoire est celle du bien sur le mal \u00bb, a-t-il d\u00e9clar\u00e9, rappelant que \u00ab se souvenir de l&rsquo;histoire, c&rsquo;est ch\u00e9rir la paix \u00bb.<\/p>\n<p class=\"p1\"><span class=\"s1\">Pour le diplomate, la Seconde Guerre mondiale fut \u00ab une catastrophe sans pr\u00e9c\u00e9dent dans l\u2019histoire de l\u2019humanit\u00e9 \u00bb, dont les peuples d\u2019Asie et d\u2019Afrique ont durement subi les cons\u00e9quences. Il a rappel\u00e9 qu\u2019\u00ab avec 14 ann\u00e9es de r\u00e9sistance acharn\u00e9e, le peuple chinois a remport\u00e9 la grande victoire de la guerre de r\u00e9sistance contre l&rsquo;agression japonaise, apportant une contribution indispensable \u00e0 la victoire de la guerre mondiale antifasciste \u00bb. Il a pr\u00e9cis\u00e9 que la comm\u00e9moration \u00ab n\u2019est pas pour perp\u00e9tuer la haine, mais pour \u00e9veiller l\u2019aspiration et la fid\u00e9lit\u00e9 \u00e0 la paix des gens de bonne volont\u00e9 \u00bb.<\/span><\/p>\n<p class=\"p1\"><span class=\"s1\">Abordant les acquis de l\u2019apr\u00e8s-guerre, Zhao Deyong a mis en avant le r\u00f4le central des Nations Unies, dont on c\u00e9l\u00e8bre \u00e9galement le 80e anniversaire cette ann\u00e9e. \u00c9voquant la question de Ta\u00efwan, il a affirm\u00e9 que \u00ab le retour de Ta\u00efwan constitue l&rsquo;un des acquis majeurs de la victoire remport\u00e9e lors de la Seconde Guerre mondiale et de l&rsquo;ordre international \u00e9tabli apr\u00e8s-guerre \u00bb.<\/span><\/p>\n<figure id=\"attachment_2714\" aria-describedby=\"caption-attachment-2714\" style=\"width: 1020px\" class=\"wp-caption aligncenter\"><img loading=\"lazy\" decoding=\"async\" class=\"size-full wp-image-2714\" src=\"https:\/\/voxsahel.com\/wp-content\/uploads\/2025\/09\/503c0aa7-7604-4d13-89bb-9b144196f4b8.jpeg\" alt=\"Des invit\u00e9s d\u00e9couvrant les photos de l\u2019arm\u00e9e chinoise face \u00e0 l\u2019arm\u00e9e japonaise\" width=\"1020\" height=\"768\" srcset=\"https:\/\/voxsahel.com\/wp-content\/uploads\/2025\/09\/503c0aa7-7604-4d13-89bb-9b144196f4b8.jpeg 1020w, https:\/\/voxsahel.com\/wp-content\/uploads\/2025\/09\/503c0aa7-7604-4d13-89bb-9b144196f4b8-300x226.jpeg 300w, https:\/\/voxsahel.com\/wp-content\/uploads\/2025\/09\/503c0aa7-7604-4d13-89bb-9b144196f4b8-768x578.jpeg 768w, https:\/\/voxsahel.com\/wp-content\/uploads\/2025\/09\/503c0aa7-7604-4d13-89bb-9b144196f4b8-610x459.jpeg 610w\" sizes=\"(max-width: 1020px) 100vw, 1020px\" \/><figcaption id=\"caption-attachment-2714\" class=\"wp-caption-text\">Des invit\u00e9s d\u00e9couvrant les photos de l\u2019arm\u00e9e chinoise face \u00e0 l\u2019arm\u00e9e japonaise<\/figcaption><\/figure>\n<p class=\"p1\"><span class=\"s1\">Il a rappel\u00e9 la r\u00e9solution 2758 de 1971, adopt\u00e9e par l\u2019Assembl\u00e9e g\u00e9n\u00e9rale des Nations Unies, qui r\u00e9tablissait la R\u00e9publique populaire de Chine dans ses droits l\u00e9gitimes et confirmait \u00ab le principe d\u2019une seule Chine \u00bb. Pour Zhao Deyong, cette position reste \u00ab la plus solide garantie pour la paix \u00bb.Le diplomate a aussi mis en exergue la proximit\u00e9 historique et politique entre le Burkina Faso et la Chine. <\/span><\/p>\n<p class=\"p1\"><span class=\"s1\">\u00ab Se souvenir de l\u2019histoire, c\u2019est construire la paix ensemble. La Chine et le Burkina Faso sont li\u00e9s par une histoire similaire, et nos deux peuples savent combien la paix est pr\u00e9cieuse \u00bb, a-t-il soulign\u00e9, tout en saluant l\u2019adh\u00e9sion du Burkina au principe d\u2019une seule Chine. Il a r\u00e9affirm\u00e9 l\u2019engagement de son pays \u00e0 soutenir le Burkina Faso dans \u00ab la pr\u00e9servation de ses droits et int\u00e9r\u00eats l\u00e9gitimes et dans la recherche d\u2019une voie de d\u00e9veloppement autonome et adapt\u00e9e \u00e0 ses conditions nationales \u00bb.<\/span><\/p>\n<p><img loading=\"lazy\" decoding=\"async\" class=\"aligncenter size-full wp-image-2713\" src=\"https:\/\/voxsahel.com\/wp-content\/uploads\/2025\/09\/685c5cc5-ce9e-46da-92fd-8d64aba68e9d.jpeg\" alt=\"\" width=\"1020\" height=\"768\" srcset=\"https:\/\/voxsahel.com\/wp-content\/uploads\/2025\/09\/685c5cc5-ce9e-46da-92fd-8d64aba68e9d.jpeg 1020w, https:\/\/voxsahel.com\/wp-content\/uploads\/2025\/09\/685c5cc5-ce9e-46da-92fd-8d64aba68e9d-300x226.jpeg 300w, https:\/\/voxsahel.com\/wp-content\/uploads\/2025\/09\/685c5cc5-ce9e-46da-92fd-8d64aba68e9d-768x578.jpeg 768w, https:\/\/voxsahel.com\/wp-content\/uploads\/2025\/09\/685c5cc5-ce9e-46da-92fd-8d64aba68e9d-610x459.jpeg 610w\" sizes=\"(max-width: 1020px) 100vw, 1020px\" \/><\/p>\n<p class=\"p1\"><span class=\"s1\">L\u2019Ambassadeur a invit\u00e9 les deux pays \u00e0 \u0153uvrer c\u00f4te \u00e0 c\u00f4te pour \u00ab b\u00e2tir ensemble une communaut\u00e9 d\u2019avenir partag\u00e9 pour l\u2019humanit\u00e9 \u00bb et promouvoir \u00ab un avenir plus pacifique, plus s\u00fbr, plus prosp\u00e8re et plus radieux pour le monde \u00bb. <\/span><\/p>\n<p class=\"p1\"><span class=\"s1\">Apr\u00e8s les discours, les invit\u00e9s ont parcouru l\u2019exposition de photos retra\u00e7ant la bravoure de l\u2019arm\u00e9e chinoise face aux forces japonaises, avant d\u2019assister \u00e0 la projection d\u2019un film sur la parade militaire de Beijing, qui avait mobilis\u00e9 10 000 soldats sur la place Tiananmen. La c\u00e9r\u00e9monie s\u2019est achev\u00e9e par une d\u00e9gustation de mets chinois, dans une atmosph\u00e8re conviviale.<\/span><\/p>\n<p class=\"p1\" style=\"text-align: right;\"><strong><span class=\"s1\">Par Amir BAKO<\/span><\/strong><\/p>\n","protected":false},"excerpt":{"rendered":"<p>L\u2019Ambassade de la R\u00e9publique populaire de Chine au Burkina Faso a marqu\u00e9 le 80e anniversaire<\/p>\n","protected":false},"author":2,"featured_media":2713,"comment_status":"open","ping_status":"open","sticky":false,"template":"","format":"standard","meta":{"_et_pb_use_builder":"","_et_pb_old_content":"","_et_gb_content_width":"","footnotes":""},"categories":[6],"tags":[18,50,87,416,886,52],"class_list":["post-2711","post","type-post","status-publish","format-standard","has-post-thumbnail","hentry","category-politique","tag-burkina-faso","tag-chine","tag-diplomatie","tag-missions-diplomatiques","tag-republique-populaire-de-chine","tag-sommet-chine-afrique"],"yoast_head":"<!-- This site is optimized with the Yoast SEO plugin v27.5 - https:\/\/yoast.com\/product\/yoast-seo-wordpress\/ -->\n<title>80e anniversaire de la d\u00e9faite du Japon : L&#039;ambassade de Chine au Burkina comm\u00e9more la victoire antifasciste - Vox Sahel<\/title>\n<meta name=\"robots\" content=\"index, follow, max-snippet:-1, max-image-preview:large, max-video-preview:-1\" \/>\n<link rel=\"canonical\" href=\"https:\/\/voxsahel.com\/?p=2711\" \/>\n<meta property=\"og:locale\" content=\"fr_FR\" \/>\n<meta property=\"og:type\" content=\"article\" \/>\n<meta property=\"og:title\" content=\"80e anniversaire de la d\u00e9faite du Japon : L&#039;ambassade de Chine au Burkina comm\u00e9more la victoire antifasciste - Vox Sahel\" \/>\n<meta property=\"og:description\" content=\"L\u2019Ambassade de la R\u00e9publique populaire de Chine au Burkina Faso a marqu\u00e9 le 80e anniversaire\" \/>\n<meta property=\"og:url\" content=\"https:\/\/voxsahel.com\/?p=2711\" \/>\n<meta property=\"og:site_name\" content=\"Vox Sahel\" \/>\n<meta property=\"article:publisher\" content=\"https:\/\/www.facebook.com\/journal.voxsahel\" \/>\n<meta property=\"article:published_time\" content=\"2025-09-09T20:20:23+00:00\" \/>\n<meta property=\"og:image\" content=\"https:\/\/voxsahel.com\/wp-content\/uploads\/2025\/09\/685c5cc5-ce9e-46da-92fd-8d64aba68e9d.jpeg\" \/>\n\t<meta property=\"og:image:width\" content=\"1020\" \/>\n\t<meta property=\"og:image:height\" content=\"768\" \/>\n\t<meta property=\"og:image:type\" content=\"image\/jpeg\" \/>\n<meta name=\"author\" content=\"Vox Sahel\" \/>\n<meta name=\"twitter:card\" content=\"summary_large_image\" \/>\n<meta name=\"twitter:label1\" content=\"\u00c9crit par\" \/>\n\t<meta name=\"twitter:data1\" content=\"Vox Sahel\" \/>\n\t<meta name=\"twitter:label2\" content=\"Dur\u00e9e de lecture estim\u00e9e\" \/>\n\t<meta name=\"twitter:data2\" content=\"4 minutes\" \/>\n<script type=\"application\/ld+json\" class=\"yoast-schema-graph\">{\"@context\":\"https:\\\/\\\/schema.org\",\"@graph\":[{\"@type\":\"Article\",\"@id\":\"https:\\\/\\\/voxsahel.com\\\/?p=2711#article\",\"isPartOf\":{\"@id\":\"https:\\\/\\\/voxsahel.com\\\/?p=2711\"},\"author\":{\"name\":\"Vox Sahel\",\"@id\":\"https:\\\/\\\/voxsahel.com\\\/#\\\/schema\\\/person\\\/b4043608248f8fa227cd760e7ff1e19e\"},\"headline\":\"80e anniversaire de la d\u00e9faite du Japon : L&rsquo;ambassade de Chine au Burkina comm\u00e9more la victoire antifasciste\",\"datePublished\":\"2025-09-09T20:20:23+00:00\",\"mainEntityOfPage\":{\"@id\":\"https:\\\/\\\/voxsahel.com\\\/?p=2711\"},\"wordCount\":648,\"commentCount\":0,\"publisher\":{\"@id\":\"https:\\\/\\\/voxsahel.com\\\/#organization\"},\"image\":{\"@id\":\"https:\\\/\\\/voxsahel.com\\\/?p=2711#primaryimage\"},\"thumbnailUrl\":\"https:\\\/\\\/voxsahel.com\\\/wp-content\\\/uploads\\\/2025\\\/09\\\/685c5cc5-ce9e-46da-92fd-8d64aba68e9d.jpeg\",\"keywords\":[\"Burkina Faso\",\"Chine\",\"Diplomatie\",\"Missions diplomatiques\",\"R\u00e9publique populaire de Chine\",\"Sommet Chine-Afrique\"],\"articleSection\":[\"POLITIQUE\"],\"inLanguage\":\"fr-FR\",\"potentialAction\":[{\"@type\":\"CommentAction\",\"name\":\"Comment\",\"target\":[\"https:\\\/\\\/voxsahel.com\\\/?p=2711#respond\"]}]},{\"@type\":\"WebPage\",\"@id\":\"https:\\\/\\\/voxsahel.com\\\/?p=2711\",\"url\":\"https:\\\/\\\/voxsahel.com\\\/?p=2711\",\"name\":\"80e anniversaire de la d\u00e9faite du Japon : L'ambassade de Chine au Burkina comm\u00e9more la victoire antifasciste - Vox Sahel\",\"isPartOf\":{\"@id\":\"https:\\\/\\\/voxsahel.com\\\/#website\"},\"primaryImageOfPage\":{\"@id\":\"https:\\\/\\\/voxsahel.com\\\/?p=2711#primaryimage\"},\"image\":{\"@id\":\"https:\\\/\\\/voxsahel.com\\\/?p=2711#primaryimage\"},\"thumbnailUrl\":\"https:\\\/\\\/voxsahel.com\\\/wp-content\\\/uploads\\\/2025\\\/09\\\/685c5cc5-ce9e-46da-92fd-8d64aba68e9d.jpeg\",\"datePublished\":\"2025-09-09T20:20:23+00:00\",\"breadcrumb\":{\"@id\":\"https:\\\/\\\/voxsahel.com\\\/?p=2711#breadcrumb\"},\"inLanguage\":\"fr-FR\",\"potentialAction\":[{\"@type\":\"ReadAction\",\"target\":[\"https:\\\/\\\/voxsahel.com\\\/?p=2711\"]}]},{\"@type\":\"ImageObject\",\"inLanguage\":\"fr-FR\",\"@id\":\"https:\\\/\\\/voxsahel.com\\\/?p=2711#primaryimage\",\"url\":\"https:\\\/\\\/voxsahel.com\\\/wp-content\\\/uploads\\\/2025\\\/09\\\/685c5cc5-ce9e-46da-92fd-8d64aba68e9d.jpeg\",\"contentUrl\":\"https:\\\/\\\/voxsahel.com\\\/wp-content\\\/uploads\\\/2025\\\/09\\\/685c5cc5-ce9e-46da-92fd-8d64aba68e9d.jpeg\",\"width\":1020,\"height\":768},{\"@type\":\"BreadcrumbList\",\"@id\":\"https:\\\/\\\/voxsahel.com\\\/?p=2711#breadcrumb\",\"itemListElement\":[{\"@type\":\"ListItem\",\"position\":1,\"name\":\"Home\",\"item\":\"https:\\\/\\\/voxsahel.com\\\/\"},{\"@type\":\"ListItem\",\"position\":2,\"name\":\"80e anniversaire de la d\u00e9faite du Japon : L&rsquo;ambassade de Chine au Burkina comm\u00e9more la victoire antifasciste\"}]},{\"@type\":\"WebSite\",\"@id\":\"https:\\\/\\\/voxsahel.com\\\/#website\",\"url\":\"https:\\\/\\\/voxsahel.com\\\/\",\"name\":\"Vox Sahel\",\"description\":\"Informez-vous sur le Sahel en un clic\",\"publisher\":{\"@id\":\"https:\\\/\\\/voxsahel.com\\\/#organization\"},\"potentialAction\":[{\"@type\":\"SearchAction\",\"target\":{\"@type\":\"EntryPoint\",\"urlTemplate\":\"https:\\\/\\\/voxsahel.com\\\/?s={search_term_string}\"},\"query-input\":{\"@type\":\"PropertyValueSpecification\",\"valueRequired\":true,\"valueName\":\"search_term_string\"}}],\"inLanguage\":\"fr-FR\"},{\"@type\":\"Organization\",\"@id\":\"https:\\\/\\\/voxsahel.com\\\/#organization\",\"name\":\"Vox Sahel\",\"url\":\"https:\\\/\\\/voxsahel.com\\\/\",\"logo\":{\"@type\":\"ImageObject\",\"inLanguage\":\"fr-FR\",\"@id\":\"https:\\\/\\\/voxsahel.com\\\/#\\\/schema\\\/logo\\\/image\\\/\",\"url\":\"https:\\\/\\\/voxsahel.com\\\/wp-content\\\/uploads\\\/2024\\\/09\\\/Logo-Vox-Sahel.jpg\",\"contentUrl\":\"https:\\\/\\\/voxsahel.com\\\/wp-content\\\/uploads\\\/2024\\\/09\\\/Logo-Vox-Sahel.jpg\",\"width\":1181,\"height\":848,\"caption\":\"Vox Sahel\"},\"image\":{\"@id\":\"https:\\\/\\\/voxsahel.com\\\/#\\\/schema\\\/logo\\\/image\\\/\"},\"sameAs\":[\"https:\\\/\\\/www.facebook.com\\\/journal.voxsahel\"]},{\"@type\":\"Person\",\"@id\":\"https:\\\/\\\/voxsahel.com\\\/#\\\/schema\\\/person\\\/b4043608248f8fa227cd760e7ff1e19e\",\"name\":\"Vox Sahel\",\"image\":{\"@type\":\"ImageObject\",\"inLanguage\":\"fr-FR\",\"@id\":\"https:\\\/\\\/secure.gravatar.com\\\/avatar\\\/f70e7fa0cb9b29d4a7c5788d6eb2e9ab4d3135cbae1c9161810fdf77a8964699?s=96&d=mm&r=g\",\"url\":\"https:\\\/\\\/secure.gravatar.com\\\/avatar\\\/f70e7fa0cb9b29d4a7c5788d6eb2e9ab4d3135cbae1c9161810fdf77a8964699?s=96&d=mm&r=g\",\"contentUrl\":\"https:\\\/\\\/secure.gravatar.com\\\/avatar\\\/f70e7fa0cb9b29d4a7c5788d6eb2e9ab4d3135cbae1c9161810fdf77a8964699?s=96&d=mm&r=g\",\"caption\":\"Vox Sahel\"},\"sameAs\":[\"http:\\\/\\\/www.voxsahel.com\"],\"url\":\"https:\\\/\\\/voxsahel.com\\\/?author=2\"}]}<\/script>\n<!-- \/ Yoast SEO plugin. -->","yoast_head_json":{"title":"80e anniversaire de la d\u00e9faite du Japon : L'ambassade de Chine au Burkina comm\u00e9more la victoire antifasciste - Vox Sahel","robots":{"index":"index","follow":"follow","max-snippet":"max-snippet:-1","max-image-preview":"max-image-preview:large","max-video-preview":"max-video-preview:-1"},"canonical":"https:\/\/voxsahel.com\/?p=2711","og_locale":"fr_FR","og_type":"article","og_title":"80e anniversaire de la d\u00e9faite du Japon : L'ambassade de Chine au Burkina comm\u00e9more la victoire antifasciste - Vox Sahel","og_description":"L\u2019Ambassade de la R\u00e9publique populaire de Chine au Burkina Faso a marqu\u00e9 le 80e anniversaire","og_url":"https:\/\/voxsahel.com\/?p=2711","og_site_name":"Vox Sahel","article_publisher":"https:\/\/www.facebook.com\/journal.voxsahel","article_published_time":"2025-09-09T20:20:23+00:00","og_image":[{"width":1020,"height":768,"url":"https:\/\/voxsahel.com\/wp-content\/uploads\/2025\/09\/685c5cc5-ce9e-46da-92fd-8d64aba68e9d.jpeg","type":"image\/jpeg"}],"author":"Vox Sahel","twitter_card":"summary_large_image","twitter_misc":{"\u00c9crit par":"Vox Sahel","Dur\u00e9e de lecture estim\u00e9e":"4 minutes"},"schema":{"@context":"https:\/\/schema.org","@graph":[{"@type":"Article","@id":"https:\/\/voxsahel.com\/?p=2711#article","isPartOf":{"@id":"https:\/\/voxsahel.com\/?p=2711"},"author":{"name":"Vox Sahel","@id":"https:\/\/voxsahel.com\/#\/schema\/person\/b4043608248f8fa227cd760e7ff1e19e"},"headline":"80e anniversaire de la d\u00e9faite du Japon : L&rsquo;ambassade de Chine au Burkina comm\u00e9more la victoire antifasciste","datePublished":"2025-09-09T20:20:23+00:00","mainEntityOfPage":{"@id":"https:\/\/voxsahel.com\/?p=2711"},"wordCount":648,"commentCount":0,"publisher":{"@id":"https:\/\/voxsahel.com\/#organization"},"image":{"@id":"https:\/\/voxsahel.com\/?p=2711#primaryimage"},"thumbnailUrl":"https:\/\/voxsahel.com\/wp-content\/uploads\/2025\/09\/685c5cc5-ce9e-46da-92fd-8d64aba68e9d.jpeg","keywords":["Burkina Faso","Chine","Diplomatie","Missions diplomatiques","R\u00e9publique populaire de Chine","Sommet Chine-Afrique"],"articleSection":["POLITIQUE"],"inLanguage":"fr-FR","potentialAction":[{"@type":"CommentAction","name":"Comment","target":["https:\/\/voxsahel.com\/?p=2711#respond"]}]},{"@type":"WebPage","@id":"https:\/\/voxsahel.com\/?p=2711","url":"https:\/\/voxsahel.com\/?p=2711","name":"80e anniversaire de la d\u00e9faite du Japon : L'ambassade de Chine au Burkina comm\u00e9more la victoire antifasciste - Vox Sahel","isPartOf":{"@id":"https:\/\/voxsahel.com\/#website"},"primaryImageOfPage":{"@id":"https:\/\/voxsahel.com\/?p=2711#primaryimage"},"image":{"@id":"https:\/\/voxsahel.com\/?p=2711#primaryimage"},"thumbnailUrl":"https:\/\/voxsahel.com\/wp-content\/uploads\/2025\/09\/685c5cc5-ce9e-46da-92fd-8d64aba68e9d.jpeg","datePublished":"2025-09-09T20:20:23+00:00","breadcrumb":{"@id":"https:\/\/voxsahel.com\/?p=2711#breadcrumb"},"inLanguage":"fr-FR","potentialAction":[{"@type":"ReadAction","target":["https:\/\/voxsahel.com\/?p=2711"]}]},{"@type":"ImageObject","inLanguage":"fr-FR","@id":"https:\/\/voxsahel.com\/?p=2711#primaryimage","url":"https:\/\/voxsahel.com\/wp-content\/uploads\/2025\/09\/685c5cc5-ce9e-46da-92fd-8d64aba68e9d.jpeg","contentUrl":"https:\/\/voxsahel.com\/wp-content\/uploads\/2025\/09\/685c5cc5-ce9e-46da-92fd-8d64aba68e9d.jpeg","width":1020,"height":768},{"@type":"BreadcrumbList","@id":"https:\/\/voxsahel.com\/?p=2711#breadcrumb","itemListElement":[{"@type":"ListItem","position":1,"name":"Home","item":"https:\/\/voxsahel.com\/"},{"@type":"ListItem","position":2,"name":"80e anniversaire de la d\u00e9faite du Japon : L&rsquo;ambassade de Chine au Burkina comm\u00e9more la victoire antifasciste"}]},{"@type":"WebSite","@id":"https:\/\/voxsahel.com\/#website","url":"https:\/\/voxsahel.com\/","name":"Vox Sahel","description":"Informez-vous sur le Sahel en un clic","publisher":{"@id":"https:\/\/voxsahel.com\/#organization"},"potentialAction":[{"@type":"SearchAction","target":{"@type":"EntryPoint","urlTemplate":"https:\/\/voxsahel.com\/?s={search_term_string}"},"query-input":{"@type":"PropertyValueSpecification","valueRequired":true,"valueName":"search_term_string"}}],"inLanguage":"fr-FR"},{"@type":"Organization","@id":"https:\/\/voxsahel.com\/#organization","name":"Vox Sahel","url":"https:\/\/voxsahel.com\/","logo":{"@type":"ImageObject","inLanguage":"fr-FR","@id":"https:\/\/voxsahel.com\/#\/schema\/logo\/image\/","url":"https:\/\/voxsahel.com\/wp-content\/uploads\/2024\/09\/Logo-Vox-Sahel.jpg","contentUrl":"https:\/\/voxsahel.com\/wp-content\/uploads\/2024\/09\/Logo-Vox-Sahel.jpg","width":1181,"height":848,"caption":"Vox Sahel"},"image":{"@id":"https:\/\/voxsahel.com\/#\/schema\/logo\/image\/"},"sameAs":["https:\/\/www.facebook.com\/journal.voxsahel"]},{"@type":"Person","@id":"https:\/\/voxsahel.com\/#\/schema\/person\/b4043608248f8fa227cd760e7ff1e19e","name":"Vox Sahel","image":{"@type":"ImageObject","inLanguage":"fr-FR","@id":"https:\/\/secure.gravatar.com\/avatar\/f70e7fa0cb9b29d4a7c5788d6eb2e9ab4d3135cbae1c9161810fdf77a8964699?s=96&d=mm&r=g","url":"https:\/\/secure.gravatar.com\/avatar\/f70e7fa0cb9b29d4a7c5788d6eb2e9ab4d3135cbae1c9161810fdf77a8964699?s=96&d=mm&r=g","contentUrl":"https:\/\/secure.gravatar.com\/avatar\/f70e7fa0cb9b29d4a7c5788d6eb2e9ab4d3135cbae1c9161810fdf77a8964699?s=96&d=mm&r=g","caption":"Vox Sahel"},"sameAs":["http:\/\/www.voxsahel.com"],"url":"https:\/\/voxsahel.com\/?author=2"}]}},"_links":{"self":[{"href":"https:\/\/voxsahel.com\/index.php?rest_route=\/wp\/v2\/posts\/2711","targetHints":{"allow":["GET"]}}],"collection":[{"href":"https:\/\/voxsahel.com\/index.php?rest_route=\/wp\/v2\/posts"}],"about":[{"href":"https:\/\/voxsahel.com\/index.php?rest_route=\/wp\/v2\/types\/post"}],"author":[{"embeddable":true,"href":"https:\/\/voxsahel.com\/index.php?rest_route=\/wp\/v2\/users\/2"}],"replies":[{"embeddable":true,"href":"https:\/\/voxsahel.com\/index.php?rest_route=%2Fwp%2Fv2%2Fcomments&post=2711"}],"version-history":[{"count":1,"href":"https:\/\/voxsahel.com\/index.php?rest_route=\/wp\/v2\/posts\/2711\/revisions"}],"predecessor-version":[{"id":2715,"href":"https:\/\/voxsahel.com\/index.php?rest_route=\/wp\/v2\/posts\/2711\/revisions\/2715"}],"wp:featuredmedia":[{"embeddable":true,"href":"https:\/\/voxsahel.com\/index.php?rest_route=\/wp\/v2\/media\/2713"}],"wp:attachment":[{"href":"https:\/\/voxsahel.com\/index.php?rest_route=%2Fwp%2Fv2%2Fmedia&parent=2711"}],"wp:term":[{"taxonomy":"category","embeddable":true,"href":"https:\/\/voxsahel.com\/index.php?rest_route=%2Fwp%2Fv2%2Fcategories&post=2711"},{"taxonomy":"post_tag","embeddable":true,"href":"https:\/\/voxsahel.com\/index.php?rest_route=%2Fwp%2Fv2%2Ftags&post=2711"}],"curies":[{"name":"wp","href":"https:\/\/api.w.org\/{rel}","templated":true}]}}