{"id":271,"date":"2024-09-20T20:21:16","date_gmt":"2024-09-20T20:21:16","guid":{"rendered":"https:\/\/voxsahel.com\/?p=271"},"modified":"2024-09-20T20:21:16","modified_gmt":"2024-09-20T20:21:16","slug":"burkina-faso-1-246-eleves-sous-officiers-de-gendarmerie-prets-a-defendre-lintegrite-territoriale","status":"publish","type":"post","link":"https:\/\/voxsahel.com\/?p=271","title":{"rendered":"Burkina Faso : 1.246 \u00e9l\u00e8ves Sous-officiers de Gendarmerie pr\u00eats \u00e0 d\u00e9fendre l&rsquo;int\u00e9grit\u00e9 territoriale"},"content":{"rendered":"<p class=\"p1\"><span class=\"s2\">La c\u00e9r\u00e9monie de sortie officielle de la 50e promotion des \u00e9l\u00e8ves Sous-officiers de la Gendarmerie nationale a eu lieu ce vendredi 20 septembre 2024, au camp Ouezzin Coulibaly, \u00e0 Bobo-Dioulasso.<\/span><\/p>\n<p class=\"p1\"><span class=\"s2\">Cette promotion, compos\u00e9e de 1.246 nouveaux soldats, parmi lesquels 39 femmes, a \u00e9t\u00e9 baptis\u00e9e \u00ab Espoir \u00bb par le ministre d&rsquo;\u00c9tat, ministre de la D\u00e9fense et des Anciens combattants, le G\u00e9n\u00e9ral de Brigade Kassoum Coulibaly. Ces nouveaux gendarmes ont achev\u00e9 leur formation et sont d\u00e9sormais pr\u00eats \u00e0 prendre part activement \u00e0 la d\u00e9fense de l&rsquo;int\u00e9grit\u00e9 territoriale du Burkina Faso.<\/span><\/p>\n<p class=\"p1\"><span class=\"s2\">La sortie de cette nouvelle promotion intervient dans un contexte s\u00e9curitaire sensible, marqu\u00e9 par des d\u00e9fis importants pour la pr\u00e9servation de la paix et de la s\u00e9curit\u00e9 du pays. Le ministre de la D\u00e9fense a salu\u00e9 la d\u00e9termination des \u00e9l\u00e8ves et les a exhort\u00e9s \u00e0 faire preuve de discipline, de professionnalisme et de d\u00e9vouement dans l&rsquo;accomplissement de leurs missions futures.<\/span><\/p>\n<p class=\"p1\"><span class=\"s2\">Cette c\u00e9r\u00e9monie a rassembl\u00e9 plusieurs personnalit\u00e9s civiles et militaires, ainsi que les familles des nouveaux sous-officiers, venus assister \u00e0 cet \u00e9v\u00e9nement majeur pour la Gendarmerie nationale.<\/span><\/p>\n<p style=\"text-align: right;\"><strong>Vox Sahel\u00a0<\/strong><\/p>\n","protected":false},"excerpt":{"rendered":"<p>La c\u00e9r\u00e9monie de sortie officielle de la 50e promotion des \u00e9l\u00e8ves Sous-officiers de la Gendarmerie<\/p>\n","protected":false},"author":2,"featured_media":272,"comment_status":"open","ping_status":"open","sticky":false,"template":"","format":"standard","meta":{"_et_pb_use_builder":"","_et_pb_old_content":"","_et_gb_content_width":"","footnotes":""},"categories":[5],"tags":[18,140,141,139],"class_list":["post-271","post","type-post","status-publish","format-standard","has-post-thumbnail","hentry","category-societe","tag-burkina-faso","tag-defense","tag-gendarmerie-nationale","tag-securite"],"yoast_head":"<!-- This site is optimized with the Yoast SEO plugin v27.5 - https:\/\/yoast.com\/product\/yoast-seo-wordpress\/ -->\n<title>Burkina Faso : 1.246 \u00e9l\u00e8ves Sous-officiers de Gendarmerie pr\u00eats \u00e0 d\u00e9fendre l&#039;int\u00e9grit\u00e9 territoriale - Vox Sahel<\/title>\n<meta name=\"robots\" content=\"index, follow, max-snippet:-1, max-image-preview:large, max-video-preview:-1\" \/>\n<link rel=\"canonical\" href=\"https:\/\/voxsahel.com\/?p=271\" \/>\n<meta property=\"og:locale\" content=\"fr_FR\" \/>\n<meta property=\"og:type\" content=\"article\" \/>\n<meta property=\"og:title\" content=\"Burkina Faso : 1.246 \u00e9l\u00e8ves Sous-officiers de Gendarmerie pr\u00eats \u00e0 d\u00e9fendre l&#039;int\u00e9grit\u00e9 territoriale - Vox Sahel\" \/>\n<meta property=\"og:description\" content=\"La c\u00e9r\u00e9monie de sortie officielle de la 50e promotion des \u00e9l\u00e8ves Sous-officiers de la Gendarmerie\" \/>\n<meta property=\"og:url\" content=\"https:\/\/voxsahel.com\/?p=271\" \/>\n<meta property=\"og:site_name\" content=\"Vox Sahel\" \/>\n<meta property=\"article:publisher\" content=\"https:\/\/www.facebook.com\/journal.voxsahel\" \/>\n<meta property=\"article:published_time\" content=\"2024-09-20T20:21:16+00:00\" \/>\n<meta property=\"og:image\" content=\"https:\/\/voxsahel.com\/wp-content\/uploads\/2024\/09\/IMG_0116.jpeg\" \/>\n\t<meta property=\"og:image:width\" content=\"1024\" \/>\n\t<meta property=\"og:image:height\" content=\"780\" \/>\n\t<meta property=\"og:image:type\" content=\"image\/jpeg\" \/>\n<meta name=\"author\" content=\"Vox Sahel\" \/>\n<meta name=\"twitter:card\" content=\"summary_large_image\" \/>\n<meta name=\"twitter:label1\" content=\"\u00c9crit par\" \/>\n\t<meta name=\"twitter:data1\" content=\"Vox Sahel\" \/>\n\t<meta name=\"twitter:label2\" content=\"Dur\u00e9e de lecture estim\u00e9e\" \/>\n\t<meta name=\"twitter:data2\" content=\"2 minutes\" \/>\n<script type=\"application\/ld+json\" class=\"yoast-schema-graph\">{\"@context\":\"https:\\\/\\\/schema.org\",\"@graph\":[{\"@type\":\"Article\",\"@id\":\"https:\\\/\\\/voxsahel.com\\\/?p=271#article\",\"isPartOf\":{\"@id\":\"https:\\\/\\\/voxsahel.com\\\/?p=271\"},\"author\":{\"name\":\"Vox Sahel\",\"@id\":\"https:\\\/\\\/voxsahel.com\\\/#\\\/schema\\\/person\\\/b4043608248f8fa227cd760e7ff1e19e\"},\"headline\":\"Burkina Faso : 1.246 \u00e9l\u00e8ves Sous-officiers de Gendarmerie pr\u00eats \u00e0 d\u00e9fendre l&rsquo;int\u00e9grit\u00e9 territoriale\",\"datePublished\":\"2024-09-20T20:21:16+00:00\",\"mainEntityOfPage\":{\"@id\":\"https:\\\/\\\/voxsahel.com\\\/?p=271\"},\"wordCount\":209,\"commentCount\":0,\"publisher\":{\"@id\":\"https:\\\/\\\/voxsahel.com\\\/#organization\"},\"image\":{\"@id\":\"https:\\\/\\\/voxsahel.com\\\/?p=271#primaryimage\"},\"thumbnailUrl\":\"https:\\\/\\\/voxsahel.com\\\/wp-content\\\/uploads\\\/2024\\\/09\\\/IMG_0116.jpeg\",\"keywords\":[\"Burkina Faso\",\"D\u00e9fense\",\"Gendarmerie Nationale\",\"S\u00e9curit\u00e9\"],\"articleSection\":[\"SOCIETE\"],\"inLanguage\":\"fr-FR\",\"potentialAction\":[{\"@type\":\"CommentAction\",\"name\":\"Comment\",\"target\":[\"https:\\\/\\\/voxsahel.com\\\/?p=271#respond\"]}]},{\"@type\":\"WebPage\",\"@id\":\"https:\\\/\\\/voxsahel.com\\\/?p=271\",\"url\":\"https:\\\/\\\/voxsahel.com\\\/?p=271\",\"name\":\"Burkina Faso : 1.246 \u00e9l\u00e8ves Sous-officiers de Gendarmerie pr\u00eats \u00e0 d\u00e9fendre l'int\u00e9grit\u00e9 territoriale - Vox Sahel\",\"isPartOf\":{\"@id\":\"https:\\\/\\\/voxsahel.com\\\/#website\"},\"primaryImageOfPage\":{\"@id\":\"https:\\\/\\\/voxsahel.com\\\/?p=271#primaryimage\"},\"image\":{\"@id\":\"https:\\\/\\\/voxsahel.com\\\/?p=271#primaryimage\"},\"thumbnailUrl\":\"https:\\\/\\\/voxsahel.com\\\/wp-content\\\/uploads\\\/2024\\\/09\\\/IMG_0116.jpeg\",\"datePublished\":\"2024-09-20T20:21:16+00:00\",\"breadcrumb\":{\"@id\":\"https:\\\/\\\/voxsahel.com\\\/?p=271#breadcrumb\"},\"inLanguage\":\"fr-FR\",\"potentialAction\":[{\"@type\":\"ReadAction\",\"target\":[\"https:\\\/\\\/voxsahel.com\\\/?p=271\"]}]},{\"@type\":\"ImageObject\",\"inLanguage\":\"fr-FR\",\"@id\":\"https:\\\/\\\/voxsahel.com\\\/?p=271#primaryimage\",\"url\":\"https:\\\/\\\/voxsahel.com\\\/wp-content\\\/uploads\\\/2024\\\/09\\\/IMG_0116.jpeg\",\"contentUrl\":\"https:\\\/\\\/voxsahel.com\\\/wp-content\\\/uploads\\\/2024\\\/09\\\/IMG_0116.jpeg\",\"width\":1024,\"height\":780},{\"@type\":\"BreadcrumbList\",\"@id\":\"https:\\\/\\\/voxsahel.com\\\/?p=271#breadcrumb\",\"itemListElement\":[{\"@type\":\"ListItem\",\"position\":1,\"name\":\"Home\",\"item\":\"https:\\\/\\\/voxsahel.com\\\/\"},{\"@type\":\"ListItem\",\"position\":2,\"name\":\"Burkina Faso : 1.246 \u00e9l\u00e8ves Sous-officiers de Gendarmerie pr\u00eats \u00e0 d\u00e9fendre l&rsquo;int\u00e9grit\u00e9 territoriale\"}]},{\"@type\":\"WebSite\",\"@id\":\"https:\\\/\\\/voxsahel.com\\\/#website\",\"url\":\"https:\\\/\\\/voxsahel.com\\\/\",\"name\":\"Vox Sahel\",\"description\":\"Informez-vous sur le Sahel en un clic\",\"publisher\":{\"@id\":\"https:\\\/\\\/voxsahel.com\\\/#organization\"},\"potentialAction\":[{\"@type\":\"SearchAction\",\"target\":{\"@type\":\"EntryPoint\",\"urlTemplate\":\"https:\\\/\\\/voxsahel.com\\\/?s={search_term_string}\"},\"query-input\":{\"@type\":\"PropertyValueSpecification\",\"valueRequired\":true,\"valueName\":\"search_term_string\"}}],\"inLanguage\":\"fr-FR\"},{\"@type\":\"Organization\",\"@id\":\"https:\\\/\\\/voxsahel.com\\\/#organization\",\"name\":\"Vox Sahel\",\"url\":\"https:\\\/\\\/voxsahel.com\\\/\",\"logo\":{\"@type\":\"ImageObject\",\"inLanguage\":\"fr-FR\",\"@id\":\"https:\\\/\\\/voxsahel.com\\\/#\\\/schema\\\/logo\\\/image\\\/\",\"url\":\"https:\\\/\\\/voxsahel.com\\\/wp-content\\\/uploads\\\/2024\\\/09\\\/Logo-Vox-Sahel.jpg\",\"contentUrl\":\"https:\\\/\\\/voxsahel.com\\\/wp-content\\\/uploads\\\/2024\\\/09\\\/Logo-Vox-Sahel.jpg\",\"width\":1181,\"height\":848,\"caption\":\"Vox Sahel\"},\"image\":{\"@id\":\"https:\\\/\\\/voxsahel.com\\\/#\\\/schema\\\/logo\\\/image\\\/\"},\"sameAs\":[\"https:\\\/\\\/www.facebook.com\\\/journal.voxsahel\"]},{\"@type\":\"Person\",\"@id\":\"https:\\\/\\\/voxsahel.com\\\/#\\\/schema\\\/person\\\/b4043608248f8fa227cd760e7ff1e19e\",\"name\":\"Vox Sahel\",\"image\":{\"@type\":\"ImageObject\",\"inLanguage\":\"fr-FR\",\"@id\":\"https:\\\/\\\/secure.gravatar.com\\\/avatar\\\/f70e7fa0cb9b29d4a7c5788d6eb2e9ab4d3135cbae1c9161810fdf77a8964699?s=96&d=mm&r=g\",\"url\":\"https:\\\/\\\/secure.gravatar.com\\\/avatar\\\/f70e7fa0cb9b29d4a7c5788d6eb2e9ab4d3135cbae1c9161810fdf77a8964699?s=96&d=mm&r=g\",\"contentUrl\":\"https:\\\/\\\/secure.gravatar.com\\\/avatar\\\/f70e7fa0cb9b29d4a7c5788d6eb2e9ab4d3135cbae1c9161810fdf77a8964699?s=96&d=mm&r=g\",\"caption\":\"Vox Sahel\"},\"sameAs\":[\"http:\\\/\\\/www.voxsahel.com\"],\"url\":\"https:\\\/\\\/voxsahel.com\\\/?author=2\"}]}<\/script>\n<!-- \/ Yoast SEO plugin. -->","yoast_head_json":{"title":"Burkina Faso : 1.246 \u00e9l\u00e8ves Sous-officiers de Gendarmerie pr\u00eats \u00e0 d\u00e9fendre l'int\u00e9grit\u00e9 territoriale - Vox Sahel","robots":{"index":"index","follow":"follow","max-snippet":"max-snippet:-1","max-image-preview":"max-image-preview:large","max-video-preview":"max-video-preview:-1"},"canonical":"https:\/\/voxsahel.com\/?p=271","og_locale":"fr_FR","og_type":"article","og_title":"Burkina Faso : 1.246 \u00e9l\u00e8ves Sous-officiers de Gendarmerie pr\u00eats \u00e0 d\u00e9fendre l'int\u00e9grit\u00e9 territoriale - Vox Sahel","og_description":"La c\u00e9r\u00e9monie de sortie officielle de la 50e promotion des \u00e9l\u00e8ves Sous-officiers de la Gendarmerie","og_url":"https:\/\/voxsahel.com\/?p=271","og_site_name":"Vox Sahel","article_publisher":"https:\/\/www.facebook.com\/journal.voxsahel","article_published_time":"2024-09-20T20:21:16+00:00","og_image":[{"width":1024,"height":780,"url":"https:\/\/voxsahel.com\/wp-content\/uploads\/2024\/09\/IMG_0116.jpeg","type":"image\/jpeg"}],"author":"Vox Sahel","twitter_card":"summary_large_image","twitter_misc":{"\u00c9crit par":"Vox Sahel","Dur\u00e9e de lecture estim\u00e9e":"2 minutes"},"schema":{"@context":"https:\/\/schema.org","@graph":[{"@type":"Article","@id":"https:\/\/voxsahel.com\/?p=271#article","isPartOf":{"@id":"https:\/\/voxsahel.com\/?p=271"},"author":{"name":"Vox Sahel","@id":"https:\/\/voxsahel.com\/#\/schema\/person\/b4043608248f8fa227cd760e7ff1e19e"},"headline":"Burkina Faso : 1.246 \u00e9l\u00e8ves Sous-officiers de Gendarmerie pr\u00eats \u00e0 d\u00e9fendre l&rsquo;int\u00e9grit\u00e9 territoriale","datePublished":"2024-09-20T20:21:16+00:00","mainEntityOfPage":{"@id":"https:\/\/voxsahel.com\/?p=271"},"wordCount":209,"commentCount":0,"publisher":{"@id":"https:\/\/voxsahel.com\/#organization"},"image":{"@id":"https:\/\/voxsahel.com\/?p=271#primaryimage"},"thumbnailUrl":"https:\/\/voxsahel.com\/wp-content\/uploads\/2024\/09\/IMG_0116.jpeg","keywords":["Burkina Faso","D\u00e9fense","Gendarmerie Nationale","S\u00e9curit\u00e9"],"articleSection":["SOCIETE"],"inLanguage":"fr-FR","potentialAction":[{"@type":"CommentAction","name":"Comment","target":["https:\/\/voxsahel.com\/?p=271#respond"]}]},{"@type":"WebPage","@id":"https:\/\/voxsahel.com\/?p=271","url":"https:\/\/voxsahel.com\/?p=271","name":"Burkina Faso : 1.246 \u00e9l\u00e8ves Sous-officiers de Gendarmerie pr\u00eats \u00e0 d\u00e9fendre l'int\u00e9grit\u00e9 territoriale - Vox Sahel","isPartOf":{"@id":"https:\/\/voxsahel.com\/#website"},"primaryImageOfPage":{"@id":"https:\/\/voxsahel.com\/?p=271#primaryimage"},"image":{"@id":"https:\/\/voxsahel.com\/?p=271#primaryimage"},"thumbnailUrl":"https:\/\/voxsahel.com\/wp-content\/uploads\/2024\/09\/IMG_0116.jpeg","datePublished":"2024-09-20T20:21:16+00:00","breadcrumb":{"@id":"https:\/\/voxsahel.com\/?p=271#breadcrumb"},"inLanguage":"fr-FR","potentialAction":[{"@type":"ReadAction","target":["https:\/\/voxsahel.com\/?p=271"]}]},{"@type":"ImageObject","inLanguage":"fr-FR","@id":"https:\/\/voxsahel.com\/?p=271#primaryimage","url":"https:\/\/voxsahel.com\/wp-content\/uploads\/2024\/09\/IMG_0116.jpeg","contentUrl":"https:\/\/voxsahel.com\/wp-content\/uploads\/2024\/09\/IMG_0116.jpeg","width":1024,"height":780},{"@type":"BreadcrumbList","@id":"https:\/\/voxsahel.com\/?p=271#breadcrumb","itemListElement":[{"@type":"ListItem","position":1,"name":"Home","item":"https:\/\/voxsahel.com\/"},{"@type":"ListItem","position":2,"name":"Burkina Faso : 1.246 \u00e9l\u00e8ves Sous-officiers de Gendarmerie pr\u00eats \u00e0 d\u00e9fendre l&rsquo;int\u00e9grit\u00e9 territoriale"}]},{"@type":"WebSite","@id":"https:\/\/voxsahel.com\/#website","url":"https:\/\/voxsahel.com\/","name":"Vox Sahel","description":"Informez-vous sur le Sahel en un clic","publisher":{"@id":"https:\/\/voxsahel.com\/#organization"},"potentialAction":[{"@type":"SearchAction","target":{"@type":"EntryPoint","urlTemplate":"https:\/\/voxsahel.com\/?s={search_term_string}"},"query-input":{"@type":"PropertyValueSpecification","valueRequired":true,"valueName":"search_term_string"}}],"inLanguage":"fr-FR"},{"@type":"Organization","@id":"https:\/\/voxsahel.com\/#organization","name":"Vox Sahel","url":"https:\/\/voxsahel.com\/","logo":{"@type":"ImageObject","inLanguage":"fr-FR","@id":"https:\/\/voxsahel.com\/#\/schema\/logo\/image\/","url":"https:\/\/voxsahel.com\/wp-content\/uploads\/2024\/09\/Logo-Vox-Sahel.jpg","contentUrl":"https:\/\/voxsahel.com\/wp-content\/uploads\/2024\/09\/Logo-Vox-Sahel.jpg","width":1181,"height":848,"caption":"Vox Sahel"},"image":{"@id":"https:\/\/voxsahel.com\/#\/schema\/logo\/image\/"},"sameAs":["https:\/\/www.facebook.com\/journal.voxsahel"]},{"@type":"Person","@id":"https:\/\/voxsahel.com\/#\/schema\/person\/b4043608248f8fa227cd760e7ff1e19e","name":"Vox Sahel","image":{"@type":"ImageObject","inLanguage":"fr-FR","@id":"https:\/\/secure.gravatar.com\/avatar\/f70e7fa0cb9b29d4a7c5788d6eb2e9ab4d3135cbae1c9161810fdf77a8964699?s=96&d=mm&r=g","url":"https:\/\/secure.gravatar.com\/avatar\/f70e7fa0cb9b29d4a7c5788d6eb2e9ab4d3135cbae1c9161810fdf77a8964699?s=96&d=mm&r=g","contentUrl":"https:\/\/secure.gravatar.com\/avatar\/f70e7fa0cb9b29d4a7c5788d6eb2e9ab4d3135cbae1c9161810fdf77a8964699?s=96&d=mm&r=g","caption":"Vox Sahel"},"sameAs":["http:\/\/www.voxsahel.com"],"url":"https:\/\/voxsahel.com\/?author=2"}]}},"_links":{"self":[{"href":"https:\/\/voxsahel.com\/index.php?rest_route=\/wp\/v2\/posts\/271","targetHints":{"allow":["GET"]}}],"collection":[{"href":"https:\/\/voxsahel.com\/index.php?rest_route=\/wp\/v2\/posts"}],"about":[{"href":"https:\/\/voxsahel.com\/index.php?rest_route=\/wp\/v2\/types\/post"}],"author":[{"embeddable":true,"href":"https:\/\/voxsahel.com\/index.php?rest_route=\/wp\/v2\/users\/2"}],"replies":[{"embeddable":true,"href":"https:\/\/voxsahel.com\/index.php?rest_route=%2Fwp%2Fv2%2Fcomments&post=271"}],"version-history":[{"count":1,"href":"https:\/\/voxsahel.com\/index.php?rest_route=\/wp\/v2\/posts\/271\/revisions"}],"predecessor-version":[{"id":273,"href":"https:\/\/voxsahel.com\/index.php?rest_route=\/wp\/v2\/posts\/271\/revisions\/273"}],"wp:featuredmedia":[{"embeddable":true,"href":"https:\/\/voxsahel.com\/index.php?rest_route=\/wp\/v2\/media\/272"}],"wp:attachment":[{"href":"https:\/\/voxsahel.com\/index.php?rest_route=%2Fwp%2Fv2%2Fmedia&parent=271"}],"wp:term":[{"taxonomy":"category","embeddable":true,"href":"https:\/\/voxsahel.com\/index.php?rest_route=%2Fwp%2Fv2%2Fcategories&post=271"},{"taxonomy":"post_tag","embeddable":true,"href":"https:\/\/voxsahel.com\/index.php?rest_route=%2Fwp%2Fv2%2Ftags&post=271"}],"curies":[{"name":"wp","href":"https:\/\/api.w.org\/{rel}","templated":true}]}}