{"id":2689,"date":"2025-09-06T23:55:02","date_gmt":"2025-09-06T23:55:02","guid":{"rendered":"https:\/\/voxsahel.com\/?p=2689"},"modified":"2025-09-07T07:15:26","modified_gmt":"2025-09-07T07:15:26","slug":"senegal-un-nouveau-gouvernement-devoile-ce-6-septembre-2025","status":"publish","type":"post","link":"https:\/\/voxsahel.com\/?p=2689","title":{"rendered":"S\u00e9n\u00e9gal : le gouvernement Sonko II officiellement d\u00e9voil\u00e9"},"content":{"rendered":"<p class=\"p1\"><strong><span class=\"s2\">La Pr\u00e9sidence du S\u00e9n\u00e9gal a confirm\u00e9, ce dimanche soir, la nouvelle composition du gouvernement dirig\u00e9 par le Premier ministre Ousmane Sonko. Attendu depuis plusieurs semaines, ce remaniement minist\u00e9riel marque une \u00e9tape d\u00e9cisive dans la mise en \u0153uvre des priorit\u00e9s de l\u2019ex\u00e9cutif. Entre continuit\u00e9, renouvellement et ouverture, le pr\u00e9sident Bassirou Diomaye Faye et son chef du gouvernement ont proc\u00e9d\u00e9 \u00e0 une redistribution des cartes qui place plusieurs figures strat\u00e9giques au c\u0153ur du dispositif \u00e9tatique.<\/span><\/strong><\/p>\n<p class=\"p1\"><span class=\"s2\">\u00c0 la t\u00eate de la primature depuis le d\u00e9but du mandat pr\u00e9sidentiel, Ousmane Sonko conserve son poste de Premier ministre. Sa reconduction t\u00e9moigne de la confiance renouvel\u00e9e du chef de l\u2019\u00c9tat et de la volont\u00e9 d\u2019assurer la stabilit\u00e9 politique et institutionnelle. Autour de lui, un gouvernement \u00e9largi et r\u00e9\u00e9quilibr\u00e9 met l\u2019accent sur les portefeuilles r\u00e9galiens, Justice, Int\u00e9rieur, Affaires \u00e9trang\u00e8res, D\u00e9fense, mais \u00e9galement sur les secteurs strat\u00e9giques de l\u2019\u00e9nergie, de l\u2019\u00e9ducation, de la sant\u00e9 et de l\u2019agriculture.<\/span><\/p>\n<p class=\"p2\"><strong><span class=\"s3\">Les grands changements au sommet de l\u2019\u00c9tat<\/span><\/strong><\/p>\n<p class=\"p1\"><span class=\"s2\">Parmi les principaux ajustements, plusieurs nominations marquent un tournant.<\/span><\/p>\n<ul class=\"ul1\">\n<li class=\"li1\"><span class=\"s1\">Yassine Fall<\/span><span class=\"s2\"> passe des Affaires \u00e9trang\u00e8res au prestigieux minist\u00e8re de la Justice, o\u00f9 elle devient Garde des Sceaux. Juriste et avocate de formation, elle incarne un profil \u00e0 la fois politique et technique, attendu sur les chantiers de r\u00e9formes judiciaires et la lutte contre la corruption.<\/span><\/li>\n<li class=\"li1\"><span class=\"s1\">Cheikh Niang<\/span><span class=\"s2\">, diplomate chevronn\u00e9, reprend le portefeuille des Affaires \u00e9trang\u00e8res, confirmant la volont\u00e9 du S\u00e9n\u00e9gal de red\u00e9finir sa strat\u00e9gie diplomatique dans un contexte marqu\u00e9 par les repositionnements r\u00e9gionaux et internationaux.<\/span><\/li>\n<li class=\"li1\"><span class=\"s1\">Mouhamadou Bamba Ciss\u00e9<\/span><span class=\"s2\">, nouveau ministre de l\u2019Int\u00e9rieur et de la S\u00e9curit\u00e9 publique, prend la rel\u00e8ve du G\u00e9n\u00e9ral Jean-Baptiste Tine. Charg\u00e9 de maintenir la stabilit\u00e9 int\u00e9rieure, il devra conjuguer r\u00e9formes s\u00e9curitaires et gestion des grands d\u00e9fis li\u00e9s \u00e0 la mobilit\u00e9 et \u00e0 la d\u00e9centralisation.<\/span><\/li>\n<li class=\"li1\"><span class=\"s1\">Le G\u00e9n\u00e9ral Birame Diop<\/span><span class=\"s2\">, ancien chef d\u2019\u00e9tat-major, est nomm\u00e9 ministre des Forces arm\u00e9es, consolidant le lien entre l\u2019appareil militaire et le gouvernement civil.<\/span><\/li>\n<\/ul>\n<p class=\"p1\"><span class=\"s2\">D\u2019autres portefeuilles connaissent \u00e9galement des visages neufs : <\/span><span class=\"s1\">Birame Soul\u00e8ye Diop<\/span><span class=\"s2\"> \u00e0 l\u2019\u00c9nergie et aux Mines, <\/span><span class=\"s1\">Cheikh Tidiane Dieye<\/span><span class=\"s2\"> \u00e0 l\u2019Hydraulique, <\/span><span class=\"s1\">Moustapha Mamba Guirassy<\/span><span class=\"s2\"> \u00e0 l\u2019\u00c9ducation nationale, ou encore <\/span><span class=\"s1\">Khady Diene Gaye<\/span><span class=\"s2\"> \u00e0 la Jeunesse et aux Sports.<\/span><\/p>\n<p class=\"p1\"><span class=\"s2\">Le gouvernement Sonko II fait la part belle \u00e0 des profils jeunes, \u00e0 des technocrates aguerris mais aussi \u00e0 une repr\u00e9sentation accrue des femmes, d\u00e9sormais pr\u00e9sentes dans des minist\u00e8res strat\u00e9giques comme la Justice, la P\u00eache, la Jeunesse et la Famille. Cette inclusivit\u00e9 r\u00e9pond \u00e0 une exigence populaire de renouvellement de la classe dirigeante et d\u2019\u00e9largissement de la participation f\u00e9minine aux plus hautes responsabilit\u00e9s.<\/span><\/p>\n<p class=\"p2\"><strong><span class=\"s3\">Les priorit\u00e9s gouvernementales se dessinent<\/span><\/strong><\/p>\n<p class=\"p1\"><span class=\"s2\">Au-del\u00e0 des changements de personnes, la nouvelle \u00e9quipe traduit une hi\u00e9rarchisation claire des priorit\u00e9s nationales :<\/span><\/p>\n<ul class=\"ul1\">\n<li class=\"li1\"><span class=\"s1\">Justice<\/span><span class=\"s2\"> : mise en place de r\u00e9formes pour moderniser les institutions et renforcer l\u2019ind\u00e9pendance judiciaire.<\/span><\/li>\n<li class=\"li1\"><span class=\"s1\">S\u00e9curit\u00e9 int\u00e9rieure<\/span><span class=\"s2\"> : lutte contre l\u2019ins\u00e9curit\u00e9 et adaptation des politiques de pr\u00e9vention aux r\u00e9alit\u00e9s locales.<\/span><\/li>\n<li class=\"li1\"><span class=\"s1\">Diplomatie<\/span><span class=\"s2\"> : repositionnement du S\u00e9n\u00e9gal en Afrique et sur la sc\u00e8ne internationale, avec une diplomatie active et souveraine.<\/span><\/li>\n<li class=\"li1\"><span class=\"s1\">\u00c9conomie<\/span><span class=\"s2\"> : relance de l\u2019investissement public, r\u00e9organisation des finances et soutien accru \u00e0 l\u2019\u00e9conomie sociale et solidaire.<\/span><\/li>\n<li class=\"li1\"><span class=\"s1\">\u00c9cologie et ressources<\/span><span class=\"s2\"> : la transition \u00e9nerg\u00e9tique, l\u2019exploitation ma\u00eetris\u00e9e du p\u00e9trole et du gaz, ainsi que la gestion durable des terres et des ressources hydriques deviennent des chantiers centraux.<\/span><\/li>\n<li class=\"li1\"><span class=\"s1\">\u00c9ducation et innovation<\/span><span class=\"s2\"> : renforcement de la qualit\u00e9 de l\u2019enseignement, modernisation des infrastructures scolaires et appui \u00e0 la recherche scientifique.<\/span><\/li>\n<\/ul>\n<p class=\"p1\"><span class=\"s2\">Ce remaniement illustre l\u2019\u00e9quilibre recherch\u00e9 par le tandem Diomaye\u2013Sonko : pr\u00e9server la coh\u00e9sion gouvernementale, tout en injectant un sang neuf indispensable pour affronter les d\u00e9fis du quinquennat. L\u2019entr\u00e9e de personnalit\u00e9s issues de divers horizons politiques et professionnels donne un caract\u00e8re pluraliste \u00e0 l\u2019\u00e9quipe, renfor\u00e7ant son assise nationale.<\/span><\/p>\n<p class=\"p1\"><span class=\"s2\">Le gouvernement Sonko II se pr\u00e9sente ainsi comme une \u00e9quipe de mission, charg\u00e9e de transformer les ambitions affich\u00e9es lors de la campagne \u00e9lectorale en r\u00e9sultats concrets. Les prochains mois seront d\u00e9cisifs pour mesurer l\u2019efficacit\u00e9 de cette nouvelle configuration et la capacit\u00e9 du Premier ministre \u00e0 coordonner des minist\u00e8res strat\u00e9giques aux enjeux lourds et complexes.<\/span><\/p>\n<p class=\"p1\"><span class=\"s2\">Ce remaniement traduit une volont\u00e9 de continuit\u00e9 et de rupture \u00e0 la fois : continuit\u00e9 dans le leadership d\u2019Ousmane Sonko, rupture par l\u2019arriv\u00e9e de nouvelles figures, le renforcement de la place des femmes et la mise en avant des secteurs cl\u00e9s pour l\u2019avenir du S\u00e9n\u00e9gal.<\/span><\/p>\n<p style=\"text-align: right;\" data-start=\"2840\" data-end=\"3086\"><strong>Par Vox Sahel<\/strong><\/p>\n","protected":false},"excerpt":{"rendered":"<p>La Pr\u00e9sidence du S\u00e9n\u00e9gal a confirm\u00e9, ce dimanche soir, la nouvelle composition du gouvernement dirig\u00e9<\/p>\n","protected":false},"author":2,"featured_media":2691,"comment_status":"open","ping_status":"open","sticky":false,"template":"","format":"standard","meta":{"_et_pb_use_builder":"","_et_pb_old_content":"","_et_gb_content_width":"","footnotes":""},"categories":[15],"tags":[76,74],"class_list":["post-2689","post","type-post","status-publish","format-standard","has-post-thumbnail","hentry","category-international","tag-bassirou-diomaye-faye","tag-senegal"],"yoast_head":"<!-- This site is optimized with the Yoast SEO plugin v27.5 - https:\/\/yoast.com\/product\/yoast-seo-wordpress\/ -->\n<title>S\u00e9n\u00e9gal : le gouvernement Sonko II officiellement d\u00e9voil\u00e9 - Vox Sahel<\/title>\n<meta name=\"robots\" content=\"index, follow, max-snippet:-1, max-image-preview:large, max-video-preview:-1\" \/>\n<link rel=\"canonical\" href=\"https:\/\/voxsahel.com\/?p=2689\" \/>\n<meta property=\"og:locale\" content=\"fr_FR\" \/>\n<meta property=\"og:type\" content=\"article\" \/>\n<meta property=\"og:title\" content=\"S\u00e9n\u00e9gal : le gouvernement Sonko II officiellement d\u00e9voil\u00e9 - Vox Sahel\" \/>\n<meta property=\"og:description\" content=\"La Pr\u00e9sidence du S\u00e9n\u00e9gal a confirm\u00e9, ce dimanche soir, la nouvelle composition du gouvernement dirig\u00e9\" \/>\n<meta property=\"og:url\" content=\"https:\/\/voxsahel.com\/?p=2689\" \/>\n<meta property=\"og:site_name\" content=\"Vox Sahel\" \/>\n<meta property=\"article:publisher\" content=\"https:\/\/www.facebook.com\/journal.voxsahel\" \/>\n<meta property=\"article:published_time\" content=\"2025-09-06T23:55:02+00:00\" \/>\n<meta property=\"article:modified_time\" content=\"2025-09-07T07:15:26+00:00\" \/>\n<meta property=\"og:image\" content=\"https:\/\/voxsahel.com\/wp-content\/uploads\/2025\/09\/IMG_5965.jpeg\" \/>\n\t<meta property=\"og:image:width\" content=\"639\" \/>\n\t<meta property=\"og:image:height\" content=\"426\" \/>\n\t<meta property=\"og:image:type\" content=\"image\/jpeg\" \/>\n<meta name=\"author\" content=\"Vox Sahel\" \/>\n<meta name=\"twitter:card\" content=\"summary_large_image\" \/>\n<meta name=\"twitter:label1\" content=\"\u00c9crit par\" \/>\n\t<meta name=\"twitter:data1\" content=\"Vox Sahel\" \/>\n\t<meta name=\"twitter:label2\" content=\"Dur\u00e9e de lecture estim\u00e9e\" \/>\n\t<meta name=\"twitter:data2\" content=\"4 minutes\" \/>\n<script type=\"application\/ld+json\" class=\"yoast-schema-graph\">{\"@context\":\"https:\\\/\\\/schema.org\",\"@graph\":[{\"@type\":\"Article\",\"@id\":\"https:\\\/\\\/voxsahel.com\\\/?p=2689#article\",\"isPartOf\":{\"@id\":\"https:\\\/\\\/voxsahel.com\\\/?p=2689\"},\"author\":{\"name\":\"Vox Sahel\",\"@id\":\"https:\\\/\\\/voxsahel.com\\\/#\\\/schema\\\/person\\\/b4043608248f8fa227cd760e7ff1e19e\"},\"headline\":\"S\u00e9n\u00e9gal : le gouvernement Sonko II officiellement d\u00e9voil\u00e9\",\"datePublished\":\"2025-09-06T23:55:02+00:00\",\"dateModified\":\"2025-09-07T07:15:26+00:00\",\"mainEntityOfPage\":{\"@id\":\"https:\\\/\\\/voxsahel.com\\\/?p=2689\"},\"wordCount\":796,\"commentCount\":0,\"publisher\":{\"@id\":\"https:\\\/\\\/voxsahel.com\\\/#organization\"},\"image\":{\"@id\":\"https:\\\/\\\/voxsahel.com\\\/?p=2689#primaryimage\"},\"thumbnailUrl\":\"https:\\\/\\\/voxsahel.com\\\/wp-content\\\/uploads\\\/2025\\\/09\\\/IMG_5965.jpeg\",\"keywords\":[\"Bassirou Diomaye Faye\",\"S\u00e9n\u00e9gal\"],\"articleSection\":[\"INTERNATIONAL\"],\"inLanguage\":\"fr-FR\",\"potentialAction\":[{\"@type\":\"CommentAction\",\"name\":\"Comment\",\"target\":[\"https:\\\/\\\/voxsahel.com\\\/?p=2689#respond\"]}]},{\"@type\":\"WebPage\",\"@id\":\"https:\\\/\\\/voxsahel.com\\\/?p=2689\",\"url\":\"https:\\\/\\\/voxsahel.com\\\/?p=2689\",\"name\":\"S\u00e9n\u00e9gal : le gouvernement Sonko II officiellement d\u00e9voil\u00e9 - Vox Sahel\",\"isPartOf\":{\"@id\":\"https:\\\/\\\/voxsahel.com\\\/#website\"},\"primaryImageOfPage\":{\"@id\":\"https:\\\/\\\/voxsahel.com\\\/?p=2689#primaryimage\"},\"image\":{\"@id\":\"https:\\\/\\\/voxsahel.com\\\/?p=2689#primaryimage\"},\"thumbnailUrl\":\"https:\\\/\\\/voxsahel.com\\\/wp-content\\\/uploads\\\/2025\\\/09\\\/IMG_5965.jpeg\",\"datePublished\":\"2025-09-06T23:55:02+00:00\",\"dateModified\":\"2025-09-07T07:15:26+00:00\",\"breadcrumb\":{\"@id\":\"https:\\\/\\\/voxsahel.com\\\/?p=2689#breadcrumb\"},\"inLanguage\":\"fr-FR\",\"potentialAction\":[{\"@type\":\"ReadAction\",\"target\":[\"https:\\\/\\\/voxsahel.com\\\/?p=2689\"]}]},{\"@type\":\"ImageObject\",\"inLanguage\":\"fr-FR\",\"@id\":\"https:\\\/\\\/voxsahel.com\\\/?p=2689#primaryimage\",\"url\":\"https:\\\/\\\/voxsahel.com\\\/wp-content\\\/uploads\\\/2025\\\/09\\\/IMG_5965.jpeg\",\"contentUrl\":\"https:\\\/\\\/voxsahel.com\\\/wp-content\\\/uploads\\\/2025\\\/09\\\/IMG_5965.jpeg\",\"width\":639,\"height\":426},{\"@type\":\"BreadcrumbList\",\"@id\":\"https:\\\/\\\/voxsahel.com\\\/?p=2689#breadcrumb\",\"itemListElement\":[{\"@type\":\"ListItem\",\"position\":1,\"name\":\"Home\",\"item\":\"https:\\\/\\\/voxsahel.com\\\/\"},{\"@type\":\"ListItem\",\"position\":2,\"name\":\"S\u00e9n\u00e9gal : le gouvernement Sonko II officiellement d\u00e9voil\u00e9\"}]},{\"@type\":\"WebSite\",\"@id\":\"https:\\\/\\\/voxsahel.com\\\/#website\",\"url\":\"https:\\\/\\\/voxsahel.com\\\/\",\"name\":\"Vox Sahel\",\"description\":\"Informez-vous sur le Sahel en un clic\",\"publisher\":{\"@id\":\"https:\\\/\\\/voxsahel.com\\\/#organization\"},\"potentialAction\":[{\"@type\":\"SearchAction\",\"target\":{\"@type\":\"EntryPoint\",\"urlTemplate\":\"https:\\\/\\\/voxsahel.com\\\/?s={search_term_string}\"},\"query-input\":{\"@type\":\"PropertyValueSpecification\",\"valueRequired\":true,\"valueName\":\"search_term_string\"}}],\"inLanguage\":\"fr-FR\"},{\"@type\":\"Organization\",\"@id\":\"https:\\\/\\\/voxsahel.com\\\/#organization\",\"name\":\"Vox Sahel\",\"url\":\"https:\\\/\\\/voxsahel.com\\\/\",\"logo\":{\"@type\":\"ImageObject\",\"inLanguage\":\"fr-FR\",\"@id\":\"https:\\\/\\\/voxsahel.com\\\/#\\\/schema\\\/logo\\\/image\\\/\",\"url\":\"https:\\\/\\\/voxsahel.com\\\/wp-content\\\/uploads\\\/2024\\\/09\\\/Logo-Vox-Sahel.jpg\",\"contentUrl\":\"https:\\\/\\\/voxsahel.com\\\/wp-content\\\/uploads\\\/2024\\\/09\\\/Logo-Vox-Sahel.jpg\",\"width\":1181,\"height\":848,\"caption\":\"Vox Sahel\"},\"image\":{\"@id\":\"https:\\\/\\\/voxsahel.com\\\/#\\\/schema\\\/logo\\\/image\\\/\"},\"sameAs\":[\"https:\\\/\\\/www.facebook.com\\\/journal.voxsahel\"]},{\"@type\":\"Person\",\"@id\":\"https:\\\/\\\/voxsahel.com\\\/#\\\/schema\\\/person\\\/b4043608248f8fa227cd760e7ff1e19e\",\"name\":\"Vox Sahel\",\"image\":{\"@type\":\"ImageObject\",\"inLanguage\":\"fr-FR\",\"@id\":\"https:\\\/\\\/secure.gravatar.com\\\/avatar\\\/f70e7fa0cb9b29d4a7c5788d6eb2e9ab4d3135cbae1c9161810fdf77a8964699?s=96&d=mm&r=g\",\"url\":\"https:\\\/\\\/secure.gravatar.com\\\/avatar\\\/f70e7fa0cb9b29d4a7c5788d6eb2e9ab4d3135cbae1c9161810fdf77a8964699?s=96&d=mm&r=g\",\"contentUrl\":\"https:\\\/\\\/secure.gravatar.com\\\/avatar\\\/f70e7fa0cb9b29d4a7c5788d6eb2e9ab4d3135cbae1c9161810fdf77a8964699?s=96&d=mm&r=g\",\"caption\":\"Vox Sahel\"},\"sameAs\":[\"http:\\\/\\\/www.voxsahel.com\"],\"url\":\"https:\\\/\\\/voxsahel.com\\\/?author=2\"}]}<\/script>\n<!-- \/ Yoast SEO plugin. -->","yoast_head_json":{"title":"S\u00e9n\u00e9gal : le gouvernement Sonko II officiellement d\u00e9voil\u00e9 - Vox Sahel","robots":{"index":"index","follow":"follow","max-snippet":"max-snippet:-1","max-image-preview":"max-image-preview:large","max-video-preview":"max-video-preview:-1"},"canonical":"https:\/\/voxsahel.com\/?p=2689","og_locale":"fr_FR","og_type":"article","og_title":"S\u00e9n\u00e9gal : le gouvernement Sonko II officiellement d\u00e9voil\u00e9 - Vox Sahel","og_description":"La Pr\u00e9sidence du S\u00e9n\u00e9gal a confirm\u00e9, ce dimanche soir, la nouvelle composition du gouvernement dirig\u00e9","og_url":"https:\/\/voxsahel.com\/?p=2689","og_site_name":"Vox Sahel","article_publisher":"https:\/\/www.facebook.com\/journal.voxsahel","article_published_time":"2025-09-06T23:55:02+00:00","article_modified_time":"2025-09-07T07:15:26+00:00","og_image":[{"width":639,"height":426,"url":"https:\/\/voxsahel.com\/wp-content\/uploads\/2025\/09\/IMG_5965.jpeg","type":"image\/jpeg"}],"author":"Vox Sahel","twitter_card":"summary_large_image","twitter_misc":{"\u00c9crit par":"Vox Sahel","Dur\u00e9e de lecture estim\u00e9e":"4 minutes"},"schema":{"@context":"https:\/\/schema.org","@graph":[{"@type":"Article","@id":"https:\/\/voxsahel.com\/?p=2689#article","isPartOf":{"@id":"https:\/\/voxsahel.com\/?p=2689"},"author":{"name":"Vox Sahel","@id":"https:\/\/voxsahel.com\/#\/schema\/person\/b4043608248f8fa227cd760e7ff1e19e"},"headline":"S\u00e9n\u00e9gal : le gouvernement Sonko II officiellement d\u00e9voil\u00e9","datePublished":"2025-09-06T23:55:02+00:00","dateModified":"2025-09-07T07:15:26+00:00","mainEntityOfPage":{"@id":"https:\/\/voxsahel.com\/?p=2689"},"wordCount":796,"commentCount":0,"publisher":{"@id":"https:\/\/voxsahel.com\/#organization"},"image":{"@id":"https:\/\/voxsahel.com\/?p=2689#primaryimage"},"thumbnailUrl":"https:\/\/voxsahel.com\/wp-content\/uploads\/2025\/09\/IMG_5965.jpeg","keywords":["Bassirou Diomaye Faye","S\u00e9n\u00e9gal"],"articleSection":["INTERNATIONAL"],"inLanguage":"fr-FR","potentialAction":[{"@type":"CommentAction","name":"Comment","target":["https:\/\/voxsahel.com\/?p=2689#respond"]}]},{"@type":"WebPage","@id":"https:\/\/voxsahel.com\/?p=2689","url":"https:\/\/voxsahel.com\/?p=2689","name":"S\u00e9n\u00e9gal : le gouvernement Sonko II officiellement d\u00e9voil\u00e9 - Vox Sahel","isPartOf":{"@id":"https:\/\/voxsahel.com\/#website"},"primaryImageOfPage":{"@id":"https:\/\/voxsahel.com\/?p=2689#primaryimage"},"image":{"@id":"https:\/\/voxsahel.com\/?p=2689#primaryimage"},"thumbnailUrl":"https:\/\/voxsahel.com\/wp-content\/uploads\/2025\/09\/IMG_5965.jpeg","datePublished":"2025-09-06T23:55:02+00:00","dateModified":"2025-09-07T07:15:26+00:00","breadcrumb":{"@id":"https:\/\/voxsahel.com\/?p=2689#breadcrumb"},"inLanguage":"fr-FR","potentialAction":[{"@type":"ReadAction","target":["https:\/\/voxsahel.com\/?p=2689"]}]},{"@type":"ImageObject","inLanguage":"fr-FR","@id":"https:\/\/voxsahel.com\/?p=2689#primaryimage","url":"https:\/\/voxsahel.com\/wp-content\/uploads\/2025\/09\/IMG_5965.jpeg","contentUrl":"https:\/\/voxsahel.com\/wp-content\/uploads\/2025\/09\/IMG_5965.jpeg","width":639,"height":426},{"@type":"BreadcrumbList","@id":"https:\/\/voxsahel.com\/?p=2689#breadcrumb","itemListElement":[{"@type":"ListItem","position":1,"name":"Home","item":"https:\/\/voxsahel.com\/"},{"@type":"ListItem","position":2,"name":"S\u00e9n\u00e9gal : le gouvernement Sonko II officiellement d\u00e9voil\u00e9"}]},{"@type":"WebSite","@id":"https:\/\/voxsahel.com\/#website","url":"https:\/\/voxsahel.com\/","name":"Vox Sahel","description":"Informez-vous sur le Sahel en un clic","publisher":{"@id":"https:\/\/voxsahel.com\/#organization"},"potentialAction":[{"@type":"SearchAction","target":{"@type":"EntryPoint","urlTemplate":"https:\/\/voxsahel.com\/?s={search_term_string}"},"query-input":{"@type":"PropertyValueSpecification","valueRequired":true,"valueName":"search_term_string"}}],"inLanguage":"fr-FR"},{"@type":"Organization","@id":"https:\/\/voxsahel.com\/#organization","name":"Vox Sahel","url":"https:\/\/voxsahel.com\/","logo":{"@type":"ImageObject","inLanguage":"fr-FR","@id":"https:\/\/voxsahel.com\/#\/schema\/logo\/image\/","url":"https:\/\/voxsahel.com\/wp-content\/uploads\/2024\/09\/Logo-Vox-Sahel.jpg","contentUrl":"https:\/\/voxsahel.com\/wp-content\/uploads\/2024\/09\/Logo-Vox-Sahel.jpg","width":1181,"height":848,"caption":"Vox Sahel"},"image":{"@id":"https:\/\/voxsahel.com\/#\/schema\/logo\/image\/"},"sameAs":["https:\/\/www.facebook.com\/journal.voxsahel"]},{"@type":"Person","@id":"https:\/\/voxsahel.com\/#\/schema\/person\/b4043608248f8fa227cd760e7ff1e19e","name":"Vox Sahel","image":{"@type":"ImageObject","inLanguage":"fr-FR","@id":"https:\/\/secure.gravatar.com\/avatar\/f70e7fa0cb9b29d4a7c5788d6eb2e9ab4d3135cbae1c9161810fdf77a8964699?s=96&d=mm&r=g","url":"https:\/\/secure.gravatar.com\/avatar\/f70e7fa0cb9b29d4a7c5788d6eb2e9ab4d3135cbae1c9161810fdf77a8964699?s=96&d=mm&r=g","contentUrl":"https:\/\/secure.gravatar.com\/avatar\/f70e7fa0cb9b29d4a7c5788d6eb2e9ab4d3135cbae1c9161810fdf77a8964699?s=96&d=mm&r=g","caption":"Vox Sahel"},"sameAs":["http:\/\/www.voxsahel.com"],"url":"https:\/\/voxsahel.com\/?author=2"}]}},"_links":{"self":[{"href":"https:\/\/voxsahel.com\/index.php?rest_route=\/wp\/v2\/posts\/2689","targetHints":{"allow":["GET"]}}],"collection":[{"href":"https:\/\/voxsahel.com\/index.php?rest_route=\/wp\/v2\/posts"}],"about":[{"href":"https:\/\/voxsahel.com\/index.php?rest_route=\/wp\/v2\/types\/post"}],"author":[{"embeddable":true,"href":"https:\/\/voxsahel.com\/index.php?rest_route=\/wp\/v2\/users\/2"}],"replies":[{"embeddable":true,"href":"https:\/\/voxsahel.com\/index.php?rest_route=%2Fwp%2Fv2%2Fcomments&post=2689"}],"version-history":[{"count":3,"href":"https:\/\/voxsahel.com\/index.php?rest_route=\/wp\/v2\/posts\/2689\/revisions"}],"predecessor-version":[{"id":2694,"href":"https:\/\/voxsahel.com\/index.php?rest_route=\/wp\/v2\/posts\/2689\/revisions\/2694"}],"wp:featuredmedia":[{"embeddable":true,"href":"https:\/\/voxsahel.com\/index.php?rest_route=\/wp\/v2\/media\/2691"}],"wp:attachment":[{"href":"https:\/\/voxsahel.com\/index.php?rest_route=%2Fwp%2Fv2%2Fmedia&parent=2689"}],"wp:term":[{"taxonomy":"category","embeddable":true,"href":"https:\/\/voxsahel.com\/index.php?rest_route=%2Fwp%2Fv2%2Fcategories&post=2689"},{"taxonomy":"post_tag","embeddable":true,"href":"https:\/\/voxsahel.com\/index.php?rest_route=%2Fwp%2Fv2%2Ftags&post=2689"}],"curies":[{"name":"wp","href":"https:\/\/api.w.org\/{rel}","templated":true}]}}