{"id":268,"date":"2024-09-20T20:15:46","date_gmt":"2024-09-20T20:15:46","guid":{"rendered":"https:\/\/voxsahel.com\/?p=268"},"modified":"2024-09-20T20:15:46","modified_gmt":"2024-09-20T20:15:46","slug":"niger-le-gouvernement-rapporte-la-rentree-scolaire-au-28-octobre-2024-en-raison-des-inondations","status":"publish","type":"post","link":"https:\/\/voxsahel.com\/?p=268","title":{"rendered":"Niger : Le gouvernement rapporte la rentr\u00e9e scolaire au 28 octobre 2024 en raison des inondations"},"content":{"rendered":"<p>Le gouvernement nig\u00e9rien, r\u00e9uni en Conseil des ministres le jeudi 19 septembre 2024, a annonc\u00e9 le rapport de la rentr\u00e9e scolaire pour l&rsquo;ann\u00e9e 2024-2025. Initialement pr\u00e9vue pour le 2 octobre, la rentr\u00e9e a \u00e9t\u00e9 d\u00e9cal\u00e9e au 28 octobre 2024.<\/p>\n<p>Cette d\u00e9cision intervient \u00e0 la suite des inondations majeures qui ont frapp\u00e9 plusieurs r\u00e9gions du pays, rendant plusieurs salles de classe indisponibles. Certaines de ces infrastructures ont \u00e9t\u00e9 endommag\u00e9es ou sont actuellement occup\u00e9es par les sinistr\u00e9s des inondations.<\/p>\n<p>Le communiqu\u00e9 officiel indique que \u00ab plusieurs \u00e9coles ont \u00e9t\u00e9 impact\u00e9es, d&rsquo;autres occup\u00e9es par les sinistr\u00e9s en raison des inondations \u00bb. Face \u00e0 la gravit\u00e9 de la situation pluviom\u00e9trique et aux besoins humanitaires urgents, les autorit\u00e9s nig\u00e9riennes ont jug\u00e9 n\u00e9cessaire de reporter la rentr\u00e9e scolaire afin de garantir des conditions optimales pour les \u00e9l\u00e8ves et le personnel \u00e9ducatif.<\/p>\n<p>Les inondations, qui ont touch\u00e9 une grande partie du territoire nig\u00e9rien ces derni\u00e8res semaines, ont provoqu\u00e9 des d\u00e9placements de massifs de populations, particuli\u00e8rement vuln\u00e9rables en cette p\u00e9riode. Les \u00e9coles, souvent utilis\u00e9es comme centres d&rsquo;h\u00e9bergement temporaire, ne sont pour l&rsquo;heure pas en mesure d&rsquo;accueillir les \u00e9l\u00e8ves pour la rentr\u00e9e.<\/p>\n<p>Le gouvernement a annonc\u00e9 qu&rsquo;il mettrait tout en \u0153uvre pour r\u00e9habiliter les infrastructures touch\u00e9es et lib\u00e9rer les salles de classe d&rsquo;ici \u00e0 la nouvelle date de rentr\u00e9e. Il appelle \u00e9galement les partenaires techniques et financiers \u00e0 soutenir les efforts en cours pour att\u00e9nuer les cons\u00e9quences des inondations et faciliter le retour \u00e0 la normale dans le syst\u00e8me \u00e9ducatif. Avec ce rapport, le Niger esp\u00e8re offrir aux \u00e9l\u00e8ves des conditions d&rsquo;apprentissage s\u00fbres et stables d\u00e8s le 28 octobre prochain.<\/p>\n<p style=\"text-align: right;\"><strong>Par Vox Sahel<\/strong><\/p>\n","protected":false},"excerpt":{"rendered":"<p>Le gouvernement nig\u00e9rien, r\u00e9uni en Conseil des ministres le jeudi 19 septembre 2024, a annonc\u00e9<\/p>\n","protected":false},"author":2,"featured_media":269,"comment_status":"open","ping_status":"open","sticky":false,"template":"","format":"standard","meta":{"_et_pb_use_builder":"","_et_pb_old_content":"","_et_gb_content_width":"","footnotes":""},"categories":[15],"tags":[54,60,138],"class_list":["post-268","post","type-post","status-publish","format-standard","has-post-thumbnail","hentry","category-international","tag-education","tag-niger","tag-rentree-scolaire"],"yoast_head":"<!-- This site is optimized with the Yoast SEO plugin v27.5 - https:\/\/yoast.com\/product\/yoast-seo-wordpress\/ -->\n<title>Niger : Le gouvernement rapporte la rentr\u00e9e scolaire au 28 octobre 2024 en raison des inondations - Vox Sahel<\/title>\n<meta name=\"robots\" content=\"index, follow, max-snippet:-1, max-image-preview:large, max-video-preview:-1\" \/>\n<link rel=\"canonical\" href=\"https:\/\/voxsahel.com\/?p=268\" \/>\n<meta property=\"og:locale\" content=\"fr_FR\" \/>\n<meta property=\"og:type\" content=\"article\" \/>\n<meta property=\"og:title\" content=\"Niger : Le gouvernement rapporte la rentr\u00e9e scolaire au 28 octobre 2024 en raison des inondations - Vox Sahel\" \/>\n<meta property=\"og:description\" content=\"Le gouvernement nig\u00e9rien, r\u00e9uni en Conseil des ministres le jeudi 19 septembre 2024, a annonc\u00e9\" \/>\n<meta property=\"og:url\" content=\"https:\/\/voxsahel.com\/?p=268\" \/>\n<meta property=\"og:site_name\" content=\"Vox Sahel\" \/>\n<meta property=\"article:publisher\" content=\"https:\/\/www.facebook.com\/journal.voxsahel\" \/>\n<meta property=\"article:published_time\" content=\"2024-09-20T20:15:46+00:00\" \/>\n<meta property=\"og:image\" content=\"https:\/\/voxsahel.com\/wp-content\/uploads\/2024\/09\/Niger-Education.jpg\" \/>\n\t<meta property=\"og:image:width\" content=\"800\" \/>\n\t<meta property=\"og:image:height\" content=\"499\" \/>\n\t<meta property=\"og:image:type\" content=\"image\/jpeg\" \/>\n<meta name=\"author\" content=\"Vox Sahel\" \/>\n<meta name=\"twitter:card\" content=\"summary_large_image\" \/>\n<meta name=\"twitter:label1\" content=\"\u00c9crit par\" \/>\n\t<meta name=\"twitter:data1\" content=\"Vox Sahel\" \/>\n\t<meta name=\"twitter:label2\" content=\"Dur\u00e9e de lecture estim\u00e9e\" \/>\n\t<meta name=\"twitter:data2\" content=\"2 minutes\" \/>\n<script type=\"application\/ld+json\" class=\"yoast-schema-graph\">{\"@context\":\"https:\\\/\\\/schema.org\",\"@graph\":[{\"@type\":\"Article\",\"@id\":\"https:\\\/\\\/voxsahel.com\\\/?p=268#article\",\"isPartOf\":{\"@id\":\"https:\\\/\\\/voxsahel.com\\\/?p=268\"},\"author\":{\"name\":\"Vox Sahel\",\"@id\":\"https:\\\/\\\/voxsahel.com\\\/#\\\/schema\\\/person\\\/b4043608248f8fa227cd760e7ff1e19e\"},\"headline\":\"Niger : Le gouvernement rapporte la rentr\u00e9e scolaire au 28 octobre 2024 en raison des inondations\",\"datePublished\":\"2024-09-20T20:15:46+00:00\",\"mainEntityOfPage\":{\"@id\":\"https:\\\/\\\/voxsahel.com\\\/?p=268\"},\"wordCount\":316,\"commentCount\":0,\"publisher\":{\"@id\":\"https:\\\/\\\/voxsahel.com\\\/#organization\"},\"image\":{\"@id\":\"https:\\\/\\\/voxsahel.com\\\/?p=268#primaryimage\"},\"thumbnailUrl\":\"https:\\\/\\\/voxsahel.com\\\/wp-content\\\/uploads\\\/2024\\\/09\\\/Niger-Education.jpg\",\"keywords\":[\"Education\",\"Niger\",\"rentr\u00e9e scolaire\"],\"articleSection\":[\"INTERNATIONAL\"],\"inLanguage\":\"fr-FR\",\"potentialAction\":[{\"@type\":\"CommentAction\",\"name\":\"Comment\",\"target\":[\"https:\\\/\\\/voxsahel.com\\\/?p=268#respond\"]}]},{\"@type\":\"WebPage\",\"@id\":\"https:\\\/\\\/voxsahel.com\\\/?p=268\",\"url\":\"https:\\\/\\\/voxsahel.com\\\/?p=268\",\"name\":\"Niger : Le gouvernement rapporte la rentr\u00e9e scolaire au 28 octobre 2024 en raison des inondations - Vox Sahel\",\"isPartOf\":{\"@id\":\"https:\\\/\\\/voxsahel.com\\\/#website\"},\"primaryImageOfPage\":{\"@id\":\"https:\\\/\\\/voxsahel.com\\\/?p=268#primaryimage\"},\"image\":{\"@id\":\"https:\\\/\\\/voxsahel.com\\\/?p=268#primaryimage\"},\"thumbnailUrl\":\"https:\\\/\\\/voxsahel.com\\\/wp-content\\\/uploads\\\/2024\\\/09\\\/Niger-Education.jpg\",\"datePublished\":\"2024-09-20T20:15:46+00:00\",\"breadcrumb\":{\"@id\":\"https:\\\/\\\/voxsahel.com\\\/?p=268#breadcrumb\"},\"inLanguage\":\"fr-FR\",\"potentialAction\":[{\"@type\":\"ReadAction\",\"target\":[\"https:\\\/\\\/voxsahel.com\\\/?p=268\"]}]},{\"@type\":\"ImageObject\",\"inLanguage\":\"fr-FR\",\"@id\":\"https:\\\/\\\/voxsahel.com\\\/?p=268#primaryimage\",\"url\":\"https:\\\/\\\/voxsahel.com\\\/wp-content\\\/uploads\\\/2024\\\/09\\\/Niger-Education.jpg\",\"contentUrl\":\"https:\\\/\\\/voxsahel.com\\\/wp-content\\\/uploads\\\/2024\\\/09\\\/Niger-Education.jpg\",\"width\":800,\"height\":499},{\"@type\":\"BreadcrumbList\",\"@id\":\"https:\\\/\\\/voxsahel.com\\\/?p=268#breadcrumb\",\"itemListElement\":[{\"@type\":\"ListItem\",\"position\":1,\"name\":\"Home\",\"item\":\"https:\\\/\\\/voxsahel.com\\\/\"},{\"@type\":\"ListItem\",\"position\":2,\"name\":\"Niger : Le gouvernement rapporte la rentr\u00e9e scolaire au 28 octobre 2024 en raison des inondations\"}]},{\"@type\":\"WebSite\",\"@id\":\"https:\\\/\\\/voxsahel.com\\\/#website\",\"url\":\"https:\\\/\\\/voxsahel.com\\\/\",\"name\":\"Vox Sahel\",\"description\":\"Informez-vous sur le Sahel en un clic\",\"publisher\":{\"@id\":\"https:\\\/\\\/voxsahel.com\\\/#organization\"},\"potentialAction\":[{\"@type\":\"SearchAction\",\"target\":{\"@type\":\"EntryPoint\",\"urlTemplate\":\"https:\\\/\\\/voxsahel.com\\\/?s={search_term_string}\"},\"query-input\":{\"@type\":\"PropertyValueSpecification\",\"valueRequired\":true,\"valueName\":\"search_term_string\"}}],\"inLanguage\":\"fr-FR\"},{\"@type\":\"Organization\",\"@id\":\"https:\\\/\\\/voxsahel.com\\\/#organization\",\"name\":\"Vox Sahel\",\"url\":\"https:\\\/\\\/voxsahel.com\\\/\",\"logo\":{\"@type\":\"ImageObject\",\"inLanguage\":\"fr-FR\",\"@id\":\"https:\\\/\\\/voxsahel.com\\\/#\\\/schema\\\/logo\\\/image\\\/\",\"url\":\"https:\\\/\\\/voxsahel.com\\\/wp-content\\\/uploads\\\/2024\\\/09\\\/Logo-Vox-Sahel.jpg\",\"contentUrl\":\"https:\\\/\\\/voxsahel.com\\\/wp-content\\\/uploads\\\/2024\\\/09\\\/Logo-Vox-Sahel.jpg\",\"width\":1181,\"height\":848,\"caption\":\"Vox Sahel\"},\"image\":{\"@id\":\"https:\\\/\\\/voxsahel.com\\\/#\\\/schema\\\/logo\\\/image\\\/\"},\"sameAs\":[\"https:\\\/\\\/www.facebook.com\\\/journal.voxsahel\"]},{\"@type\":\"Person\",\"@id\":\"https:\\\/\\\/voxsahel.com\\\/#\\\/schema\\\/person\\\/b4043608248f8fa227cd760e7ff1e19e\",\"name\":\"Vox Sahel\",\"image\":{\"@type\":\"ImageObject\",\"inLanguage\":\"fr-FR\",\"@id\":\"https:\\\/\\\/secure.gravatar.com\\\/avatar\\\/f70e7fa0cb9b29d4a7c5788d6eb2e9ab4d3135cbae1c9161810fdf77a8964699?s=96&d=mm&r=g\",\"url\":\"https:\\\/\\\/secure.gravatar.com\\\/avatar\\\/f70e7fa0cb9b29d4a7c5788d6eb2e9ab4d3135cbae1c9161810fdf77a8964699?s=96&d=mm&r=g\",\"contentUrl\":\"https:\\\/\\\/secure.gravatar.com\\\/avatar\\\/f70e7fa0cb9b29d4a7c5788d6eb2e9ab4d3135cbae1c9161810fdf77a8964699?s=96&d=mm&r=g\",\"caption\":\"Vox Sahel\"},\"sameAs\":[\"http:\\\/\\\/www.voxsahel.com\"],\"url\":\"https:\\\/\\\/voxsahel.com\\\/?author=2\"}]}<\/script>\n<!-- \/ Yoast SEO plugin. -->","yoast_head_json":{"title":"Niger : Le gouvernement rapporte la rentr\u00e9e scolaire au 28 octobre 2024 en raison des inondations - Vox Sahel","robots":{"index":"index","follow":"follow","max-snippet":"max-snippet:-1","max-image-preview":"max-image-preview:large","max-video-preview":"max-video-preview:-1"},"canonical":"https:\/\/voxsahel.com\/?p=268","og_locale":"fr_FR","og_type":"article","og_title":"Niger : Le gouvernement rapporte la rentr\u00e9e scolaire au 28 octobre 2024 en raison des inondations - Vox Sahel","og_description":"Le gouvernement nig\u00e9rien, r\u00e9uni en Conseil des ministres le jeudi 19 septembre 2024, a annonc\u00e9","og_url":"https:\/\/voxsahel.com\/?p=268","og_site_name":"Vox Sahel","article_publisher":"https:\/\/www.facebook.com\/journal.voxsahel","article_published_time":"2024-09-20T20:15:46+00:00","og_image":[{"width":800,"height":499,"url":"https:\/\/voxsahel.com\/wp-content\/uploads\/2024\/09\/Niger-Education.jpg","type":"image\/jpeg"}],"author":"Vox Sahel","twitter_card":"summary_large_image","twitter_misc":{"\u00c9crit par":"Vox Sahel","Dur\u00e9e de lecture estim\u00e9e":"2 minutes"},"schema":{"@context":"https:\/\/schema.org","@graph":[{"@type":"Article","@id":"https:\/\/voxsahel.com\/?p=268#article","isPartOf":{"@id":"https:\/\/voxsahel.com\/?p=268"},"author":{"name":"Vox Sahel","@id":"https:\/\/voxsahel.com\/#\/schema\/person\/b4043608248f8fa227cd760e7ff1e19e"},"headline":"Niger : Le gouvernement rapporte la rentr\u00e9e scolaire au 28 octobre 2024 en raison des inondations","datePublished":"2024-09-20T20:15:46+00:00","mainEntityOfPage":{"@id":"https:\/\/voxsahel.com\/?p=268"},"wordCount":316,"commentCount":0,"publisher":{"@id":"https:\/\/voxsahel.com\/#organization"},"image":{"@id":"https:\/\/voxsahel.com\/?p=268#primaryimage"},"thumbnailUrl":"https:\/\/voxsahel.com\/wp-content\/uploads\/2024\/09\/Niger-Education.jpg","keywords":["Education","Niger","rentr\u00e9e scolaire"],"articleSection":["INTERNATIONAL"],"inLanguage":"fr-FR","potentialAction":[{"@type":"CommentAction","name":"Comment","target":["https:\/\/voxsahel.com\/?p=268#respond"]}]},{"@type":"WebPage","@id":"https:\/\/voxsahel.com\/?p=268","url":"https:\/\/voxsahel.com\/?p=268","name":"Niger : Le gouvernement rapporte la rentr\u00e9e scolaire au 28 octobre 2024 en raison des inondations - Vox Sahel","isPartOf":{"@id":"https:\/\/voxsahel.com\/#website"},"primaryImageOfPage":{"@id":"https:\/\/voxsahel.com\/?p=268#primaryimage"},"image":{"@id":"https:\/\/voxsahel.com\/?p=268#primaryimage"},"thumbnailUrl":"https:\/\/voxsahel.com\/wp-content\/uploads\/2024\/09\/Niger-Education.jpg","datePublished":"2024-09-20T20:15:46+00:00","breadcrumb":{"@id":"https:\/\/voxsahel.com\/?p=268#breadcrumb"},"inLanguage":"fr-FR","potentialAction":[{"@type":"ReadAction","target":["https:\/\/voxsahel.com\/?p=268"]}]},{"@type":"ImageObject","inLanguage":"fr-FR","@id":"https:\/\/voxsahel.com\/?p=268#primaryimage","url":"https:\/\/voxsahel.com\/wp-content\/uploads\/2024\/09\/Niger-Education.jpg","contentUrl":"https:\/\/voxsahel.com\/wp-content\/uploads\/2024\/09\/Niger-Education.jpg","width":800,"height":499},{"@type":"BreadcrumbList","@id":"https:\/\/voxsahel.com\/?p=268#breadcrumb","itemListElement":[{"@type":"ListItem","position":1,"name":"Home","item":"https:\/\/voxsahel.com\/"},{"@type":"ListItem","position":2,"name":"Niger : Le gouvernement rapporte la rentr\u00e9e scolaire au 28 octobre 2024 en raison des inondations"}]},{"@type":"WebSite","@id":"https:\/\/voxsahel.com\/#website","url":"https:\/\/voxsahel.com\/","name":"Vox Sahel","description":"Informez-vous sur le Sahel en un clic","publisher":{"@id":"https:\/\/voxsahel.com\/#organization"},"potentialAction":[{"@type":"SearchAction","target":{"@type":"EntryPoint","urlTemplate":"https:\/\/voxsahel.com\/?s={search_term_string}"},"query-input":{"@type":"PropertyValueSpecification","valueRequired":true,"valueName":"search_term_string"}}],"inLanguage":"fr-FR"},{"@type":"Organization","@id":"https:\/\/voxsahel.com\/#organization","name":"Vox Sahel","url":"https:\/\/voxsahel.com\/","logo":{"@type":"ImageObject","inLanguage":"fr-FR","@id":"https:\/\/voxsahel.com\/#\/schema\/logo\/image\/","url":"https:\/\/voxsahel.com\/wp-content\/uploads\/2024\/09\/Logo-Vox-Sahel.jpg","contentUrl":"https:\/\/voxsahel.com\/wp-content\/uploads\/2024\/09\/Logo-Vox-Sahel.jpg","width":1181,"height":848,"caption":"Vox Sahel"},"image":{"@id":"https:\/\/voxsahel.com\/#\/schema\/logo\/image\/"},"sameAs":["https:\/\/www.facebook.com\/journal.voxsahel"]},{"@type":"Person","@id":"https:\/\/voxsahel.com\/#\/schema\/person\/b4043608248f8fa227cd760e7ff1e19e","name":"Vox Sahel","image":{"@type":"ImageObject","inLanguage":"fr-FR","@id":"https:\/\/secure.gravatar.com\/avatar\/f70e7fa0cb9b29d4a7c5788d6eb2e9ab4d3135cbae1c9161810fdf77a8964699?s=96&d=mm&r=g","url":"https:\/\/secure.gravatar.com\/avatar\/f70e7fa0cb9b29d4a7c5788d6eb2e9ab4d3135cbae1c9161810fdf77a8964699?s=96&d=mm&r=g","contentUrl":"https:\/\/secure.gravatar.com\/avatar\/f70e7fa0cb9b29d4a7c5788d6eb2e9ab4d3135cbae1c9161810fdf77a8964699?s=96&d=mm&r=g","caption":"Vox Sahel"},"sameAs":["http:\/\/www.voxsahel.com"],"url":"https:\/\/voxsahel.com\/?author=2"}]}},"_links":{"self":[{"href":"https:\/\/voxsahel.com\/index.php?rest_route=\/wp\/v2\/posts\/268","targetHints":{"allow":["GET"]}}],"collection":[{"href":"https:\/\/voxsahel.com\/index.php?rest_route=\/wp\/v2\/posts"}],"about":[{"href":"https:\/\/voxsahel.com\/index.php?rest_route=\/wp\/v2\/types\/post"}],"author":[{"embeddable":true,"href":"https:\/\/voxsahel.com\/index.php?rest_route=\/wp\/v2\/users\/2"}],"replies":[{"embeddable":true,"href":"https:\/\/voxsahel.com\/index.php?rest_route=%2Fwp%2Fv2%2Fcomments&post=268"}],"version-history":[{"count":1,"href":"https:\/\/voxsahel.com\/index.php?rest_route=\/wp\/v2\/posts\/268\/revisions"}],"predecessor-version":[{"id":270,"href":"https:\/\/voxsahel.com\/index.php?rest_route=\/wp\/v2\/posts\/268\/revisions\/270"}],"wp:featuredmedia":[{"embeddable":true,"href":"https:\/\/voxsahel.com\/index.php?rest_route=\/wp\/v2\/media\/269"}],"wp:attachment":[{"href":"https:\/\/voxsahel.com\/index.php?rest_route=%2Fwp%2Fv2%2Fmedia&parent=268"}],"wp:term":[{"taxonomy":"category","embeddable":true,"href":"https:\/\/voxsahel.com\/index.php?rest_route=%2Fwp%2Fv2%2Fcategories&post=268"},{"taxonomy":"post_tag","embeddable":true,"href":"https:\/\/voxsahel.com\/index.php?rest_route=%2Fwp%2Fv2%2Ftags&post=268"}],"curies":[{"name":"wp","href":"https:\/\/api.w.org\/{rel}","templated":true}]}}