{"id":2679,"date":"2025-09-02T14:24:05","date_gmt":"2025-09-02T14:24:05","guid":{"rendered":"https:\/\/voxsahel.com\/?p=2679"},"modified":"2025-09-02T14:25:38","modified_gmt":"2025-09-02T14:25:38","slug":"burkina-faso-voici-ce-dit-le-nouveau-code-des-personnes-et-de-la-famille","status":"publish","type":"post","link":"https:\/\/voxsahel.com\/?p=2679","title":{"rendered":"Burkina Faso : Voici ce que dit le nouveau Code des personnes et de la famille"},"content":{"rendered":"<p class=\"p3\"><span class=\"s2\">Sous la pr\u00e9sidence du Dr Ousmane Bougouma, Pr\u00e9sident de l\u2019Assembl\u00e9e l\u00e9gislative de transition (ALT), les d\u00e9put\u00e9s ont adopt\u00e9 \u00e0 l\u2019unanimit\u00e9, le lundi 1er septembre 2024, le projet de loi portant Code des personnes et de la famille. Fruit d\u2019une relecture exhaustive de l\u2019ancien texte, ce nouveau code se veut une r\u00e9forme majeure du droit civil burkinab\u00e8, int\u00e9grant plus de 400 amendements et introduisant des innovations destin\u00e9es \u00e0 renforcer la protection des droits des citoyens tout en s\u2019adaptant aux r\u00e9alit\u00e9s socioculturelles et aux engagements internationaux du pays.<\/span><\/p>\n<p class=\"p1\"><span class=\"s1\">Une architecture juridique modernis\u00e9e<\/span><\/p>\n<p class=\"p3\"><span class=\"s2\">Le nouveau code est un texte volumineux comprenant <\/span><span class=\"s3\">1 113 articles<\/span><span class=\"s2\">, r\u00e9partis en <\/span><span class=\"s3\">trois parties, 17 titres et 56 chapitres<\/span><span class=\"s2\">. La premi\u00e8re partie, consacr\u00e9e aux \u00ab personnes \u00bb, aborde des th\u00e9matiques essentielles telles que les personnes physiques et morales, l\u2019identification, l\u2019\u00e9tat civil et la nationalit\u00e9. La deuxi\u00e8me partie, d\u00e9di\u00e9e \u00e0 \u00ab la famille \u00bb, couvre un champ tr\u00e8s large allant des principes g\u00e9n\u00e9raux au mariage, en passant par le divorce, la filiation, la succession et la protection des personnes vuln\u00e9rables. Enfin, la troisi\u00e8me partie traite de l\u2019application du code dans l\u2019espace et dans le temps, afin de pr\u00e9venir les conflits de lois.<\/span><\/p>\n<p class=\"p1\"><span class=\"s1\">Des innovations technologiques et administratives<\/span><\/p>\n<p class=\"p3\"><span class=\"s2\">L\u2019une des r\u00e9formes phares introduites par ce code est la <\/span><span class=\"s3\">num\u00e9risation de l\u2019\u00e9tat civil<\/span><span class=\"s2\">. Les actes de naissance, de mariage ou de d\u00e9c\u00e8s pourront d\u00e9sormais \u00eatre enregistr\u00e9s dans des registres num\u00e9riques, favorisant la fiabilit\u00e9 et la s\u00e9curisation des donn\u00e9es. Un <\/span><span class=\"s3\">identifiant unique d\u2019\u00e9tat civil<\/span><span class=\"s2\"> est institu\u00e9, dont les modalit\u00e9s d\u2019application seront pr\u00e9cis\u00e9es par d\u00e9cret en Conseil des ministres. Par ailleurs, le <\/span><span class=\"s3\">tribunal de grande instance<\/span><span class=\"s2\"> pourra d\u00e9livrer un jugement suppl\u00e9tif d\u2019acte de naissance pour les enfants burkinab\u00e8 n\u00e9s \u00e0 l\u2019\u00e9tranger et non d\u00e9clar\u00e9s, facilitant ainsi leur int\u00e9gration administrative et juridique.<\/span><\/p>\n<p class=\"p3\"><span class=\"s2\">Le code apporte \u00e9galement des ajustements notables en mati\u00e8re de nationalit\u00e9. L\u2019acquisition de la nationalit\u00e9 burkinab\u00e8 par mariage n\u2019est plus automatique. Les \u00e9trangers et apatrides ne pourront plus b\u00e9n\u00e9ficier de ce droit imm\u00e9diatement apr\u00e8s la c\u00e9l\u00e9bration du mariage. L\u2019\u00e9tablissement de la nationalit\u00e9 se fera exclusivement par <\/span><span class=\"s3\">certificat de nationalit\u00e9<\/span><span class=\"s2\">, renfor\u00e7ant ainsi la rigueur et la transparence dans ce domaine. En mati\u00e8re de filiation, le texte \u00e9largit les possibilit\u00e9s d\u2019adoption : un enfant dont la filiation est \u00e9tablie \u00e0 l\u2019\u00e9gard d\u2019un seul parent pourra faire l\u2019objet d\u2019une adoption pl\u00e9ni\u00e8re, et les majeurs, tout comme les enfants en situation particuli\u00e8re (orphelins ou dont un parent est hors d\u2019\u00e9tat de manifester sa volont\u00e9), pourront \u00eatre adopt\u00e9s sous certaines conditions.<\/span><\/p>\n<p class=\"p1\"><span class=\"s2\">Le code fixe d\u00e9sormais \u00e0 <\/span><span class=\"s3\">18 ans r\u00e9volus<\/span><span class=\"s2\"> l\u2019\u00e2ge minimum du mariage pour les deux sexes, sauf d\u00e9rogation accord\u00e9e par un juge. Il interdit et sanctionne les comportements jug\u00e9s contraires \u00e0 la structuration familiale, notamment ceux li\u00e9s \u00e0 la promotion des pratiques homosexuelles et assimil\u00e9es. Le texte ouvre aussi la possibilit\u00e9 de <\/span><span class=\"s3\">transcrire les mariages religieux et coutumiers<\/span><span class=\"s2\"> afin de les placer sous l\u2019empire du droit civil, renfor\u00e7ant ainsi leur reconnaissance officielle.<\/span><\/p>\n<p class=\"p3\"><span class=\"s2\">En mati\u00e8re successorale, une innovation importante est introduite : les parents du d\u00e9funt pourront d\u00e9sormais \u00eatre appel\u00e9s \u00e0 la succession en concurrence avec les descendants et le conjoint survivant, offrant une meilleure prise en compte des r\u00e9alit\u00e9s familiales et sociales.<\/span><\/p>\n<p class=\"p1\"><span class=\"s2\">\u00c0 l\u2019issue de d\u00e9bats approfondis et d\u2019un examen minutieux, les d\u00e9put\u00e9s ont adopt\u00e9 le texte <\/span><span class=\"s3\">\u00e0 l\u2019unanimit\u00e9 des 71 votants pr\u00e9sents<\/span><span class=\"s2\">. Cette adoption illustre l\u2019importance accord\u00e9e par l\u2019Assembl\u00e9e \u00e0 cette r\u00e9forme, qui ambitionne de concilier modernit\u00e9, respect des valeurs endog\u00e8nes et conformit\u00e9 aux engagements internationaux du Burkina Faso.<\/span><\/p>\n<p class=\"p3\"><span class=\"s2\">En modernisant son Code des personnes et de la famille, le Burkina Faso franchit une \u00e9tape d\u00e9terminante dans la consolidation de son syst\u00e8me juridique. Ce texte devrait non seulement faciliter l\u2019administration civile et familiale, mais aussi renforcer la protection des droits des citoyens et l\u2019ancrage des valeurs sociales et culturelles qui fondent la nation.<\/span><\/p>\n<p style=\"text-align: right;\"><b>Par Vox Sahel<\/b><\/p>\n","protected":false},"excerpt":{"rendered":"<p>Sous la pr\u00e9sidence du Dr Ousmane Bougouma, Pr\u00e9sident de l\u2019Assembl\u00e9e l\u00e9gislative de transition (ALT), les<\/p>\n","protected":false},"author":2,"featured_media":2682,"comment_status":"open","ping_status":"open","sticky":false,"template":"","format":"standard","meta":{"_et_pb_use_builder":"","_et_pb_old_content":"","_et_gb_content_width":"","footnotes":""},"categories":[5],"tags":[18,905,381],"class_list":["post-2679","post","type-post","status-publish","format-standard","has-post-thumbnail","hentry","category-societe","tag-burkina-faso","tag-code-des-personnes-et-de-la-famille","tag-justice"],"yoast_head":"<!-- This site is optimized with the Yoast SEO plugin v27.5 - https:\/\/yoast.com\/product\/yoast-seo-wordpress\/ -->\n<title>Burkina Faso : Voici ce que dit le nouveau Code des personnes et de la famille - Vox Sahel<\/title>\n<meta name=\"robots\" content=\"index, follow, max-snippet:-1, max-image-preview:large, max-video-preview:-1\" \/>\n<link rel=\"canonical\" href=\"https:\/\/voxsahel.com\/?p=2679\" \/>\n<meta property=\"og:locale\" content=\"fr_FR\" \/>\n<meta property=\"og:type\" content=\"article\" \/>\n<meta property=\"og:title\" content=\"Burkina Faso : Voici ce que dit le nouveau Code des personnes et de la famille - Vox Sahel\" \/>\n<meta property=\"og:description\" content=\"Sous la pr\u00e9sidence du Dr Ousmane Bougouma, Pr\u00e9sident de l\u2019Assembl\u00e9e l\u00e9gislative de transition (ALT), les\" \/>\n<meta property=\"og:url\" content=\"https:\/\/voxsahel.com\/?p=2679\" \/>\n<meta property=\"og:site_name\" content=\"Vox Sahel\" \/>\n<meta property=\"article:publisher\" content=\"https:\/\/www.facebook.com\/journal.voxsahel\" \/>\n<meta property=\"article:published_time\" content=\"2025-09-02T14:24:05+00:00\" \/>\n<meta property=\"article:modified_time\" content=\"2025-09-02T14:25:38+00:00\" \/>\n<meta property=\"og:image\" content=\"https:\/\/voxsahel.com\/wp-content\/uploads\/2025\/09\/3761a669-d615-4ef7-b049-279ebaaff760.jpeg\" \/>\n\t<meta property=\"og:image:width\" content=\"1600\" \/>\n\t<meta property=\"og:image:height\" content=\"1066\" \/>\n\t<meta property=\"og:image:type\" content=\"image\/jpeg\" \/>\n<meta name=\"author\" content=\"Vox Sahel\" \/>\n<meta name=\"twitter:card\" content=\"summary_large_image\" \/>\n<meta name=\"twitter:label1\" content=\"\u00c9crit par\" \/>\n\t<meta name=\"twitter:data1\" content=\"Vox Sahel\" \/>\n\t<meta name=\"twitter:label2\" content=\"Dur\u00e9e de lecture estim\u00e9e\" \/>\n\t<meta name=\"twitter:data2\" content=\"4 minutes\" \/>\n<script type=\"application\/ld+json\" class=\"yoast-schema-graph\">{\"@context\":\"https:\\\/\\\/schema.org\",\"@graph\":[{\"@type\":\"Article\",\"@id\":\"https:\\\/\\\/voxsahel.com\\\/?p=2679#article\",\"isPartOf\":{\"@id\":\"https:\\\/\\\/voxsahel.com\\\/?p=2679\"},\"author\":{\"name\":\"Vox Sahel\",\"@id\":\"https:\\\/\\\/voxsahel.com\\\/#\\\/schema\\\/person\\\/b4043608248f8fa227cd760e7ff1e19e\"},\"headline\":\"Burkina Faso : Voici ce que dit le nouveau Code des personnes et de la famille\",\"datePublished\":\"2025-09-02T14:24:05+00:00\",\"dateModified\":\"2025-09-02T14:25:38+00:00\",\"mainEntityOfPage\":{\"@id\":\"https:\\\/\\\/voxsahel.com\\\/?p=2679\"},\"wordCount\":724,\"commentCount\":0,\"publisher\":{\"@id\":\"https:\\\/\\\/voxsahel.com\\\/#organization\"},\"image\":{\"@id\":\"https:\\\/\\\/voxsahel.com\\\/?p=2679#primaryimage\"},\"thumbnailUrl\":\"https:\\\/\\\/voxsahel.com\\\/wp-content\\\/uploads\\\/2025\\\/09\\\/3761a669-d615-4ef7-b049-279ebaaff760.jpeg\",\"keywords\":[\"Burkina Faso\",\"Code des personnes et de la famille\",\"Justice\"],\"articleSection\":[\"SOCIETE\"],\"inLanguage\":\"fr-FR\",\"potentialAction\":[{\"@type\":\"CommentAction\",\"name\":\"Comment\",\"target\":[\"https:\\\/\\\/voxsahel.com\\\/?p=2679#respond\"]}]},{\"@type\":\"WebPage\",\"@id\":\"https:\\\/\\\/voxsahel.com\\\/?p=2679\",\"url\":\"https:\\\/\\\/voxsahel.com\\\/?p=2679\",\"name\":\"Burkina Faso : Voici ce que dit le nouveau Code des personnes et de la famille - Vox Sahel\",\"isPartOf\":{\"@id\":\"https:\\\/\\\/voxsahel.com\\\/#website\"},\"primaryImageOfPage\":{\"@id\":\"https:\\\/\\\/voxsahel.com\\\/?p=2679#primaryimage\"},\"image\":{\"@id\":\"https:\\\/\\\/voxsahel.com\\\/?p=2679#primaryimage\"},\"thumbnailUrl\":\"https:\\\/\\\/voxsahel.com\\\/wp-content\\\/uploads\\\/2025\\\/09\\\/3761a669-d615-4ef7-b049-279ebaaff760.jpeg\",\"datePublished\":\"2025-09-02T14:24:05+00:00\",\"dateModified\":\"2025-09-02T14:25:38+00:00\",\"breadcrumb\":{\"@id\":\"https:\\\/\\\/voxsahel.com\\\/?p=2679#breadcrumb\"},\"inLanguage\":\"fr-FR\",\"potentialAction\":[{\"@type\":\"ReadAction\",\"target\":[\"https:\\\/\\\/voxsahel.com\\\/?p=2679\"]}]},{\"@type\":\"ImageObject\",\"inLanguage\":\"fr-FR\",\"@id\":\"https:\\\/\\\/voxsahel.com\\\/?p=2679#primaryimage\",\"url\":\"https:\\\/\\\/voxsahel.com\\\/wp-content\\\/uploads\\\/2025\\\/09\\\/3761a669-d615-4ef7-b049-279ebaaff760.jpeg\",\"contentUrl\":\"https:\\\/\\\/voxsahel.com\\\/wp-content\\\/uploads\\\/2025\\\/09\\\/3761a669-d615-4ef7-b049-279ebaaff760.jpeg\",\"width\":1600,\"height\":1066},{\"@type\":\"BreadcrumbList\",\"@id\":\"https:\\\/\\\/voxsahel.com\\\/?p=2679#breadcrumb\",\"itemListElement\":[{\"@type\":\"ListItem\",\"position\":1,\"name\":\"Home\",\"item\":\"https:\\\/\\\/voxsahel.com\\\/\"},{\"@type\":\"ListItem\",\"position\":2,\"name\":\"Burkina Faso : Voici ce que dit le nouveau Code des personnes et de la famille\"}]},{\"@type\":\"WebSite\",\"@id\":\"https:\\\/\\\/voxsahel.com\\\/#website\",\"url\":\"https:\\\/\\\/voxsahel.com\\\/\",\"name\":\"Vox Sahel\",\"description\":\"Informez-vous sur le Sahel en un clic\",\"publisher\":{\"@id\":\"https:\\\/\\\/voxsahel.com\\\/#organization\"},\"potentialAction\":[{\"@type\":\"SearchAction\",\"target\":{\"@type\":\"EntryPoint\",\"urlTemplate\":\"https:\\\/\\\/voxsahel.com\\\/?s={search_term_string}\"},\"query-input\":{\"@type\":\"PropertyValueSpecification\",\"valueRequired\":true,\"valueName\":\"search_term_string\"}}],\"inLanguage\":\"fr-FR\"},{\"@type\":\"Organization\",\"@id\":\"https:\\\/\\\/voxsahel.com\\\/#organization\",\"name\":\"Vox Sahel\",\"url\":\"https:\\\/\\\/voxsahel.com\\\/\",\"logo\":{\"@type\":\"ImageObject\",\"inLanguage\":\"fr-FR\",\"@id\":\"https:\\\/\\\/voxsahel.com\\\/#\\\/schema\\\/logo\\\/image\\\/\",\"url\":\"https:\\\/\\\/voxsahel.com\\\/wp-content\\\/uploads\\\/2024\\\/09\\\/Logo-Vox-Sahel.jpg\",\"contentUrl\":\"https:\\\/\\\/voxsahel.com\\\/wp-content\\\/uploads\\\/2024\\\/09\\\/Logo-Vox-Sahel.jpg\",\"width\":1181,\"height\":848,\"caption\":\"Vox Sahel\"},\"image\":{\"@id\":\"https:\\\/\\\/voxsahel.com\\\/#\\\/schema\\\/logo\\\/image\\\/\"},\"sameAs\":[\"https:\\\/\\\/www.facebook.com\\\/journal.voxsahel\"]},{\"@type\":\"Person\",\"@id\":\"https:\\\/\\\/voxsahel.com\\\/#\\\/schema\\\/person\\\/b4043608248f8fa227cd760e7ff1e19e\",\"name\":\"Vox Sahel\",\"image\":{\"@type\":\"ImageObject\",\"inLanguage\":\"fr-FR\",\"@id\":\"https:\\\/\\\/secure.gravatar.com\\\/avatar\\\/f70e7fa0cb9b29d4a7c5788d6eb2e9ab4d3135cbae1c9161810fdf77a8964699?s=96&d=mm&r=g\",\"url\":\"https:\\\/\\\/secure.gravatar.com\\\/avatar\\\/f70e7fa0cb9b29d4a7c5788d6eb2e9ab4d3135cbae1c9161810fdf77a8964699?s=96&d=mm&r=g\",\"contentUrl\":\"https:\\\/\\\/secure.gravatar.com\\\/avatar\\\/f70e7fa0cb9b29d4a7c5788d6eb2e9ab4d3135cbae1c9161810fdf77a8964699?s=96&d=mm&r=g\",\"caption\":\"Vox Sahel\"},\"sameAs\":[\"http:\\\/\\\/www.voxsahel.com\"],\"url\":\"https:\\\/\\\/voxsahel.com\\\/?author=2\"}]}<\/script>\n<!-- \/ Yoast SEO plugin. -->","yoast_head_json":{"title":"Burkina Faso : Voici ce que dit le nouveau Code des personnes et de la famille - Vox Sahel","robots":{"index":"index","follow":"follow","max-snippet":"max-snippet:-1","max-image-preview":"max-image-preview:large","max-video-preview":"max-video-preview:-1"},"canonical":"https:\/\/voxsahel.com\/?p=2679","og_locale":"fr_FR","og_type":"article","og_title":"Burkina Faso : Voici ce que dit le nouveau Code des personnes et de la famille - Vox Sahel","og_description":"Sous la pr\u00e9sidence du Dr Ousmane Bougouma, Pr\u00e9sident de l\u2019Assembl\u00e9e l\u00e9gislative de transition (ALT), les","og_url":"https:\/\/voxsahel.com\/?p=2679","og_site_name":"Vox Sahel","article_publisher":"https:\/\/www.facebook.com\/journal.voxsahel","article_published_time":"2025-09-02T14:24:05+00:00","article_modified_time":"2025-09-02T14:25:38+00:00","og_image":[{"width":1600,"height":1066,"url":"https:\/\/voxsahel.com\/wp-content\/uploads\/2025\/09\/3761a669-d615-4ef7-b049-279ebaaff760.jpeg","type":"image\/jpeg"}],"author":"Vox Sahel","twitter_card":"summary_large_image","twitter_misc":{"\u00c9crit par":"Vox Sahel","Dur\u00e9e de lecture estim\u00e9e":"4 minutes"},"schema":{"@context":"https:\/\/schema.org","@graph":[{"@type":"Article","@id":"https:\/\/voxsahel.com\/?p=2679#article","isPartOf":{"@id":"https:\/\/voxsahel.com\/?p=2679"},"author":{"name":"Vox Sahel","@id":"https:\/\/voxsahel.com\/#\/schema\/person\/b4043608248f8fa227cd760e7ff1e19e"},"headline":"Burkina Faso : Voici ce que dit le nouveau Code des personnes et de la famille","datePublished":"2025-09-02T14:24:05+00:00","dateModified":"2025-09-02T14:25:38+00:00","mainEntityOfPage":{"@id":"https:\/\/voxsahel.com\/?p=2679"},"wordCount":724,"commentCount":0,"publisher":{"@id":"https:\/\/voxsahel.com\/#organization"},"image":{"@id":"https:\/\/voxsahel.com\/?p=2679#primaryimage"},"thumbnailUrl":"https:\/\/voxsahel.com\/wp-content\/uploads\/2025\/09\/3761a669-d615-4ef7-b049-279ebaaff760.jpeg","keywords":["Burkina Faso","Code des personnes et de la famille","Justice"],"articleSection":["SOCIETE"],"inLanguage":"fr-FR","potentialAction":[{"@type":"CommentAction","name":"Comment","target":["https:\/\/voxsahel.com\/?p=2679#respond"]}]},{"@type":"WebPage","@id":"https:\/\/voxsahel.com\/?p=2679","url":"https:\/\/voxsahel.com\/?p=2679","name":"Burkina Faso : Voici ce que dit le nouveau Code des personnes et de la famille - Vox Sahel","isPartOf":{"@id":"https:\/\/voxsahel.com\/#website"},"primaryImageOfPage":{"@id":"https:\/\/voxsahel.com\/?p=2679#primaryimage"},"image":{"@id":"https:\/\/voxsahel.com\/?p=2679#primaryimage"},"thumbnailUrl":"https:\/\/voxsahel.com\/wp-content\/uploads\/2025\/09\/3761a669-d615-4ef7-b049-279ebaaff760.jpeg","datePublished":"2025-09-02T14:24:05+00:00","dateModified":"2025-09-02T14:25:38+00:00","breadcrumb":{"@id":"https:\/\/voxsahel.com\/?p=2679#breadcrumb"},"inLanguage":"fr-FR","potentialAction":[{"@type":"ReadAction","target":["https:\/\/voxsahel.com\/?p=2679"]}]},{"@type":"ImageObject","inLanguage":"fr-FR","@id":"https:\/\/voxsahel.com\/?p=2679#primaryimage","url":"https:\/\/voxsahel.com\/wp-content\/uploads\/2025\/09\/3761a669-d615-4ef7-b049-279ebaaff760.jpeg","contentUrl":"https:\/\/voxsahel.com\/wp-content\/uploads\/2025\/09\/3761a669-d615-4ef7-b049-279ebaaff760.jpeg","width":1600,"height":1066},{"@type":"BreadcrumbList","@id":"https:\/\/voxsahel.com\/?p=2679#breadcrumb","itemListElement":[{"@type":"ListItem","position":1,"name":"Home","item":"https:\/\/voxsahel.com\/"},{"@type":"ListItem","position":2,"name":"Burkina Faso : Voici ce que dit le nouveau Code des personnes et de la famille"}]},{"@type":"WebSite","@id":"https:\/\/voxsahel.com\/#website","url":"https:\/\/voxsahel.com\/","name":"Vox Sahel","description":"Informez-vous sur le Sahel en un clic","publisher":{"@id":"https:\/\/voxsahel.com\/#organization"},"potentialAction":[{"@type":"SearchAction","target":{"@type":"EntryPoint","urlTemplate":"https:\/\/voxsahel.com\/?s={search_term_string}"},"query-input":{"@type":"PropertyValueSpecification","valueRequired":true,"valueName":"search_term_string"}}],"inLanguage":"fr-FR"},{"@type":"Organization","@id":"https:\/\/voxsahel.com\/#organization","name":"Vox Sahel","url":"https:\/\/voxsahel.com\/","logo":{"@type":"ImageObject","inLanguage":"fr-FR","@id":"https:\/\/voxsahel.com\/#\/schema\/logo\/image\/","url":"https:\/\/voxsahel.com\/wp-content\/uploads\/2024\/09\/Logo-Vox-Sahel.jpg","contentUrl":"https:\/\/voxsahel.com\/wp-content\/uploads\/2024\/09\/Logo-Vox-Sahel.jpg","width":1181,"height":848,"caption":"Vox Sahel"},"image":{"@id":"https:\/\/voxsahel.com\/#\/schema\/logo\/image\/"},"sameAs":["https:\/\/www.facebook.com\/journal.voxsahel"]},{"@type":"Person","@id":"https:\/\/voxsahel.com\/#\/schema\/person\/b4043608248f8fa227cd760e7ff1e19e","name":"Vox Sahel","image":{"@type":"ImageObject","inLanguage":"fr-FR","@id":"https:\/\/secure.gravatar.com\/avatar\/f70e7fa0cb9b29d4a7c5788d6eb2e9ab4d3135cbae1c9161810fdf77a8964699?s=96&d=mm&r=g","url":"https:\/\/secure.gravatar.com\/avatar\/f70e7fa0cb9b29d4a7c5788d6eb2e9ab4d3135cbae1c9161810fdf77a8964699?s=96&d=mm&r=g","contentUrl":"https:\/\/secure.gravatar.com\/avatar\/f70e7fa0cb9b29d4a7c5788d6eb2e9ab4d3135cbae1c9161810fdf77a8964699?s=96&d=mm&r=g","caption":"Vox Sahel"},"sameAs":["http:\/\/www.voxsahel.com"],"url":"https:\/\/voxsahel.com\/?author=2"}]}},"_links":{"self":[{"href":"https:\/\/voxsahel.com\/index.php?rest_route=\/wp\/v2\/posts\/2679","targetHints":{"allow":["GET"]}}],"collection":[{"href":"https:\/\/voxsahel.com\/index.php?rest_route=\/wp\/v2\/posts"}],"about":[{"href":"https:\/\/voxsahel.com\/index.php?rest_route=\/wp\/v2\/types\/post"}],"author":[{"embeddable":true,"href":"https:\/\/voxsahel.com\/index.php?rest_route=\/wp\/v2\/users\/2"}],"replies":[{"embeddable":true,"href":"https:\/\/voxsahel.com\/index.php?rest_route=%2Fwp%2Fv2%2Fcomments&post=2679"}],"version-history":[{"count":2,"href":"https:\/\/voxsahel.com\/index.php?rest_route=\/wp\/v2\/posts\/2679\/revisions"}],"predecessor-version":[{"id":2684,"href":"https:\/\/voxsahel.com\/index.php?rest_route=\/wp\/v2\/posts\/2679\/revisions\/2684"}],"wp:featuredmedia":[{"embeddable":true,"href":"https:\/\/voxsahel.com\/index.php?rest_route=\/wp\/v2\/media\/2682"}],"wp:attachment":[{"href":"https:\/\/voxsahel.com\/index.php?rest_route=%2Fwp%2Fv2%2Fmedia&parent=2679"}],"wp:term":[{"taxonomy":"category","embeddable":true,"href":"https:\/\/voxsahel.com\/index.php?rest_route=%2Fwp%2Fv2%2Fcategories&post=2679"},{"taxonomy":"post_tag","embeddable":true,"href":"https:\/\/voxsahel.com\/index.php?rest_route=%2Fwp%2Fv2%2Ftags&post=2679"}],"curies":[{"name":"wp","href":"https:\/\/api.w.org\/{rel}","templated":true}]}}