{"id":2676,"date":"2025-09-01T13:58:24","date_gmt":"2025-09-01T13:58:24","guid":{"rendered":"https:\/\/voxsahel.com\/?p=2676"},"modified":"2025-09-01T14:05:33","modified_gmt":"2025-09-01T14:05:33","slug":"pingwende-gilbert-ouedraogo-la-culture-est-une-arme-diplomatique-et-un-pilier-de-notre-souverainete","status":"publish","type":"post","link":"https:\/\/voxsahel.com\/?p=2676","title":{"rendered":"PingWend\u00e9 Gilbert Ou\u00e9draogo : \u00ab La culture est une arme diplomatique et un pilier de notre souverainet\u00e9 \u00bb"},"content":{"rendered":"<p><strong>En visite officielle \u00e0 Moscou dans le cadre du Festival international de musique militaire, le ministre burkinab\u00e8 de la Communication, de la Culture, des Arts et du Tourisme, PingWend\u00e9 Gilbert Ou\u00e9draogo, revient sur les ambitions diplomatiques, culturelles et touristiques de son pays. Il explique comment le Burkina Faso entend faire de son riche patrimoine un levier de d\u00e9veloppement endog\u00e8ne, renforcer ses relations strat\u00e9giques avec la Russie, lutter contre la d\u00e9sinformation et inscrire ses politiques dans l\u2019h\u00e9ritage de Thomas Sankara. \u00c0 travers la valorisation de ses traditions, la relance de son tourisme et la d\u00e9fense de sa souverainet\u00e9 m\u00e9diatique, le pays affiche sa volont\u00e9 de se pr\u00e9senter comme une nation r\u00e9solument debout et conqu\u00e9rante sur la sc\u00e8ne internationale.<\/strong><\/p>\n<p>&nbsp;<\/p>\n<p><strong>Vous \u00eates actuellement \u00e0 Moscou, o\u00f9 vous participez notamment au Festival international de musique militaire, sur la Place Rouge. Quels sont les principaux objectifs de votre visite en Russie ? <\/strong><\/p>\n<p>Je voudrais d\u2019abord remercier les autorit\u00e9s russes d\u2019avoir fait l\u2019honneur \u00e0 notre pays de participer \u00e0 cette 17\u1d49 \u00e9dition du Festival international de musique militaire. Nous conduisons une d\u00e9l\u00e9gation d\u2019une trentaine de personnes, essentiellement des musiciens et chanteurs de l\u2019orchestre de la pr\u00e9sidence du Faso.<\/p>\n<p>Notre pr\u00e9sence s\u2019inscrit dans une vision claire : renforcer les \u00e9changes culturels entre le Burkina Faso et la F\u00e9d\u00e9ration de Russie. Depuis trois ans, la relance de notre coop\u00e9ration bilat\u00e9rale donne enti\u00e8re satisfaction \u00e0 nos autorit\u00e9s, notamment au sommet de l\u2019\u00c9tat.<\/p>\n<p>En mai dernier, le chef de l\u2019\u00c9tat, le capitaine Ibrahim Traor\u00e9, a effectu\u00e9 une visite officielle en Russie, apr\u00e8s une premi\u00e8re \u00e0 Saint-P\u00e9tersbourg en 2023. Cette ann\u00e9e encore, il a pris part \u00e0 la c\u00e9l\u00e9bration du 80\u1d49 anniversaire de la grande victoire russe.<\/p>\n<p>Notre participation \u00e0 ce festival rev\u00eat donc une importance particuli\u00e8re : il s\u2019agit de montrer notre savoir-faire culturel tout en apprenant de l\u2019exp\u00e9rience de nos partenaires russes, dont la tradition musicale et militaire remonte \u00e0 plusieurs si\u00e8cles.<\/p>\n<blockquote><p><span style=\"color: #ff0000;\"><strong>Dans la dynamique de d\u00e9veloppement endog\u00e8ne, nous voulons nous appuyer sur notre culture pour construire notre avenir<\/strong><\/span><\/p><\/blockquote>\n<p><strong>Que repr\u00e9sente cet \u00e9v\u00e9nement pour le Burkina Faso et comment la culture devient-elle un vecteur diplomatique ?\u00a0 <\/strong><\/p>\n<p>Le Burkina Faso est, par essence, un pays de culture et de tradition, avec un riche patrimoine mat\u00e9riel et immat\u00e9riel. Nous disposons d\u2019un savoir-faire unique que nous cherchons \u00e0 valoriser \u00e0 travers deux grands axes de notre strat\u00e9gie culturelle et touristique. Au plan national, mettre en lumi\u00e8re nos richesses culturelles et permettre aux Burkinab\u00e8 de mieux conna\u00eetre la diversit\u00e9 de leurs traditions. Avec plus de 60 ethnies, chacune poss\u00e9dant sa langue et ses pratiques, notre patrimoine est d\u2019une grande richesse. Au plan international, renforcer notre ouverture sur le monde. Dans la dynamique de d\u00e9veloppement endog\u00e8ne impuls\u00e9e par le pr\u00e9sident Traor\u00e9, nous voulons nous appuyer sur notre culture pour construire notre avenir et d\u00e9velopper des partenariats solides.<\/p>\n<p>Notre pr\u00e9sence \u00e0 Moscou s\u2019inscrit dans cette logique : montrer que le Burkina Faso est un pays debout, fier de ses traditions, conscient de ses limites mais d\u00e9termin\u00e9 \u00e0 aller de l\u2019avant avec des partenaires fiables, comme la Russie.<\/p>\n<p><strong>Votre minist\u00e8re met r\u00e9guli\u00e8rement en avant la valorisation du patrimoine \u00e0 travers des \u00e9v\u00e9nements comme la Semaine nationale de la culture ou la Nuit des l\u2019Ompolo. Quelle place la culture occupe-t-elle dans la strat\u00e9gie souverainiste du Burkina Faso ?\u00a0 <\/strong><\/p>\n<p>Vous avez cit\u00e9 quelques \u00e9v\u00e9nements, mais ils ne repr\u00e9sentent qu\u2019une fraction de notre richesse culturelle. En f\u00e9vrier dernier, nous avons par exemple organis\u00e9 la 29\u1d49 \u00e9dition du FESPACO, qui fait de Ouagadougou la capitale du cin\u00e9ma africain. Ce festival a contribu\u00e9 \u00e0 montrer une autre image de l\u2019Afrique, port\u00e9e par de grands r\u00e9alisateurs comme Idrissa Ou\u00e9draogo ou Gaston Kabor\u00e9, mais aussi par une jeune g\u00e9n\u00e9ration prometteuse.<\/p>\n<p>La prochaine Semaine nationale de la culture se tiendra du 25 avril au 2 mai 2026. Nous travaillons d\u00e9j\u00e0 \u00e0 y associer la Russie en tant que pays invit\u00e9 d\u2019honneur. Nous avons \u00e9galement instaur\u00e9 le \u00ab\u00a0Mois du patrimoine burkinab\u00e8\u00a0\u00bb, c\u00e9l\u00e9br\u00e9 chaque mois d\u2019avril. Il encourage la d\u00e9couverte de nos sites touristiques, mus\u00e9es et lieux de m\u00e9moire. A cela s\u2019ajoute la \u00ab\u00a0Journ\u00e9e des traditions et des coutumes\u00a0\u00bb, c\u00e9l\u00e9br\u00e9e chaque 15 mai, qui offre une tribune aux adeptes des religions traditionnelles et valorise nos savoirs immat\u00e9riels, notamment en m\u00e9decine et en transmission des valeurs. En somme, la culture est au c\u0153ur de notre souverainet\u00e9 : elle nourrit notre identit\u00e9 et constitue un levier de d\u00e9veloppement.<\/p>\n<blockquote><p><span style=\"color: #ff0000;\"><strong>La Culture est au c\u0153ur de notre souverainet\u00e9 : elle nourrit notre identit\u00e9 et constitue un levier de d\u00e9veloppement.<\/strong><\/span><\/p><\/blockquote>\n<p><strong>En quoi le partenariat avec la Russie diff\u00e8re-t-il de ceux qu\u2019entretenait autrefois le Burkina Faso avec les pays occidentaux ?\u00a0 <\/strong><\/p>\n<p>Comme beaucoup de pays d\u2019Afrique de l\u2019Ouest, le Burkina Faso est une ancienne colonie fran\u00e7aise. Pendant longtemps, nous sommes rest\u00e9s enferm\u00e9s dans cette relation de d\u00e9pendance. Mais depuis peu, nous avons choisi de diversifier nos partenariats.<\/p>\n<p>Avec la Russie, nous entretenons une coop\u00e9ration bilat\u00e9rale fond\u00e9e sur un dialogue d\u2019\u00e9gal \u00e0 \u00e9gal. Il ne s\u2019agit pas d\u2019une relation de domination, mais d\u2019un partenariat gagnant-gagnant. Les \u00e9changes entre les deux chefs d\u2019\u00c9tat en t\u00e9moignent. Ils se d\u00e9roulent sans complexe ni condescendance.<\/p>\n<p>Aujourd\u2019hui, ce partenariat couvre plusieurs secteurs notamment, l\u2019\u00e9nergie, la d\u00e9fense, la s\u00e9curit\u00e9, la culture, mais aussi l\u2019agriculture, la sant\u00e9 et l\u2019\u00e9ducation. Le Burkina Faso ne vient pas qu\u00e9mander de l\u2019aide : nous proposons un \u00e9change mutuellement b\u00e9n\u00e9fique, chacun apportant sa contribution. C\u2019est dans cette logique que nous entendons affirmer notre souverainet\u00e9.<\/p>\n<blockquote><p><strong><span style=\"color: #ff0000;\">On ne peut pas pratiquer le m\u00eame journalisme en temps de guerre qu\u2019en temps de paix.<\/span><\/strong><\/p><\/blockquote>\n<p><strong>Vous \u00eates \u00e9galement ministre de la Communication. Comment votre pays lutte-t-il contre la d\u00e9sinformation et d\u00e9fend-il sa souverainet\u00e9 m\u00e9diatique ?\u00a0 <\/strong><\/p>\n<p>Nous avons \u00e9t\u00e9 longtemps victimes de campagnes de d\u00e9sinformation men\u00e9es \u00e0 dessein, notamment par certains m\u00e9dias occidentaux implant\u00e9s chez nous. Le pr\u00e9sident Traor\u00e9 a donn\u00e9 des instructions claires : l\u2019information est une arme redoutable, parfois plus destructrice que les armes conventionnelles.<\/p>\n<p>Nous avons donc ferm\u00e9 plusieurs m\u00e9dias qui s\u2019\u00e9taient sp\u00e9cialis\u00e9s dans la d\u00e9sinformation, en particulier au moment critique de la lutte contre le terrorisme. Pendant que nos forces remportaient des victoires, ces m\u00e9dias ne parlaient que des pertes, sapant le moral des troupes et de la population.<\/p>\n<p>En parall\u00e8le, nous avons sensibilis\u00e9 nos propres m\u00e9dias \u00e0 la n\u00e9cessit\u00e9 d\u2019adopter une approche patriotique. On ne peut pas pratiquer le m\u00eame journalisme en temps de guerre qu\u2019en temps de paix. Nous encourageons ce qu\u2019on appelle le \u00ab journalisme de solutions \u00bb, qui vise \u00e0 soutenir les efforts nationaux et \u00e0 renforcer la r\u00e9silience du peuple.<\/p>\n<p>Aujourd\u2019hui, nous constatons des progr\u00e8s r\u00e9els. Mais la lutte continue : chaque jour, nous ajustons notre strat\u00e9gie de communication pour mieux contrer la d\u00e9sinformation et encourager l\u2019unit\u00e9 nationale.<\/p>\n<blockquote><p><strong><span style=\"color: #ff0000;\">Avec la Russie, nous entretenons une coop\u00e9ration bilat\u00e9rale fond\u00e9e sur un dialogue d\u2019\u00e9gal \u00e0 \u00e9gal<\/span><\/strong><\/p><\/blockquote>\n<p><strong>Comment concilier relance touristique et r\u00e9alit\u00e9s s\u00e9curitaires dans un pays confront\u00e9 au terrorisme ?\u00a0 <\/strong><\/p>\n<p>Gr\u00e2ce aux efforts de nos forces combattantes, nous avons enregistr\u00e9 des avanc\u00e9es notables. Aujourd\u2019hui, pr\u00e8s de 73 % du territoire est s\u00e9curis\u00e9, contre \u00e0 peine 60 % il y a deux ans. Cela nous a permis de r\u00e9habiliter plusieurs sites touristiques et de relancer la \u00ab Grande saison du tourisme interne \u00bb, afin d\u2019inciter les Burkinab\u00e8 \u00e0 d\u00e9couvrir leur pays.<\/p>\n<p>Nous avons aussi inaugur\u00e9, en mai dernier, le mausol\u00e9e du capitaine Thomas Sankara et de ses 12 compagnons, devenu un lieu de m\u00e9moire et une attraction touristique majeure \u00e0 Ouagadougou. D\u2019autres sites embl\u00e9matiques, comme le site de sculptures de Laongo, le parc animalier de Ziniar\u00e9, les cascades de Banfora ou la mare d\u2019Oursi, contribuent \u00e0 la redynamisation du tourisme.<\/p>\n<p>Notre objectif est clair : faire du tourisme un levier du d\u00e9veloppement \u00e9conomique, en s\u2019appuyant d\u2019abord sur la fr\u00e9quentation nationale, puis en attirant \u00e0 nouveau les visiteurs \u00e9trangers.<\/p>\n<p><strong>En quoi l\u2019h\u00e9ritage de Thomas Sankara inspire-t-il le projet de soci\u00e9t\u00e9 port\u00e9 par le capitaine Ibrahim Traor\u00e9 ?\u00a0 <\/strong><\/p>\n<p>Le pr\u00e9sident Ibrahim Traor\u00e9 s\u2019inscrit dans la continuit\u00e9 de la vision de Thomas Sankara, figure embl\u00e9matique non seulement du Burkina Faso, mais de toute l\u2019Afrique. La \u00ab R\u00e9volution progressiste populaire \u00bb qu\u2019il a proclam\u00e9e reprend les id\u00e9aux de souverainet\u00e9, d\u2019int\u00e9grit\u00e9 et de d\u00e9veloppement endog\u00e8ne port\u00e9s par Sankara.<\/p>\n<p>L\u2019id\u00e9e est simple : aucun peuple ne peut se d\u00e9velopper en comptant sur les autres. Nous devons puiser dans nos ressources, valoriser nos potentialit\u00e9s et construire notre avenir par nous-m\u00eames. Cette orientation a \u00e9t\u00e9 largement salu\u00e9e, tant par le peuple burkinab\u00e8 que par de nombreux Africains qui voient en Ibrahim Traor\u00e9 une figure de fiert\u00e9 et de r\u00e9sistance.<\/p>\n<p>Cette dynamique panafricaniste se traduit aussi par la relance de l\u2019Institut des Peuples Noirs Farafina, confi\u00e9 \u00e0 Ma\u00eetre Apollinaire Ky\u00e9lem de Tamb\u00e8la. Nous croyons que cet institut poursuivra le combat de Sankara et contribuera \u00e0 unir les peuples africains autour d\u2019un id\u00e9al commun.<\/p>\n<blockquote><p><strong><span style=\"color: #ff0000;\">Nous avons \u00e9t\u00e9 longtemps victimes de campagnes de d\u00e9sinformation men\u00e9es \u00e0 dessein, notamment par certains m\u00e9dias occidentaux implant\u00e9s chez nous.<\/span><\/strong><\/p><\/blockquote>\n<p><strong>Le Burkina Faso a r\u00e9cemment expuls\u00e9 la coordonnatrice r\u00e9sidente de l\u2019ONU apr\u00e8s un rapport jug\u00e9 mensonger. Quelle est votre position vis-\u00e0-vis de ces organisations internationales ?\u00a0 <\/strong><\/p>\n<p>Notre pays n\u2019est pas oppos\u00e9 aux Nations Unies. Mais nous exigeons que notre souverainet\u00e9 soit respect\u00e9e et que nos institutions soient associ\u00e9es \u00e0 l\u2019\u00e9laboration des rapports qui nous concernent. Il est inconcevable que de tels documents soient produits sans concertation avec le gouvernement burkinab\u00e8.<\/p>\n<p>Nous avons d\u2019ailleurs interpell\u00e9 \u00e0 plusieurs reprises les responsables onusiens, notamment sur leur tendance \u00e0 employer des termes comme \u00ab groupes arm\u00e9s \u00bb, alors qu\u2019il s\u2019agit clairement de terroristes. Nos forces combattantes luttent contre des criminels qui tuent et terrorisent les populations. Les mettre sur le m\u00eame pied que notre arm\u00e9e est inacceptable.<\/p>\n<p>Nous demandons donc des interlocuteurs s\u00e9rieux et cr\u00e9dibles, capables d\u2019accompagner le Burkina Faso dans sa lutte contre le terrorisme et dans son projet de souverainet\u00e9.<\/p>\n<p style=\"text-align: right;\"><strong>Interview retranscrite par Vox Sahel<\/strong><\/p>\n","protected":false},"excerpt":{"rendered":"<p>En visite officielle \u00e0 Moscou dans le cadre du Festival international de musique militaire, le<\/p>\n","protected":false},"author":2,"featured_media":2678,"comment_status":"open","ping_status":"open","sticky":false,"template":"","format":"standard","meta":{"_et_pb_use_builder":"","_et_pb_old_content":"","_et_gb_content_width":"","footnotes":""},"categories":[13,11],"tags":[18,903,715,392,904],"class_list":["post-2676","post","type-post","status-publish","format-standard","has-post-thumbnail","hentry","category-culture","category-interview","tag-burkina-faso","tag-festival-international-de-musique-militaire","tag-moscou","tag-russie","tag-saint-petersbourg"],"yoast_head":"<!-- This site is optimized with the Yoast SEO plugin v27.5 - https:\/\/yoast.com\/product\/yoast-seo-wordpress\/ -->\n<title>PingWend\u00e9 Gilbert Ou\u00e9draogo : \u00ab La culture est une arme diplomatique et un pilier de notre souverainet\u00e9 \u00bb - Vox Sahel<\/title>\n<meta name=\"robots\" content=\"index, follow, max-snippet:-1, max-image-preview:large, max-video-preview:-1\" \/>\n<link rel=\"canonical\" href=\"https:\/\/voxsahel.com\/?p=2676\" \/>\n<meta property=\"og:locale\" content=\"fr_FR\" \/>\n<meta property=\"og:type\" content=\"article\" \/>\n<meta property=\"og:title\" content=\"PingWend\u00e9 Gilbert Ou\u00e9draogo : \u00ab La culture est une arme diplomatique et un pilier de notre souverainet\u00e9 \u00bb - Vox Sahel\" \/>\n<meta property=\"og:description\" content=\"En visite officielle \u00e0 Moscou dans le cadre du Festival international de musique militaire, le\" \/>\n<meta property=\"og:url\" content=\"https:\/\/voxsahel.com\/?p=2676\" \/>\n<meta property=\"og:site_name\" content=\"Vox Sahel\" \/>\n<meta property=\"article:publisher\" content=\"https:\/\/www.facebook.com\/journal.voxsahel\" \/>\n<meta property=\"article:published_time\" content=\"2025-09-01T13:58:24+00:00\" \/>\n<meta property=\"article:modified_time\" content=\"2025-09-01T14:05:33+00:00\" \/>\n<meta property=\"og:image\" content=\"https:\/\/voxsahel.com\/wp-content\/uploads\/2025\/09\/IMG_4400.jpeg\" \/>\n\t<meta property=\"og:image:width\" content=\"1679\" \/>\n\t<meta property=\"og:image:height\" content=\"1290\" \/>\n\t<meta property=\"og:image:type\" content=\"image\/jpeg\" \/>\n<meta name=\"author\" content=\"Vox Sahel\" \/>\n<meta name=\"twitter:card\" content=\"summary_large_image\" \/>\n<meta name=\"twitter:label1\" content=\"\u00c9crit par\" \/>\n\t<meta name=\"twitter:data1\" content=\"Vox Sahel\" \/>\n\t<meta name=\"twitter:label2\" content=\"Dur\u00e9e de lecture estim\u00e9e\" \/>\n\t<meta name=\"twitter:data2\" content=\"8 minutes\" \/>\n<script type=\"application\/ld+json\" class=\"yoast-schema-graph\">{\"@context\":\"https:\\\/\\\/schema.org\",\"@graph\":[{\"@type\":\"Article\",\"@id\":\"https:\\\/\\\/voxsahel.com\\\/?p=2676#article\",\"isPartOf\":{\"@id\":\"https:\\\/\\\/voxsahel.com\\\/?p=2676\"},\"author\":{\"name\":\"Vox Sahel\",\"@id\":\"https:\\\/\\\/voxsahel.com\\\/#\\\/schema\\\/person\\\/b4043608248f8fa227cd760e7ff1e19e\"},\"headline\":\"PingWend\u00e9 Gilbert Ou\u00e9draogo : \u00ab La culture est une arme diplomatique et un pilier de notre souverainet\u00e9 \u00bb\",\"datePublished\":\"2025-09-01T13:58:24+00:00\",\"dateModified\":\"2025-09-01T14:05:33+00:00\",\"mainEntityOfPage\":{\"@id\":\"https:\\\/\\\/voxsahel.com\\\/?p=2676\"},\"wordCount\":1790,\"commentCount\":0,\"publisher\":{\"@id\":\"https:\\\/\\\/voxsahel.com\\\/#organization\"},\"image\":{\"@id\":\"https:\\\/\\\/voxsahel.com\\\/?p=2676#primaryimage\"},\"thumbnailUrl\":\"https:\\\/\\\/voxsahel.com\\\/wp-content\\\/uploads\\\/2025\\\/09\\\/IMG_4400.jpeg\",\"keywords\":[\"Burkina Faso\",\"Festival international de musique militaire\",\"Moscou\",\"Russie\",\"Saint-P\u00e9tersbourg\"],\"articleSection\":[\"CULTURE\",\"INTERVIEW\"],\"inLanguage\":\"fr-FR\",\"potentialAction\":[{\"@type\":\"CommentAction\",\"name\":\"Comment\",\"target\":[\"https:\\\/\\\/voxsahel.com\\\/?p=2676#respond\"]}]},{\"@type\":\"WebPage\",\"@id\":\"https:\\\/\\\/voxsahel.com\\\/?p=2676\",\"url\":\"https:\\\/\\\/voxsahel.com\\\/?p=2676\",\"name\":\"PingWend\u00e9 Gilbert Ou\u00e9draogo : \u00ab La culture est une arme diplomatique et un pilier de notre souverainet\u00e9 \u00bb - Vox Sahel\",\"isPartOf\":{\"@id\":\"https:\\\/\\\/voxsahel.com\\\/#website\"},\"primaryImageOfPage\":{\"@id\":\"https:\\\/\\\/voxsahel.com\\\/?p=2676#primaryimage\"},\"image\":{\"@id\":\"https:\\\/\\\/voxsahel.com\\\/?p=2676#primaryimage\"},\"thumbnailUrl\":\"https:\\\/\\\/voxsahel.com\\\/wp-content\\\/uploads\\\/2025\\\/09\\\/IMG_4400.jpeg\",\"datePublished\":\"2025-09-01T13:58:24+00:00\",\"dateModified\":\"2025-09-01T14:05:33+00:00\",\"breadcrumb\":{\"@id\":\"https:\\\/\\\/voxsahel.com\\\/?p=2676#breadcrumb\"},\"inLanguage\":\"fr-FR\",\"potentialAction\":[{\"@type\":\"ReadAction\",\"target\":[\"https:\\\/\\\/voxsahel.com\\\/?p=2676\"]}]},{\"@type\":\"ImageObject\",\"inLanguage\":\"fr-FR\",\"@id\":\"https:\\\/\\\/voxsahel.com\\\/?p=2676#primaryimage\",\"url\":\"https:\\\/\\\/voxsahel.com\\\/wp-content\\\/uploads\\\/2025\\\/09\\\/IMG_4400.jpeg\",\"contentUrl\":\"https:\\\/\\\/voxsahel.com\\\/wp-content\\\/uploads\\\/2025\\\/09\\\/IMG_4400.jpeg\",\"width\":1679,\"height\":1290,\"caption\":\"Screenshot\"},{\"@type\":\"BreadcrumbList\",\"@id\":\"https:\\\/\\\/voxsahel.com\\\/?p=2676#breadcrumb\",\"itemListElement\":[{\"@type\":\"ListItem\",\"position\":1,\"name\":\"Home\",\"item\":\"https:\\\/\\\/voxsahel.com\\\/\"},{\"@type\":\"ListItem\",\"position\":2,\"name\":\"PingWend\u00e9 Gilbert Ou\u00e9draogo : \u00ab La culture est une arme diplomatique et un pilier de notre souverainet\u00e9 \u00bb\"}]},{\"@type\":\"WebSite\",\"@id\":\"https:\\\/\\\/voxsahel.com\\\/#website\",\"url\":\"https:\\\/\\\/voxsahel.com\\\/\",\"name\":\"Vox Sahel\",\"description\":\"Informez-vous sur le Sahel en un clic\",\"publisher\":{\"@id\":\"https:\\\/\\\/voxsahel.com\\\/#organization\"},\"potentialAction\":[{\"@type\":\"SearchAction\",\"target\":{\"@type\":\"EntryPoint\",\"urlTemplate\":\"https:\\\/\\\/voxsahel.com\\\/?s={search_term_string}\"},\"query-input\":{\"@type\":\"PropertyValueSpecification\",\"valueRequired\":true,\"valueName\":\"search_term_string\"}}],\"inLanguage\":\"fr-FR\"},{\"@type\":\"Organization\",\"@id\":\"https:\\\/\\\/voxsahel.com\\\/#organization\",\"name\":\"Vox Sahel\",\"url\":\"https:\\\/\\\/voxsahel.com\\\/\",\"logo\":{\"@type\":\"ImageObject\",\"inLanguage\":\"fr-FR\",\"@id\":\"https:\\\/\\\/voxsahel.com\\\/#\\\/schema\\\/logo\\\/image\\\/\",\"url\":\"https:\\\/\\\/voxsahel.com\\\/wp-content\\\/uploads\\\/2024\\\/09\\\/Logo-Vox-Sahel.jpg\",\"contentUrl\":\"https:\\\/\\\/voxsahel.com\\\/wp-content\\\/uploads\\\/2024\\\/09\\\/Logo-Vox-Sahel.jpg\",\"width\":1181,\"height\":848,\"caption\":\"Vox Sahel\"},\"image\":{\"@id\":\"https:\\\/\\\/voxsahel.com\\\/#\\\/schema\\\/logo\\\/image\\\/\"},\"sameAs\":[\"https:\\\/\\\/www.facebook.com\\\/journal.voxsahel\"]},{\"@type\":\"Person\",\"@id\":\"https:\\\/\\\/voxsahel.com\\\/#\\\/schema\\\/person\\\/b4043608248f8fa227cd760e7ff1e19e\",\"name\":\"Vox Sahel\",\"image\":{\"@type\":\"ImageObject\",\"inLanguage\":\"fr-FR\",\"@id\":\"https:\\\/\\\/secure.gravatar.com\\\/avatar\\\/f70e7fa0cb9b29d4a7c5788d6eb2e9ab4d3135cbae1c9161810fdf77a8964699?s=96&d=mm&r=g\",\"url\":\"https:\\\/\\\/secure.gravatar.com\\\/avatar\\\/f70e7fa0cb9b29d4a7c5788d6eb2e9ab4d3135cbae1c9161810fdf77a8964699?s=96&d=mm&r=g\",\"contentUrl\":\"https:\\\/\\\/secure.gravatar.com\\\/avatar\\\/f70e7fa0cb9b29d4a7c5788d6eb2e9ab4d3135cbae1c9161810fdf77a8964699?s=96&d=mm&r=g\",\"caption\":\"Vox Sahel\"},\"sameAs\":[\"http:\\\/\\\/www.voxsahel.com\"],\"url\":\"https:\\\/\\\/voxsahel.com\\\/?author=2\"}]}<\/script>\n<!-- \/ Yoast SEO plugin. -->","yoast_head_json":{"title":"PingWend\u00e9 Gilbert Ou\u00e9draogo : \u00ab La culture est une arme diplomatique et un pilier de notre souverainet\u00e9 \u00bb - Vox Sahel","robots":{"index":"index","follow":"follow","max-snippet":"max-snippet:-1","max-image-preview":"max-image-preview:large","max-video-preview":"max-video-preview:-1"},"canonical":"https:\/\/voxsahel.com\/?p=2676","og_locale":"fr_FR","og_type":"article","og_title":"PingWend\u00e9 Gilbert Ou\u00e9draogo : \u00ab La culture est une arme diplomatique et un pilier de notre souverainet\u00e9 \u00bb - Vox Sahel","og_description":"En visite officielle \u00e0 Moscou dans le cadre du Festival international de musique militaire, le","og_url":"https:\/\/voxsahel.com\/?p=2676","og_site_name":"Vox Sahel","article_publisher":"https:\/\/www.facebook.com\/journal.voxsahel","article_published_time":"2025-09-01T13:58:24+00:00","article_modified_time":"2025-09-01T14:05:33+00:00","og_image":[{"width":1679,"height":1290,"url":"https:\/\/voxsahel.com\/wp-content\/uploads\/2025\/09\/IMG_4400.jpeg","type":"image\/jpeg"}],"author":"Vox Sahel","twitter_card":"summary_large_image","twitter_misc":{"\u00c9crit par":"Vox Sahel","Dur\u00e9e de lecture estim\u00e9e":"8 minutes"},"schema":{"@context":"https:\/\/schema.org","@graph":[{"@type":"Article","@id":"https:\/\/voxsahel.com\/?p=2676#article","isPartOf":{"@id":"https:\/\/voxsahel.com\/?p=2676"},"author":{"name":"Vox Sahel","@id":"https:\/\/voxsahel.com\/#\/schema\/person\/b4043608248f8fa227cd760e7ff1e19e"},"headline":"PingWend\u00e9 Gilbert Ou\u00e9draogo : \u00ab La culture est une arme diplomatique et un pilier de notre souverainet\u00e9 \u00bb","datePublished":"2025-09-01T13:58:24+00:00","dateModified":"2025-09-01T14:05:33+00:00","mainEntityOfPage":{"@id":"https:\/\/voxsahel.com\/?p=2676"},"wordCount":1790,"commentCount":0,"publisher":{"@id":"https:\/\/voxsahel.com\/#organization"},"image":{"@id":"https:\/\/voxsahel.com\/?p=2676#primaryimage"},"thumbnailUrl":"https:\/\/voxsahel.com\/wp-content\/uploads\/2025\/09\/IMG_4400.jpeg","keywords":["Burkina Faso","Festival international de musique militaire","Moscou","Russie","Saint-P\u00e9tersbourg"],"articleSection":["CULTURE","INTERVIEW"],"inLanguage":"fr-FR","potentialAction":[{"@type":"CommentAction","name":"Comment","target":["https:\/\/voxsahel.com\/?p=2676#respond"]}]},{"@type":"WebPage","@id":"https:\/\/voxsahel.com\/?p=2676","url":"https:\/\/voxsahel.com\/?p=2676","name":"PingWend\u00e9 Gilbert Ou\u00e9draogo : \u00ab La culture est une arme diplomatique et un pilier de notre souverainet\u00e9 \u00bb - Vox Sahel","isPartOf":{"@id":"https:\/\/voxsahel.com\/#website"},"primaryImageOfPage":{"@id":"https:\/\/voxsahel.com\/?p=2676#primaryimage"},"image":{"@id":"https:\/\/voxsahel.com\/?p=2676#primaryimage"},"thumbnailUrl":"https:\/\/voxsahel.com\/wp-content\/uploads\/2025\/09\/IMG_4400.jpeg","datePublished":"2025-09-01T13:58:24+00:00","dateModified":"2025-09-01T14:05:33+00:00","breadcrumb":{"@id":"https:\/\/voxsahel.com\/?p=2676#breadcrumb"},"inLanguage":"fr-FR","potentialAction":[{"@type":"ReadAction","target":["https:\/\/voxsahel.com\/?p=2676"]}]},{"@type":"ImageObject","inLanguage":"fr-FR","@id":"https:\/\/voxsahel.com\/?p=2676#primaryimage","url":"https:\/\/voxsahel.com\/wp-content\/uploads\/2025\/09\/IMG_4400.jpeg","contentUrl":"https:\/\/voxsahel.com\/wp-content\/uploads\/2025\/09\/IMG_4400.jpeg","width":1679,"height":1290,"caption":"Screenshot"},{"@type":"BreadcrumbList","@id":"https:\/\/voxsahel.com\/?p=2676#breadcrumb","itemListElement":[{"@type":"ListItem","position":1,"name":"Home","item":"https:\/\/voxsahel.com\/"},{"@type":"ListItem","position":2,"name":"PingWend\u00e9 Gilbert Ou\u00e9draogo : \u00ab La culture est une arme diplomatique et un pilier de notre souverainet\u00e9 \u00bb"}]},{"@type":"WebSite","@id":"https:\/\/voxsahel.com\/#website","url":"https:\/\/voxsahel.com\/","name":"Vox Sahel","description":"Informez-vous sur le Sahel en un clic","publisher":{"@id":"https:\/\/voxsahel.com\/#organization"},"potentialAction":[{"@type":"SearchAction","target":{"@type":"EntryPoint","urlTemplate":"https:\/\/voxsahel.com\/?s={search_term_string}"},"query-input":{"@type":"PropertyValueSpecification","valueRequired":true,"valueName":"search_term_string"}}],"inLanguage":"fr-FR"},{"@type":"Organization","@id":"https:\/\/voxsahel.com\/#organization","name":"Vox Sahel","url":"https:\/\/voxsahel.com\/","logo":{"@type":"ImageObject","inLanguage":"fr-FR","@id":"https:\/\/voxsahel.com\/#\/schema\/logo\/image\/","url":"https:\/\/voxsahel.com\/wp-content\/uploads\/2024\/09\/Logo-Vox-Sahel.jpg","contentUrl":"https:\/\/voxsahel.com\/wp-content\/uploads\/2024\/09\/Logo-Vox-Sahel.jpg","width":1181,"height":848,"caption":"Vox Sahel"},"image":{"@id":"https:\/\/voxsahel.com\/#\/schema\/logo\/image\/"},"sameAs":["https:\/\/www.facebook.com\/journal.voxsahel"]},{"@type":"Person","@id":"https:\/\/voxsahel.com\/#\/schema\/person\/b4043608248f8fa227cd760e7ff1e19e","name":"Vox Sahel","image":{"@type":"ImageObject","inLanguage":"fr-FR","@id":"https:\/\/secure.gravatar.com\/avatar\/f70e7fa0cb9b29d4a7c5788d6eb2e9ab4d3135cbae1c9161810fdf77a8964699?s=96&d=mm&r=g","url":"https:\/\/secure.gravatar.com\/avatar\/f70e7fa0cb9b29d4a7c5788d6eb2e9ab4d3135cbae1c9161810fdf77a8964699?s=96&d=mm&r=g","contentUrl":"https:\/\/secure.gravatar.com\/avatar\/f70e7fa0cb9b29d4a7c5788d6eb2e9ab4d3135cbae1c9161810fdf77a8964699?s=96&d=mm&r=g","caption":"Vox Sahel"},"sameAs":["http:\/\/www.voxsahel.com"],"url":"https:\/\/voxsahel.com\/?author=2"}]}},"_links":{"self":[{"href":"https:\/\/voxsahel.com\/index.php?rest_route=\/wp\/v2\/posts\/2676","targetHints":{"allow":["GET"]}}],"collection":[{"href":"https:\/\/voxsahel.com\/index.php?rest_route=\/wp\/v2\/posts"}],"about":[{"href":"https:\/\/voxsahel.com\/index.php?rest_route=\/wp\/v2\/types\/post"}],"author":[{"embeddable":true,"href":"https:\/\/voxsahel.com\/index.php?rest_route=\/wp\/v2\/users\/2"}],"replies":[{"embeddable":true,"href":"https:\/\/voxsahel.com\/index.php?rest_route=%2Fwp%2Fv2%2Fcomments&post=2676"}],"version-history":[{"count":1,"href":"https:\/\/voxsahel.com\/index.php?rest_route=\/wp\/v2\/posts\/2676\/revisions"}],"predecessor-version":[{"id":2677,"href":"https:\/\/voxsahel.com\/index.php?rest_route=\/wp\/v2\/posts\/2676\/revisions\/2677"}],"wp:featuredmedia":[{"embeddable":true,"href":"https:\/\/voxsahel.com\/index.php?rest_route=\/wp\/v2\/media\/2678"}],"wp:attachment":[{"href":"https:\/\/voxsahel.com\/index.php?rest_route=%2Fwp%2Fv2%2Fmedia&parent=2676"}],"wp:term":[{"taxonomy":"category","embeddable":true,"href":"https:\/\/voxsahel.com\/index.php?rest_route=%2Fwp%2Fv2%2Fcategories&post=2676"},{"taxonomy":"post_tag","embeddable":true,"href":"https:\/\/voxsahel.com\/index.php?rest_route=%2Fwp%2Fv2%2Ftags&post=2676"}],"curies":[{"name":"wp","href":"https:\/\/api.w.org\/{rel}","templated":true}]}}