{"id":2668,"date":"2025-08-31T22:53:24","date_gmt":"2025-08-31T22:53:24","guid":{"rendered":"https:\/\/voxsahel.com\/?p=2668"},"modified":"2025-09-01T13:00:52","modified_gmt":"2025-09-01T13:00:52","slug":"medias-la-chine-et-lafrique-doivent-ecrire-une-nouvelle-histoire-ensemble","status":"publish","type":"post","link":"https:\/\/voxsahel.com\/?p=2668","title":{"rendered":"M\u00e9dias : \u00ab\u00a0la Chine et l\u2019Afrique doivent \u00e9crire une nouvelle histoire ensemble\u00a0\u00bb, Liu Linhai"},"content":{"rendered":"<p><strong>Former des journalistes africains, partager des savoir-faire et b\u00e2tir des passerelles durables entre les continents : telle est l\u2019ambition de Liu Linhai. Vice-pr\u00e9sident de l\u2019Institut de recherche et de formation de l\u2019administration nationale de la radio et de la t\u00e9l\u00e9vision de Chine, il voit dans la coop\u00e9ration m\u00e9diatique sino-africaine bien plus qu\u2019un simple \u00e9change de comp\u00e9tences. Pour lui, il s\u2019agit d\u2019un enjeu strat\u00e9gique \u00e0 l\u2019heure o\u00f9 le num\u00e9rique, l\u2019intelligence artificielle et les plateformes de streaming redessinent le paysage audiovisuel mondial. \u00c0 travers s\u00e9minaires, programmes de formation et \u00e9changes acad\u00e9miques, P\u00e9kin entend non seulement accompagner les m\u00e9dias africains dans leur transition, mais aussi s\u2019enrichir de leur exp\u00e9rience pour affronter ensemble les d\u00e9fis universels de la r\u00e9gulation, de la paix et du d\u00e9veloppement \u00e9quitable.<\/strong><\/p>\n<p><strong>\u00a0<\/strong><\/p>\n<p><strong>Pouvez-vous nous pr\u00e9senter votre institution ?<\/strong><\/p>\n<p>Je m\u2019appelle Liu Linhai et je suis vice-pr\u00e9sident de l\u2019Institut de recherche et de formation de l\u2019administration nationale de la radio et de la t\u00e9l\u00e9vision de Chine. Notre institution est directement rattach\u00e9e \u00e0 l\u2019Administration nationale de la radio et de la t\u00e9l\u00e9vision de Chine et occupe une place strat\u00e9gique dans le d\u00e9veloppement des m\u00e9dias du pays.<\/p>\n<p>Fond\u00e9 en 1983, l\u2019Institut a pour mission principale la formation des professionnels de la radio, de la t\u00e9l\u00e9vision et plus largement de l\u2019audiovisuel. Nous formons des journalistes, des animateurs, des pr\u00e9sentateurs, mais aussi des techniciens et des sp\u00e9cialistes de la production m\u00e9diatique. En plus de cette mission p\u00e9dagogique, nous organisons r\u00e9guli\u00e8rement des activit\u00e9s d\u2019\u00e9changes et d\u2019apprentissage \u00e0 destination des travailleurs des m\u00e9dias. Notre r\u00f4le est donc \u00e0 la fois acad\u00e9mique et diplomatique : nous \u0153uvrons pour la professionnalisation du secteur et pour la promotion des \u00e9changes internationaux.<\/p>\n<blockquote>\n<h3><span style=\"color: #ff0000;\"><strong>En Chine comme ailleurs, les m\u00e9dias doivent s\u2019adapter pour rester pertinents et comp\u00e9titifs.<\/strong><\/span><\/h3>\n<\/blockquote>\n<p><strong>La Chine d\u00e9veloppe de nombreux partenariats avec l\u2019Afrique, notamment dans le domaine m\u00e9diatique. Comment votre institut s\u2019inscrit-il dans cette dynamique de coop\u00e9ration, particuli\u00e8rement avec des pays comme le Burkina Faso ?<\/strong><\/p>\n<p>Depuis quelques ann\u00e9es, les relations entre la Chine et l\u2019Afrique connaissent un essor consid\u00e9rable. Le pr\u00e9sident Xi Jinping accorde une importance particuli\u00e8re \u00e0 cette coop\u00e9ration, qui s\u2019inscrit dans une vision de partenariat gagnant-gagnant et durable.<\/p>\n<p>Notre institut joue un r\u00f4le actif dans ce processus. Nous organisons chaque ann\u00e9e des s\u00e9minaires et programmes de formation destin\u00e9s aux professionnels des m\u00e9dias africains, afin de favoriser le partage d\u2019exp\u00e9riences et l\u2019apprentissage mutuel. Ces rencontres sont l\u2019occasion de confronter diff\u00e9rentes pratiques, de d\u00e9couvrir les \u00e9volutions du secteur et d\u2019identifier des solutions communes face aux d\u00e9fis contemporains des m\u00e9dias.<\/p>\n<p>Nous invitons r\u00e9guli\u00e8rement des sp\u00e9cialistes et universitaires chinois pour partager leur expertise, mais nous accordons aussi une grande importance aux retours d\u2019exp\u00e9rience des participants africains. L\u2019objectif est de cr\u00e9er un v\u00e9ritable pont de communication entre nos deux continents et de b\u00e2tir un dialogue constructif et durable.<\/p>\n<blockquote>\n<h3><span style=\"color: #ff0000;\">Sur le plan strictement m\u00e9diatique, le d\u00e9fi r\u00e9side dans la capacit\u00e9 \u00e0 r\u00e9guler les contenus de mani\u00e8re responsable<\/span><\/h3>\n<\/blockquote>\n<p><strong>Vous venez de former une vingtaine de journalistes burkinab\u00e8. Quelles sont vos attentes vis-\u00e0-vis de ces professionnels que vous avez accueillis en Chine ?<\/strong><\/p>\n<p>Nos attentes reposent sur deux axes principaux \u00e0 savoir, l\u2019apprentissage r\u00e9ciproque et la continuit\u00e9 de la coop\u00e9ration. Nous esp\u00e9rons que les journalistes form\u00e9s repartent avec des connaissances utiles, des m\u00e9thodes modernes et une meilleure compr\u00e9hension du paysage m\u00e9diatique chinois. Mais nous souhaitons \u00e9galement apprendre d\u2019eux, car leurs exp\u00e9riences enrichissent notre vision et nourrissent nos pratiques.<\/p>\n<p>Au-del\u00e0 des dix ou onze jours du s\u00e9minaire, nous souhaitons que les liens tiss\u00e9s perdurent. Notre objectif est de b\u00e2tir une coop\u00e9ration durable, bas\u00e9e sur la confiance et le b\u00e9n\u00e9fice mutuel. Nous aimerions que ces journalistes deviennent, \u00e0 leur retour, des relais actifs de ce partenariat, capables de partager leurs acquis et de d\u00e9velopper de nouvelles collaborations entre la Chine et leurs pays respectifs.<\/p>\n<p><strong>Actuellement, vos formations sont de courte dur\u00e9e. Envisagez-vous, \u00e0 l\u2019avenir, d\u2019ouvrir des programmes de plus longue dur\u00e9e pour les journalistes africains, notamment du Burkina Faso ?<\/strong><\/p>\n<p>En effet, nous avons conscience que certaines comp\u00e9tences n\u00e9cessitent un apprentissage approfondi. C\u2019est pourquoi nous encourageons les participants qui souhaitent b\u00e9n\u00e9ficier de formations plus longues \u00e0 exprimer leurs besoins aupr\u00e8s de l\u2019ambassade de Chine dans leur pays.<\/p>\n<p>En Chine, plusieurs universit\u00e9s et institutions sp\u00e9cialis\u00e9es proposent d\u00e9j\u00e0 des programmes de six mois, un an, voire deux ans, qui permettent aux \u00e9tudiants \u00e9trangers, y compris africains, de se perfectionner dans le domaine des m\u00e9dias et de la communication. Notre institut est pr\u00eat \u00e0 soutenir ce type d\u2019initiative et \u00e0 faciliter l\u2019acc\u00e8s \u00e0 ces formations.<\/p>\n<h3><span style=\"color: #ff0000;\"><strong>La Chine r\u00e9ussi \u00e0 sortir plus de 50 millions de personnes de la pauvret\u00e9 en quelques d\u00e9cennies, une exp\u00e9rience que nous pouvons partager avec nos partenaires africains<\/strong><\/span><\/h3>\n<p><strong>Le monde des m\u00e9dias conna\u00eet aujourd\u2019hui une profonde mutation avec l\u2019\u00e9mergence du num\u00e9rique, des r\u00e9seaux sociaux, de l\u2019intelligence artificielle et des plateformes de streaming. Comment votre institut accompagne-t-il cette transformation ?<\/strong><\/p>\n<p>Vous avez raison, le secteur m\u00e9diatique mondial traverse une phase de bouleversements technologiques majeurs. En Chine comme ailleurs, les m\u00e9dias doivent s\u2019adapter pour rester pertinents et comp\u00e9titifs.<\/p>\n<p>Notre institut suit de pr\u00e8s ces \u00e9volutions. Nous int\u00e9grons les nouvelles technologies dans nos programmes de formation et travaillons avec des experts pour d\u00e9velopper des contenus p\u00e9dagogiques adapt\u00e9s. Nos cours sont r\u00e9guli\u00e8rement actualis\u00e9s afin de refl\u00e9ter les innovations en mati\u00e8re de production audiovisuelle, de diffusion num\u00e9rique et de gestion des plateformes interactives.<\/p>\n<p>Nous formons ainsi les participants non seulement aux techniques traditionnelles, mais aussi aux comp\u00e9tences de demain. Cette approche permet aux journalistes et techniciens de rester comp\u00e9titifs et d\u2019accompagner efficacement la transition num\u00e9rique de leurs m\u00e9dias.<\/p>\n<blockquote>\n<h3><span style=\"color: #ff0000;\">La Chine et l\u2019Afrique ont tout int\u00e9r\u00eat \u00e0 unir leurs forces pour b\u00e2tir des syst\u00e8mes audiovisuels solides, inclusifs et adapt\u00e9s \u00e0 leurs r\u00e9alit\u00e9s respectives.<\/span><\/h3>\n<\/blockquote>\n<p><strong>Quels sont, selon vous, les d\u00e9fis communs que la Chine et l\u2019Afrique doivent relever ensemble dans le domaine de l\u2019audiovisuel et de la r\u00e9gulation des m\u00e9dias ?<\/strong><\/p>\n<p>Les d\u00e9fis sont nombreux et d\u00e9passent parfois le seul cadre m\u00e9diatique. Ils concernent en r\u00e9alit\u00e9 toute l\u2019humanit\u00e9. Nous faisons face \u00e0 des enjeux universels : la lutte contre la pauvret\u00e9, la pr\u00e9servation de la paix et la promotion d\u2019un d\u00e9veloppement \u00e9quitable.<\/p>\n<p>La Chine a par exemple r\u00e9ussi \u00e0 sortir plus de 50 millions de personnes de la pauvret\u00e9 en quelques d\u00e9cennies, une exp\u00e9rience que nous pouvons partager avec nos partenaires africains. De m\u00eame, dans un contexte mondial marqu\u00e9 par les conflits, la coop\u00e9ration pour la paix et la stabilit\u00e9 est essentielle.<\/p>\n<p>Sur le plan strictement m\u00e9diatique, le d\u00e9fi r\u00e9side dans la capacit\u00e9 \u00e0 r\u00e9guler les contenus de mani\u00e8re responsable, \u00e0 accompagner la r\u00e9volution num\u00e9rique et \u00e0 promouvoir des m\u00e9dias libres mais responsables, capables de servir l\u2019int\u00e9r\u00eat g\u00e9n\u00e9ral. La Chine et l\u2019Afrique ont tout int\u00e9r\u00eat \u00e0 unir leurs forces pour b\u00e2tir des syst\u00e8mes audiovisuels solides, inclusifs et adapt\u00e9s \u00e0 leurs r\u00e9alit\u00e9s respectives.<\/p>\n<p><strong>Avez-vous quelque chose \u00e0 ajouter pour conclure cet entretien ?<\/strong><\/p>\n<p>Je souhaite que la coop\u00e9ration entre la Chine et l\u2019Afrique, particuli\u00e8rement dans le domaine des m\u00e9dias, continue de se renforcer. Ensemble, nous avons la possibilit\u00e9 de construire des ponts solides, de favoriser une meilleure compr\u00e9hension mutuelle et de contribuer \u00e0 un d\u00e9veloppement partag\u00e9.<\/p>\n<p>J\u2019esp\u00e8re avoir l\u2019occasion d\u2019accueillir \u00e0 nouveau des journalistes africains en Chine, afin qu\u2019ils puissent d\u00e9couvrir d\u2019autres r\u00e9gions et approfondir encore davantage cette exp\u00e9rience d\u2019\u00e9change et d\u2019apprentissage.<\/p>\n<p style=\"text-align: right;\"><strong>Interview r\u00e9alis\u00e9e par Vox Sahel<\/strong><\/p>\n","protected":false},"excerpt":{"rendered":"<p>Former des journalistes africains, partager des savoir-faire et b\u00e2tir des passerelles durables entre les continents<\/p>\n","protected":false},"author":2,"featured_media":2669,"comment_status":"open","ping_status":"open","sticky":false,"template":"","format":"standard","meta":{"_et_pb_use_builder":"","_et_pb_old_content":"","_et_gb_content_width":"","footnotes":""},"categories":[1],"tags":[888,18,50,54,55,500,321,808,886,52,900],"class_list":["post-2668","post","type-post","status-publish","format-standard","has-post-thumbnail","hentry","category-faits-divers","tag-beijing","tag-burkina-faso","tag-chine","tag-education","tag-formation","tag-journalisme","tag-media","tag-pekin","tag-republique-populaire-de-chine","tag-sommet-chine-afrique","tag-xi-jinping"],"yoast_head":"<!-- This site is optimized with the Yoast SEO plugin v27.5 - https:\/\/yoast.com\/product\/yoast-seo-wordpress\/ -->\n<title>M\u00e9dias : \u00ab\u00a0la Chine et l\u2019Afrique doivent \u00e9crire une nouvelle histoire ensemble\u00a0\u00bb, Liu Linhai - Vox Sahel<\/title>\n<meta name=\"robots\" content=\"index, follow, max-snippet:-1, max-image-preview:large, max-video-preview:-1\" \/>\n<link rel=\"canonical\" href=\"https:\/\/voxsahel.com\/?p=2668\" \/>\n<meta property=\"og:locale\" content=\"fr_FR\" \/>\n<meta property=\"og:type\" content=\"article\" \/>\n<meta property=\"og:title\" content=\"M\u00e9dias : \u00ab\u00a0la Chine et l\u2019Afrique doivent \u00e9crire une nouvelle histoire ensemble\u00a0\u00bb, Liu Linhai - Vox Sahel\" \/>\n<meta property=\"og:description\" content=\"Former des journalistes africains, partager des savoir-faire et b\u00e2tir des passerelles durables entre les continents\" \/>\n<meta property=\"og:url\" content=\"https:\/\/voxsahel.com\/?p=2668\" \/>\n<meta property=\"og:site_name\" content=\"Vox Sahel\" \/>\n<meta property=\"article:publisher\" content=\"https:\/\/www.facebook.com\/journal.voxsahel\" \/>\n<meta property=\"article:published_time\" content=\"2025-08-31T22:53:24+00:00\" \/>\n<meta property=\"article:modified_time\" content=\"2025-09-01T13:00:52+00:00\" \/>\n<meta property=\"og:image\" content=\"https:\/\/voxsahel.com\/wp-content\/uploads\/2025\/08\/WhatsApp-Image-2025-08-29-at-15.05.56-1.jpeg\" \/>\n\t<meta property=\"og:image:width\" content=\"810\" \/>\n\t<meta property=\"og:image:height\" content=\"1080\" \/>\n\t<meta property=\"og:image:type\" content=\"image\/jpeg\" \/>\n<meta name=\"author\" content=\"Vox Sahel\" \/>\n<meta name=\"twitter:card\" content=\"summary_large_image\" \/>\n<meta name=\"twitter:label1\" content=\"\u00c9crit par\" \/>\n\t<meta name=\"twitter:data1\" content=\"Vox Sahel\" \/>\n\t<meta name=\"twitter:label2\" content=\"Dur\u00e9e de lecture estim\u00e9e\" \/>\n\t<meta name=\"twitter:data2\" content=\"6 minutes\" \/>\n<script type=\"application\/ld+json\" class=\"yoast-schema-graph\">{\"@context\":\"https:\\\/\\\/schema.org\",\"@graph\":[{\"@type\":\"Article\",\"@id\":\"https:\\\/\\\/voxsahel.com\\\/?p=2668#article\",\"isPartOf\":{\"@id\":\"https:\\\/\\\/voxsahel.com\\\/?p=2668\"},\"author\":{\"name\":\"Vox Sahel\",\"@id\":\"https:\\\/\\\/voxsahel.com\\\/#\\\/schema\\\/person\\\/b4043608248f8fa227cd760e7ff1e19e\"},\"headline\":\"M\u00e9dias : \u00ab\u00a0la Chine et l\u2019Afrique doivent \u00e9crire une nouvelle histoire ensemble\u00a0\u00bb, Liu Linhai\",\"datePublished\":\"2025-08-31T22:53:24+00:00\",\"dateModified\":\"2025-09-01T13:00:52+00:00\",\"mainEntityOfPage\":{\"@id\":\"https:\\\/\\\/voxsahel.com\\\/?p=2668\"},\"wordCount\":1402,\"commentCount\":0,\"publisher\":{\"@id\":\"https:\\\/\\\/voxsahel.com\\\/#organization\"},\"image\":{\"@id\":\"https:\\\/\\\/voxsahel.com\\\/?p=2668#primaryimage\"},\"thumbnailUrl\":\"https:\\\/\\\/voxsahel.com\\\/wp-content\\\/uploads\\\/2025\\\/08\\\/WhatsApp-Image-2025-08-29-at-15.05.56-1.jpeg\",\"keywords\":[\"Beijing\",\"Burkina Faso\",\"Chine\",\"Education\",\"Formation\",\"Journalisme\",\"M\u00e9dia\",\"Pekin\",\"R\u00e9publique populaire de Chine\",\"Sommet Chine-Afrique\",\"Xi Jinping\"],\"articleSection\":[\"FAITS DIVERS\"],\"inLanguage\":\"fr-FR\",\"potentialAction\":[{\"@type\":\"CommentAction\",\"name\":\"Comment\",\"target\":[\"https:\\\/\\\/voxsahel.com\\\/?p=2668#respond\"]}]},{\"@type\":\"WebPage\",\"@id\":\"https:\\\/\\\/voxsahel.com\\\/?p=2668\",\"url\":\"https:\\\/\\\/voxsahel.com\\\/?p=2668\",\"name\":\"M\u00e9dias : \u00ab\u00a0la Chine et l\u2019Afrique doivent \u00e9crire une nouvelle histoire ensemble\u00a0\u00bb, Liu Linhai - Vox Sahel\",\"isPartOf\":{\"@id\":\"https:\\\/\\\/voxsahel.com\\\/#website\"},\"primaryImageOfPage\":{\"@id\":\"https:\\\/\\\/voxsahel.com\\\/?p=2668#primaryimage\"},\"image\":{\"@id\":\"https:\\\/\\\/voxsahel.com\\\/?p=2668#primaryimage\"},\"thumbnailUrl\":\"https:\\\/\\\/voxsahel.com\\\/wp-content\\\/uploads\\\/2025\\\/08\\\/WhatsApp-Image-2025-08-29-at-15.05.56-1.jpeg\",\"datePublished\":\"2025-08-31T22:53:24+00:00\",\"dateModified\":\"2025-09-01T13:00:52+00:00\",\"breadcrumb\":{\"@id\":\"https:\\\/\\\/voxsahel.com\\\/?p=2668#breadcrumb\"},\"inLanguage\":\"fr-FR\",\"potentialAction\":[{\"@type\":\"ReadAction\",\"target\":[\"https:\\\/\\\/voxsahel.com\\\/?p=2668\"]}]},{\"@type\":\"ImageObject\",\"inLanguage\":\"fr-FR\",\"@id\":\"https:\\\/\\\/voxsahel.com\\\/?p=2668#primaryimage\",\"url\":\"https:\\\/\\\/voxsahel.com\\\/wp-content\\\/uploads\\\/2025\\\/08\\\/WhatsApp-Image-2025-08-29-at-15.05.56-1.jpeg\",\"contentUrl\":\"https:\\\/\\\/voxsahel.com\\\/wp-content\\\/uploads\\\/2025\\\/08\\\/WhatsApp-Image-2025-08-29-at-15.05.56-1.jpeg\",\"width\":810,\"height\":1080},{\"@type\":\"BreadcrumbList\",\"@id\":\"https:\\\/\\\/voxsahel.com\\\/?p=2668#breadcrumb\",\"itemListElement\":[{\"@type\":\"ListItem\",\"position\":1,\"name\":\"Home\",\"item\":\"https:\\\/\\\/voxsahel.com\\\/\"},{\"@type\":\"ListItem\",\"position\":2,\"name\":\"M\u00e9dias : \u00ab\u00a0la Chine et l\u2019Afrique doivent \u00e9crire une nouvelle histoire ensemble\u00a0\u00bb, Liu Linhai\"}]},{\"@type\":\"WebSite\",\"@id\":\"https:\\\/\\\/voxsahel.com\\\/#website\",\"url\":\"https:\\\/\\\/voxsahel.com\\\/\",\"name\":\"Vox Sahel\",\"description\":\"Informez-vous sur le Sahel en un clic\",\"publisher\":{\"@id\":\"https:\\\/\\\/voxsahel.com\\\/#organization\"},\"potentialAction\":[{\"@type\":\"SearchAction\",\"target\":{\"@type\":\"EntryPoint\",\"urlTemplate\":\"https:\\\/\\\/voxsahel.com\\\/?s={search_term_string}\"},\"query-input\":{\"@type\":\"PropertyValueSpecification\",\"valueRequired\":true,\"valueName\":\"search_term_string\"}}],\"inLanguage\":\"fr-FR\"},{\"@type\":\"Organization\",\"@id\":\"https:\\\/\\\/voxsahel.com\\\/#organization\",\"name\":\"Vox Sahel\",\"url\":\"https:\\\/\\\/voxsahel.com\\\/\",\"logo\":{\"@type\":\"ImageObject\",\"inLanguage\":\"fr-FR\",\"@id\":\"https:\\\/\\\/voxsahel.com\\\/#\\\/schema\\\/logo\\\/image\\\/\",\"url\":\"https:\\\/\\\/voxsahel.com\\\/wp-content\\\/uploads\\\/2024\\\/09\\\/Logo-Vox-Sahel.jpg\",\"contentUrl\":\"https:\\\/\\\/voxsahel.com\\\/wp-content\\\/uploads\\\/2024\\\/09\\\/Logo-Vox-Sahel.jpg\",\"width\":1181,\"height\":848,\"caption\":\"Vox Sahel\"},\"image\":{\"@id\":\"https:\\\/\\\/voxsahel.com\\\/#\\\/schema\\\/logo\\\/image\\\/\"},\"sameAs\":[\"https:\\\/\\\/www.facebook.com\\\/journal.voxsahel\"]},{\"@type\":\"Person\",\"@id\":\"https:\\\/\\\/voxsahel.com\\\/#\\\/schema\\\/person\\\/b4043608248f8fa227cd760e7ff1e19e\",\"name\":\"Vox Sahel\",\"image\":{\"@type\":\"ImageObject\",\"inLanguage\":\"fr-FR\",\"@id\":\"https:\\\/\\\/secure.gravatar.com\\\/avatar\\\/f70e7fa0cb9b29d4a7c5788d6eb2e9ab4d3135cbae1c9161810fdf77a8964699?s=96&d=mm&r=g\",\"url\":\"https:\\\/\\\/secure.gravatar.com\\\/avatar\\\/f70e7fa0cb9b29d4a7c5788d6eb2e9ab4d3135cbae1c9161810fdf77a8964699?s=96&d=mm&r=g\",\"contentUrl\":\"https:\\\/\\\/secure.gravatar.com\\\/avatar\\\/f70e7fa0cb9b29d4a7c5788d6eb2e9ab4d3135cbae1c9161810fdf77a8964699?s=96&d=mm&r=g\",\"caption\":\"Vox Sahel\"},\"sameAs\":[\"http:\\\/\\\/www.voxsahel.com\"],\"url\":\"https:\\\/\\\/voxsahel.com\\\/?author=2\"}]}<\/script>\n<!-- \/ Yoast SEO plugin. -->","yoast_head_json":{"title":"M\u00e9dias : \u00ab\u00a0la Chine et l\u2019Afrique doivent \u00e9crire une nouvelle histoire ensemble\u00a0\u00bb, Liu Linhai - Vox Sahel","robots":{"index":"index","follow":"follow","max-snippet":"max-snippet:-1","max-image-preview":"max-image-preview:large","max-video-preview":"max-video-preview:-1"},"canonical":"https:\/\/voxsahel.com\/?p=2668","og_locale":"fr_FR","og_type":"article","og_title":"M\u00e9dias : \u00ab\u00a0la Chine et l\u2019Afrique doivent \u00e9crire une nouvelle histoire ensemble\u00a0\u00bb, Liu Linhai - Vox Sahel","og_description":"Former des journalistes africains, partager des savoir-faire et b\u00e2tir des passerelles durables entre les continents","og_url":"https:\/\/voxsahel.com\/?p=2668","og_site_name":"Vox Sahel","article_publisher":"https:\/\/www.facebook.com\/journal.voxsahel","article_published_time":"2025-08-31T22:53:24+00:00","article_modified_time":"2025-09-01T13:00:52+00:00","og_image":[{"width":810,"height":1080,"url":"https:\/\/voxsahel.com\/wp-content\/uploads\/2025\/08\/WhatsApp-Image-2025-08-29-at-15.05.56-1.jpeg","type":"image\/jpeg"}],"author":"Vox Sahel","twitter_card":"summary_large_image","twitter_misc":{"\u00c9crit par":"Vox Sahel","Dur\u00e9e de lecture estim\u00e9e":"6 minutes"},"schema":{"@context":"https:\/\/schema.org","@graph":[{"@type":"Article","@id":"https:\/\/voxsahel.com\/?p=2668#article","isPartOf":{"@id":"https:\/\/voxsahel.com\/?p=2668"},"author":{"name":"Vox Sahel","@id":"https:\/\/voxsahel.com\/#\/schema\/person\/b4043608248f8fa227cd760e7ff1e19e"},"headline":"M\u00e9dias : \u00ab\u00a0la Chine et l\u2019Afrique doivent \u00e9crire une nouvelle histoire ensemble\u00a0\u00bb, Liu Linhai","datePublished":"2025-08-31T22:53:24+00:00","dateModified":"2025-09-01T13:00:52+00:00","mainEntityOfPage":{"@id":"https:\/\/voxsahel.com\/?p=2668"},"wordCount":1402,"commentCount":0,"publisher":{"@id":"https:\/\/voxsahel.com\/#organization"},"image":{"@id":"https:\/\/voxsahel.com\/?p=2668#primaryimage"},"thumbnailUrl":"https:\/\/voxsahel.com\/wp-content\/uploads\/2025\/08\/WhatsApp-Image-2025-08-29-at-15.05.56-1.jpeg","keywords":["Beijing","Burkina Faso","Chine","Education","Formation","Journalisme","M\u00e9dia","Pekin","R\u00e9publique populaire de Chine","Sommet Chine-Afrique","Xi Jinping"],"articleSection":["FAITS DIVERS"],"inLanguage":"fr-FR","potentialAction":[{"@type":"CommentAction","name":"Comment","target":["https:\/\/voxsahel.com\/?p=2668#respond"]}]},{"@type":"WebPage","@id":"https:\/\/voxsahel.com\/?p=2668","url":"https:\/\/voxsahel.com\/?p=2668","name":"M\u00e9dias : \u00ab\u00a0la Chine et l\u2019Afrique doivent \u00e9crire une nouvelle histoire ensemble\u00a0\u00bb, Liu Linhai - Vox Sahel","isPartOf":{"@id":"https:\/\/voxsahel.com\/#website"},"primaryImageOfPage":{"@id":"https:\/\/voxsahel.com\/?p=2668#primaryimage"},"image":{"@id":"https:\/\/voxsahel.com\/?p=2668#primaryimage"},"thumbnailUrl":"https:\/\/voxsahel.com\/wp-content\/uploads\/2025\/08\/WhatsApp-Image-2025-08-29-at-15.05.56-1.jpeg","datePublished":"2025-08-31T22:53:24+00:00","dateModified":"2025-09-01T13:00:52+00:00","breadcrumb":{"@id":"https:\/\/voxsahel.com\/?p=2668#breadcrumb"},"inLanguage":"fr-FR","potentialAction":[{"@type":"ReadAction","target":["https:\/\/voxsahel.com\/?p=2668"]}]},{"@type":"ImageObject","inLanguage":"fr-FR","@id":"https:\/\/voxsahel.com\/?p=2668#primaryimage","url":"https:\/\/voxsahel.com\/wp-content\/uploads\/2025\/08\/WhatsApp-Image-2025-08-29-at-15.05.56-1.jpeg","contentUrl":"https:\/\/voxsahel.com\/wp-content\/uploads\/2025\/08\/WhatsApp-Image-2025-08-29-at-15.05.56-1.jpeg","width":810,"height":1080},{"@type":"BreadcrumbList","@id":"https:\/\/voxsahel.com\/?p=2668#breadcrumb","itemListElement":[{"@type":"ListItem","position":1,"name":"Home","item":"https:\/\/voxsahel.com\/"},{"@type":"ListItem","position":2,"name":"M\u00e9dias : \u00ab\u00a0la Chine et l\u2019Afrique doivent \u00e9crire une nouvelle histoire ensemble\u00a0\u00bb, Liu Linhai"}]},{"@type":"WebSite","@id":"https:\/\/voxsahel.com\/#website","url":"https:\/\/voxsahel.com\/","name":"Vox Sahel","description":"Informez-vous sur le Sahel en un clic","publisher":{"@id":"https:\/\/voxsahel.com\/#organization"},"potentialAction":[{"@type":"SearchAction","target":{"@type":"EntryPoint","urlTemplate":"https:\/\/voxsahel.com\/?s={search_term_string}"},"query-input":{"@type":"PropertyValueSpecification","valueRequired":true,"valueName":"search_term_string"}}],"inLanguage":"fr-FR"},{"@type":"Organization","@id":"https:\/\/voxsahel.com\/#organization","name":"Vox Sahel","url":"https:\/\/voxsahel.com\/","logo":{"@type":"ImageObject","inLanguage":"fr-FR","@id":"https:\/\/voxsahel.com\/#\/schema\/logo\/image\/","url":"https:\/\/voxsahel.com\/wp-content\/uploads\/2024\/09\/Logo-Vox-Sahel.jpg","contentUrl":"https:\/\/voxsahel.com\/wp-content\/uploads\/2024\/09\/Logo-Vox-Sahel.jpg","width":1181,"height":848,"caption":"Vox Sahel"},"image":{"@id":"https:\/\/voxsahel.com\/#\/schema\/logo\/image\/"},"sameAs":["https:\/\/www.facebook.com\/journal.voxsahel"]},{"@type":"Person","@id":"https:\/\/voxsahel.com\/#\/schema\/person\/b4043608248f8fa227cd760e7ff1e19e","name":"Vox Sahel","image":{"@type":"ImageObject","inLanguage":"fr-FR","@id":"https:\/\/secure.gravatar.com\/avatar\/f70e7fa0cb9b29d4a7c5788d6eb2e9ab4d3135cbae1c9161810fdf77a8964699?s=96&d=mm&r=g","url":"https:\/\/secure.gravatar.com\/avatar\/f70e7fa0cb9b29d4a7c5788d6eb2e9ab4d3135cbae1c9161810fdf77a8964699?s=96&d=mm&r=g","contentUrl":"https:\/\/secure.gravatar.com\/avatar\/f70e7fa0cb9b29d4a7c5788d6eb2e9ab4d3135cbae1c9161810fdf77a8964699?s=96&d=mm&r=g","caption":"Vox Sahel"},"sameAs":["http:\/\/www.voxsahel.com"],"url":"https:\/\/voxsahel.com\/?author=2"}]}},"_links":{"self":[{"href":"https:\/\/voxsahel.com\/index.php?rest_route=\/wp\/v2\/posts\/2668","targetHints":{"allow":["GET"]}}],"collection":[{"href":"https:\/\/voxsahel.com\/index.php?rest_route=\/wp\/v2\/posts"}],"about":[{"href":"https:\/\/voxsahel.com\/index.php?rest_route=\/wp\/v2\/types\/post"}],"author":[{"embeddable":true,"href":"https:\/\/voxsahel.com\/index.php?rest_route=\/wp\/v2\/users\/2"}],"replies":[{"embeddable":true,"href":"https:\/\/voxsahel.com\/index.php?rest_route=%2Fwp%2Fv2%2Fcomments&post=2668"}],"version-history":[{"count":2,"href":"https:\/\/voxsahel.com\/index.php?rest_route=\/wp\/v2\/posts\/2668\/revisions"}],"predecessor-version":[{"id":2675,"href":"https:\/\/voxsahel.com\/index.php?rest_route=\/wp\/v2\/posts\/2668\/revisions\/2675"}],"wp:featuredmedia":[{"embeddable":true,"href":"https:\/\/voxsahel.com\/index.php?rest_route=\/wp\/v2\/media\/2669"}],"wp:attachment":[{"href":"https:\/\/voxsahel.com\/index.php?rest_route=%2Fwp%2Fv2%2Fmedia&parent=2668"}],"wp:term":[{"taxonomy":"category","embeddable":true,"href":"https:\/\/voxsahel.com\/index.php?rest_route=%2Fwp%2Fv2%2Fcategories&post=2668"},{"taxonomy":"post_tag","embeddable":true,"href":"https:\/\/voxsahel.com\/index.php?rest_route=%2Fwp%2Fv2%2Ftags&post=2668"}],"curies":[{"name":"wp","href":"https:\/\/api.w.org\/{rel}","templated":true}]}}