{"id":2658,"date":"2025-08-30T08:01:58","date_gmt":"2025-08-30T08:01:58","guid":{"rendered":"https:\/\/voxsahel.com\/?p=2658"},"modified":"2025-08-30T08:01:58","modified_gmt":"2025-08-30T08:01:58","slug":"rn20-ioba-la-circulation-des-poids-lourds-suspendue-entre-ouessa-et-dissihn","status":"publish","type":"post","link":"https:\/\/voxsahel.com\/?p=2658","title":{"rendered":"RN20\/Ioba : La circulation des poids lourds suspendue entre Ou\u00e9ssa et Dissihn"},"content":{"rendered":"<p class=\"p1\"><span class=\"s1\">La circulation des v\u00e9hicules poids lourds est d\u00e9sormais suspendue sur la route nationale n\u00b020 (RN20), entre Ou\u00e9ssa et Dissihn, \u00e0 la suite de la d\u00e9gradation du pont situ\u00e9 sur le fleuve Mouhoun.<\/span><\/p>\n<p class=\"p1\"><span class=\"s1\">Un trou b\u00e9ant laissant appara\u00eetre les fers \u00e0 b\u00e9ton s\u2019est form\u00e9 sur cet ouvrage \u00e0 la sortie de Ou\u00e9ssa, rendant le passage des camions et autres v\u00e9hicules lourds particuli\u00e8rement dangereux.<\/span><\/p>\n<p class=\"p1\"><span class=\"s1\">Face \u00e0 la situation, le haut-commissaire de la province du Ioba, Innocents Ouattara, s\u2019est rendu sur les lieux pour constater l\u2019\u00e9tat de l\u2019infrastructure. Il a donn\u00e9 des instructions aux Forces de d\u00e9fense et de s\u00e9curit\u00e9 (FDS) afin d\u2019assurer la protection des usagers et de s\u00e9curiser le reste du pont.<\/span><\/p>\n<p class=\"p1\"><span class=\"s1\">Dans un communiqu\u00e9 publi\u00e9 le jeudi 28 ao\u00fbt 2025, le gouverneur de la r\u00e9gion du Dj\u00f4r\u00f4, Siaka Barro, a inform\u00e9 les populations et les usagers de la RN20 de la suspension du trafic des poids lourds sur la section concern\u00e9e. Il a par ailleurs invit\u00e9 les conducteurs de v\u00e9hicules l\u00e9gers \u00e0 plus de prudence et au strict respect des panneaux d\u2019indication provisoires ainsi que des consignes s\u00e9curitaires mises en place.<\/span><\/p>\n<p class=\"p1\"><span class=\"s1\">Le gouverneur a tenu \u00e0 rassurer que des \u00e9quipes techniques du minist\u00e8re des Infrastructures et du D\u00e9senclavement sont d\u00e9j\u00e0 mobilis\u00e9es pour r\u00e9tablir la circulation dans les meilleurs d\u00e9lais.<\/span><\/p>\n<p class=\"p1\"><span class=\"s1\">Cette suspension temporaire constitue une mesure de s\u00e9curit\u00e9 en attendant la r\u00e9habilitation de l\u2019ouvrage, essentiel pour la mobilit\u00e9 et les \u00e9changes dans la r\u00e9gion.<\/span><\/p>\n","protected":false},"excerpt":{"rendered":"<p>La circulation des v\u00e9hicules poids lourds est d\u00e9sormais suspendue sur la route nationale n\u00b020 (RN20),<\/p>\n","protected":false},"author":2,"featured_media":2659,"comment_status":"open","ping_status":"open","sticky":false,"template":"","format":"standard","meta":{"_et_pb_use_builder":"","_et_pb_old_content":"","_et_gb_content_width":"","footnotes":""},"categories":[5],"tags":[18,897,896,283,898,218],"class_list":["post-2658","post","type-post","status-publish","format-standard","has-post-thumbnail","hentry","category-societe","tag-burkina-faso","tag-circulation-routiere","tag-dano","tag-faitiere-unique-des-transporteurs-routiers-du-burkina","tag-ouessa","tag-transport"],"yoast_head":"<!-- This site is optimized with the Yoast SEO plugin v27.5 - https:\/\/yoast.com\/product\/yoast-seo-wordpress\/ -->\n<title>RN20\/Ioba : La circulation des poids lourds suspendue entre Ou\u00e9ssa et Dissihn - Vox Sahel<\/title>\n<meta name=\"robots\" content=\"index, follow, max-snippet:-1, max-image-preview:large, max-video-preview:-1\" \/>\n<link rel=\"canonical\" href=\"https:\/\/voxsahel.com\/?p=2658\" \/>\n<meta property=\"og:locale\" content=\"fr_FR\" \/>\n<meta property=\"og:type\" content=\"article\" \/>\n<meta property=\"og:title\" content=\"RN20\/Ioba : La circulation des poids lourds suspendue entre Ou\u00e9ssa et Dissihn - Vox Sahel\" \/>\n<meta property=\"og:description\" content=\"La circulation des v\u00e9hicules poids lourds est d\u00e9sormais suspendue sur la route nationale n\u00b020 (RN20),\" \/>\n<meta property=\"og:url\" content=\"https:\/\/voxsahel.com\/?p=2658\" \/>\n<meta property=\"og:site_name\" content=\"Vox Sahel\" \/>\n<meta property=\"article:publisher\" content=\"https:\/\/www.facebook.com\/journal.voxsahel\" \/>\n<meta property=\"article:published_time\" content=\"2025-08-30T08:01:58+00:00\" \/>\n<meta property=\"og:image\" content=\"https:\/\/voxsahel.com\/wp-content\/uploads\/2025\/08\/IMG_3846.jpeg\" \/>\n\t<meta property=\"og:image:width\" content=\"650\" \/>\n\t<meta property=\"og:image:height\" content=\"810\" \/>\n\t<meta property=\"og:image:type\" content=\"image\/jpeg\" \/>\n<meta name=\"author\" content=\"Vox Sahel\" \/>\n<meta name=\"twitter:card\" content=\"summary_large_image\" \/>\n<meta name=\"twitter:label1\" content=\"\u00c9crit par\" \/>\n\t<meta name=\"twitter:data1\" content=\"Vox Sahel\" \/>\n\t<meta name=\"twitter:label2\" content=\"Dur\u00e9e de lecture estim\u00e9e\" \/>\n\t<meta name=\"twitter:data2\" content=\"2 minutes\" \/>\n<script type=\"application\/ld+json\" class=\"yoast-schema-graph\">{\"@context\":\"https:\\\/\\\/schema.org\",\"@graph\":[{\"@type\":\"Article\",\"@id\":\"https:\\\/\\\/voxsahel.com\\\/?p=2658#article\",\"isPartOf\":{\"@id\":\"https:\\\/\\\/voxsahel.com\\\/?p=2658\"},\"author\":{\"name\":\"Vox Sahel\",\"@id\":\"https:\\\/\\\/voxsahel.com\\\/#\\\/schema\\\/person\\\/b4043608248f8fa227cd760e7ff1e19e\"},\"headline\":\"RN20\\\/Ioba : La circulation des poids lourds suspendue entre Ou\u00e9ssa et Dissihn\",\"datePublished\":\"2025-08-30T08:01:58+00:00\",\"mainEntityOfPage\":{\"@id\":\"https:\\\/\\\/voxsahel.com\\\/?p=2658\"},\"wordCount\":274,\"commentCount\":0,\"publisher\":{\"@id\":\"https:\\\/\\\/voxsahel.com\\\/#organization\"},\"image\":{\"@id\":\"https:\\\/\\\/voxsahel.com\\\/?p=2658#primaryimage\"},\"thumbnailUrl\":\"https:\\\/\\\/voxsahel.com\\\/wp-content\\\/uploads\\\/2025\\\/08\\\/IMG_3846.jpeg\",\"keywords\":[\"Burkina Faso\",\"Circulation routi\u00e8re\",\"Dano\",\"Faiti\u00e8re unique des transporteurs routiers du Burkina\",\"Ou\u00e9ssa\",\"Transport\"],\"articleSection\":[\"SOCIETE\"],\"inLanguage\":\"fr-FR\",\"potentialAction\":[{\"@type\":\"CommentAction\",\"name\":\"Comment\",\"target\":[\"https:\\\/\\\/voxsahel.com\\\/?p=2658#respond\"]}]},{\"@type\":\"WebPage\",\"@id\":\"https:\\\/\\\/voxsahel.com\\\/?p=2658\",\"url\":\"https:\\\/\\\/voxsahel.com\\\/?p=2658\",\"name\":\"RN20\\\/Ioba : La circulation des poids lourds suspendue entre Ou\u00e9ssa et Dissihn - Vox Sahel\",\"isPartOf\":{\"@id\":\"https:\\\/\\\/voxsahel.com\\\/#website\"},\"primaryImageOfPage\":{\"@id\":\"https:\\\/\\\/voxsahel.com\\\/?p=2658#primaryimage\"},\"image\":{\"@id\":\"https:\\\/\\\/voxsahel.com\\\/?p=2658#primaryimage\"},\"thumbnailUrl\":\"https:\\\/\\\/voxsahel.com\\\/wp-content\\\/uploads\\\/2025\\\/08\\\/IMG_3846.jpeg\",\"datePublished\":\"2025-08-30T08:01:58+00:00\",\"breadcrumb\":{\"@id\":\"https:\\\/\\\/voxsahel.com\\\/?p=2658#breadcrumb\"},\"inLanguage\":\"fr-FR\",\"potentialAction\":[{\"@type\":\"ReadAction\",\"target\":[\"https:\\\/\\\/voxsahel.com\\\/?p=2658\"]}]},{\"@type\":\"ImageObject\",\"inLanguage\":\"fr-FR\",\"@id\":\"https:\\\/\\\/voxsahel.com\\\/?p=2658#primaryimage\",\"url\":\"https:\\\/\\\/voxsahel.com\\\/wp-content\\\/uploads\\\/2025\\\/08\\\/IMG_3846.jpeg\",\"contentUrl\":\"https:\\\/\\\/voxsahel.com\\\/wp-content\\\/uploads\\\/2025\\\/08\\\/IMG_3846.jpeg\",\"width\":650,\"height\":810},{\"@type\":\"BreadcrumbList\",\"@id\":\"https:\\\/\\\/voxsahel.com\\\/?p=2658#breadcrumb\",\"itemListElement\":[{\"@type\":\"ListItem\",\"position\":1,\"name\":\"Home\",\"item\":\"https:\\\/\\\/voxsahel.com\\\/\"},{\"@type\":\"ListItem\",\"position\":2,\"name\":\"RN20\\\/Ioba : La circulation des poids lourds suspendue entre Ou\u00e9ssa et Dissihn\"}]},{\"@type\":\"WebSite\",\"@id\":\"https:\\\/\\\/voxsahel.com\\\/#website\",\"url\":\"https:\\\/\\\/voxsahel.com\\\/\",\"name\":\"Vox Sahel\",\"description\":\"Informez-vous sur le Sahel en un clic\",\"publisher\":{\"@id\":\"https:\\\/\\\/voxsahel.com\\\/#organization\"},\"potentialAction\":[{\"@type\":\"SearchAction\",\"target\":{\"@type\":\"EntryPoint\",\"urlTemplate\":\"https:\\\/\\\/voxsahel.com\\\/?s={search_term_string}\"},\"query-input\":{\"@type\":\"PropertyValueSpecification\",\"valueRequired\":true,\"valueName\":\"search_term_string\"}}],\"inLanguage\":\"fr-FR\"},{\"@type\":\"Organization\",\"@id\":\"https:\\\/\\\/voxsahel.com\\\/#organization\",\"name\":\"Vox Sahel\",\"url\":\"https:\\\/\\\/voxsahel.com\\\/\",\"logo\":{\"@type\":\"ImageObject\",\"inLanguage\":\"fr-FR\",\"@id\":\"https:\\\/\\\/voxsahel.com\\\/#\\\/schema\\\/logo\\\/image\\\/\",\"url\":\"https:\\\/\\\/voxsahel.com\\\/wp-content\\\/uploads\\\/2024\\\/09\\\/Logo-Vox-Sahel.jpg\",\"contentUrl\":\"https:\\\/\\\/voxsahel.com\\\/wp-content\\\/uploads\\\/2024\\\/09\\\/Logo-Vox-Sahel.jpg\",\"width\":1181,\"height\":848,\"caption\":\"Vox Sahel\"},\"image\":{\"@id\":\"https:\\\/\\\/voxsahel.com\\\/#\\\/schema\\\/logo\\\/image\\\/\"},\"sameAs\":[\"https:\\\/\\\/www.facebook.com\\\/journal.voxsahel\"]},{\"@type\":\"Person\",\"@id\":\"https:\\\/\\\/voxsahel.com\\\/#\\\/schema\\\/person\\\/b4043608248f8fa227cd760e7ff1e19e\",\"name\":\"Vox Sahel\",\"image\":{\"@type\":\"ImageObject\",\"inLanguage\":\"fr-FR\",\"@id\":\"https:\\\/\\\/secure.gravatar.com\\\/avatar\\\/f70e7fa0cb9b29d4a7c5788d6eb2e9ab4d3135cbae1c9161810fdf77a8964699?s=96&d=mm&r=g\",\"url\":\"https:\\\/\\\/secure.gravatar.com\\\/avatar\\\/f70e7fa0cb9b29d4a7c5788d6eb2e9ab4d3135cbae1c9161810fdf77a8964699?s=96&d=mm&r=g\",\"contentUrl\":\"https:\\\/\\\/secure.gravatar.com\\\/avatar\\\/f70e7fa0cb9b29d4a7c5788d6eb2e9ab4d3135cbae1c9161810fdf77a8964699?s=96&d=mm&r=g\",\"caption\":\"Vox Sahel\"},\"sameAs\":[\"http:\\\/\\\/www.voxsahel.com\"],\"url\":\"https:\\\/\\\/voxsahel.com\\\/?author=2\"}]}<\/script>\n<!-- \/ Yoast SEO plugin. -->","yoast_head_json":{"title":"RN20\/Ioba : La circulation des poids lourds suspendue entre Ou\u00e9ssa et Dissihn - Vox Sahel","robots":{"index":"index","follow":"follow","max-snippet":"max-snippet:-1","max-image-preview":"max-image-preview:large","max-video-preview":"max-video-preview:-1"},"canonical":"https:\/\/voxsahel.com\/?p=2658","og_locale":"fr_FR","og_type":"article","og_title":"RN20\/Ioba : La circulation des poids lourds suspendue entre Ou\u00e9ssa et Dissihn - Vox Sahel","og_description":"La circulation des v\u00e9hicules poids lourds est d\u00e9sormais suspendue sur la route nationale n\u00b020 (RN20),","og_url":"https:\/\/voxsahel.com\/?p=2658","og_site_name":"Vox Sahel","article_publisher":"https:\/\/www.facebook.com\/journal.voxsahel","article_published_time":"2025-08-30T08:01:58+00:00","og_image":[{"width":650,"height":810,"url":"https:\/\/voxsahel.com\/wp-content\/uploads\/2025\/08\/IMG_3846.jpeg","type":"image\/jpeg"}],"author":"Vox Sahel","twitter_card":"summary_large_image","twitter_misc":{"\u00c9crit par":"Vox Sahel","Dur\u00e9e de lecture estim\u00e9e":"2 minutes"},"schema":{"@context":"https:\/\/schema.org","@graph":[{"@type":"Article","@id":"https:\/\/voxsahel.com\/?p=2658#article","isPartOf":{"@id":"https:\/\/voxsahel.com\/?p=2658"},"author":{"name":"Vox Sahel","@id":"https:\/\/voxsahel.com\/#\/schema\/person\/b4043608248f8fa227cd760e7ff1e19e"},"headline":"RN20\/Ioba : La circulation des poids lourds suspendue entre Ou\u00e9ssa et Dissihn","datePublished":"2025-08-30T08:01:58+00:00","mainEntityOfPage":{"@id":"https:\/\/voxsahel.com\/?p=2658"},"wordCount":274,"commentCount":0,"publisher":{"@id":"https:\/\/voxsahel.com\/#organization"},"image":{"@id":"https:\/\/voxsahel.com\/?p=2658#primaryimage"},"thumbnailUrl":"https:\/\/voxsahel.com\/wp-content\/uploads\/2025\/08\/IMG_3846.jpeg","keywords":["Burkina Faso","Circulation routi\u00e8re","Dano","Faiti\u00e8re unique des transporteurs routiers du Burkina","Ou\u00e9ssa","Transport"],"articleSection":["SOCIETE"],"inLanguage":"fr-FR","potentialAction":[{"@type":"CommentAction","name":"Comment","target":["https:\/\/voxsahel.com\/?p=2658#respond"]}]},{"@type":"WebPage","@id":"https:\/\/voxsahel.com\/?p=2658","url":"https:\/\/voxsahel.com\/?p=2658","name":"RN20\/Ioba : La circulation des poids lourds suspendue entre Ou\u00e9ssa et Dissihn - Vox Sahel","isPartOf":{"@id":"https:\/\/voxsahel.com\/#website"},"primaryImageOfPage":{"@id":"https:\/\/voxsahel.com\/?p=2658#primaryimage"},"image":{"@id":"https:\/\/voxsahel.com\/?p=2658#primaryimage"},"thumbnailUrl":"https:\/\/voxsahel.com\/wp-content\/uploads\/2025\/08\/IMG_3846.jpeg","datePublished":"2025-08-30T08:01:58+00:00","breadcrumb":{"@id":"https:\/\/voxsahel.com\/?p=2658#breadcrumb"},"inLanguage":"fr-FR","potentialAction":[{"@type":"ReadAction","target":["https:\/\/voxsahel.com\/?p=2658"]}]},{"@type":"ImageObject","inLanguage":"fr-FR","@id":"https:\/\/voxsahel.com\/?p=2658#primaryimage","url":"https:\/\/voxsahel.com\/wp-content\/uploads\/2025\/08\/IMG_3846.jpeg","contentUrl":"https:\/\/voxsahel.com\/wp-content\/uploads\/2025\/08\/IMG_3846.jpeg","width":650,"height":810},{"@type":"BreadcrumbList","@id":"https:\/\/voxsahel.com\/?p=2658#breadcrumb","itemListElement":[{"@type":"ListItem","position":1,"name":"Home","item":"https:\/\/voxsahel.com\/"},{"@type":"ListItem","position":2,"name":"RN20\/Ioba : La circulation des poids lourds suspendue entre Ou\u00e9ssa et Dissihn"}]},{"@type":"WebSite","@id":"https:\/\/voxsahel.com\/#website","url":"https:\/\/voxsahel.com\/","name":"Vox Sahel","description":"Informez-vous sur le Sahel en un clic","publisher":{"@id":"https:\/\/voxsahel.com\/#organization"},"potentialAction":[{"@type":"SearchAction","target":{"@type":"EntryPoint","urlTemplate":"https:\/\/voxsahel.com\/?s={search_term_string}"},"query-input":{"@type":"PropertyValueSpecification","valueRequired":true,"valueName":"search_term_string"}}],"inLanguage":"fr-FR"},{"@type":"Organization","@id":"https:\/\/voxsahel.com\/#organization","name":"Vox Sahel","url":"https:\/\/voxsahel.com\/","logo":{"@type":"ImageObject","inLanguage":"fr-FR","@id":"https:\/\/voxsahel.com\/#\/schema\/logo\/image\/","url":"https:\/\/voxsahel.com\/wp-content\/uploads\/2024\/09\/Logo-Vox-Sahel.jpg","contentUrl":"https:\/\/voxsahel.com\/wp-content\/uploads\/2024\/09\/Logo-Vox-Sahel.jpg","width":1181,"height":848,"caption":"Vox Sahel"},"image":{"@id":"https:\/\/voxsahel.com\/#\/schema\/logo\/image\/"},"sameAs":["https:\/\/www.facebook.com\/journal.voxsahel"]},{"@type":"Person","@id":"https:\/\/voxsahel.com\/#\/schema\/person\/b4043608248f8fa227cd760e7ff1e19e","name":"Vox Sahel","image":{"@type":"ImageObject","inLanguage":"fr-FR","@id":"https:\/\/secure.gravatar.com\/avatar\/f70e7fa0cb9b29d4a7c5788d6eb2e9ab4d3135cbae1c9161810fdf77a8964699?s=96&d=mm&r=g","url":"https:\/\/secure.gravatar.com\/avatar\/f70e7fa0cb9b29d4a7c5788d6eb2e9ab4d3135cbae1c9161810fdf77a8964699?s=96&d=mm&r=g","contentUrl":"https:\/\/secure.gravatar.com\/avatar\/f70e7fa0cb9b29d4a7c5788d6eb2e9ab4d3135cbae1c9161810fdf77a8964699?s=96&d=mm&r=g","caption":"Vox Sahel"},"sameAs":["http:\/\/www.voxsahel.com"],"url":"https:\/\/voxsahel.com\/?author=2"}]}},"_links":{"self":[{"href":"https:\/\/voxsahel.com\/index.php?rest_route=\/wp\/v2\/posts\/2658","targetHints":{"allow":["GET"]}}],"collection":[{"href":"https:\/\/voxsahel.com\/index.php?rest_route=\/wp\/v2\/posts"}],"about":[{"href":"https:\/\/voxsahel.com\/index.php?rest_route=\/wp\/v2\/types\/post"}],"author":[{"embeddable":true,"href":"https:\/\/voxsahel.com\/index.php?rest_route=\/wp\/v2\/users\/2"}],"replies":[{"embeddable":true,"href":"https:\/\/voxsahel.com\/index.php?rest_route=%2Fwp%2Fv2%2Fcomments&post=2658"}],"version-history":[{"count":1,"href":"https:\/\/voxsahel.com\/index.php?rest_route=\/wp\/v2\/posts\/2658\/revisions"}],"predecessor-version":[{"id":2660,"href":"https:\/\/voxsahel.com\/index.php?rest_route=\/wp\/v2\/posts\/2658\/revisions\/2660"}],"wp:featuredmedia":[{"embeddable":true,"href":"https:\/\/voxsahel.com\/index.php?rest_route=\/wp\/v2\/media\/2659"}],"wp:attachment":[{"href":"https:\/\/voxsahel.com\/index.php?rest_route=%2Fwp%2Fv2%2Fmedia&parent=2658"}],"wp:term":[{"taxonomy":"category","embeddable":true,"href":"https:\/\/voxsahel.com\/index.php?rest_route=%2Fwp%2Fv2%2Fcategories&post=2658"},{"taxonomy":"post_tag","embeddable":true,"href":"https:\/\/voxsahel.com\/index.php?rest_route=%2Fwp%2Fv2%2Ftags&post=2658"}],"curies":[{"name":"wp","href":"https:\/\/api.w.org\/{rel}","templated":true}]}}