{"id":2643,"date":"2025-08-29T13:23:31","date_gmt":"2025-08-29T13:23:31","guid":{"rendered":"https:\/\/voxsahel.com\/?p=2643"},"modified":"2025-08-29T13:23:31","modified_gmt":"2025-08-29T13:23:31","slug":"president-du-faso-le-nouveau-bureau-de-la-faib-presente-au-chef-de-letat","status":"publish","type":"post","link":"https:\/\/voxsahel.com\/?p=2643","title":{"rendered":"PR\u00c9SIDENT DU FASO : Le nouveau bureau de la FAIB pr\u00e9sent\u00e9 au Chef de l\u2019\u00c9tat"},"content":{"rendered":"<p class=\"p1\"><span class=\"s1\">Le Pr\u00e9sident du Faso, Chef de l\u2019\u00c9tat, le Capitaine Ibrahim TRAOR\u00c9, a re\u00e7u en audience ce vendredi, une d\u00e9l\u00e9gation du nouveau bureau du pr\u00e9sidium de la F\u00e9d\u00e9ration des Associations islamiques du Burkina (FAIB), conduite par son pr\u00e9sident, Imam Boubacar YUGO.<\/span><\/p>\n<p class=\"p1\"><span class=\"s1\">\u00ab L\u2019objet de notre visite c\u2019est de pr\u00e9senter au Pr\u00e9sident du Faso, le bureau de l\u2019ann\u00e9e 2025 de la FAIB, lui expliquer les diff\u00e9rents projets de l\u2019association, partager avec lui quelques pr\u00e9occupations li\u00e9es au fonctionnement \u00bb, d\u00e9clare le pr\u00e9sident du pr\u00e9sidium de la FAIB, Imam Boubacar YUGO. <\/span><\/p>\n<p class=\"p1\"><span class=\"s1\">La d\u00e9l\u00e9gation a \u00e9galement re\u00e7u du Capitaine Ibrahim TRAOR\u00c9 des informations \u00ab sur les projets en cours, les grandes innovations et les changements dans les domaines de l\u2019\u00e9ducation et de la sant\u00e9 \u00bb, entrepris par le Gouvernement. <\/span><\/p>\n<p class=\"p1\"><span class=\"s1\">Sur la dynamique engag\u00e9e par le Pr\u00e9sident du Faso, le Capitaine Ibrahim TRAOR\u00c9, le bureau de la FAIB dit lui t\u00e9moigner son soutien et l\u2019encourager \u00e0 travers les pri\u00e8res et invocations afin que Dieu ram\u00e8ne la paix au Burkina Faso.<\/span><\/p>\n<p class=\"p1\"><span class=\"s1\">Convaincu que l\u2019arme du croyant c\u2019est l\u2019invocation, le pr\u00e9sident du pr\u00e9sidium de la FAIB invite les Burkinab\u00e8 \u00e0 la pri\u00e8re pour \u00e9radiquer le terrorisme de notre pays.<\/span><\/p>\n<p class=\"p1\" style=\"text-align: right;\"><strong><span class=\"s1\">Direction de la Communication de la Pr\u00e9sidence du Faso<\/span><\/strong><\/p>\n","protected":false},"excerpt":{"rendered":"<p>Le Pr\u00e9sident du Faso, Chef de l\u2019\u00c9tat, le Capitaine Ibrahim TRAOR\u00c9, a re\u00e7u en audience<\/p>\n","protected":false},"author":2,"featured_media":2644,"comment_status":"open","ping_status":"open","sticky":false,"template":"","format":"standard","meta":{"_et_pb_use_builder":"","_et_pb_old_content":"","_et_gb_content_width":"","footnotes":""},"categories":[5],"tags":[18,174,368,396,397,670,387],"class_list":["post-2643","post","type-post","status-publish","format-standard","has-post-thumbnail","hentry","category-societe","tag-burkina-faso","tag-capitaine-ibrahim-traore","tag-communaute-musulmane-du-burkina-faso","tag-faib","tag-federation-des-associations-islamiques-du-burkina","tag-islam","tag-religion"],"yoast_head":"<!-- This site is optimized with the Yoast SEO plugin v27.5 - https:\/\/yoast.com\/product\/yoast-seo-wordpress\/ -->\n<title>PR\u00c9SIDENT DU FASO : Le nouveau bureau de la FAIB pr\u00e9sent\u00e9 au Chef de l\u2019\u00c9tat - Vox Sahel<\/title>\n<meta name=\"robots\" content=\"index, follow, max-snippet:-1, max-image-preview:large, max-video-preview:-1\" \/>\n<link rel=\"canonical\" href=\"https:\/\/voxsahel.com\/?p=2643\" \/>\n<meta property=\"og:locale\" content=\"fr_FR\" \/>\n<meta property=\"og:type\" content=\"article\" \/>\n<meta property=\"og:title\" content=\"PR\u00c9SIDENT DU FASO : Le nouveau bureau de la FAIB pr\u00e9sent\u00e9 au Chef de l\u2019\u00c9tat - Vox Sahel\" \/>\n<meta property=\"og:description\" content=\"Le Pr\u00e9sident du Faso, Chef de l\u2019\u00c9tat, le Capitaine Ibrahim TRAOR\u00c9, a re\u00e7u en audience\" \/>\n<meta property=\"og:url\" content=\"https:\/\/voxsahel.com\/?p=2643\" \/>\n<meta property=\"og:site_name\" content=\"Vox Sahel\" \/>\n<meta property=\"article:publisher\" content=\"https:\/\/www.facebook.com\/journal.voxsahel\" \/>\n<meta property=\"article:published_time\" content=\"2025-08-29T13:23:31+00:00\" \/>\n<meta property=\"og:image\" content=\"https:\/\/voxsahel.com\/wp-content\/uploads\/2025\/08\/07f28f36-7f3a-4544-8583-a1e372087c0c.jpeg\" \/>\n\t<meta property=\"og:image:width\" content=\"720\" \/>\n\t<meta property=\"og:image:height\" content=\"477\" \/>\n\t<meta property=\"og:image:type\" content=\"image\/jpeg\" \/>\n<meta name=\"author\" content=\"Vox Sahel\" \/>\n<meta name=\"twitter:card\" content=\"summary_large_image\" \/>\n<meta name=\"twitter:label1\" content=\"\u00c9crit par\" \/>\n\t<meta name=\"twitter:data1\" content=\"Vox Sahel\" \/>\n\t<meta name=\"twitter:label2\" content=\"Dur\u00e9e de lecture estim\u00e9e\" \/>\n\t<meta name=\"twitter:data2\" content=\"2 minutes\" \/>\n<script type=\"application\/ld+json\" class=\"yoast-schema-graph\">{\"@context\":\"https:\\\/\\\/schema.org\",\"@graph\":[{\"@type\":\"Article\",\"@id\":\"https:\\\/\\\/voxsahel.com\\\/?p=2643#article\",\"isPartOf\":{\"@id\":\"https:\\\/\\\/voxsahel.com\\\/?p=2643\"},\"author\":{\"name\":\"Vox Sahel\",\"@id\":\"https:\\\/\\\/voxsahel.com\\\/#\\\/schema\\\/person\\\/b4043608248f8fa227cd760e7ff1e19e\"},\"headline\":\"PR\u00c9SIDENT DU FASO : Le nouveau bureau de la FAIB pr\u00e9sent\u00e9 au Chef de l\u2019\u00c9tat\",\"datePublished\":\"2025-08-29T13:23:31+00:00\",\"mainEntityOfPage\":{\"@id\":\"https:\\\/\\\/voxsahel.com\\\/?p=2643\"},\"wordCount\":249,\"commentCount\":0,\"publisher\":{\"@id\":\"https:\\\/\\\/voxsahel.com\\\/#organization\"},\"image\":{\"@id\":\"https:\\\/\\\/voxsahel.com\\\/?p=2643#primaryimage\"},\"thumbnailUrl\":\"https:\\\/\\\/voxsahel.com\\\/wp-content\\\/uploads\\\/2025\\\/08\\\/07f28f36-7f3a-4544-8583-a1e372087c0c.jpeg\",\"keywords\":[\"Burkina Faso\",\"Capitaine Ibrahim Traor\u00e9\",\"Communaut\u00e9 musulmane du Burkina Faso\",\"FAIB\",\"F\u00e9d\u00e9ration des associations islamiques du Burkina\",\"Islam\",\"Religion\"],\"articleSection\":[\"SOCIETE\"],\"inLanguage\":\"fr-FR\",\"potentialAction\":[{\"@type\":\"CommentAction\",\"name\":\"Comment\",\"target\":[\"https:\\\/\\\/voxsahel.com\\\/?p=2643#respond\"]}]},{\"@type\":\"WebPage\",\"@id\":\"https:\\\/\\\/voxsahel.com\\\/?p=2643\",\"url\":\"https:\\\/\\\/voxsahel.com\\\/?p=2643\",\"name\":\"PR\u00c9SIDENT DU FASO : Le nouveau bureau de la FAIB pr\u00e9sent\u00e9 au Chef de l\u2019\u00c9tat - Vox Sahel\",\"isPartOf\":{\"@id\":\"https:\\\/\\\/voxsahel.com\\\/#website\"},\"primaryImageOfPage\":{\"@id\":\"https:\\\/\\\/voxsahel.com\\\/?p=2643#primaryimage\"},\"image\":{\"@id\":\"https:\\\/\\\/voxsahel.com\\\/?p=2643#primaryimage\"},\"thumbnailUrl\":\"https:\\\/\\\/voxsahel.com\\\/wp-content\\\/uploads\\\/2025\\\/08\\\/07f28f36-7f3a-4544-8583-a1e372087c0c.jpeg\",\"datePublished\":\"2025-08-29T13:23:31+00:00\",\"breadcrumb\":{\"@id\":\"https:\\\/\\\/voxsahel.com\\\/?p=2643#breadcrumb\"},\"inLanguage\":\"fr-FR\",\"potentialAction\":[{\"@type\":\"ReadAction\",\"target\":[\"https:\\\/\\\/voxsahel.com\\\/?p=2643\"]}]},{\"@type\":\"ImageObject\",\"inLanguage\":\"fr-FR\",\"@id\":\"https:\\\/\\\/voxsahel.com\\\/?p=2643#primaryimage\",\"url\":\"https:\\\/\\\/voxsahel.com\\\/wp-content\\\/uploads\\\/2025\\\/08\\\/07f28f36-7f3a-4544-8583-a1e372087c0c.jpeg\",\"contentUrl\":\"https:\\\/\\\/voxsahel.com\\\/wp-content\\\/uploads\\\/2025\\\/08\\\/07f28f36-7f3a-4544-8583-a1e372087c0c.jpeg\",\"width\":720,\"height\":477},{\"@type\":\"BreadcrumbList\",\"@id\":\"https:\\\/\\\/voxsahel.com\\\/?p=2643#breadcrumb\",\"itemListElement\":[{\"@type\":\"ListItem\",\"position\":1,\"name\":\"Home\",\"item\":\"https:\\\/\\\/voxsahel.com\\\/\"},{\"@type\":\"ListItem\",\"position\":2,\"name\":\"PR\u00c9SIDENT DU FASO : Le nouveau bureau de la FAIB pr\u00e9sent\u00e9 au Chef de l\u2019\u00c9tat\"}]},{\"@type\":\"WebSite\",\"@id\":\"https:\\\/\\\/voxsahel.com\\\/#website\",\"url\":\"https:\\\/\\\/voxsahel.com\\\/\",\"name\":\"Vox Sahel\",\"description\":\"Informez-vous sur le Sahel en un clic\",\"publisher\":{\"@id\":\"https:\\\/\\\/voxsahel.com\\\/#organization\"},\"potentialAction\":[{\"@type\":\"SearchAction\",\"target\":{\"@type\":\"EntryPoint\",\"urlTemplate\":\"https:\\\/\\\/voxsahel.com\\\/?s={search_term_string}\"},\"query-input\":{\"@type\":\"PropertyValueSpecification\",\"valueRequired\":true,\"valueName\":\"search_term_string\"}}],\"inLanguage\":\"fr-FR\"},{\"@type\":\"Organization\",\"@id\":\"https:\\\/\\\/voxsahel.com\\\/#organization\",\"name\":\"Vox Sahel\",\"url\":\"https:\\\/\\\/voxsahel.com\\\/\",\"logo\":{\"@type\":\"ImageObject\",\"inLanguage\":\"fr-FR\",\"@id\":\"https:\\\/\\\/voxsahel.com\\\/#\\\/schema\\\/logo\\\/image\\\/\",\"url\":\"https:\\\/\\\/voxsahel.com\\\/wp-content\\\/uploads\\\/2024\\\/09\\\/Logo-Vox-Sahel.jpg\",\"contentUrl\":\"https:\\\/\\\/voxsahel.com\\\/wp-content\\\/uploads\\\/2024\\\/09\\\/Logo-Vox-Sahel.jpg\",\"width\":1181,\"height\":848,\"caption\":\"Vox Sahel\"},\"image\":{\"@id\":\"https:\\\/\\\/voxsahel.com\\\/#\\\/schema\\\/logo\\\/image\\\/\"},\"sameAs\":[\"https:\\\/\\\/www.facebook.com\\\/journal.voxsahel\"]},{\"@type\":\"Person\",\"@id\":\"https:\\\/\\\/voxsahel.com\\\/#\\\/schema\\\/person\\\/b4043608248f8fa227cd760e7ff1e19e\",\"name\":\"Vox Sahel\",\"image\":{\"@type\":\"ImageObject\",\"inLanguage\":\"fr-FR\",\"@id\":\"https:\\\/\\\/secure.gravatar.com\\\/avatar\\\/f70e7fa0cb9b29d4a7c5788d6eb2e9ab4d3135cbae1c9161810fdf77a8964699?s=96&d=mm&r=g\",\"url\":\"https:\\\/\\\/secure.gravatar.com\\\/avatar\\\/f70e7fa0cb9b29d4a7c5788d6eb2e9ab4d3135cbae1c9161810fdf77a8964699?s=96&d=mm&r=g\",\"contentUrl\":\"https:\\\/\\\/secure.gravatar.com\\\/avatar\\\/f70e7fa0cb9b29d4a7c5788d6eb2e9ab4d3135cbae1c9161810fdf77a8964699?s=96&d=mm&r=g\",\"caption\":\"Vox Sahel\"},\"sameAs\":[\"http:\\\/\\\/www.voxsahel.com\"],\"url\":\"https:\\\/\\\/voxsahel.com\\\/?author=2\"}]}<\/script>\n<!-- \/ Yoast SEO plugin. -->","yoast_head_json":{"title":"PR\u00c9SIDENT DU FASO : Le nouveau bureau de la FAIB pr\u00e9sent\u00e9 au Chef de l\u2019\u00c9tat - Vox Sahel","robots":{"index":"index","follow":"follow","max-snippet":"max-snippet:-1","max-image-preview":"max-image-preview:large","max-video-preview":"max-video-preview:-1"},"canonical":"https:\/\/voxsahel.com\/?p=2643","og_locale":"fr_FR","og_type":"article","og_title":"PR\u00c9SIDENT DU FASO : Le nouveau bureau de la FAIB pr\u00e9sent\u00e9 au Chef de l\u2019\u00c9tat - Vox Sahel","og_description":"Le Pr\u00e9sident du Faso, Chef de l\u2019\u00c9tat, le Capitaine Ibrahim TRAOR\u00c9, a re\u00e7u en audience","og_url":"https:\/\/voxsahel.com\/?p=2643","og_site_name":"Vox Sahel","article_publisher":"https:\/\/www.facebook.com\/journal.voxsahel","article_published_time":"2025-08-29T13:23:31+00:00","og_image":[{"width":720,"height":477,"url":"https:\/\/voxsahel.com\/wp-content\/uploads\/2025\/08\/07f28f36-7f3a-4544-8583-a1e372087c0c.jpeg","type":"image\/jpeg"}],"author":"Vox Sahel","twitter_card":"summary_large_image","twitter_misc":{"\u00c9crit par":"Vox Sahel","Dur\u00e9e de lecture estim\u00e9e":"2 minutes"},"schema":{"@context":"https:\/\/schema.org","@graph":[{"@type":"Article","@id":"https:\/\/voxsahel.com\/?p=2643#article","isPartOf":{"@id":"https:\/\/voxsahel.com\/?p=2643"},"author":{"name":"Vox Sahel","@id":"https:\/\/voxsahel.com\/#\/schema\/person\/b4043608248f8fa227cd760e7ff1e19e"},"headline":"PR\u00c9SIDENT DU FASO : Le nouveau bureau de la FAIB pr\u00e9sent\u00e9 au Chef de l\u2019\u00c9tat","datePublished":"2025-08-29T13:23:31+00:00","mainEntityOfPage":{"@id":"https:\/\/voxsahel.com\/?p=2643"},"wordCount":249,"commentCount":0,"publisher":{"@id":"https:\/\/voxsahel.com\/#organization"},"image":{"@id":"https:\/\/voxsahel.com\/?p=2643#primaryimage"},"thumbnailUrl":"https:\/\/voxsahel.com\/wp-content\/uploads\/2025\/08\/07f28f36-7f3a-4544-8583-a1e372087c0c.jpeg","keywords":["Burkina Faso","Capitaine Ibrahim Traor\u00e9","Communaut\u00e9 musulmane du Burkina Faso","FAIB","F\u00e9d\u00e9ration des associations islamiques du Burkina","Islam","Religion"],"articleSection":["SOCIETE"],"inLanguage":"fr-FR","potentialAction":[{"@type":"CommentAction","name":"Comment","target":["https:\/\/voxsahel.com\/?p=2643#respond"]}]},{"@type":"WebPage","@id":"https:\/\/voxsahel.com\/?p=2643","url":"https:\/\/voxsahel.com\/?p=2643","name":"PR\u00c9SIDENT DU FASO : Le nouveau bureau de la FAIB pr\u00e9sent\u00e9 au Chef de l\u2019\u00c9tat - Vox Sahel","isPartOf":{"@id":"https:\/\/voxsahel.com\/#website"},"primaryImageOfPage":{"@id":"https:\/\/voxsahel.com\/?p=2643#primaryimage"},"image":{"@id":"https:\/\/voxsahel.com\/?p=2643#primaryimage"},"thumbnailUrl":"https:\/\/voxsahel.com\/wp-content\/uploads\/2025\/08\/07f28f36-7f3a-4544-8583-a1e372087c0c.jpeg","datePublished":"2025-08-29T13:23:31+00:00","breadcrumb":{"@id":"https:\/\/voxsahel.com\/?p=2643#breadcrumb"},"inLanguage":"fr-FR","potentialAction":[{"@type":"ReadAction","target":["https:\/\/voxsahel.com\/?p=2643"]}]},{"@type":"ImageObject","inLanguage":"fr-FR","@id":"https:\/\/voxsahel.com\/?p=2643#primaryimage","url":"https:\/\/voxsahel.com\/wp-content\/uploads\/2025\/08\/07f28f36-7f3a-4544-8583-a1e372087c0c.jpeg","contentUrl":"https:\/\/voxsahel.com\/wp-content\/uploads\/2025\/08\/07f28f36-7f3a-4544-8583-a1e372087c0c.jpeg","width":720,"height":477},{"@type":"BreadcrumbList","@id":"https:\/\/voxsahel.com\/?p=2643#breadcrumb","itemListElement":[{"@type":"ListItem","position":1,"name":"Home","item":"https:\/\/voxsahel.com\/"},{"@type":"ListItem","position":2,"name":"PR\u00c9SIDENT DU FASO : Le nouveau bureau de la FAIB pr\u00e9sent\u00e9 au Chef de l\u2019\u00c9tat"}]},{"@type":"WebSite","@id":"https:\/\/voxsahel.com\/#website","url":"https:\/\/voxsahel.com\/","name":"Vox Sahel","description":"Informez-vous sur le Sahel en un clic","publisher":{"@id":"https:\/\/voxsahel.com\/#organization"},"potentialAction":[{"@type":"SearchAction","target":{"@type":"EntryPoint","urlTemplate":"https:\/\/voxsahel.com\/?s={search_term_string}"},"query-input":{"@type":"PropertyValueSpecification","valueRequired":true,"valueName":"search_term_string"}}],"inLanguage":"fr-FR"},{"@type":"Organization","@id":"https:\/\/voxsahel.com\/#organization","name":"Vox Sahel","url":"https:\/\/voxsahel.com\/","logo":{"@type":"ImageObject","inLanguage":"fr-FR","@id":"https:\/\/voxsahel.com\/#\/schema\/logo\/image\/","url":"https:\/\/voxsahel.com\/wp-content\/uploads\/2024\/09\/Logo-Vox-Sahel.jpg","contentUrl":"https:\/\/voxsahel.com\/wp-content\/uploads\/2024\/09\/Logo-Vox-Sahel.jpg","width":1181,"height":848,"caption":"Vox Sahel"},"image":{"@id":"https:\/\/voxsahel.com\/#\/schema\/logo\/image\/"},"sameAs":["https:\/\/www.facebook.com\/journal.voxsahel"]},{"@type":"Person","@id":"https:\/\/voxsahel.com\/#\/schema\/person\/b4043608248f8fa227cd760e7ff1e19e","name":"Vox Sahel","image":{"@type":"ImageObject","inLanguage":"fr-FR","@id":"https:\/\/secure.gravatar.com\/avatar\/f70e7fa0cb9b29d4a7c5788d6eb2e9ab4d3135cbae1c9161810fdf77a8964699?s=96&d=mm&r=g","url":"https:\/\/secure.gravatar.com\/avatar\/f70e7fa0cb9b29d4a7c5788d6eb2e9ab4d3135cbae1c9161810fdf77a8964699?s=96&d=mm&r=g","contentUrl":"https:\/\/secure.gravatar.com\/avatar\/f70e7fa0cb9b29d4a7c5788d6eb2e9ab4d3135cbae1c9161810fdf77a8964699?s=96&d=mm&r=g","caption":"Vox Sahel"},"sameAs":["http:\/\/www.voxsahel.com"],"url":"https:\/\/voxsahel.com\/?author=2"}]}},"_links":{"self":[{"href":"https:\/\/voxsahel.com\/index.php?rest_route=\/wp\/v2\/posts\/2643","targetHints":{"allow":["GET"]}}],"collection":[{"href":"https:\/\/voxsahel.com\/index.php?rest_route=\/wp\/v2\/posts"}],"about":[{"href":"https:\/\/voxsahel.com\/index.php?rest_route=\/wp\/v2\/types\/post"}],"author":[{"embeddable":true,"href":"https:\/\/voxsahel.com\/index.php?rest_route=\/wp\/v2\/users\/2"}],"replies":[{"embeddable":true,"href":"https:\/\/voxsahel.com\/index.php?rest_route=%2Fwp%2Fv2%2Fcomments&post=2643"}],"version-history":[{"count":1,"href":"https:\/\/voxsahel.com\/index.php?rest_route=\/wp\/v2\/posts\/2643\/revisions"}],"predecessor-version":[{"id":2645,"href":"https:\/\/voxsahel.com\/index.php?rest_route=\/wp\/v2\/posts\/2643\/revisions\/2645"}],"wp:featuredmedia":[{"embeddable":true,"href":"https:\/\/voxsahel.com\/index.php?rest_route=\/wp\/v2\/media\/2644"}],"wp:attachment":[{"href":"https:\/\/voxsahel.com\/index.php?rest_route=%2Fwp%2Fv2%2Fmedia&parent=2643"}],"wp:term":[{"taxonomy":"category","embeddable":true,"href":"https:\/\/voxsahel.com\/index.php?rest_route=%2Fwp%2Fv2%2Fcategories&post=2643"},{"taxonomy":"post_tag","embeddable":true,"href":"https:\/\/voxsahel.com\/index.php?rest_route=%2Fwp%2Fv2%2Ftags&post=2643"}],"curies":[{"name":"wp","href":"https:\/\/api.w.org\/{rel}","templated":true}]}}