{"id":2637,"date":"2025-08-28T11:19:45","date_gmt":"2025-08-28T11:19:45","guid":{"rendered":"https:\/\/voxsahel.com\/?p=2637"},"modified":"2025-08-28T11:19:45","modified_gmt":"2025-08-28T11:19:45","slug":"etalons-brama-traore-devoile-sa-liste-pour-affronter-djibouti-et-legypte","status":"publish","type":"post","link":"https:\/\/voxsahel.com\/?p=2637","title":{"rendered":"\u00c9talons : Brama Traor\u00e9 d\u00e9voile sa liste pour affronter Djibouti et l\u2019\u00c9gypte"},"content":{"rendered":"<p data-start=\"0\" data-end=\"81\">Le s\u00e9lectionneur national des \u00c9talons, Brama Traor\u00e9, a rendu publique la liste des 26 joueurs convoqu\u00e9s pour disputer les deux prochaines rencontres des \u00e9liminatoires de la Coupe du monde 2026 face \u00e0 Djibouti et \u00e0 l\u2019\u00c9gypte. Un groupe \u00e9quilibr\u00e9 qui m\u00e9lange exp\u00e9rience, jeunesse et nouvelles t\u00eates, signe de la volont\u00e9 du technicien burkinab\u00e8 de b\u00e2tir une \u00e9quipe comp\u00e9titive sur la dur\u00e9e.<\/p>\n<h3 data-start=\"473\" data-end=\"517\">Les gardiens : continuit\u00e9 et ouverture<\/h3>\n<p data-start=\"518\" data-end=\"1158\">Le poste de gardien de but reste marqu\u00e9 par la confiance renouvel\u00e9e en <strong data-start=\"589\" data-end=\"604\">Herv\u00e9 Koffi<\/strong>, titulaire indiscutable et solide dernier rempart d\u2019Angers en Ligue 1 fran\u00e7aise. \u00c0 ses c\u00f4t\u00e9s, <strong data-start=\"699\" data-end=\"717\">Kylian Nikiema<\/strong> (ADO Den Haag, Pays-Bas) confirme sa progression et s\u2019impose comme une s\u00e9rieuse alternative pour l\u2019avenir. Le s\u00e9lectionneur a \u00e9galement d\u00e9cid\u00e9 de donner une nouvelle chance \u00e0 <strong data-start=\"893\" data-end=\"908\">Ladji Sanou<\/strong> (Al Merreikh, Soudan), tandis que <strong data-start=\"943\" data-end=\"960\">Clovis Bazemo<\/strong>, qui \u00e9volue en deuxi\u00e8me division ivoirienne avec Africa Sports, est la v\u00e9ritable surprise de cette s\u00e9lection, symbole de l\u2019ouverture du staff \u00e0 des profils venus de championnats moins m\u00e9diatis\u00e9s.<\/p>\n<h3 data-start=\"1160\" data-end=\"1210\">La d\u00e9fense : entre piliers et jeunes talents<\/h3>\n<p data-start=\"1211\" data-end=\"1947\">La ligne d\u00e9fensive des \u00c9talons appara\u00eet comme l\u2019un des secteurs les plus fournis. Le roc <strong data-start=\"1300\" data-end=\"1318\">Edmond Tapsoba<\/strong> (Bayer Leverkusen, Allemagne), v\u00e9ritable patron de la d\u00e9fense, sera \u00e9paul\u00e9 par des cadres comme <strong data-start=\"1415\" data-end=\"1430\">Issouf Dayo<\/strong> (Umm Salal, Qatar) et <strong data-start=\"1453\" data-end=\"1468\">Steeve Yago<\/strong> (Aris Limassol, Chypre).<br data-start=\"1493\" data-end=\"1496\" \/>Les couloirs b\u00e9n\u00e9ficieront de la vitesse d\u2019<strong data-start=\"1539\" data-end=\"1554\">Issa Kabor\u00e9<\/strong> (Manchester City, pr\u00eat\u00e9 plusieurs fois en Europe) et de l\u2019\u00e9closion de <strong data-start=\"1625\" data-end=\"1641\">Nasser Djiga<\/strong> (Rangers, \u00c9cosse). Le staff a \u00e9galement choisi de miser sur la jeunesse avec <strong data-start=\"1719\" data-end=\"1735\">Adama Nagalo<\/strong> (PSV, Pays-Bas) et <strong data-start=\"1755\" data-end=\"1773\">Ars\u00e8ne Kouassi<\/strong> (Lorient, France). La convocation de <strong data-start=\"1811\" data-end=\"1828\">Rachid Ayinde<\/strong> (Joong, D2 Belgique) vient compl\u00e9ter une d\u00e9fense o\u00f9 l\u2019alchimie entre exp\u00e9rience et fra\u00eecheur pourrait \u00eatre d\u00e9cisive.<\/p>\n<h3 data-start=\"1949\" data-end=\"1999\">Le milieu de terrain : travail et cr\u00e9ativit\u00e9<\/h3>\n<p data-start=\"2000\" data-end=\"2792\">Dans l\u2019entrejeu, Brama Traor\u00e9 a opt\u00e9 pour un savant m\u00e9lange d\u2019exp\u00e9rience et de profils dynamiques. <strong data-start=\"2099\" data-end=\"2114\">Blati Tour\u00e9<\/strong>(Pyramids, \u00c9gypte), d\u00e9j\u00e0 habitu\u00e9 aux joutes africaines, demeure l\u2019un des moteurs de l\u2019\u00e9quipe. Il sera \u00e9paul\u00e9 par <strong data-start=\"2228\" data-end=\"2245\">C\u00e9dric Badolo<\/strong> (Trnava, Slovaquie) et <strong data-start=\"2269\" data-end=\"2290\">Mohamed Zoungrana<\/strong> (MC Alger, Alg\u00e9rie), deux joueurs r\u00e9put\u00e9s pour leur volume de jeu.<br data-start=\"2357\" data-end=\"2360\" \/>Le s\u00e9lectionneur a \u00e9galement fait appel \u00e0 <strong data-start=\"2402\" data-end=\"2417\">Razack Yoda<\/strong> (Milsami, Moldavie) et <strong data-start=\"2441\" data-end=\"2459\">Saidou Simpor\u00e9<\/strong> (National Bank, \u00c9gypte), dont les prestations r\u00e9guli\u00e8res pourraient offrir de la stabilit\u00e9 au collectif. La jeune g\u00e9n\u00e9ration est repr\u00e9sent\u00e9e par <strong data-start=\"2605\" data-end=\"2627\">Josu\u00e9 Tiendr\u00e9b\u00e9ogo<\/strong> (Annecy, France) et <strong data-start=\"2648\" data-end=\"2669\">Georgie Minoungou<\/strong> (Seattle, \u00c9tats-Unis), deux \u00e9l\u00e9ments qui symbolisent l\u2019ouverture des \u00c9talons vers de nouveaux horizons footballistiques.<\/p>\n<h3 data-start=\"2794\" data-end=\"2832\">L\u2019attaque : puissance et vari\u00e9t\u00e9<\/h3>\n<p data-start=\"2833\" data-end=\"3535\">Le secteur offensif se veut particuli\u00e8rement comp\u00e9titif, avec la pr\u00e9sence des habitu\u00e9s <strong data-start=\"2920\" data-end=\"2939\">Bertrand Traor\u00e9<\/strong> (Ajax Amsterdam, Pays-Bas) et <strong data-start=\"2970\" data-end=\"2988\">Dango Ouattara<\/strong> (Brentford, Angleterre), fers de lance de l\u2019attaque burkinab\u00e8. <strong data-start=\"3052\" data-end=\"3070\">Mohamed Konat\u00e9<\/strong> (Akhmat Grozny, Russie), r\u00e9guli\u00e8rement d\u00e9cisif, vient apporter sa puissance et son r\u00e9alisme devant le but.<br data-start=\"3177\" data-end=\"3180\" \/>Le s\u00e9lectionneur a aussi d\u00e9cid\u00e9 de tester de nouveaux profils : <strong data-start=\"3244\" data-end=\"3261\">Cyriaque Iri\u00e9<\/strong> (Fribourg, Allemagne), <strong data-start=\"3285\" data-end=\"3302\">Fay\u00e7al Konat\u00e9<\/strong>(Riga FC, Lettonie), <strong data-start=\"3324\" data-end=\"3341\">Ousseni Bouda<\/strong> (San Jos\u00e9 Earthquakes, \u00c9tats-Unis) et <strong data-start=\"3380\" data-end=\"3397\">Landry Kabor\u00e9<\/strong> (Hearts, \u00c9cosse). Autant de joueurs capables de dynamiter les d\u00e9fenses adverses et de diversifier les solutions offensives des \u00c9talons.<\/p>\n<h3 data-start=\"3537\" data-end=\"3577\">Une liste \u00e9quilibr\u00e9e et ambitieuse<\/h3>\n<p data-start=\"3578\" data-end=\"3975\">Avec 26 joueurs convoqu\u00e9s \u2014 4 gardiens, 8 d\u00e9fenseurs, 7 milieux et 7 attaquants \u2014 Brama Traor\u00e9 affiche clairement ses ambitions : renforcer la comp\u00e9titivit\u00e9 de l\u2019\u00e9quipe tout en pr\u00e9parant la rel\u00e8ve. Face \u00e0 Djibouti, l\u2019objectif sera de confirmer le statut de favori, tandis que la confrontation contre l\u2019\u00c9gypte repr\u00e9sentera un v\u00e9ritable test grandeur nature pour jauger le niveau r\u00e9el des \u00c9talons.<\/p>\n<p data-start=\"3977\" data-end=\"4167\">La balle est d\u00e9sormais dans le camp des joueurs, qui auront \u00e0 c\u0153ur de porter haut les couleurs du Burkina Faso et de faire un pas d\u00e9cisif vers la qualification pour la Coupe du monde 2026.<\/p>\n","protected":false},"excerpt":{"rendered":"<p>Le s\u00e9lectionneur national des \u00c9talons, Brama Traor\u00e9, a rendu publique la liste des 26 joueurs<\/p>\n","protected":false},"author":2,"featured_media":2638,"comment_status":"open","ping_status":"open","sticky":false,"template":"","format":"standard","meta":{"_et_pb_use_builder":"","_et_pb_old_content":"","_et_gb_content_width":"","footnotes":""},"categories":[12],"tags":[203,18,660,674,274,40,35,34],"class_list":["post-2637","post","type-post","status-publish","format-standard","has-post-thumbnail","hentry","category-sports","tag-brama-traore","tag-burkina-faso","tag-confederation-africaine-de-football","tag-egypte","tag-etalons","tag-federation-burkinabe-de-football","tag-football","tag-sport"],"yoast_head":"<!-- This site is optimized with the Yoast SEO plugin v27.5 - https:\/\/yoast.com\/product\/yoast-seo-wordpress\/ -->\n<title>\u00c9talons : Brama Traor\u00e9 d\u00e9voile sa liste pour affronter Djibouti et l\u2019\u00c9gypte - Vox Sahel<\/title>\n<meta name=\"robots\" content=\"index, follow, max-snippet:-1, max-image-preview:large, max-video-preview:-1\" \/>\n<link rel=\"canonical\" href=\"https:\/\/voxsahel.com\/?p=2637\" \/>\n<meta property=\"og:locale\" content=\"fr_FR\" \/>\n<meta property=\"og:type\" content=\"article\" \/>\n<meta property=\"og:title\" content=\"\u00c9talons : Brama Traor\u00e9 d\u00e9voile sa liste pour affronter Djibouti et l\u2019\u00c9gypte - Vox Sahel\" \/>\n<meta property=\"og:description\" content=\"Le s\u00e9lectionneur national des \u00c9talons, Brama Traor\u00e9, a rendu publique la liste des 26 joueurs\" \/>\n<meta property=\"og:url\" content=\"https:\/\/voxsahel.com\/?p=2637\" \/>\n<meta property=\"og:site_name\" content=\"Vox Sahel\" \/>\n<meta property=\"article:publisher\" content=\"https:\/\/www.facebook.com\/journal.voxsahel\" \/>\n<meta property=\"article:published_time\" content=\"2025-08-28T11:19:45+00:00\" \/>\n<meta property=\"og:image\" content=\"https:\/\/voxsahel.com\/wp-content\/uploads\/2025\/08\/IMG_3339.jpeg\" \/>\n\t<meta property=\"og:image:width\" content=\"1080\" \/>\n\t<meta property=\"og:image:height\" content=\"1071\" \/>\n\t<meta property=\"og:image:type\" content=\"image\/jpeg\" \/>\n<meta name=\"author\" content=\"Vox Sahel\" \/>\n<meta name=\"twitter:card\" content=\"summary_large_image\" \/>\n<meta name=\"twitter:label1\" content=\"\u00c9crit par\" \/>\n\t<meta name=\"twitter:data1\" content=\"Vox Sahel\" \/>\n\t<meta name=\"twitter:label2\" content=\"Dur\u00e9e de lecture estim\u00e9e\" \/>\n\t<meta name=\"twitter:data2\" content=\"4 minutes\" \/>\n<script type=\"application\/ld+json\" class=\"yoast-schema-graph\">{\"@context\":\"https:\\\/\\\/schema.org\",\"@graph\":[{\"@type\":\"Article\",\"@id\":\"https:\\\/\\\/voxsahel.com\\\/?p=2637#article\",\"isPartOf\":{\"@id\":\"https:\\\/\\\/voxsahel.com\\\/?p=2637\"},\"author\":{\"name\":\"Vox Sahel\",\"@id\":\"https:\\\/\\\/voxsahel.com\\\/#\\\/schema\\\/person\\\/b4043608248f8fa227cd760e7ff1e19e\"},\"headline\":\"\u00c9talons : Brama Traor\u00e9 d\u00e9voile sa liste pour affronter Djibouti et l\u2019\u00c9gypte\",\"datePublished\":\"2025-08-28T11:19:45+00:00\",\"mainEntityOfPage\":{\"@id\":\"https:\\\/\\\/voxsahel.com\\\/?p=2637\"},\"wordCount\":676,\"commentCount\":0,\"publisher\":{\"@id\":\"https:\\\/\\\/voxsahel.com\\\/#organization\"},\"image\":{\"@id\":\"https:\\\/\\\/voxsahel.com\\\/?p=2637#primaryimage\"},\"thumbnailUrl\":\"https:\\\/\\\/voxsahel.com\\\/wp-content\\\/uploads\\\/2025\\\/08\\\/IMG_3339.jpeg\",\"keywords\":[\"Brama Traor\u00e9\",\"Burkina Faso\",\"Conf\u00e9d\u00e9ration Africaine de Football\",\"\u00c9gypte\",\"Etalons\",\"F\u00e9d\u00e9ration Burkinab\u00e8 de Football\",\"Football\",\"Sport\"],\"articleSection\":[\"SPORTS\"],\"inLanguage\":\"fr-FR\",\"potentialAction\":[{\"@type\":\"CommentAction\",\"name\":\"Comment\",\"target\":[\"https:\\\/\\\/voxsahel.com\\\/?p=2637#respond\"]}]},{\"@type\":\"WebPage\",\"@id\":\"https:\\\/\\\/voxsahel.com\\\/?p=2637\",\"url\":\"https:\\\/\\\/voxsahel.com\\\/?p=2637\",\"name\":\"\u00c9talons : Brama Traor\u00e9 d\u00e9voile sa liste pour affronter Djibouti et l\u2019\u00c9gypte - Vox Sahel\",\"isPartOf\":{\"@id\":\"https:\\\/\\\/voxsahel.com\\\/#website\"},\"primaryImageOfPage\":{\"@id\":\"https:\\\/\\\/voxsahel.com\\\/?p=2637#primaryimage\"},\"image\":{\"@id\":\"https:\\\/\\\/voxsahel.com\\\/?p=2637#primaryimage\"},\"thumbnailUrl\":\"https:\\\/\\\/voxsahel.com\\\/wp-content\\\/uploads\\\/2025\\\/08\\\/IMG_3339.jpeg\",\"datePublished\":\"2025-08-28T11:19:45+00:00\",\"breadcrumb\":{\"@id\":\"https:\\\/\\\/voxsahel.com\\\/?p=2637#breadcrumb\"},\"inLanguage\":\"fr-FR\",\"potentialAction\":[{\"@type\":\"ReadAction\",\"target\":[\"https:\\\/\\\/voxsahel.com\\\/?p=2637\"]}]},{\"@type\":\"ImageObject\",\"inLanguage\":\"fr-FR\",\"@id\":\"https:\\\/\\\/voxsahel.com\\\/?p=2637#primaryimage\",\"url\":\"https:\\\/\\\/voxsahel.com\\\/wp-content\\\/uploads\\\/2025\\\/08\\\/IMG_3339.jpeg\",\"contentUrl\":\"https:\\\/\\\/voxsahel.com\\\/wp-content\\\/uploads\\\/2025\\\/08\\\/IMG_3339.jpeg\",\"width\":1080,\"height\":1071},{\"@type\":\"BreadcrumbList\",\"@id\":\"https:\\\/\\\/voxsahel.com\\\/?p=2637#breadcrumb\",\"itemListElement\":[{\"@type\":\"ListItem\",\"position\":1,\"name\":\"Home\",\"item\":\"https:\\\/\\\/voxsahel.com\\\/\"},{\"@type\":\"ListItem\",\"position\":2,\"name\":\"\u00c9talons : Brama Traor\u00e9 d\u00e9voile sa liste pour affronter Djibouti et l\u2019\u00c9gypte\"}]},{\"@type\":\"WebSite\",\"@id\":\"https:\\\/\\\/voxsahel.com\\\/#website\",\"url\":\"https:\\\/\\\/voxsahel.com\\\/\",\"name\":\"Vox Sahel\",\"description\":\"Informez-vous sur le Sahel en un clic\",\"publisher\":{\"@id\":\"https:\\\/\\\/voxsahel.com\\\/#organization\"},\"potentialAction\":[{\"@type\":\"SearchAction\",\"target\":{\"@type\":\"EntryPoint\",\"urlTemplate\":\"https:\\\/\\\/voxsahel.com\\\/?s={search_term_string}\"},\"query-input\":{\"@type\":\"PropertyValueSpecification\",\"valueRequired\":true,\"valueName\":\"search_term_string\"}}],\"inLanguage\":\"fr-FR\"},{\"@type\":\"Organization\",\"@id\":\"https:\\\/\\\/voxsahel.com\\\/#organization\",\"name\":\"Vox Sahel\",\"url\":\"https:\\\/\\\/voxsahel.com\\\/\",\"logo\":{\"@type\":\"ImageObject\",\"inLanguage\":\"fr-FR\",\"@id\":\"https:\\\/\\\/voxsahel.com\\\/#\\\/schema\\\/logo\\\/image\\\/\",\"url\":\"https:\\\/\\\/voxsahel.com\\\/wp-content\\\/uploads\\\/2024\\\/09\\\/Logo-Vox-Sahel.jpg\",\"contentUrl\":\"https:\\\/\\\/voxsahel.com\\\/wp-content\\\/uploads\\\/2024\\\/09\\\/Logo-Vox-Sahel.jpg\",\"width\":1181,\"height\":848,\"caption\":\"Vox Sahel\"},\"image\":{\"@id\":\"https:\\\/\\\/voxsahel.com\\\/#\\\/schema\\\/logo\\\/image\\\/\"},\"sameAs\":[\"https:\\\/\\\/www.facebook.com\\\/journal.voxsahel\"]},{\"@type\":\"Person\",\"@id\":\"https:\\\/\\\/voxsahel.com\\\/#\\\/schema\\\/person\\\/b4043608248f8fa227cd760e7ff1e19e\",\"name\":\"Vox Sahel\",\"image\":{\"@type\":\"ImageObject\",\"inLanguage\":\"fr-FR\",\"@id\":\"https:\\\/\\\/secure.gravatar.com\\\/avatar\\\/f70e7fa0cb9b29d4a7c5788d6eb2e9ab4d3135cbae1c9161810fdf77a8964699?s=96&d=mm&r=g\",\"url\":\"https:\\\/\\\/secure.gravatar.com\\\/avatar\\\/f70e7fa0cb9b29d4a7c5788d6eb2e9ab4d3135cbae1c9161810fdf77a8964699?s=96&d=mm&r=g\",\"contentUrl\":\"https:\\\/\\\/secure.gravatar.com\\\/avatar\\\/f70e7fa0cb9b29d4a7c5788d6eb2e9ab4d3135cbae1c9161810fdf77a8964699?s=96&d=mm&r=g\",\"caption\":\"Vox Sahel\"},\"sameAs\":[\"http:\\\/\\\/www.voxsahel.com\"],\"url\":\"https:\\\/\\\/voxsahel.com\\\/?author=2\"}]}<\/script>\n<!-- \/ Yoast SEO plugin. -->","yoast_head_json":{"title":"\u00c9talons : Brama Traor\u00e9 d\u00e9voile sa liste pour affronter Djibouti et l\u2019\u00c9gypte - Vox Sahel","robots":{"index":"index","follow":"follow","max-snippet":"max-snippet:-1","max-image-preview":"max-image-preview:large","max-video-preview":"max-video-preview:-1"},"canonical":"https:\/\/voxsahel.com\/?p=2637","og_locale":"fr_FR","og_type":"article","og_title":"\u00c9talons : Brama Traor\u00e9 d\u00e9voile sa liste pour affronter Djibouti et l\u2019\u00c9gypte - Vox Sahel","og_description":"Le s\u00e9lectionneur national des \u00c9talons, Brama Traor\u00e9, a rendu publique la liste des 26 joueurs","og_url":"https:\/\/voxsahel.com\/?p=2637","og_site_name":"Vox Sahel","article_publisher":"https:\/\/www.facebook.com\/journal.voxsahel","article_published_time":"2025-08-28T11:19:45+00:00","og_image":[{"width":1080,"height":1071,"url":"https:\/\/voxsahel.com\/wp-content\/uploads\/2025\/08\/IMG_3339.jpeg","type":"image\/jpeg"}],"author":"Vox Sahel","twitter_card":"summary_large_image","twitter_misc":{"\u00c9crit par":"Vox Sahel","Dur\u00e9e de lecture estim\u00e9e":"4 minutes"},"schema":{"@context":"https:\/\/schema.org","@graph":[{"@type":"Article","@id":"https:\/\/voxsahel.com\/?p=2637#article","isPartOf":{"@id":"https:\/\/voxsahel.com\/?p=2637"},"author":{"name":"Vox Sahel","@id":"https:\/\/voxsahel.com\/#\/schema\/person\/b4043608248f8fa227cd760e7ff1e19e"},"headline":"\u00c9talons : Brama Traor\u00e9 d\u00e9voile sa liste pour affronter Djibouti et l\u2019\u00c9gypte","datePublished":"2025-08-28T11:19:45+00:00","mainEntityOfPage":{"@id":"https:\/\/voxsahel.com\/?p=2637"},"wordCount":676,"commentCount":0,"publisher":{"@id":"https:\/\/voxsahel.com\/#organization"},"image":{"@id":"https:\/\/voxsahel.com\/?p=2637#primaryimage"},"thumbnailUrl":"https:\/\/voxsahel.com\/wp-content\/uploads\/2025\/08\/IMG_3339.jpeg","keywords":["Brama Traor\u00e9","Burkina Faso","Conf\u00e9d\u00e9ration Africaine de Football","\u00c9gypte","Etalons","F\u00e9d\u00e9ration Burkinab\u00e8 de Football","Football","Sport"],"articleSection":["SPORTS"],"inLanguage":"fr-FR","potentialAction":[{"@type":"CommentAction","name":"Comment","target":["https:\/\/voxsahel.com\/?p=2637#respond"]}]},{"@type":"WebPage","@id":"https:\/\/voxsahel.com\/?p=2637","url":"https:\/\/voxsahel.com\/?p=2637","name":"\u00c9talons : Brama Traor\u00e9 d\u00e9voile sa liste pour affronter Djibouti et l\u2019\u00c9gypte - Vox Sahel","isPartOf":{"@id":"https:\/\/voxsahel.com\/#website"},"primaryImageOfPage":{"@id":"https:\/\/voxsahel.com\/?p=2637#primaryimage"},"image":{"@id":"https:\/\/voxsahel.com\/?p=2637#primaryimage"},"thumbnailUrl":"https:\/\/voxsahel.com\/wp-content\/uploads\/2025\/08\/IMG_3339.jpeg","datePublished":"2025-08-28T11:19:45+00:00","breadcrumb":{"@id":"https:\/\/voxsahel.com\/?p=2637#breadcrumb"},"inLanguage":"fr-FR","potentialAction":[{"@type":"ReadAction","target":["https:\/\/voxsahel.com\/?p=2637"]}]},{"@type":"ImageObject","inLanguage":"fr-FR","@id":"https:\/\/voxsahel.com\/?p=2637#primaryimage","url":"https:\/\/voxsahel.com\/wp-content\/uploads\/2025\/08\/IMG_3339.jpeg","contentUrl":"https:\/\/voxsahel.com\/wp-content\/uploads\/2025\/08\/IMG_3339.jpeg","width":1080,"height":1071},{"@type":"BreadcrumbList","@id":"https:\/\/voxsahel.com\/?p=2637#breadcrumb","itemListElement":[{"@type":"ListItem","position":1,"name":"Home","item":"https:\/\/voxsahel.com\/"},{"@type":"ListItem","position":2,"name":"\u00c9talons : Brama Traor\u00e9 d\u00e9voile sa liste pour affronter Djibouti et l\u2019\u00c9gypte"}]},{"@type":"WebSite","@id":"https:\/\/voxsahel.com\/#website","url":"https:\/\/voxsahel.com\/","name":"Vox Sahel","description":"Informez-vous sur le Sahel en un clic","publisher":{"@id":"https:\/\/voxsahel.com\/#organization"},"potentialAction":[{"@type":"SearchAction","target":{"@type":"EntryPoint","urlTemplate":"https:\/\/voxsahel.com\/?s={search_term_string}"},"query-input":{"@type":"PropertyValueSpecification","valueRequired":true,"valueName":"search_term_string"}}],"inLanguage":"fr-FR"},{"@type":"Organization","@id":"https:\/\/voxsahel.com\/#organization","name":"Vox Sahel","url":"https:\/\/voxsahel.com\/","logo":{"@type":"ImageObject","inLanguage":"fr-FR","@id":"https:\/\/voxsahel.com\/#\/schema\/logo\/image\/","url":"https:\/\/voxsahel.com\/wp-content\/uploads\/2024\/09\/Logo-Vox-Sahel.jpg","contentUrl":"https:\/\/voxsahel.com\/wp-content\/uploads\/2024\/09\/Logo-Vox-Sahel.jpg","width":1181,"height":848,"caption":"Vox Sahel"},"image":{"@id":"https:\/\/voxsahel.com\/#\/schema\/logo\/image\/"},"sameAs":["https:\/\/www.facebook.com\/journal.voxsahel"]},{"@type":"Person","@id":"https:\/\/voxsahel.com\/#\/schema\/person\/b4043608248f8fa227cd760e7ff1e19e","name":"Vox Sahel","image":{"@type":"ImageObject","inLanguage":"fr-FR","@id":"https:\/\/secure.gravatar.com\/avatar\/f70e7fa0cb9b29d4a7c5788d6eb2e9ab4d3135cbae1c9161810fdf77a8964699?s=96&d=mm&r=g","url":"https:\/\/secure.gravatar.com\/avatar\/f70e7fa0cb9b29d4a7c5788d6eb2e9ab4d3135cbae1c9161810fdf77a8964699?s=96&d=mm&r=g","contentUrl":"https:\/\/secure.gravatar.com\/avatar\/f70e7fa0cb9b29d4a7c5788d6eb2e9ab4d3135cbae1c9161810fdf77a8964699?s=96&d=mm&r=g","caption":"Vox Sahel"},"sameAs":["http:\/\/www.voxsahel.com"],"url":"https:\/\/voxsahel.com\/?author=2"}]}},"_links":{"self":[{"href":"https:\/\/voxsahel.com\/index.php?rest_route=\/wp\/v2\/posts\/2637","targetHints":{"allow":["GET"]}}],"collection":[{"href":"https:\/\/voxsahel.com\/index.php?rest_route=\/wp\/v2\/posts"}],"about":[{"href":"https:\/\/voxsahel.com\/index.php?rest_route=\/wp\/v2\/types\/post"}],"author":[{"embeddable":true,"href":"https:\/\/voxsahel.com\/index.php?rest_route=\/wp\/v2\/users\/2"}],"replies":[{"embeddable":true,"href":"https:\/\/voxsahel.com\/index.php?rest_route=%2Fwp%2Fv2%2Fcomments&post=2637"}],"version-history":[{"count":1,"href":"https:\/\/voxsahel.com\/index.php?rest_route=\/wp\/v2\/posts\/2637\/revisions"}],"predecessor-version":[{"id":2639,"href":"https:\/\/voxsahel.com\/index.php?rest_route=\/wp\/v2\/posts\/2637\/revisions\/2639"}],"wp:featuredmedia":[{"embeddable":true,"href":"https:\/\/voxsahel.com\/index.php?rest_route=\/wp\/v2\/media\/2638"}],"wp:attachment":[{"href":"https:\/\/voxsahel.com\/index.php?rest_route=%2Fwp%2Fv2%2Fmedia&parent=2637"}],"wp:term":[{"taxonomy":"category","embeddable":true,"href":"https:\/\/voxsahel.com\/index.php?rest_route=%2Fwp%2Fv2%2Fcategories&post=2637"},{"taxonomy":"post_tag","embeddable":true,"href":"https:\/\/voxsahel.com\/index.php?rest_route=%2Fwp%2Fv2%2Ftags&post=2637"}],"curies":[{"name":"wp","href":"https:\/\/api.w.org\/{rel}","templated":true}]}}