{"id":2630,"date":"2025-08-26T22:16:53","date_gmt":"2025-08-26T22:16:53","guid":{"rendered":"https:\/\/voxsahel.com\/?p=2630"},"modified":"2025-08-26T22:16:53","modified_gmt":"2025-08-26T22:16:53","slug":"presidentielle-2025-alassane-ouattara-entre-en-lice-toh-bi-irie-aussi","status":"publish","type":"post","link":"https:\/\/voxsahel.com\/?p=2630","title":{"rendered":"Pr\u00e9sidentielle 2025 : Alassane Ouattara entre en lice, Toh Bi Iri\u00e9 aussi"},"content":{"rendered":"<p class=\"p1\">Le suspense est lev\u00e9. Le chef de l\u2019\u00c9tat ivoirien, Alassane Ouattara, sera bel et bien candidat \u00e0 l\u2019\u00e9lection pr\u00e9sidentielle du 25 octobre 2025. Le pr\u00e9sident sortant et porte-\u00e9tendard du Rassemblement des Houphou\u00ebtistes pour la D\u00e9mocratie et la Paix (RHDP) a officiellement d\u00e9pos\u00e9, ce mardi 26 ao\u00fbt, son dossier de candidature aupr\u00e8s de la Commission \u00e9lectorale ind\u00e9pendante (CEI). Le m\u00eame jour, l\u2019ancien pr\u00e9fet d\u2019Abidjan, Vincent Toh Bi Iri\u00e9, a \u00e9galement franchi le pas.<\/p>\n<p class=\"p1\"><span class=\"s1\">\u00a0<\/span><\/p>\n<p class=\"p1\"><span class=\"s1\">C\u2019est \u00e0 12h16 pr\u00e9cises qu\u2019Alassane Ouattara a fait son entr\u00e9e au si\u00e8ge de la CEI, \u00e0 Abidjan-Cocody. Une foule enthousiaste, v\u00eatue de tee-shirts \u00e0 son effigie et mass\u00e9e le long de son parcours, l\u2019attendait avec ferveur. Cris de joie, chants et slogans \u00ab Ado pr\u00e9sident ! \u00bb ont ponctu\u00e9 cette arriv\u00e9e sous les airs d\u2019une d\u00e9monstration de force du camp pr\u00e9sidentiel, en ce dernier jour de d\u00e9p\u00f4t des candidatures.<\/span><\/p>\n<p class=\"p1\"><span class=\"s1\">Apr\u00e8s avoir remis son dossier aux commissaires centraux de la CEI, le chef de l\u2019\u00c9tat a pris la parole pour clarifier les motivations de sa d\u00e9marche. \u00ab Je viens de d\u00e9poser, devant la Commission \u00e9lectorale ind\u00e9pendante (CEI), mon dossier de candidature \u00e0 l\u2019\u00e9lection pr\u00e9sidentielle du 25 octobre 2025. Je l\u2019ai fait en r\u00e9ponse \u00e0 l\u2019appel de mon parti, le RHDP, et \u00e0 l\u2019appel de nombreux Ivoiriennes et Ivoiriens qui souhaitent que nous poursuivions, ensemble, le chemin de paix, de stabilit\u00e9 et de d\u00e9veloppement que notre pays conna\u00eet depuis plusieurs ann\u00e9es \u00bb, a-t-il d\u00e9clar\u00e9.<\/span><\/p>\n<p class=\"p1\"><span class=\"s1\">Mettant en avant la symbolique de ce geste, Alassane Ouattara a insist\u00e9 sur le respect des institutions. \u00ab Au-del\u00e0 d\u2019un acte administratif, le geste que je viens de poser est \u00e9galement un rappel \u00e0 tous que nous devons nous soumettre avec humilit\u00e9 et respect aux Institutions de la R\u00e9publique. \u00bbLe pr\u00e9sident sortant a soulign\u00e9 que sa candidature s\u2019inscrivait dans \u00ab un esprit de responsabilit\u00e9 et de respect de l\u2019\u00c9tat de droit \u00bb. <\/span><\/p>\n<p class=\"p1\"><span class=\"s1\">Dans la m\u00eame veine, il a adress\u00e9 un message \u00e0 ses compatriotes : \u00ab Je voudrais lancer un appel \u00e0 tous nos compatriotes \u00e0 pr\u00e9server la paix, \u00e0 rester courtois dans le d\u00e9bat et \u00e0 nous rappeler que la C\u00f4te d\u2019Ivoire est au-dessus de chacun de nous. Je souhaite que cette \u00e9lection se d\u00e9roule dans la paix et la s\u00e9r\u00e9nit\u00e9 pour la consolidation de notre d\u00e9mocratie et l\u2019avenir de notre beau pays. \u00bb<\/span><\/p>\n<p class=\"p1\"><span class=\"s1\">Dans la foul\u00e9e, Vincent Toh Bi Iri\u00e9 a \u00e9galement d\u00e9pos\u00e9 son dossier, confirmant ainsi son ambition de briguer la magistrature supr\u00eame. Ces candidatures viennent s\u2019ajouter \u00e0 celles d\u00e9j\u00e0 enregistr\u00e9es par la CEI, parmi lesquelles figurent de grands noms de la sc\u00e8ne politique ivoirienne : Tidjane Thiam, Simone Ehivet Gbagbo et Jean-Louis Billon.<\/span><\/p>\n<p class=\"p1\" style=\"text-align: right;\"><span class=\"s1\"><b>Par Amir BAKO <\/b><\/span><\/p>\n","protected":false},"excerpt":{"rendered":"<p>Le suspense est lev\u00e9. Le chef de l\u2019\u00c9tat ivoirien, Alassane Ouattara, sera bel et bien<\/p>\n","protected":false},"author":2,"featured_media":2631,"comment_status":"open","ping_status":"open","sticky":false,"template":"","format":"standard","meta":{"_et_pb_use_builder":"","_et_pb_old_content":"","_et_gb_content_width":"","footnotes":""},"categories":[15],"tags":[812,780,80,312,891],"class_list":["post-2630","post","type-post","status-publish","format-standard","has-post-thumbnail","hentry","category-international","tag-ado","tag-alassane-ouattara","tag-cote-divoire","tag-election-presidentielle","tag-rdhdp"],"yoast_head":"<!-- This site is optimized with the Yoast SEO plugin v27.5 - https:\/\/yoast.com\/product\/yoast-seo-wordpress\/ -->\n<title>Pr\u00e9sidentielle 2025 : Alassane Ouattara entre en lice, Toh Bi Iri\u00e9 aussi - Vox Sahel<\/title>\n<meta name=\"robots\" content=\"index, follow, max-snippet:-1, max-image-preview:large, max-video-preview:-1\" \/>\n<link rel=\"canonical\" href=\"https:\/\/voxsahel.com\/?p=2630\" \/>\n<meta property=\"og:locale\" content=\"fr_FR\" \/>\n<meta property=\"og:type\" content=\"article\" \/>\n<meta property=\"og:title\" content=\"Pr\u00e9sidentielle 2025 : Alassane Ouattara entre en lice, Toh Bi Iri\u00e9 aussi - Vox Sahel\" \/>\n<meta property=\"og:description\" content=\"Le suspense est lev\u00e9. Le chef de l\u2019\u00c9tat ivoirien, Alassane Ouattara, sera bel et bien\" \/>\n<meta property=\"og:url\" content=\"https:\/\/voxsahel.com\/?p=2630\" \/>\n<meta property=\"og:site_name\" content=\"Vox Sahel\" \/>\n<meta property=\"article:publisher\" content=\"https:\/\/www.facebook.com\/journal.voxsahel\" \/>\n<meta property=\"article:published_time\" content=\"2025-08-26T22:16:53+00:00\" \/>\n<meta property=\"og:image\" content=\"https:\/\/voxsahel.com\/wp-content\/uploads\/2025\/08\/IMG_2994.jpeg\" \/>\n\t<meta property=\"og:image:width\" content=\"2048\" \/>\n\t<meta property=\"og:image:height\" content=\"1366\" \/>\n\t<meta property=\"og:image:type\" content=\"image\/jpeg\" \/>\n<meta name=\"author\" content=\"Vox Sahel\" \/>\n<meta name=\"twitter:card\" content=\"summary_large_image\" \/>\n<meta name=\"twitter:label1\" content=\"\u00c9crit par\" \/>\n\t<meta name=\"twitter:data1\" content=\"Vox Sahel\" \/>\n\t<meta name=\"twitter:label2\" content=\"Dur\u00e9e de lecture estim\u00e9e\" \/>\n\t<meta name=\"twitter:data2\" content=\"3 minutes\" \/>\n<script type=\"application\/ld+json\" class=\"yoast-schema-graph\">{\"@context\":\"https:\\\/\\\/schema.org\",\"@graph\":[{\"@type\":\"Article\",\"@id\":\"https:\\\/\\\/voxsahel.com\\\/?p=2630#article\",\"isPartOf\":{\"@id\":\"https:\\\/\\\/voxsahel.com\\\/?p=2630\"},\"author\":{\"name\":\"Vox Sahel\",\"@id\":\"https:\\\/\\\/voxsahel.com\\\/#\\\/schema\\\/person\\\/b4043608248f8fa227cd760e7ff1e19e\"},\"headline\":\"Pr\u00e9sidentielle 2025 : Alassane Ouattara entre en lice, Toh Bi Iri\u00e9 aussi\",\"datePublished\":\"2025-08-26T22:16:53+00:00\",\"mainEntityOfPage\":{\"@id\":\"https:\\\/\\\/voxsahel.com\\\/?p=2630\"},\"wordCount\":481,\"commentCount\":0,\"publisher\":{\"@id\":\"https:\\\/\\\/voxsahel.com\\\/#organization\"},\"image\":{\"@id\":\"https:\\\/\\\/voxsahel.com\\\/?p=2630#primaryimage\"},\"thumbnailUrl\":\"https:\\\/\\\/voxsahel.com\\\/wp-content\\\/uploads\\\/2025\\\/08\\\/IMG_2994.jpeg\",\"keywords\":[\"ADO\",\"Alassane Ouattara\",\"C\u00f4te d\u2019Ivoire\",\"\u00c9lection pr\u00e9sidentielle\",\"RDHDP\"],\"articleSection\":[\"INTERNATIONAL\"],\"inLanguage\":\"fr-FR\",\"potentialAction\":[{\"@type\":\"CommentAction\",\"name\":\"Comment\",\"target\":[\"https:\\\/\\\/voxsahel.com\\\/?p=2630#respond\"]}]},{\"@type\":\"WebPage\",\"@id\":\"https:\\\/\\\/voxsahel.com\\\/?p=2630\",\"url\":\"https:\\\/\\\/voxsahel.com\\\/?p=2630\",\"name\":\"Pr\u00e9sidentielle 2025 : Alassane Ouattara entre en lice, Toh Bi Iri\u00e9 aussi - Vox Sahel\",\"isPartOf\":{\"@id\":\"https:\\\/\\\/voxsahel.com\\\/#website\"},\"primaryImageOfPage\":{\"@id\":\"https:\\\/\\\/voxsahel.com\\\/?p=2630#primaryimage\"},\"image\":{\"@id\":\"https:\\\/\\\/voxsahel.com\\\/?p=2630#primaryimage\"},\"thumbnailUrl\":\"https:\\\/\\\/voxsahel.com\\\/wp-content\\\/uploads\\\/2025\\\/08\\\/IMG_2994.jpeg\",\"datePublished\":\"2025-08-26T22:16:53+00:00\",\"breadcrumb\":{\"@id\":\"https:\\\/\\\/voxsahel.com\\\/?p=2630#breadcrumb\"},\"inLanguage\":\"fr-FR\",\"potentialAction\":[{\"@type\":\"ReadAction\",\"target\":[\"https:\\\/\\\/voxsahel.com\\\/?p=2630\"]}]},{\"@type\":\"ImageObject\",\"inLanguage\":\"fr-FR\",\"@id\":\"https:\\\/\\\/voxsahel.com\\\/?p=2630#primaryimage\",\"url\":\"https:\\\/\\\/voxsahel.com\\\/wp-content\\\/uploads\\\/2025\\\/08\\\/IMG_2994.jpeg\",\"contentUrl\":\"https:\\\/\\\/voxsahel.com\\\/wp-content\\\/uploads\\\/2025\\\/08\\\/IMG_2994.jpeg\",\"width\":2048,\"height\":1366},{\"@type\":\"BreadcrumbList\",\"@id\":\"https:\\\/\\\/voxsahel.com\\\/?p=2630#breadcrumb\",\"itemListElement\":[{\"@type\":\"ListItem\",\"position\":1,\"name\":\"Home\",\"item\":\"https:\\\/\\\/voxsahel.com\\\/\"},{\"@type\":\"ListItem\",\"position\":2,\"name\":\"Pr\u00e9sidentielle 2025 : Alassane Ouattara entre en lice, Toh Bi Iri\u00e9 aussi\"}]},{\"@type\":\"WebSite\",\"@id\":\"https:\\\/\\\/voxsahel.com\\\/#website\",\"url\":\"https:\\\/\\\/voxsahel.com\\\/\",\"name\":\"Vox Sahel\",\"description\":\"Informez-vous sur le Sahel en un clic\",\"publisher\":{\"@id\":\"https:\\\/\\\/voxsahel.com\\\/#organization\"},\"potentialAction\":[{\"@type\":\"SearchAction\",\"target\":{\"@type\":\"EntryPoint\",\"urlTemplate\":\"https:\\\/\\\/voxsahel.com\\\/?s={search_term_string}\"},\"query-input\":{\"@type\":\"PropertyValueSpecification\",\"valueRequired\":true,\"valueName\":\"search_term_string\"}}],\"inLanguage\":\"fr-FR\"},{\"@type\":\"Organization\",\"@id\":\"https:\\\/\\\/voxsahel.com\\\/#organization\",\"name\":\"Vox Sahel\",\"url\":\"https:\\\/\\\/voxsahel.com\\\/\",\"logo\":{\"@type\":\"ImageObject\",\"inLanguage\":\"fr-FR\",\"@id\":\"https:\\\/\\\/voxsahel.com\\\/#\\\/schema\\\/logo\\\/image\\\/\",\"url\":\"https:\\\/\\\/voxsahel.com\\\/wp-content\\\/uploads\\\/2024\\\/09\\\/Logo-Vox-Sahel.jpg\",\"contentUrl\":\"https:\\\/\\\/voxsahel.com\\\/wp-content\\\/uploads\\\/2024\\\/09\\\/Logo-Vox-Sahel.jpg\",\"width\":1181,\"height\":848,\"caption\":\"Vox Sahel\"},\"image\":{\"@id\":\"https:\\\/\\\/voxsahel.com\\\/#\\\/schema\\\/logo\\\/image\\\/\"},\"sameAs\":[\"https:\\\/\\\/www.facebook.com\\\/journal.voxsahel\"]},{\"@type\":\"Person\",\"@id\":\"https:\\\/\\\/voxsahel.com\\\/#\\\/schema\\\/person\\\/b4043608248f8fa227cd760e7ff1e19e\",\"name\":\"Vox Sahel\",\"image\":{\"@type\":\"ImageObject\",\"inLanguage\":\"fr-FR\",\"@id\":\"https:\\\/\\\/secure.gravatar.com\\\/avatar\\\/f70e7fa0cb9b29d4a7c5788d6eb2e9ab4d3135cbae1c9161810fdf77a8964699?s=96&d=mm&r=g\",\"url\":\"https:\\\/\\\/secure.gravatar.com\\\/avatar\\\/f70e7fa0cb9b29d4a7c5788d6eb2e9ab4d3135cbae1c9161810fdf77a8964699?s=96&d=mm&r=g\",\"contentUrl\":\"https:\\\/\\\/secure.gravatar.com\\\/avatar\\\/f70e7fa0cb9b29d4a7c5788d6eb2e9ab4d3135cbae1c9161810fdf77a8964699?s=96&d=mm&r=g\",\"caption\":\"Vox Sahel\"},\"sameAs\":[\"http:\\\/\\\/www.voxsahel.com\"],\"url\":\"https:\\\/\\\/voxsahel.com\\\/?author=2\"}]}<\/script>\n<!-- \/ Yoast SEO plugin. -->","yoast_head_json":{"title":"Pr\u00e9sidentielle 2025 : Alassane Ouattara entre en lice, Toh Bi Iri\u00e9 aussi - Vox Sahel","robots":{"index":"index","follow":"follow","max-snippet":"max-snippet:-1","max-image-preview":"max-image-preview:large","max-video-preview":"max-video-preview:-1"},"canonical":"https:\/\/voxsahel.com\/?p=2630","og_locale":"fr_FR","og_type":"article","og_title":"Pr\u00e9sidentielle 2025 : Alassane Ouattara entre en lice, Toh Bi Iri\u00e9 aussi - Vox Sahel","og_description":"Le suspense est lev\u00e9. Le chef de l\u2019\u00c9tat ivoirien, Alassane Ouattara, sera bel et bien","og_url":"https:\/\/voxsahel.com\/?p=2630","og_site_name":"Vox Sahel","article_publisher":"https:\/\/www.facebook.com\/journal.voxsahel","article_published_time":"2025-08-26T22:16:53+00:00","og_image":[{"width":2048,"height":1366,"url":"https:\/\/voxsahel.com\/wp-content\/uploads\/2025\/08\/IMG_2994.jpeg","type":"image\/jpeg"}],"author":"Vox Sahel","twitter_card":"summary_large_image","twitter_misc":{"\u00c9crit par":"Vox Sahel","Dur\u00e9e de lecture estim\u00e9e":"3 minutes"},"schema":{"@context":"https:\/\/schema.org","@graph":[{"@type":"Article","@id":"https:\/\/voxsahel.com\/?p=2630#article","isPartOf":{"@id":"https:\/\/voxsahel.com\/?p=2630"},"author":{"name":"Vox Sahel","@id":"https:\/\/voxsahel.com\/#\/schema\/person\/b4043608248f8fa227cd760e7ff1e19e"},"headline":"Pr\u00e9sidentielle 2025 : Alassane Ouattara entre en lice, Toh Bi Iri\u00e9 aussi","datePublished":"2025-08-26T22:16:53+00:00","mainEntityOfPage":{"@id":"https:\/\/voxsahel.com\/?p=2630"},"wordCount":481,"commentCount":0,"publisher":{"@id":"https:\/\/voxsahel.com\/#organization"},"image":{"@id":"https:\/\/voxsahel.com\/?p=2630#primaryimage"},"thumbnailUrl":"https:\/\/voxsahel.com\/wp-content\/uploads\/2025\/08\/IMG_2994.jpeg","keywords":["ADO","Alassane Ouattara","C\u00f4te d\u2019Ivoire","\u00c9lection pr\u00e9sidentielle","RDHDP"],"articleSection":["INTERNATIONAL"],"inLanguage":"fr-FR","potentialAction":[{"@type":"CommentAction","name":"Comment","target":["https:\/\/voxsahel.com\/?p=2630#respond"]}]},{"@type":"WebPage","@id":"https:\/\/voxsahel.com\/?p=2630","url":"https:\/\/voxsahel.com\/?p=2630","name":"Pr\u00e9sidentielle 2025 : Alassane Ouattara entre en lice, Toh Bi Iri\u00e9 aussi - Vox Sahel","isPartOf":{"@id":"https:\/\/voxsahel.com\/#website"},"primaryImageOfPage":{"@id":"https:\/\/voxsahel.com\/?p=2630#primaryimage"},"image":{"@id":"https:\/\/voxsahel.com\/?p=2630#primaryimage"},"thumbnailUrl":"https:\/\/voxsahel.com\/wp-content\/uploads\/2025\/08\/IMG_2994.jpeg","datePublished":"2025-08-26T22:16:53+00:00","breadcrumb":{"@id":"https:\/\/voxsahel.com\/?p=2630#breadcrumb"},"inLanguage":"fr-FR","potentialAction":[{"@type":"ReadAction","target":["https:\/\/voxsahel.com\/?p=2630"]}]},{"@type":"ImageObject","inLanguage":"fr-FR","@id":"https:\/\/voxsahel.com\/?p=2630#primaryimage","url":"https:\/\/voxsahel.com\/wp-content\/uploads\/2025\/08\/IMG_2994.jpeg","contentUrl":"https:\/\/voxsahel.com\/wp-content\/uploads\/2025\/08\/IMG_2994.jpeg","width":2048,"height":1366},{"@type":"BreadcrumbList","@id":"https:\/\/voxsahel.com\/?p=2630#breadcrumb","itemListElement":[{"@type":"ListItem","position":1,"name":"Home","item":"https:\/\/voxsahel.com\/"},{"@type":"ListItem","position":2,"name":"Pr\u00e9sidentielle 2025 : Alassane Ouattara entre en lice, Toh Bi Iri\u00e9 aussi"}]},{"@type":"WebSite","@id":"https:\/\/voxsahel.com\/#website","url":"https:\/\/voxsahel.com\/","name":"Vox Sahel","description":"Informez-vous sur le Sahel en un clic","publisher":{"@id":"https:\/\/voxsahel.com\/#organization"},"potentialAction":[{"@type":"SearchAction","target":{"@type":"EntryPoint","urlTemplate":"https:\/\/voxsahel.com\/?s={search_term_string}"},"query-input":{"@type":"PropertyValueSpecification","valueRequired":true,"valueName":"search_term_string"}}],"inLanguage":"fr-FR"},{"@type":"Organization","@id":"https:\/\/voxsahel.com\/#organization","name":"Vox Sahel","url":"https:\/\/voxsahel.com\/","logo":{"@type":"ImageObject","inLanguage":"fr-FR","@id":"https:\/\/voxsahel.com\/#\/schema\/logo\/image\/","url":"https:\/\/voxsahel.com\/wp-content\/uploads\/2024\/09\/Logo-Vox-Sahel.jpg","contentUrl":"https:\/\/voxsahel.com\/wp-content\/uploads\/2024\/09\/Logo-Vox-Sahel.jpg","width":1181,"height":848,"caption":"Vox Sahel"},"image":{"@id":"https:\/\/voxsahel.com\/#\/schema\/logo\/image\/"},"sameAs":["https:\/\/www.facebook.com\/journal.voxsahel"]},{"@type":"Person","@id":"https:\/\/voxsahel.com\/#\/schema\/person\/b4043608248f8fa227cd760e7ff1e19e","name":"Vox Sahel","image":{"@type":"ImageObject","inLanguage":"fr-FR","@id":"https:\/\/secure.gravatar.com\/avatar\/f70e7fa0cb9b29d4a7c5788d6eb2e9ab4d3135cbae1c9161810fdf77a8964699?s=96&d=mm&r=g","url":"https:\/\/secure.gravatar.com\/avatar\/f70e7fa0cb9b29d4a7c5788d6eb2e9ab4d3135cbae1c9161810fdf77a8964699?s=96&d=mm&r=g","contentUrl":"https:\/\/secure.gravatar.com\/avatar\/f70e7fa0cb9b29d4a7c5788d6eb2e9ab4d3135cbae1c9161810fdf77a8964699?s=96&d=mm&r=g","caption":"Vox Sahel"},"sameAs":["http:\/\/www.voxsahel.com"],"url":"https:\/\/voxsahel.com\/?author=2"}]}},"_links":{"self":[{"href":"https:\/\/voxsahel.com\/index.php?rest_route=\/wp\/v2\/posts\/2630","targetHints":{"allow":["GET"]}}],"collection":[{"href":"https:\/\/voxsahel.com\/index.php?rest_route=\/wp\/v2\/posts"}],"about":[{"href":"https:\/\/voxsahel.com\/index.php?rest_route=\/wp\/v2\/types\/post"}],"author":[{"embeddable":true,"href":"https:\/\/voxsahel.com\/index.php?rest_route=\/wp\/v2\/users\/2"}],"replies":[{"embeddable":true,"href":"https:\/\/voxsahel.com\/index.php?rest_route=%2Fwp%2Fv2%2Fcomments&post=2630"}],"version-history":[{"count":1,"href":"https:\/\/voxsahel.com\/index.php?rest_route=\/wp\/v2\/posts\/2630\/revisions"}],"predecessor-version":[{"id":2632,"href":"https:\/\/voxsahel.com\/index.php?rest_route=\/wp\/v2\/posts\/2630\/revisions\/2632"}],"wp:featuredmedia":[{"embeddable":true,"href":"https:\/\/voxsahel.com\/index.php?rest_route=\/wp\/v2\/media\/2631"}],"wp:attachment":[{"href":"https:\/\/voxsahel.com\/index.php?rest_route=%2Fwp%2Fv2%2Fmedia&parent=2630"}],"wp:term":[{"taxonomy":"category","embeddable":true,"href":"https:\/\/voxsahel.com\/index.php?rest_route=%2Fwp%2Fv2%2Fcategories&post=2630"},{"taxonomy":"post_tag","embeddable":true,"href":"https:\/\/voxsahel.com\/index.php?rest_route=%2Fwp%2Fv2%2Ftags&post=2630"}],"curies":[{"name":"wp","href":"https:\/\/api.w.org\/{rel}","templated":true}]}}