{"id":2621,"date":"2025-08-26T18:01:04","date_gmt":"2025-08-26T18:01:04","guid":{"rendered":"https:\/\/voxsahel.com\/?p=2621"},"modified":"2025-08-26T18:03:26","modified_gmt":"2025-08-26T18:03:26","slug":"dr-jean-noel-bonkoungou-le-modele-chinois-peut-inspirer-le-developpement-des-medias-et-de-leconomie-burkinabe","status":"publish","type":"post","link":"https:\/\/voxsahel.com\/?p=2621","title":{"rendered":"Dr Jean-No\u00ebl Bonkoungou : \u00ab Le mod\u00e8le chinois peut inspirer le d\u00e9veloppement des m\u00e9dias et de l\u2019\u00e9conomie burkinab\u00e8 \u00bb"},"content":{"rendered":"<p><strong>Charg\u00e9 de mission au Minist\u00e8re de la Communication, de la Culture, des Arts et du Tourisme, Dr Jean-No\u00ebl Bonkoungou revient sur son immersion en Chine aux c\u00f4t\u00e9s d\u2019une d\u00e9l\u00e9gation de journalistes burkinab\u00e8. Entre d\u00e9couvertes culturelles, le\u00e7ons de gouvernance et pistes de coop\u00e9ration, il plaide pour une meilleure appropriation du mod\u00e8le chinois afin de renforcer le d\u00e9veloppement et la modernisation des m\u00e9dias au Burkina Faso.<\/strong><\/p>\n<figure id=\"attachment_2622\" aria-describedby=\"caption-attachment-2622\" style=\"width: 640px\" class=\"wp-caption aligncenter\"><img loading=\"lazy\" decoding=\"async\" class=\"size-large wp-image-2622\" src=\"https:\/\/voxsahel.com\/wp-content\/uploads\/2025\/08\/CM1-1024x768.jpg\" alt=\"Dr Jean-No\u00ebl Bonkoungou\" width=\"640\" height=\"480\" srcset=\"https:\/\/voxsahel.com\/wp-content\/uploads\/2025\/08\/CM1-1024x768.jpg 1024w, https:\/\/voxsahel.com\/wp-content\/uploads\/2025\/08\/CM1-300x225.jpg 300w, https:\/\/voxsahel.com\/wp-content\/uploads\/2025\/08\/CM1-768x576.jpg 768w, https:\/\/voxsahel.com\/wp-content\/uploads\/2025\/08\/CM1-510x382.jpg 510w, https:\/\/voxsahel.com\/wp-content\/uploads\/2025\/08\/CM1-1080x810.jpg 1080w, https:\/\/voxsahel.com\/wp-content\/uploads\/2025\/08\/CM1-610x458.jpg 610w, https:\/\/voxsahel.com\/wp-content\/uploads\/2025\/08\/CM1-720x540.jpg 720w, https:\/\/voxsahel.com\/wp-content\/uploads\/2025\/08\/CM1.jpg 1280w\" sizes=\"(max-width: 640px) 100vw, 640px\" \/><figcaption id=\"caption-attachment-2622\" class=\"wp-caption-text\"><strong>Dr Jean-No\u00ebl Bonkoungou<\/strong><\/figcaption><\/figure>\n<p><strong>Qu\u2019est-ce qui vous a motiv\u00e9 \u00e0 participer \u00e0 ce programme d\u2019immersion ?<\/strong><\/p>\n<p>Je voudrais d\u2019abord remercier les autorit\u00e9s de notre pays, en particulier le ministre de la Communication, qui m\u2019a permis de participer \u00e0 cette mission en tant que chef de d\u00e9l\u00e9gation. Ce qui m\u2019a le plus anim\u00e9, c\u2019est avant tout l\u2019opportunit\u00e9 de d\u00e9couvrir la Chine, une destination incontournable, riche d\u2019une histoire exceptionnelle dont l\u2019exp\u00e9rience peut inspirer le d\u00e9veloppement de nos pays.<\/p>\n<p>Durant notre formation, nous avons eu face de nous des experts chevronn\u00e9s qui nous ont montr\u00e9 comment la Chine, d\u00e8s les ann\u00e9es 1980, a su tirer les le\u00e7ons de son histoire pour impulser son essor actuel. La visite de la ville de Xiamen m\u2019a particuli\u00e8rement marqu\u00e9. C\u2019est une zone \u00e9conomique sp\u00e9ciale qui doit son d\u00e9veloppement au leadership de Xi Jinping, alors vice-maire. Ce mod\u00e8le offre de v\u00e9ritables sources d\u2019inspiration pour nos propres trajectoires \u00e9conomiques.<\/p>\n<blockquote>\n<h4 style=\"text-align: left;\"><span style=\"color: #ff0000;\">J\u2019estime que de nombreux acteurs et citoyens burkinab\u00e8 gagneraient \u00e0 visiter la Chine et \u00e0 s\u2019inspirer de son mod\u00e8le de d\u00e9veloppement.<\/span><\/h4>\n<\/blockquote>\n<p><strong>Quelles \u00e9taient vos attentes avant de venir ?<\/strong><\/p>\n<p>Pour \u00eatre honn\u00eate, je venais surtout d\u00e9couvrir un pays et une culture. Mais en arrivant, j\u2019ai \u00e9t\u00e9 \u00e9merveill\u00e9 par l\u2019ampleur du d\u00e9veloppement \u00e9conomique chinois, bien au-del\u00e0 de ce que nous percevons de l\u2019ext\u00e9rieur. Cette immersion est inoubliable : riche en enseignements et en d\u00e9couvertes. J\u2019estime que de nombreux acteurs et citoyens burkinab\u00e8 gagneraient \u00e0 visiter la Chine et \u00e0 s\u2019inspirer de son mod\u00e8le de d\u00e9veloppement, bas\u00e9 sur une planification \u00e0 long terme de 50 ans d\u00e9cliner en plan quinquennaux. La Chine des ann\u00e9es 1970-1980 \u00e9tait au m\u00eame niveau que plusieurs pays africains. Quarante ans plus tard, elle figure parmi les premi\u00e8res puissances \u00e9conomiques mondiales.<\/p>\n<p><img loading=\"lazy\" decoding=\"async\" class=\"aligncenter size-large wp-image-2623\" src=\"https:\/\/voxsahel.com\/wp-content\/uploads\/2025\/08\/CM5-1024x768.jpg\" alt=\"\" width=\"640\" height=\"480\" srcset=\"https:\/\/voxsahel.com\/wp-content\/uploads\/2025\/08\/CM5-1024x768.jpg 1024w, https:\/\/voxsahel.com\/wp-content\/uploads\/2025\/08\/CM5-300x225.jpg 300w, https:\/\/voxsahel.com\/wp-content\/uploads\/2025\/08\/CM5-768x576.jpg 768w, https:\/\/voxsahel.com\/wp-content\/uploads\/2025\/08\/CM5-510x382.jpg 510w, https:\/\/voxsahel.com\/wp-content\/uploads\/2025\/08\/CM5-1080x810.jpg 1080w, https:\/\/voxsahel.com\/wp-content\/uploads\/2025\/08\/CM5-610x458.jpg 610w, https:\/\/voxsahel.com\/wp-content\/uploads\/2025\/08\/CM5-720x540.jpg 720w, https:\/\/voxsahel.com\/wp-content\/uploads\/2025\/08\/CM5.jpg 1280w\" sizes=\"(max-width: 640px) 100vw, 640px\" \/><\/p>\n<p><strong>Parmi les modules de formation suivis, lequel vous a le plus marqu\u00e9 ?<\/strong><\/p>\n<p>Le module sur \u00ab La Ceinture et la Route \u00bb m\u2019a profond\u00e9ment marqu\u00e9. C\u2019est la vision du pr\u00e9sident Xi Jinping pour faire du d\u00e9veloppement un bien commun \u00e0 l\u2019\u00e9chelle mondiale. La Chine se positionne comme locomotive de l\u2019\u00e9conomie mondiale.<br \/>\nJ\u2019ai aussi \u00e9t\u00e9 impressionn\u00e9 par le mod\u00e8le de gouvernance chinois, qui associe tradition et modernit\u00e9, \u00e9conomie de march\u00e9 et socialisme, tout en favorisant une redistribution \u00e9quitable des richesses. Des exemples concrets, comme les syst\u00e8mes de v\u00e9los et motos partag\u00e9s, traduisent cette philosophie. L\u2019agriculture, en particulier, constitue un pilier de ce mod\u00e8le, et c\u2019est une le\u00e7on dont nos pays africains devraient s\u2019inspirer.<\/p>\n<p><strong>Souhaiteriez-vous voir ce mod\u00e8le appliqu\u00e9 au Burkina Faso ?<\/strong><\/p>\n<p>Absolument. Le mod\u00e8le chinois, qui combine lib\u00e9ralisme et socialisme, correspond bien \u00e0 nos r\u00e9alit\u00e9s africaines. Il valorise les initiatives des plus riches tout en garantissant une prise en compte des plus pauvres gr\u00e2ce \u00e0 une redistribution \u00e9quitable des richesses.<\/p>\n<blockquote>\n<h4><span style=\"color: #ff0000;\">La Chine se positionne comme locomotive de l\u2019\u00e9conomie mondiale.<\/span><\/h4>\n<\/blockquote>\n<p><strong>Apr\u00e8s plus d\u2019une dizaine de jours en Chine, comment jugez-vous votre s\u00e9jour sur le plan culturel et humain ?<\/strong><\/p>\n<p>Ce fut une immersion exceptionnelle. Nous avons visit\u00e9 des sites embl\u00e9matiques comme la Grande Muraille, le Palais de l\u2019Espoir ou encore le \u00ab Nid d\u2019oiseau \u00bb, le c\u00e9l\u00e8bre stade olympique. \u00c0 Xiamen, nous avons explor\u00e9 une \u00eele historique tr\u00e8s fr\u00e9quent\u00e9e par les touristes. Ces d\u00e9couvertes illustrent la richesse culturelle et patrimoniale de la Chine.<\/p>\n<p><img loading=\"lazy\" decoding=\"async\" class=\"aligncenter size-full wp-image-2624\" src=\"https:\/\/voxsahel.com\/wp-content\/uploads\/2025\/08\/CM3.jpg\" alt=\"\" width=\"960\" height=\"432\" srcset=\"https:\/\/voxsahel.com\/wp-content\/uploads\/2025\/08\/CM3.jpg 960w, https:\/\/voxsahel.com\/wp-content\/uploads\/2025\/08\/CM3-300x135.jpg 300w, https:\/\/voxsahel.com\/wp-content\/uploads\/2025\/08\/CM3-768x346.jpg 768w, https:\/\/voxsahel.com\/wp-content\/uploads\/2025\/08\/CM3-610x275.jpg 610w\" sizes=\"(max-width: 960px) 100vw, 960px\" \/><\/p>\n<p><strong>Quelle diff\u00e9rence ou ressemblance constatez-vous entre le journalisme en Chine et au Burkina Faso ?<\/strong><\/p>\n<p>La diff\u00e9rence majeure est qu\u2019en Chine, il n\u2019existe pas de m\u00e9dias priv\u00e9s, contrairement au Burkina Faso. Sur le plan \u00e9conomique, les m\u00e9dias chinois ont d\u00e9velopp\u00e9 un mod\u00e8le de convergence qui leur assure d\u2019importantes ressources. La Chine est \u00e9galement tr\u00e8s en avance technologiquement. Elle exp\u00e9rimente aujourd\u2019hui le journalisme constructif, de solutions et de paix. Ce mod\u00e8le invite les journalistes \u00e0 \u00eatre des acteurs de d\u00e9veloppement et de stabilit\u00e9, une d\u00e9marche qui gagnerait \u00e0 \u00eatre adapt\u00e9e au Burkina Faso.<\/p>\n<p><strong>En quoi cette immersion peut-elle renforcer les comp\u00e9tences des journalistes burkinab\u00e8 ?<\/strong><\/p>\n<p>Elle a permis de constater de visu l\u2019\u00e9volution technologique dans le secteur des m\u00e9dias et les approches d\u2019analyse des sujets. Dans le contexte de lutte contre le terrorisme, le journalisme constructif m\u00e9rite d\u2019\u00eatre impl\u00e9menter au Burkina Faso. D\u2019ailleurs, l\u2019une de nos formatrices s\u2019est engag\u00e9e \u00e0 venir au Burkina Faso, \u00e0 ses frais, pour animer une conf\u00e9rence sur le journalisme de solution. C\u2019est une opportunit\u00e9 \u00e0 saisir.<\/p>\n<p><strong>Sur le plan diplomatique, quelles coop\u00e9rations souhaiteriez-vous voir se renforcer entre la Chine et le Burkina Faso dans le domaine des m\u00e9dias ?<\/strong><\/p>\n<p>Nous avons d\u00e9j\u00e0 identifi\u00e9 des pistes de coop\u00e9ration, notamment \u00e0 Xiamen, o\u00f9 les centres de haute technologie m\u00e9diatique sont pr\u00eats \u00e0 accueillir des stagiaires burkinab\u00e8. Nous envisageons aussi des projets de coproduction cin\u00e9matographique, ainsi que l\u2019accueil de journalistes chinois au Burkina Faso pour d\u00e9couvrir notre histoire. Tout cela ouvre la voie \u00e0 une coop\u00e9ration \u00ab gagnant-gagnant \u00bb.<\/p>\n<blockquote>\n<h4><span style=\"color: #ff0000;\">Dans le contexte de lutte contre le terrorisme, le journalisme constructif m\u00e9rite d\u2019\u00eatre impl\u00e9menter au Burkina Faso.<\/span><\/h4>\n<\/blockquote>\n<p><strong>Quel r\u00f4le les m\u00e9dias peuvent-ils jouer dans le rapprochement diplomatique entre les deux pays ?<\/strong><\/p>\n<p>Les journalistes sont la vitrine de la nation. Apr\u00e8s cette immersion, ils ont d\u00e9sormais une meilleure compr\u00e9hension de la Chine et sauront la retranscrire dans leurs \u00e9crits. Cela permettra \u00e0 nos autorit\u00e9s de mieux appr\u00e9cier les atouts de ce partenariat et de renforcer la coop\u00e9ration d\u00e9j\u00e0 existante.<\/p>\n<p><strong>Quelles le\u00e7ons principales retenez-vous de cette mission ?<\/strong><\/p>\n<p>C\u2019est une exp\u00e9rience unique. J\u2019ai \u00e9t\u00e9 honor\u00e9 de conduire une d\u00e9l\u00e9gation de journalistes aussi disciplin\u00e9e et professionnelle. Cela m\u2019a confort\u00e9 dans l\u2019id\u00e9e que le Burkina Faso dispose de ressources humaines comp\u00e9tentes capables de relever les d\u00e9fis futurs dans le secteur des m\u00e9dias.<\/p>\n<p><img loading=\"lazy\" decoding=\"async\" class=\"aligncenter size-large wp-image-2625\" src=\"https:\/\/voxsahel.com\/wp-content\/uploads\/2025\/08\/CM4-1024x768.jpg\" alt=\"\" width=\"640\" height=\"480\" srcset=\"https:\/\/voxsahel.com\/wp-content\/uploads\/2025\/08\/CM4-1024x768.jpg 1024w, https:\/\/voxsahel.com\/wp-content\/uploads\/2025\/08\/CM4-300x225.jpg 300w, https:\/\/voxsahel.com\/wp-content\/uploads\/2025\/08\/CM4-768x576.jpg 768w, https:\/\/voxsahel.com\/wp-content\/uploads\/2025\/08\/CM4-510x382.jpg 510w, https:\/\/voxsahel.com\/wp-content\/uploads\/2025\/08\/CM4-1080x810.jpg 1080w, https:\/\/voxsahel.com\/wp-content\/uploads\/2025\/08\/CM4-610x458.jpg 610w, https:\/\/voxsahel.com\/wp-content\/uploads\/2025\/08\/CM4-720x540.jpg 720w, https:\/\/voxsahel.com\/wp-content\/uploads\/2025\/08\/CM4.jpg 1280w\" sizes=\"(max-width: 640px) 100vw, 640px\" \/><\/p>\n<p><strong>Quelles recommandations feriez-vous pour am\u00e9liorer ce programme \u00e0 l\u2019avenir ?<\/strong><\/p>\n<p>Je recommande d\u2019allonger la dur\u00e9e du s\u00e9jour. Dix jours, c\u2019est trop court pour appr\u00e9hender toute la richesse de l\u2019exp\u00e9rience chinoise. Un programme de trois semaines, voire de plusieurs mois pour certains participants, permettrait une immersion plus profonde et des retomb\u00e9es plus durables pour le d\u00e9veloppement et la modernisation des m\u00e9dias burkinab\u00e8.<\/p>\n<blockquote>\n<h4><span style=\"color: #ff0000;\">Les journalistes sont la vitrine de la nation.<\/span><\/h4>\n<\/blockquote>\n<p><strong>Un dernier mot pour clore cet entretien ?<\/strong><\/p>\n<p>Je tiens \u00e0 exprimer ma profonde gratitude aux autorit\u00e9s qui nous ont permis de venir en Chine, au pr\u00e9sident du Faso, le capitaine Ibrahim Traor\u00e9, dont la vision dynamise la coop\u00e9ration entre nos deux pays ; au Premier ministre, pour son leadership ; et enfin \u00e0 notre ministre de la Communication, pour ses pr\u00e9cieux conseils. Gr\u00e2ce \u00e0 eux, nous avons pu repr\u00e9senter dignement le Burkina Faso en Chine.<\/p>\n<p style=\"text-align: right;\"><strong>Par Vox Sahel<\/strong><\/p>\n","protected":false},"excerpt":{"rendered":"<p>Charg\u00e9 de mission au Minist\u00e8re de la Communication, de la Culture, des Arts et du<\/p>\n","protected":false},"author":2,"featured_media":2626,"comment_status":"open","ping_status":"open","sticky":false,"template":"","format":"standard","meta":{"_et_pb_use_builder":"","_et_pb_old_content":"","_et_gb_content_width":"","footnotes":""},"categories":[8,15],"tags":[888,18,50,324,65,890,500,808,886,52,108,303,889],"class_list":["post-2621","post","type-post","status-publish","format-standard","has-post-thumbnail","hentry","category-developpement","category-international","tag-beijing","tag-burkina-faso","tag-chine","tag-communication","tag-culture","tag-dr-jean-noel-bonkoungou","tag-journalisme","tag-pekin","tag-republique-populaire-de-chine","tag-sommet-chine-afrique","tag-tourisme","tag-voyage","tag-xiamen"],"yoast_head":"<!-- This site is optimized with the Yoast SEO plugin v27.5 - https:\/\/yoast.com\/product\/yoast-seo-wordpress\/ -->\n<title>Dr Jean-No\u00ebl Bonkoungou : \u00ab Le mod\u00e8le chinois peut inspirer le d\u00e9veloppement des m\u00e9dias et de l\u2019\u00e9conomie burkinab\u00e8 \u00bb - Vox Sahel<\/title>\n<meta name=\"robots\" content=\"index, follow, max-snippet:-1, max-image-preview:large, max-video-preview:-1\" \/>\n<link rel=\"canonical\" href=\"https:\/\/voxsahel.com\/?p=2621\" \/>\n<meta property=\"og:locale\" content=\"fr_FR\" \/>\n<meta property=\"og:type\" content=\"article\" \/>\n<meta property=\"og:title\" content=\"Dr Jean-No\u00ebl Bonkoungou : \u00ab Le mod\u00e8le chinois peut inspirer le d\u00e9veloppement des m\u00e9dias et de l\u2019\u00e9conomie burkinab\u00e8 \u00bb - Vox Sahel\" \/>\n<meta property=\"og:description\" content=\"Charg\u00e9 de mission au Minist\u00e8re de la Communication, de la Culture, des Arts et du\" \/>\n<meta property=\"og:url\" content=\"https:\/\/voxsahel.com\/?p=2621\" \/>\n<meta property=\"og:site_name\" content=\"Vox Sahel\" \/>\n<meta property=\"article:publisher\" content=\"https:\/\/www.facebook.com\/journal.voxsahel\" \/>\n<meta property=\"article:published_time\" content=\"2025-08-26T18:01:04+00:00\" \/>\n<meta property=\"article:modified_time\" content=\"2025-08-26T18:03:26+00:00\" \/>\n<meta property=\"og:image\" content=\"https:\/\/voxsahel.com\/wp-content\/uploads\/2025\/08\/CM2.jpg\" \/>\n\t<meta property=\"og:image:width\" content=\"1280\" \/>\n\t<meta property=\"og:image:height\" content=\"960\" \/>\n\t<meta property=\"og:image:type\" content=\"image\/jpeg\" \/>\n<meta name=\"author\" content=\"Vox Sahel\" \/>\n<meta name=\"twitter:card\" content=\"summary_large_image\" \/>\n<meta name=\"twitter:label1\" content=\"\u00c9crit par\" \/>\n\t<meta name=\"twitter:data1\" content=\"Vox Sahel\" \/>\n\t<meta name=\"twitter:label2\" content=\"Dur\u00e9e de lecture estim\u00e9e\" \/>\n\t<meta name=\"twitter:data2\" content=\"7 minutes\" \/>\n<script type=\"application\/ld+json\" class=\"yoast-schema-graph\">{\"@context\":\"https:\\\/\\\/schema.org\",\"@graph\":[{\"@type\":\"Article\",\"@id\":\"https:\\\/\\\/voxsahel.com\\\/?p=2621#article\",\"isPartOf\":{\"@id\":\"https:\\\/\\\/voxsahel.com\\\/?p=2621\"},\"author\":{\"name\":\"Vox Sahel\",\"@id\":\"https:\\\/\\\/voxsahel.com\\\/#\\\/schema\\\/person\\\/b4043608248f8fa227cd760e7ff1e19e\"},\"headline\":\"Dr Jean-No\u00ebl Bonkoungou : \u00ab Le mod\u00e8le chinois peut inspirer le d\u00e9veloppement des m\u00e9dias et de l\u2019\u00e9conomie burkinab\u00e8 \u00bb\",\"datePublished\":\"2025-08-26T18:01:04+00:00\",\"dateModified\":\"2025-08-26T18:03:26+00:00\",\"mainEntityOfPage\":{\"@id\":\"https:\\\/\\\/voxsahel.com\\\/?p=2621\"},\"wordCount\":1276,\"commentCount\":0,\"publisher\":{\"@id\":\"https:\\\/\\\/voxsahel.com\\\/#organization\"},\"image\":{\"@id\":\"https:\\\/\\\/voxsahel.com\\\/?p=2621#primaryimage\"},\"thumbnailUrl\":\"https:\\\/\\\/voxsahel.com\\\/wp-content\\\/uploads\\\/2025\\\/08\\\/CM2.jpg\",\"keywords\":[\"Beijing\",\"Burkina Faso\",\"Chine\",\"Communication\",\"Culture\",\"Dr Jean-No\u00ebl Bonkoungou\",\"Journalisme\",\"Pekin\",\"R\u00e9publique populaire de Chine\",\"Sommet Chine-Afrique\",\"Tourisme\",\"Voyage\",\"Xiamen\"],\"articleSection\":[\"DEVELOPPEMENT\",\"INTERNATIONAL\"],\"inLanguage\":\"fr-FR\",\"potentialAction\":[{\"@type\":\"CommentAction\",\"name\":\"Comment\",\"target\":[\"https:\\\/\\\/voxsahel.com\\\/?p=2621#respond\"]}]},{\"@type\":\"WebPage\",\"@id\":\"https:\\\/\\\/voxsahel.com\\\/?p=2621\",\"url\":\"https:\\\/\\\/voxsahel.com\\\/?p=2621\",\"name\":\"Dr Jean-No\u00ebl Bonkoungou : \u00ab Le mod\u00e8le chinois peut inspirer le d\u00e9veloppement des m\u00e9dias et de l\u2019\u00e9conomie burkinab\u00e8 \u00bb - Vox Sahel\",\"isPartOf\":{\"@id\":\"https:\\\/\\\/voxsahel.com\\\/#website\"},\"primaryImageOfPage\":{\"@id\":\"https:\\\/\\\/voxsahel.com\\\/?p=2621#primaryimage\"},\"image\":{\"@id\":\"https:\\\/\\\/voxsahel.com\\\/?p=2621#primaryimage\"},\"thumbnailUrl\":\"https:\\\/\\\/voxsahel.com\\\/wp-content\\\/uploads\\\/2025\\\/08\\\/CM2.jpg\",\"datePublished\":\"2025-08-26T18:01:04+00:00\",\"dateModified\":\"2025-08-26T18:03:26+00:00\",\"breadcrumb\":{\"@id\":\"https:\\\/\\\/voxsahel.com\\\/?p=2621#breadcrumb\"},\"inLanguage\":\"fr-FR\",\"potentialAction\":[{\"@type\":\"ReadAction\",\"target\":[\"https:\\\/\\\/voxsahel.com\\\/?p=2621\"]}]},{\"@type\":\"ImageObject\",\"inLanguage\":\"fr-FR\",\"@id\":\"https:\\\/\\\/voxsahel.com\\\/?p=2621#primaryimage\",\"url\":\"https:\\\/\\\/voxsahel.com\\\/wp-content\\\/uploads\\\/2025\\\/08\\\/CM2.jpg\",\"contentUrl\":\"https:\\\/\\\/voxsahel.com\\\/wp-content\\\/uploads\\\/2025\\\/08\\\/CM2.jpg\",\"width\":1280,\"height\":960,\"caption\":\"Dr Jean-No\u00ebl Bonkoungou\"},{\"@type\":\"BreadcrumbList\",\"@id\":\"https:\\\/\\\/voxsahel.com\\\/?p=2621#breadcrumb\",\"itemListElement\":[{\"@type\":\"ListItem\",\"position\":1,\"name\":\"Home\",\"item\":\"https:\\\/\\\/voxsahel.com\\\/\"},{\"@type\":\"ListItem\",\"position\":2,\"name\":\"Dr Jean-No\u00ebl Bonkoungou : \u00ab Le mod\u00e8le chinois peut inspirer le d\u00e9veloppement des m\u00e9dias et de l\u2019\u00e9conomie burkinab\u00e8 \u00bb\"}]},{\"@type\":\"WebSite\",\"@id\":\"https:\\\/\\\/voxsahel.com\\\/#website\",\"url\":\"https:\\\/\\\/voxsahel.com\\\/\",\"name\":\"Vox Sahel\",\"description\":\"Informez-vous sur le Sahel en un clic\",\"publisher\":{\"@id\":\"https:\\\/\\\/voxsahel.com\\\/#organization\"},\"potentialAction\":[{\"@type\":\"SearchAction\",\"target\":{\"@type\":\"EntryPoint\",\"urlTemplate\":\"https:\\\/\\\/voxsahel.com\\\/?s={search_term_string}\"},\"query-input\":{\"@type\":\"PropertyValueSpecification\",\"valueRequired\":true,\"valueName\":\"search_term_string\"}}],\"inLanguage\":\"fr-FR\"},{\"@type\":\"Organization\",\"@id\":\"https:\\\/\\\/voxsahel.com\\\/#organization\",\"name\":\"Vox Sahel\",\"url\":\"https:\\\/\\\/voxsahel.com\\\/\",\"logo\":{\"@type\":\"ImageObject\",\"inLanguage\":\"fr-FR\",\"@id\":\"https:\\\/\\\/voxsahel.com\\\/#\\\/schema\\\/logo\\\/image\\\/\",\"url\":\"https:\\\/\\\/voxsahel.com\\\/wp-content\\\/uploads\\\/2024\\\/09\\\/Logo-Vox-Sahel.jpg\",\"contentUrl\":\"https:\\\/\\\/voxsahel.com\\\/wp-content\\\/uploads\\\/2024\\\/09\\\/Logo-Vox-Sahel.jpg\",\"width\":1181,\"height\":848,\"caption\":\"Vox Sahel\"},\"image\":{\"@id\":\"https:\\\/\\\/voxsahel.com\\\/#\\\/schema\\\/logo\\\/image\\\/\"},\"sameAs\":[\"https:\\\/\\\/www.facebook.com\\\/journal.voxsahel\"]},{\"@type\":\"Person\",\"@id\":\"https:\\\/\\\/voxsahel.com\\\/#\\\/schema\\\/person\\\/b4043608248f8fa227cd760e7ff1e19e\",\"name\":\"Vox Sahel\",\"image\":{\"@type\":\"ImageObject\",\"inLanguage\":\"fr-FR\",\"@id\":\"https:\\\/\\\/secure.gravatar.com\\\/avatar\\\/f70e7fa0cb9b29d4a7c5788d6eb2e9ab4d3135cbae1c9161810fdf77a8964699?s=96&d=mm&r=g\",\"url\":\"https:\\\/\\\/secure.gravatar.com\\\/avatar\\\/f70e7fa0cb9b29d4a7c5788d6eb2e9ab4d3135cbae1c9161810fdf77a8964699?s=96&d=mm&r=g\",\"contentUrl\":\"https:\\\/\\\/secure.gravatar.com\\\/avatar\\\/f70e7fa0cb9b29d4a7c5788d6eb2e9ab4d3135cbae1c9161810fdf77a8964699?s=96&d=mm&r=g\",\"caption\":\"Vox Sahel\"},\"sameAs\":[\"http:\\\/\\\/www.voxsahel.com\"],\"url\":\"https:\\\/\\\/voxsahel.com\\\/?author=2\"}]}<\/script>\n<!-- \/ Yoast SEO plugin. -->","yoast_head_json":{"title":"Dr Jean-No\u00ebl Bonkoungou : \u00ab Le mod\u00e8le chinois peut inspirer le d\u00e9veloppement des m\u00e9dias et de l\u2019\u00e9conomie burkinab\u00e8 \u00bb - Vox Sahel","robots":{"index":"index","follow":"follow","max-snippet":"max-snippet:-1","max-image-preview":"max-image-preview:large","max-video-preview":"max-video-preview:-1"},"canonical":"https:\/\/voxsahel.com\/?p=2621","og_locale":"fr_FR","og_type":"article","og_title":"Dr Jean-No\u00ebl Bonkoungou : \u00ab Le mod\u00e8le chinois peut inspirer le d\u00e9veloppement des m\u00e9dias et de l\u2019\u00e9conomie burkinab\u00e8 \u00bb - Vox Sahel","og_description":"Charg\u00e9 de mission au Minist\u00e8re de la Communication, de la Culture, des Arts et du","og_url":"https:\/\/voxsahel.com\/?p=2621","og_site_name":"Vox Sahel","article_publisher":"https:\/\/www.facebook.com\/journal.voxsahel","article_published_time":"2025-08-26T18:01:04+00:00","article_modified_time":"2025-08-26T18:03:26+00:00","og_image":[{"width":1280,"height":960,"url":"https:\/\/voxsahel.com\/wp-content\/uploads\/2025\/08\/CM2.jpg","type":"image\/jpeg"}],"author":"Vox Sahel","twitter_card":"summary_large_image","twitter_misc":{"\u00c9crit par":"Vox Sahel","Dur\u00e9e de lecture estim\u00e9e":"7 minutes"},"schema":{"@context":"https:\/\/schema.org","@graph":[{"@type":"Article","@id":"https:\/\/voxsahel.com\/?p=2621#article","isPartOf":{"@id":"https:\/\/voxsahel.com\/?p=2621"},"author":{"name":"Vox Sahel","@id":"https:\/\/voxsahel.com\/#\/schema\/person\/b4043608248f8fa227cd760e7ff1e19e"},"headline":"Dr Jean-No\u00ebl Bonkoungou : \u00ab Le mod\u00e8le chinois peut inspirer le d\u00e9veloppement des m\u00e9dias et de l\u2019\u00e9conomie burkinab\u00e8 \u00bb","datePublished":"2025-08-26T18:01:04+00:00","dateModified":"2025-08-26T18:03:26+00:00","mainEntityOfPage":{"@id":"https:\/\/voxsahel.com\/?p=2621"},"wordCount":1276,"commentCount":0,"publisher":{"@id":"https:\/\/voxsahel.com\/#organization"},"image":{"@id":"https:\/\/voxsahel.com\/?p=2621#primaryimage"},"thumbnailUrl":"https:\/\/voxsahel.com\/wp-content\/uploads\/2025\/08\/CM2.jpg","keywords":["Beijing","Burkina Faso","Chine","Communication","Culture","Dr Jean-No\u00ebl Bonkoungou","Journalisme","Pekin","R\u00e9publique populaire de Chine","Sommet Chine-Afrique","Tourisme","Voyage","Xiamen"],"articleSection":["DEVELOPPEMENT","INTERNATIONAL"],"inLanguage":"fr-FR","potentialAction":[{"@type":"CommentAction","name":"Comment","target":["https:\/\/voxsahel.com\/?p=2621#respond"]}]},{"@type":"WebPage","@id":"https:\/\/voxsahel.com\/?p=2621","url":"https:\/\/voxsahel.com\/?p=2621","name":"Dr Jean-No\u00ebl Bonkoungou : \u00ab Le mod\u00e8le chinois peut inspirer le d\u00e9veloppement des m\u00e9dias et de l\u2019\u00e9conomie burkinab\u00e8 \u00bb - Vox Sahel","isPartOf":{"@id":"https:\/\/voxsahel.com\/#website"},"primaryImageOfPage":{"@id":"https:\/\/voxsahel.com\/?p=2621#primaryimage"},"image":{"@id":"https:\/\/voxsahel.com\/?p=2621#primaryimage"},"thumbnailUrl":"https:\/\/voxsahel.com\/wp-content\/uploads\/2025\/08\/CM2.jpg","datePublished":"2025-08-26T18:01:04+00:00","dateModified":"2025-08-26T18:03:26+00:00","breadcrumb":{"@id":"https:\/\/voxsahel.com\/?p=2621#breadcrumb"},"inLanguage":"fr-FR","potentialAction":[{"@type":"ReadAction","target":["https:\/\/voxsahel.com\/?p=2621"]}]},{"@type":"ImageObject","inLanguage":"fr-FR","@id":"https:\/\/voxsahel.com\/?p=2621#primaryimage","url":"https:\/\/voxsahel.com\/wp-content\/uploads\/2025\/08\/CM2.jpg","contentUrl":"https:\/\/voxsahel.com\/wp-content\/uploads\/2025\/08\/CM2.jpg","width":1280,"height":960,"caption":"Dr Jean-No\u00ebl Bonkoungou"},{"@type":"BreadcrumbList","@id":"https:\/\/voxsahel.com\/?p=2621#breadcrumb","itemListElement":[{"@type":"ListItem","position":1,"name":"Home","item":"https:\/\/voxsahel.com\/"},{"@type":"ListItem","position":2,"name":"Dr Jean-No\u00ebl Bonkoungou : \u00ab Le mod\u00e8le chinois peut inspirer le d\u00e9veloppement des m\u00e9dias et de l\u2019\u00e9conomie burkinab\u00e8 \u00bb"}]},{"@type":"WebSite","@id":"https:\/\/voxsahel.com\/#website","url":"https:\/\/voxsahel.com\/","name":"Vox Sahel","description":"Informez-vous sur le Sahel en un clic","publisher":{"@id":"https:\/\/voxsahel.com\/#organization"},"potentialAction":[{"@type":"SearchAction","target":{"@type":"EntryPoint","urlTemplate":"https:\/\/voxsahel.com\/?s={search_term_string}"},"query-input":{"@type":"PropertyValueSpecification","valueRequired":true,"valueName":"search_term_string"}}],"inLanguage":"fr-FR"},{"@type":"Organization","@id":"https:\/\/voxsahel.com\/#organization","name":"Vox Sahel","url":"https:\/\/voxsahel.com\/","logo":{"@type":"ImageObject","inLanguage":"fr-FR","@id":"https:\/\/voxsahel.com\/#\/schema\/logo\/image\/","url":"https:\/\/voxsahel.com\/wp-content\/uploads\/2024\/09\/Logo-Vox-Sahel.jpg","contentUrl":"https:\/\/voxsahel.com\/wp-content\/uploads\/2024\/09\/Logo-Vox-Sahel.jpg","width":1181,"height":848,"caption":"Vox Sahel"},"image":{"@id":"https:\/\/voxsahel.com\/#\/schema\/logo\/image\/"},"sameAs":["https:\/\/www.facebook.com\/journal.voxsahel"]},{"@type":"Person","@id":"https:\/\/voxsahel.com\/#\/schema\/person\/b4043608248f8fa227cd760e7ff1e19e","name":"Vox Sahel","image":{"@type":"ImageObject","inLanguage":"fr-FR","@id":"https:\/\/secure.gravatar.com\/avatar\/f70e7fa0cb9b29d4a7c5788d6eb2e9ab4d3135cbae1c9161810fdf77a8964699?s=96&d=mm&r=g","url":"https:\/\/secure.gravatar.com\/avatar\/f70e7fa0cb9b29d4a7c5788d6eb2e9ab4d3135cbae1c9161810fdf77a8964699?s=96&d=mm&r=g","contentUrl":"https:\/\/secure.gravatar.com\/avatar\/f70e7fa0cb9b29d4a7c5788d6eb2e9ab4d3135cbae1c9161810fdf77a8964699?s=96&d=mm&r=g","caption":"Vox Sahel"},"sameAs":["http:\/\/www.voxsahel.com"],"url":"https:\/\/voxsahel.com\/?author=2"}]}},"_links":{"self":[{"href":"https:\/\/voxsahel.com\/index.php?rest_route=\/wp\/v2\/posts\/2621","targetHints":{"allow":["GET"]}}],"collection":[{"href":"https:\/\/voxsahel.com\/index.php?rest_route=\/wp\/v2\/posts"}],"about":[{"href":"https:\/\/voxsahel.com\/index.php?rest_route=\/wp\/v2\/types\/post"}],"author":[{"embeddable":true,"href":"https:\/\/voxsahel.com\/index.php?rest_route=\/wp\/v2\/users\/2"}],"replies":[{"embeddable":true,"href":"https:\/\/voxsahel.com\/index.php?rest_route=%2Fwp%2Fv2%2Fcomments&post=2621"}],"version-history":[{"count":3,"href":"https:\/\/voxsahel.com\/index.php?rest_route=\/wp\/v2\/posts\/2621\/revisions"}],"predecessor-version":[{"id":2629,"href":"https:\/\/voxsahel.com\/index.php?rest_route=\/wp\/v2\/posts\/2621\/revisions\/2629"}],"wp:featuredmedia":[{"embeddable":true,"href":"https:\/\/voxsahel.com\/index.php?rest_route=\/wp\/v2\/media\/2626"}],"wp:attachment":[{"href":"https:\/\/voxsahel.com\/index.php?rest_route=%2Fwp%2Fv2%2Fmedia&parent=2621"}],"wp:term":[{"taxonomy":"category","embeddable":true,"href":"https:\/\/voxsahel.com\/index.php?rest_route=%2Fwp%2Fv2%2Fcategories&post=2621"},{"taxonomy":"post_tag","embeddable":true,"href":"https:\/\/voxsahel.com\/index.php?rest_route=%2Fwp%2Fv2%2Ftags&post=2621"}],"curies":[{"name":"wp","href":"https:\/\/api.w.org\/{rel}","templated":true}]}}