{"id":2618,"date":"2025-08-26T13:26:52","date_gmt":"2025-08-26T13:26:52","guid":{"rendered":"https:\/\/voxsahel.com\/?p=2618"},"modified":"2025-08-26T13:26:52","modified_gmt":"2025-08-26T13:26:52","slug":"burkina-faso-la-faib-annonce-la-celebration-du-maouloud-2025-dans-la-nuit-du-4-au-5-septembre","status":"publish","type":"post","link":"https:\/\/voxsahel.com\/?p=2618","title":{"rendered":"Burkina Faso : La FAIB annonce la c\u00e9l\u00e9bration du Maouloud 2025 dans la nuit du 4 au 5 septembre"},"content":{"rendered":"<p class=\"p1\">La F\u00e9d\u00e9ration des Associations Islamiques du Burkina (FAIB) a officiellement communiqu\u00e9, ce 26 ao\u00fbt 2025 \u00e0 Ouagadougou, sur la c\u00e9l\u00e9bration prochaine du Maouloud, comm\u00e9morant la naissance du Proph\u00e8te Mohammad (PSL). Selon l\u2019annonce faite par le Pr\u00e9sident du Pr\u00e9sidium de la FAIB, l\u2019\u00e9v\u00e9nement aura lieu dans la nuit du jeudi 4 au vendredi 5 septembre 2025 sur toute l\u2019\u00e9tendue du territoire national.<\/p>\n<p class=\"p1\"><span class=\"s2\">Le Maouloud, c\u00e9l\u00e9br\u00e9 chaque ann\u00e9e par les musulmans du monde entier, constitue un moment fort de spiritualit\u00e9, de recueillement et de rappel des enseignements universels de l\u2019Islam. Au Burkina Faso, il est marqu\u00e9 par des pri\u00e8res, des chants religieux, des conf\u00e9rences, ainsi que des activit\u00e9s de solidarit\u00e9 et de fraternit\u00e9 entre fid\u00e8les.<\/span><\/p>\n<p class=\"p1\"><span class=\"s2\">Dans son communiqu\u00e9, la FAIB a invit\u00e9 l\u2019ensemble des musulmans et musulmanes du pays \u00e0 profiter de cette occasion pour se replonger dans la vie exemplaire du Proph\u00e8te Mohammad (PSL). Le guide spirituel demeure, selon la F\u00e9d\u00e9ration, un mod\u00e8le intemporel de justice, de paix, de tol\u00e9rance et de solidarit\u00e9, des valeurs dont le Burkina Faso et l\u2019humanit\u00e9 toute enti\u00e8re ont particuli\u00e8rement besoin dans un contexte mondial marqu\u00e9 par les crises et les incertitudes.<\/span><\/p>\n<p class=\"p1\"><span class=\"s2\">La F\u00e9d\u00e9ration n\u2019a pas manqu\u00e9 de rappeler que le Maouloud ne doit pas seulement \u00eatre un moment festif, mais \u00e9galement une p\u00e9riode de m\u00e9ditation et de renforcement des liens communautaires. Elle appelle ainsi les fid\u00e8les \u00e0 faire preuve de retenue, de discipline et de fraternit\u00e9 dans l\u2019organisation des c\u00e9l\u00e9brations, afin que celles-ci se d\u00e9roulent dans un climat de s\u00e9r\u00e9nit\u00e9 et de s\u00e9curit\u00e9.<\/span><\/p>\n<p class=\"p1\"><span class=\"s2\">Au-del\u00e0 du message spirituel, la FAIB a adress\u00e9 ses v\u0153ux de bonne f\u00eate \u00e0 l\u2019ensemble de la communaut\u00e9 musulmane ainsi qu\u2019\u00e0 toute la nation burkinab\u00e8. Elle a saisi l\u2019occasion pour \u00e9lever des pri\u00e8res \u00e0 l\u2019endroit d\u2019Allah, implorant le Tout-Puissant de ramener la paix, la stabilit\u00e9 et la s\u00e9curit\u00e9 dans le pays, dans un contexte national marqu\u00e9 par les d\u00e9fis s\u00e9curitaires.<\/span><\/p>\n<p class=\"p1\"><span class=\"s2\">La c\u00e9l\u00e9bration du Maouloud, tr\u00e8s attendue par des milliers de fid\u00e8les, s\u2019annonce donc comme un temps fort de communion et de ferveur religieuse, renfor\u00e7ant \u00e0 la fois la foi individuelle et la coh\u00e9sion sociale.<\/span><\/p>\n<p class=\"p1\"><span class=\"s2\">La nuit du 4 au 5 septembre 2025 sera ainsi consacr\u00e9e \u00e0 cette importante comm\u00e9moration, et la FAIB appelle chaque musulman \u00e0 en faire un moment de spiritualit\u00e9, de partage et de fraternit\u00e9.<\/span><\/p>\n","protected":false},"excerpt":{"rendered":"<p>La F\u00e9d\u00e9ration des Associations Islamiques du Burkina (FAIB) a officiellement communiqu\u00e9, ce 26 ao\u00fbt 2025<\/p>\n","protected":false},"author":2,"featured_media":2619,"comment_status":"open","ping_status":"open","sticky":false,"template":"","format":"standard","meta":{"_et_pb_use_builder":"","_et_pb_old_content":"","_et_gb_content_width":"","footnotes":""},"categories":[1],"tags":[18,368,397,387],"class_list":["post-2618","post","type-post","status-publish","format-standard","has-post-thumbnail","hentry","category-faits-divers","tag-burkina-faso","tag-communaute-musulmane-du-burkina-faso","tag-federation-des-associations-islamiques-du-burkina","tag-religion"],"yoast_head":"<!-- This site is optimized with the Yoast SEO plugin v27.5 - https:\/\/yoast.com\/product\/yoast-seo-wordpress\/ -->\n<title>Burkina Faso : La FAIB annonce la c\u00e9l\u00e9bration du Maouloud 2025 dans la nuit du 4 au 5 septembre - Vox Sahel<\/title>\n<meta name=\"robots\" content=\"index, follow, max-snippet:-1, max-image-preview:large, max-video-preview:-1\" \/>\n<link rel=\"canonical\" href=\"https:\/\/voxsahel.com\/?p=2618\" \/>\n<meta property=\"og:locale\" content=\"fr_FR\" \/>\n<meta property=\"og:type\" content=\"article\" \/>\n<meta property=\"og:title\" content=\"Burkina Faso : La FAIB annonce la c\u00e9l\u00e9bration du Maouloud 2025 dans la nuit du 4 au 5 septembre - Vox Sahel\" \/>\n<meta property=\"og:description\" content=\"La F\u00e9d\u00e9ration des Associations Islamiques du Burkina (FAIB) a officiellement communiqu\u00e9, ce 26 ao\u00fbt 2025\" \/>\n<meta property=\"og:url\" content=\"https:\/\/voxsahel.com\/?p=2618\" \/>\n<meta property=\"og:site_name\" content=\"Vox Sahel\" \/>\n<meta property=\"article:publisher\" content=\"https:\/\/www.facebook.com\/journal.voxsahel\" \/>\n<meta property=\"article:published_time\" content=\"2025-08-26T13:26:52+00:00\" \/>\n<meta property=\"og:image\" content=\"https:\/\/voxsahel.com\/wp-content\/uploads\/2025\/08\/IMG_2919.jpeg\" \/>\n\t<meta property=\"og:image:width\" content=\"750\" \/>\n\t<meta property=\"og:image:height\" content=\"336\" \/>\n\t<meta property=\"og:image:type\" content=\"image\/jpeg\" \/>\n<meta name=\"author\" content=\"Vox Sahel\" \/>\n<meta name=\"twitter:card\" content=\"summary_large_image\" \/>\n<meta name=\"twitter:label1\" content=\"\u00c9crit par\" \/>\n\t<meta name=\"twitter:data1\" content=\"Vox Sahel\" \/>\n\t<meta name=\"twitter:label2\" content=\"Dur\u00e9e de lecture estim\u00e9e\" \/>\n\t<meta name=\"twitter:data2\" content=\"3 minutes\" \/>\n<script type=\"application\/ld+json\" class=\"yoast-schema-graph\">{\"@context\":\"https:\\\/\\\/schema.org\",\"@graph\":[{\"@type\":\"Article\",\"@id\":\"https:\\\/\\\/voxsahel.com\\\/?p=2618#article\",\"isPartOf\":{\"@id\":\"https:\\\/\\\/voxsahel.com\\\/?p=2618\"},\"author\":{\"name\":\"Vox Sahel\",\"@id\":\"https:\\\/\\\/voxsahel.com\\\/#\\\/schema\\\/person\\\/b4043608248f8fa227cd760e7ff1e19e\"},\"headline\":\"Burkina Faso : La FAIB annonce la c\u00e9l\u00e9bration du Maouloud 2025 dans la nuit du 4 au 5 septembre\",\"datePublished\":\"2025-08-26T13:26:52+00:00\",\"mainEntityOfPage\":{\"@id\":\"https:\\\/\\\/voxsahel.com\\\/?p=2618\"},\"wordCount\":438,\"commentCount\":0,\"publisher\":{\"@id\":\"https:\\\/\\\/voxsahel.com\\\/#organization\"},\"image\":{\"@id\":\"https:\\\/\\\/voxsahel.com\\\/?p=2618#primaryimage\"},\"thumbnailUrl\":\"https:\\\/\\\/voxsahel.com\\\/wp-content\\\/uploads\\\/2025\\\/08\\\/IMG_2919.jpeg\",\"keywords\":[\"Burkina Faso\",\"Communaut\u00e9 musulmane du Burkina Faso\",\"F\u00e9d\u00e9ration des associations islamiques du Burkina\",\"Religion\"],\"articleSection\":[\"FAITS DIVERS\"],\"inLanguage\":\"fr-FR\",\"potentialAction\":[{\"@type\":\"CommentAction\",\"name\":\"Comment\",\"target\":[\"https:\\\/\\\/voxsahel.com\\\/?p=2618#respond\"]}]},{\"@type\":\"WebPage\",\"@id\":\"https:\\\/\\\/voxsahel.com\\\/?p=2618\",\"url\":\"https:\\\/\\\/voxsahel.com\\\/?p=2618\",\"name\":\"Burkina Faso : La FAIB annonce la c\u00e9l\u00e9bration du Maouloud 2025 dans la nuit du 4 au 5 septembre - Vox Sahel\",\"isPartOf\":{\"@id\":\"https:\\\/\\\/voxsahel.com\\\/#website\"},\"primaryImageOfPage\":{\"@id\":\"https:\\\/\\\/voxsahel.com\\\/?p=2618#primaryimage\"},\"image\":{\"@id\":\"https:\\\/\\\/voxsahel.com\\\/?p=2618#primaryimage\"},\"thumbnailUrl\":\"https:\\\/\\\/voxsahel.com\\\/wp-content\\\/uploads\\\/2025\\\/08\\\/IMG_2919.jpeg\",\"datePublished\":\"2025-08-26T13:26:52+00:00\",\"breadcrumb\":{\"@id\":\"https:\\\/\\\/voxsahel.com\\\/?p=2618#breadcrumb\"},\"inLanguage\":\"fr-FR\",\"potentialAction\":[{\"@type\":\"ReadAction\",\"target\":[\"https:\\\/\\\/voxsahel.com\\\/?p=2618\"]}]},{\"@type\":\"ImageObject\",\"inLanguage\":\"fr-FR\",\"@id\":\"https:\\\/\\\/voxsahel.com\\\/?p=2618#primaryimage\",\"url\":\"https:\\\/\\\/voxsahel.com\\\/wp-content\\\/uploads\\\/2025\\\/08\\\/IMG_2919.jpeg\",\"contentUrl\":\"https:\\\/\\\/voxsahel.com\\\/wp-content\\\/uploads\\\/2025\\\/08\\\/IMG_2919.jpeg\",\"width\":750,\"height\":336},{\"@type\":\"BreadcrumbList\",\"@id\":\"https:\\\/\\\/voxsahel.com\\\/?p=2618#breadcrumb\",\"itemListElement\":[{\"@type\":\"ListItem\",\"position\":1,\"name\":\"Home\",\"item\":\"https:\\\/\\\/voxsahel.com\\\/\"},{\"@type\":\"ListItem\",\"position\":2,\"name\":\"Burkina Faso : La FAIB annonce la c\u00e9l\u00e9bration du Maouloud 2025 dans la nuit du 4 au 5 septembre\"}]},{\"@type\":\"WebSite\",\"@id\":\"https:\\\/\\\/voxsahel.com\\\/#website\",\"url\":\"https:\\\/\\\/voxsahel.com\\\/\",\"name\":\"Vox Sahel\",\"description\":\"Informez-vous sur le Sahel en un clic\",\"publisher\":{\"@id\":\"https:\\\/\\\/voxsahel.com\\\/#organization\"},\"potentialAction\":[{\"@type\":\"SearchAction\",\"target\":{\"@type\":\"EntryPoint\",\"urlTemplate\":\"https:\\\/\\\/voxsahel.com\\\/?s={search_term_string}\"},\"query-input\":{\"@type\":\"PropertyValueSpecification\",\"valueRequired\":true,\"valueName\":\"search_term_string\"}}],\"inLanguage\":\"fr-FR\"},{\"@type\":\"Organization\",\"@id\":\"https:\\\/\\\/voxsahel.com\\\/#organization\",\"name\":\"Vox Sahel\",\"url\":\"https:\\\/\\\/voxsahel.com\\\/\",\"logo\":{\"@type\":\"ImageObject\",\"inLanguage\":\"fr-FR\",\"@id\":\"https:\\\/\\\/voxsahel.com\\\/#\\\/schema\\\/logo\\\/image\\\/\",\"url\":\"https:\\\/\\\/voxsahel.com\\\/wp-content\\\/uploads\\\/2024\\\/09\\\/Logo-Vox-Sahel.jpg\",\"contentUrl\":\"https:\\\/\\\/voxsahel.com\\\/wp-content\\\/uploads\\\/2024\\\/09\\\/Logo-Vox-Sahel.jpg\",\"width\":1181,\"height\":848,\"caption\":\"Vox Sahel\"},\"image\":{\"@id\":\"https:\\\/\\\/voxsahel.com\\\/#\\\/schema\\\/logo\\\/image\\\/\"},\"sameAs\":[\"https:\\\/\\\/www.facebook.com\\\/journal.voxsahel\"]},{\"@type\":\"Person\",\"@id\":\"https:\\\/\\\/voxsahel.com\\\/#\\\/schema\\\/person\\\/b4043608248f8fa227cd760e7ff1e19e\",\"name\":\"Vox Sahel\",\"image\":{\"@type\":\"ImageObject\",\"inLanguage\":\"fr-FR\",\"@id\":\"https:\\\/\\\/secure.gravatar.com\\\/avatar\\\/f70e7fa0cb9b29d4a7c5788d6eb2e9ab4d3135cbae1c9161810fdf77a8964699?s=96&d=mm&r=g\",\"url\":\"https:\\\/\\\/secure.gravatar.com\\\/avatar\\\/f70e7fa0cb9b29d4a7c5788d6eb2e9ab4d3135cbae1c9161810fdf77a8964699?s=96&d=mm&r=g\",\"contentUrl\":\"https:\\\/\\\/secure.gravatar.com\\\/avatar\\\/f70e7fa0cb9b29d4a7c5788d6eb2e9ab4d3135cbae1c9161810fdf77a8964699?s=96&d=mm&r=g\",\"caption\":\"Vox Sahel\"},\"sameAs\":[\"http:\\\/\\\/www.voxsahel.com\"],\"url\":\"https:\\\/\\\/voxsahel.com\\\/?author=2\"}]}<\/script>\n<!-- \/ Yoast SEO plugin. -->","yoast_head_json":{"title":"Burkina Faso : La FAIB annonce la c\u00e9l\u00e9bration du Maouloud 2025 dans la nuit du 4 au 5 septembre - Vox Sahel","robots":{"index":"index","follow":"follow","max-snippet":"max-snippet:-1","max-image-preview":"max-image-preview:large","max-video-preview":"max-video-preview:-1"},"canonical":"https:\/\/voxsahel.com\/?p=2618","og_locale":"fr_FR","og_type":"article","og_title":"Burkina Faso : La FAIB annonce la c\u00e9l\u00e9bration du Maouloud 2025 dans la nuit du 4 au 5 septembre - Vox Sahel","og_description":"La F\u00e9d\u00e9ration des Associations Islamiques du Burkina (FAIB) a officiellement communiqu\u00e9, ce 26 ao\u00fbt 2025","og_url":"https:\/\/voxsahel.com\/?p=2618","og_site_name":"Vox Sahel","article_publisher":"https:\/\/www.facebook.com\/journal.voxsahel","article_published_time":"2025-08-26T13:26:52+00:00","og_image":[{"width":750,"height":336,"url":"https:\/\/voxsahel.com\/wp-content\/uploads\/2025\/08\/IMG_2919.jpeg","type":"image\/jpeg"}],"author":"Vox Sahel","twitter_card":"summary_large_image","twitter_misc":{"\u00c9crit par":"Vox Sahel","Dur\u00e9e de lecture estim\u00e9e":"3 minutes"},"schema":{"@context":"https:\/\/schema.org","@graph":[{"@type":"Article","@id":"https:\/\/voxsahel.com\/?p=2618#article","isPartOf":{"@id":"https:\/\/voxsahel.com\/?p=2618"},"author":{"name":"Vox Sahel","@id":"https:\/\/voxsahel.com\/#\/schema\/person\/b4043608248f8fa227cd760e7ff1e19e"},"headline":"Burkina Faso : La FAIB annonce la c\u00e9l\u00e9bration du Maouloud 2025 dans la nuit du 4 au 5 septembre","datePublished":"2025-08-26T13:26:52+00:00","mainEntityOfPage":{"@id":"https:\/\/voxsahel.com\/?p=2618"},"wordCount":438,"commentCount":0,"publisher":{"@id":"https:\/\/voxsahel.com\/#organization"},"image":{"@id":"https:\/\/voxsahel.com\/?p=2618#primaryimage"},"thumbnailUrl":"https:\/\/voxsahel.com\/wp-content\/uploads\/2025\/08\/IMG_2919.jpeg","keywords":["Burkina Faso","Communaut\u00e9 musulmane du Burkina Faso","F\u00e9d\u00e9ration des associations islamiques du Burkina","Religion"],"articleSection":["FAITS DIVERS"],"inLanguage":"fr-FR","potentialAction":[{"@type":"CommentAction","name":"Comment","target":["https:\/\/voxsahel.com\/?p=2618#respond"]}]},{"@type":"WebPage","@id":"https:\/\/voxsahel.com\/?p=2618","url":"https:\/\/voxsahel.com\/?p=2618","name":"Burkina Faso : La FAIB annonce la c\u00e9l\u00e9bration du Maouloud 2025 dans la nuit du 4 au 5 septembre - Vox Sahel","isPartOf":{"@id":"https:\/\/voxsahel.com\/#website"},"primaryImageOfPage":{"@id":"https:\/\/voxsahel.com\/?p=2618#primaryimage"},"image":{"@id":"https:\/\/voxsahel.com\/?p=2618#primaryimage"},"thumbnailUrl":"https:\/\/voxsahel.com\/wp-content\/uploads\/2025\/08\/IMG_2919.jpeg","datePublished":"2025-08-26T13:26:52+00:00","breadcrumb":{"@id":"https:\/\/voxsahel.com\/?p=2618#breadcrumb"},"inLanguage":"fr-FR","potentialAction":[{"@type":"ReadAction","target":["https:\/\/voxsahel.com\/?p=2618"]}]},{"@type":"ImageObject","inLanguage":"fr-FR","@id":"https:\/\/voxsahel.com\/?p=2618#primaryimage","url":"https:\/\/voxsahel.com\/wp-content\/uploads\/2025\/08\/IMG_2919.jpeg","contentUrl":"https:\/\/voxsahel.com\/wp-content\/uploads\/2025\/08\/IMG_2919.jpeg","width":750,"height":336},{"@type":"BreadcrumbList","@id":"https:\/\/voxsahel.com\/?p=2618#breadcrumb","itemListElement":[{"@type":"ListItem","position":1,"name":"Home","item":"https:\/\/voxsahel.com\/"},{"@type":"ListItem","position":2,"name":"Burkina Faso : La FAIB annonce la c\u00e9l\u00e9bration du Maouloud 2025 dans la nuit du 4 au 5 septembre"}]},{"@type":"WebSite","@id":"https:\/\/voxsahel.com\/#website","url":"https:\/\/voxsahel.com\/","name":"Vox Sahel","description":"Informez-vous sur le Sahel en un clic","publisher":{"@id":"https:\/\/voxsahel.com\/#organization"},"potentialAction":[{"@type":"SearchAction","target":{"@type":"EntryPoint","urlTemplate":"https:\/\/voxsahel.com\/?s={search_term_string}"},"query-input":{"@type":"PropertyValueSpecification","valueRequired":true,"valueName":"search_term_string"}}],"inLanguage":"fr-FR"},{"@type":"Organization","@id":"https:\/\/voxsahel.com\/#organization","name":"Vox Sahel","url":"https:\/\/voxsahel.com\/","logo":{"@type":"ImageObject","inLanguage":"fr-FR","@id":"https:\/\/voxsahel.com\/#\/schema\/logo\/image\/","url":"https:\/\/voxsahel.com\/wp-content\/uploads\/2024\/09\/Logo-Vox-Sahel.jpg","contentUrl":"https:\/\/voxsahel.com\/wp-content\/uploads\/2024\/09\/Logo-Vox-Sahel.jpg","width":1181,"height":848,"caption":"Vox Sahel"},"image":{"@id":"https:\/\/voxsahel.com\/#\/schema\/logo\/image\/"},"sameAs":["https:\/\/www.facebook.com\/journal.voxsahel"]},{"@type":"Person","@id":"https:\/\/voxsahel.com\/#\/schema\/person\/b4043608248f8fa227cd760e7ff1e19e","name":"Vox Sahel","image":{"@type":"ImageObject","inLanguage":"fr-FR","@id":"https:\/\/secure.gravatar.com\/avatar\/f70e7fa0cb9b29d4a7c5788d6eb2e9ab4d3135cbae1c9161810fdf77a8964699?s=96&d=mm&r=g","url":"https:\/\/secure.gravatar.com\/avatar\/f70e7fa0cb9b29d4a7c5788d6eb2e9ab4d3135cbae1c9161810fdf77a8964699?s=96&d=mm&r=g","contentUrl":"https:\/\/secure.gravatar.com\/avatar\/f70e7fa0cb9b29d4a7c5788d6eb2e9ab4d3135cbae1c9161810fdf77a8964699?s=96&d=mm&r=g","caption":"Vox Sahel"},"sameAs":["http:\/\/www.voxsahel.com"],"url":"https:\/\/voxsahel.com\/?author=2"}]}},"_links":{"self":[{"href":"https:\/\/voxsahel.com\/index.php?rest_route=\/wp\/v2\/posts\/2618","targetHints":{"allow":["GET"]}}],"collection":[{"href":"https:\/\/voxsahel.com\/index.php?rest_route=\/wp\/v2\/posts"}],"about":[{"href":"https:\/\/voxsahel.com\/index.php?rest_route=\/wp\/v2\/types\/post"}],"author":[{"embeddable":true,"href":"https:\/\/voxsahel.com\/index.php?rest_route=\/wp\/v2\/users\/2"}],"replies":[{"embeddable":true,"href":"https:\/\/voxsahel.com\/index.php?rest_route=%2Fwp%2Fv2%2Fcomments&post=2618"}],"version-history":[{"count":1,"href":"https:\/\/voxsahel.com\/index.php?rest_route=\/wp\/v2\/posts\/2618\/revisions"}],"predecessor-version":[{"id":2620,"href":"https:\/\/voxsahel.com\/index.php?rest_route=\/wp\/v2\/posts\/2618\/revisions\/2620"}],"wp:featuredmedia":[{"embeddable":true,"href":"https:\/\/voxsahel.com\/index.php?rest_route=\/wp\/v2\/media\/2619"}],"wp:attachment":[{"href":"https:\/\/voxsahel.com\/index.php?rest_route=%2Fwp%2Fv2%2Fmedia&parent=2618"}],"wp:term":[{"taxonomy":"category","embeddable":true,"href":"https:\/\/voxsahel.com\/index.php?rest_route=%2Fwp%2Fv2%2Fcategories&post=2618"},{"taxonomy":"post_tag","embeddable":true,"href":"https:\/\/voxsahel.com\/index.php?rest_route=%2Fwp%2Fv2%2Ftags&post=2618"}],"curies":[{"name":"wp","href":"https:\/\/api.w.org\/{rel}","templated":true}]}}