{"id":2588,"date":"2025-08-25T06:31:41","date_gmt":"2025-08-25T06:31:41","guid":{"rendered":"https:\/\/voxsahel.com\/?p=2588"},"modified":"2025-08-25T06:33:16","modified_gmt":"2025-08-25T06:33:16","slug":"edito-arret-du-projet-target-malaria-un-choix-responsable-pour-proteger-les-burkinabe","status":"publish","type":"post","link":"https:\/\/voxsahel.com\/?p=2588","title":{"rendered":"\u00c9dito | Arr\u00eat du projet Target Malaria : Un choix responsable pour prot\u00e9ger les Burkinab\u00e8"},"content":{"rendered":"<p class=\"p1\"><span class=\"s1\">Le gouvernement vient de prendre une d\u00e9cision forte : mettre un terme au projet Target Malaria sur toute l\u2019\u00e9tendue du territoire national. \u00c0 travers cet acte, les autorit\u00e9s font pr\u00e9valoir le principe de pr\u00e9caution, pla\u00e7ant ainsi la sant\u00e9 et la s\u00e9curit\u00e9 des populations au-dessus de tout.<\/span><\/p>\n<p class=\"p1\"><span class=\"s1\">Car il faut le rappeler, ce projet d\u2019introduction de moustiques g\u00e9n\u00e9tiquement modifi\u00e9s soulevait, depuis plusieurs ann\u00e9es, des interrogations et inqui\u00e9tudes l\u00e9gitimes. Nombre d\u2019organisations de la soci\u00e9t\u00e9 civile, de scientifiques ind\u00e9pendants et de citoyens avaient alert\u00e9 sur les risques potentiels li\u00e9s \u00e0 une telle exp\u00e9rimentation.<\/span><\/p>\n<p class=\"p1\"><span class=\"s1\"> Les cons\u00e9quences r\u00e9elles d\u2019une manipulation de cette ampleur sur l\u2019\u00e9cosyst\u00e8me, la biodiversit\u00e9 et la sant\u00e9 humaine demeuraient largement m\u00e9connues. En refermant cette page, le Burkina Faso envoie un signal fort, celui d\u2019un Etat qui \u00e9coute son peuple et qui choisit la prudence face \u00e0 l\u2019incertitude scientifique. Pr\u00e9venir vaut mieux que gu\u00e9rir, surtout lorsqu\u2019il s\u2019agit de questions qui engagent la vie et l\u2019avenir de millions de citoyens.<\/span><\/p>\n<p class=\"p1\"><span class=\"s1\">Cette d\u00e9cision courageuse n\u2019est pas un pas en arri\u00e8re, mais un pas en avant vers une recherche responsable, \u00e9thique et v\u00e9ritablement tourn\u00e9e vers le bien-\u00eatre collectif. La science doit servir l\u2019humanit\u00e9, jamais l\u2019exposer \u00e0 des p\u00e9rils incontr\u00f4l\u00e9s.<\/span><\/p>\n<p class=\"p1\"><span class=\"s1\">Le m\u00e9rite revient donc au gouvernement d\u2019avoir su trancher, l\u00e0 o\u00f9 certains auraient pr\u00e9f\u00e9r\u00e9 fermer les yeux. Le Burkina Faso s\u2019affirme ainsi comme un pays souverain, conscient de ses responsabilit\u00e9s, et d\u00e9termin\u00e9 \u00e0 prot\u00e9ger sa population.C\u2019est une victoire de la vigilance citoyenne et un acte de clairvoyance politique.<\/span><\/p>\n<p class=\"p1\" style=\"text-align: right;\"><span class=\"s1\"><b>La R\u00e9daction<\/b><\/span><\/p>\n","protected":false},"excerpt":{"rendered":"<p>Le gouvernement vient de prendre une d\u00e9cision forte : mettre un terme au projet Target<\/p>\n","protected":false},"author":2,"featured_media":2590,"comment_status":"open","ping_status":"open","sticky":false,"template":"","format":"standard","meta":{"_et_pb_use_builder":"","_et_pb_old_content":"","_et_gb_content_width":"","footnotes":""},"categories":[7],"tags":[18,157,156,155,120,212,885],"class_list":["post-2588","post","type-post","status-publish","format-standard","has-post-thumbnail","hentry","category-sante","tag-burkina-faso","tag-malaria","tag-paludisme","tag-paludisme-saisonnier-plus-cps","tag-sante","tag-sante-publique","tag-target-malaria"],"yoast_head":"<!-- This site is optimized with the Yoast SEO plugin v27.5 - https:\/\/yoast.com\/product\/yoast-seo-wordpress\/ -->\n<title>\u00c9dito | Arr\u00eat du projet Target Malaria : Un choix responsable pour prot\u00e9ger les Burkinab\u00e8 - Vox Sahel<\/title>\n<meta name=\"robots\" content=\"index, follow, max-snippet:-1, max-image-preview:large, max-video-preview:-1\" \/>\n<link rel=\"canonical\" href=\"https:\/\/voxsahel.com\/?p=2588\" \/>\n<meta property=\"og:locale\" content=\"fr_FR\" \/>\n<meta property=\"og:type\" content=\"article\" \/>\n<meta property=\"og:title\" content=\"\u00c9dito | Arr\u00eat du projet Target Malaria : Un choix responsable pour prot\u00e9ger les Burkinab\u00e8 - Vox Sahel\" \/>\n<meta property=\"og:description\" content=\"Le gouvernement vient de prendre une d\u00e9cision forte : mettre un terme au projet Target\" \/>\n<meta property=\"og:url\" content=\"https:\/\/voxsahel.com\/?p=2588\" \/>\n<meta property=\"og:site_name\" content=\"Vox Sahel\" \/>\n<meta property=\"article:publisher\" content=\"https:\/\/www.facebook.com\/journal.voxsahel\" \/>\n<meta property=\"article:published_time\" content=\"2025-08-25T06:31:41+00:00\" \/>\n<meta property=\"article:modified_time\" content=\"2025-08-25T06:33:16+00:00\" \/>\n<meta property=\"og:image\" content=\"https:\/\/voxsahel.com\/wp-content\/uploads\/2025\/08\/IMG_2547.jpeg\" \/>\n\t<meta property=\"og:image:width\" content=\"393\" \/>\n\t<meta property=\"og:image:height\" content=\"279\" \/>\n\t<meta property=\"og:image:type\" content=\"image\/jpeg\" \/>\n<meta name=\"author\" content=\"Vox Sahel\" \/>\n<meta name=\"twitter:card\" content=\"summary_large_image\" \/>\n<meta name=\"twitter:label1\" content=\"\u00c9crit par\" \/>\n\t<meta name=\"twitter:data1\" content=\"Vox Sahel\" \/>\n\t<meta name=\"twitter:label2\" content=\"Dur\u00e9e de lecture estim\u00e9e\" \/>\n\t<meta name=\"twitter:data2\" content=\"2 minutes\" \/>\n<script type=\"application\/ld+json\" class=\"yoast-schema-graph\">{\"@context\":\"https:\\\/\\\/schema.org\",\"@graph\":[{\"@type\":\"Article\",\"@id\":\"https:\\\/\\\/voxsahel.com\\\/?p=2588#article\",\"isPartOf\":{\"@id\":\"https:\\\/\\\/voxsahel.com\\\/?p=2588\"},\"author\":{\"name\":\"Vox Sahel\",\"@id\":\"https:\\\/\\\/voxsahel.com\\\/#\\\/schema\\\/person\\\/b4043608248f8fa227cd760e7ff1e19e\"},\"headline\":\"\u00c9dito | Arr\u00eat du projet Target Malaria : Un choix responsable pour prot\u00e9ger les Burkinab\u00e8\",\"datePublished\":\"2025-08-25T06:31:41+00:00\",\"dateModified\":\"2025-08-25T06:33:16+00:00\",\"mainEntityOfPage\":{\"@id\":\"https:\\\/\\\/voxsahel.com\\\/?p=2588\"},\"wordCount\":306,\"commentCount\":0,\"publisher\":{\"@id\":\"https:\\\/\\\/voxsahel.com\\\/#organization\"},\"image\":{\"@id\":\"https:\\\/\\\/voxsahel.com\\\/?p=2588#primaryimage\"},\"thumbnailUrl\":\"https:\\\/\\\/voxsahel.com\\\/wp-content\\\/uploads\\\/2025\\\/08\\\/IMG_2547.jpeg\",\"keywords\":[\"Burkina Faso\",\"Malaria\",\"Paludisme\",\"Paludisme Saisonnier Plus (CPS+)\",\"Sant\u00e9\",\"Sant\u00e9 publique\",\"Target Malaria\"],\"articleSection\":[\"SANTE\"],\"inLanguage\":\"fr-FR\",\"potentialAction\":[{\"@type\":\"CommentAction\",\"name\":\"Comment\",\"target\":[\"https:\\\/\\\/voxsahel.com\\\/?p=2588#respond\"]}]},{\"@type\":\"WebPage\",\"@id\":\"https:\\\/\\\/voxsahel.com\\\/?p=2588\",\"url\":\"https:\\\/\\\/voxsahel.com\\\/?p=2588\",\"name\":\"\u00c9dito | Arr\u00eat du projet Target Malaria : Un choix responsable pour prot\u00e9ger les Burkinab\u00e8 - Vox Sahel\",\"isPartOf\":{\"@id\":\"https:\\\/\\\/voxsahel.com\\\/#website\"},\"primaryImageOfPage\":{\"@id\":\"https:\\\/\\\/voxsahel.com\\\/?p=2588#primaryimage\"},\"image\":{\"@id\":\"https:\\\/\\\/voxsahel.com\\\/?p=2588#primaryimage\"},\"thumbnailUrl\":\"https:\\\/\\\/voxsahel.com\\\/wp-content\\\/uploads\\\/2025\\\/08\\\/IMG_2547.jpeg\",\"datePublished\":\"2025-08-25T06:31:41+00:00\",\"dateModified\":\"2025-08-25T06:33:16+00:00\",\"breadcrumb\":{\"@id\":\"https:\\\/\\\/voxsahel.com\\\/?p=2588#breadcrumb\"},\"inLanguage\":\"fr-FR\",\"potentialAction\":[{\"@type\":\"ReadAction\",\"target\":[\"https:\\\/\\\/voxsahel.com\\\/?p=2588\"]}]},{\"@type\":\"ImageObject\",\"inLanguage\":\"fr-FR\",\"@id\":\"https:\\\/\\\/voxsahel.com\\\/?p=2588#primaryimage\",\"url\":\"https:\\\/\\\/voxsahel.com\\\/wp-content\\\/uploads\\\/2025\\\/08\\\/IMG_2547.jpeg\",\"contentUrl\":\"https:\\\/\\\/voxsahel.com\\\/wp-content\\\/uploads\\\/2025\\\/08\\\/IMG_2547.jpeg\",\"width\":393,\"height\":279},{\"@type\":\"BreadcrumbList\",\"@id\":\"https:\\\/\\\/voxsahel.com\\\/?p=2588#breadcrumb\",\"itemListElement\":[{\"@type\":\"ListItem\",\"position\":1,\"name\":\"Home\",\"item\":\"https:\\\/\\\/voxsahel.com\\\/\"},{\"@type\":\"ListItem\",\"position\":2,\"name\":\"\u00c9dito | Arr\u00eat du projet Target Malaria : Un choix responsable pour prot\u00e9ger les Burkinab\u00e8\"}]},{\"@type\":\"WebSite\",\"@id\":\"https:\\\/\\\/voxsahel.com\\\/#website\",\"url\":\"https:\\\/\\\/voxsahel.com\\\/\",\"name\":\"Vox Sahel\",\"description\":\"Informez-vous sur le Sahel en un clic\",\"publisher\":{\"@id\":\"https:\\\/\\\/voxsahel.com\\\/#organization\"},\"potentialAction\":[{\"@type\":\"SearchAction\",\"target\":{\"@type\":\"EntryPoint\",\"urlTemplate\":\"https:\\\/\\\/voxsahel.com\\\/?s={search_term_string}\"},\"query-input\":{\"@type\":\"PropertyValueSpecification\",\"valueRequired\":true,\"valueName\":\"search_term_string\"}}],\"inLanguage\":\"fr-FR\"},{\"@type\":\"Organization\",\"@id\":\"https:\\\/\\\/voxsahel.com\\\/#organization\",\"name\":\"Vox Sahel\",\"url\":\"https:\\\/\\\/voxsahel.com\\\/\",\"logo\":{\"@type\":\"ImageObject\",\"inLanguage\":\"fr-FR\",\"@id\":\"https:\\\/\\\/voxsahel.com\\\/#\\\/schema\\\/logo\\\/image\\\/\",\"url\":\"https:\\\/\\\/voxsahel.com\\\/wp-content\\\/uploads\\\/2024\\\/09\\\/Logo-Vox-Sahel.jpg\",\"contentUrl\":\"https:\\\/\\\/voxsahel.com\\\/wp-content\\\/uploads\\\/2024\\\/09\\\/Logo-Vox-Sahel.jpg\",\"width\":1181,\"height\":848,\"caption\":\"Vox Sahel\"},\"image\":{\"@id\":\"https:\\\/\\\/voxsahel.com\\\/#\\\/schema\\\/logo\\\/image\\\/\"},\"sameAs\":[\"https:\\\/\\\/www.facebook.com\\\/journal.voxsahel\"]},{\"@type\":\"Person\",\"@id\":\"https:\\\/\\\/voxsahel.com\\\/#\\\/schema\\\/person\\\/b4043608248f8fa227cd760e7ff1e19e\",\"name\":\"Vox Sahel\",\"image\":{\"@type\":\"ImageObject\",\"inLanguage\":\"fr-FR\",\"@id\":\"https:\\\/\\\/secure.gravatar.com\\\/avatar\\\/f70e7fa0cb9b29d4a7c5788d6eb2e9ab4d3135cbae1c9161810fdf77a8964699?s=96&d=mm&r=g\",\"url\":\"https:\\\/\\\/secure.gravatar.com\\\/avatar\\\/f70e7fa0cb9b29d4a7c5788d6eb2e9ab4d3135cbae1c9161810fdf77a8964699?s=96&d=mm&r=g\",\"contentUrl\":\"https:\\\/\\\/secure.gravatar.com\\\/avatar\\\/f70e7fa0cb9b29d4a7c5788d6eb2e9ab4d3135cbae1c9161810fdf77a8964699?s=96&d=mm&r=g\",\"caption\":\"Vox Sahel\"},\"sameAs\":[\"http:\\\/\\\/www.voxsahel.com\"],\"url\":\"https:\\\/\\\/voxsahel.com\\\/?author=2\"}]}<\/script>\n<!-- \/ Yoast SEO plugin. -->","yoast_head_json":{"title":"\u00c9dito | Arr\u00eat du projet Target Malaria : Un choix responsable pour prot\u00e9ger les Burkinab\u00e8 - Vox Sahel","robots":{"index":"index","follow":"follow","max-snippet":"max-snippet:-1","max-image-preview":"max-image-preview:large","max-video-preview":"max-video-preview:-1"},"canonical":"https:\/\/voxsahel.com\/?p=2588","og_locale":"fr_FR","og_type":"article","og_title":"\u00c9dito | Arr\u00eat du projet Target Malaria : Un choix responsable pour prot\u00e9ger les Burkinab\u00e8 - Vox Sahel","og_description":"Le gouvernement vient de prendre une d\u00e9cision forte : mettre un terme au projet Target","og_url":"https:\/\/voxsahel.com\/?p=2588","og_site_name":"Vox Sahel","article_publisher":"https:\/\/www.facebook.com\/journal.voxsahel","article_published_time":"2025-08-25T06:31:41+00:00","article_modified_time":"2025-08-25T06:33:16+00:00","og_image":[{"width":393,"height":279,"url":"https:\/\/voxsahel.com\/wp-content\/uploads\/2025\/08\/IMG_2547.jpeg","type":"image\/jpeg"}],"author":"Vox Sahel","twitter_card":"summary_large_image","twitter_misc":{"\u00c9crit par":"Vox Sahel","Dur\u00e9e de lecture estim\u00e9e":"2 minutes"},"schema":{"@context":"https:\/\/schema.org","@graph":[{"@type":"Article","@id":"https:\/\/voxsahel.com\/?p=2588#article","isPartOf":{"@id":"https:\/\/voxsahel.com\/?p=2588"},"author":{"name":"Vox Sahel","@id":"https:\/\/voxsahel.com\/#\/schema\/person\/b4043608248f8fa227cd760e7ff1e19e"},"headline":"\u00c9dito | Arr\u00eat du projet Target Malaria : Un choix responsable pour prot\u00e9ger les Burkinab\u00e8","datePublished":"2025-08-25T06:31:41+00:00","dateModified":"2025-08-25T06:33:16+00:00","mainEntityOfPage":{"@id":"https:\/\/voxsahel.com\/?p=2588"},"wordCount":306,"commentCount":0,"publisher":{"@id":"https:\/\/voxsahel.com\/#organization"},"image":{"@id":"https:\/\/voxsahel.com\/?p=2588#primaryimage"},"thumbnailUrl":"https:\/\/voxsahel.com\/wp-content\/uploads\/2025\/08\/IMG_2547.jpeg","keywords":["Burkina Faso","Malaria","Paludisme","Paludisme Saisonnier Plus (CPS+)","Sant\u00e9","Sant\u00e9 publique","Target Malaria"],"articleSection":["SANTE"],"inLanguage":"fr-FR","potentialAction":[{"@type":"CommentAction","name":"Comment","target":["https:\/\/voxsahel.com\/?p=2588#respond"]}]},{"@type":"WebPage","@id":"https:\/\/voxsahel.com\/?p=2588","url":"https:\/\/voxsahel.com\/?p=2588","name":"\u00c9dito | Arr\u00eat du projet Target Malaria : Un choix responsable pour prot\u00e9ger les Burkinab\u00e8 - Vox Sahel","isPartOf":{"@id":"https:\/\/voxsahel.com\/#website"},"primaryImageOfPage":{"@id":"https:\/\/voxsahel.com\/?p=2588#primaryimage"},"image":{"@id":"https:\/\/voxsahel.com\/?p=2588#primaryimage"},"thumbnailUrl":"https:\/\/voxsahel.com\/wp-content\/uploads\/2025\/08\/IMG_2547.jpeg","datePublished":"2025-08-25T06:31:41+00:00","dateModified":"2025-08-25T06:33:16+00:00","breadcrumb":{"@id":"https:\/\/voxsahel.com\/?p=2588#breadcrumb"},"inLanguage":"fr-FR","potentialAction":[{"@type":"ReadAction","target":["https:\/\/voxsahel.com\/?p=2588"]}]},{"@type":"ImageObject","inLanguage":"fr-FR","@id":"https:\/\/voxsahel.com\/?p=2588#primaryimage","url":"https:\/\/voxsahel.com\/wp-content\/uploads\/2025\/08\/IMG_2547.jpeg","contentUrl":"https:\/\/voxsahel.com\/wp-content\/uploads\/2025\/08\/IMG_2547.jpeg","width":393,"height":279},{"@type":"BreadcrumbList","@id":"https:\/\/voxsahel.com\/?p=2588#breadcrumb","itemListElement":[{"@type":"ListItem","position":1,"name":"Home","item":"https:\/\/voxsahel.com\/"},{"@type":"ListItem","position":2,"name":"\u00c9dito | Arr\u00eat du projet Target Malaria : Un choix responsable pour prot\u00e9ger les Burkinab\u00e8"}]},{"@type":"WebSite","@id":"https:\/\/voxsahel.com\/#website","url":"https:\/\/voxsahel.com\/","name":"Vox Sahel","description":"Informez-vous sur le Sahel en un clic","publisher":{"@id":"https:\/\/voxsahel.com\/#organization"},"potentialAction":[{"@type":"SearchAction","target":{"@type":"EntryPoint","urlTemplate":"https:\/\/voxsahel.com\/?s={search_term_string}"},"query-input":{"@type":"PropertyValueSpecification","valueRequired":true,"valueName":"search_term_string"}}],"inLanguage":"fr-FR"},{"@type":"Organization","@id":"https:\/\/voxsahel.com\/#organization","name":"Vox Sahel","url":"https:\/\/voxsahel.com\/","logo":{"@type":"ImageObject","inLanguage":"fr-FR","@id":"https:\/\/voxsahel.com\/#\/schema\/logo\/image\/","url":"https:\/\/voxsahel.com\/wp-content\/uploads\/2024\/09\/Logo-Vox-Sahel.jpg","contentUrl":"https:\/\/voxsahel.com\/wp-content\/uploads\/2024\/09\/Logo-Vox-Sahel.jpg","width":1181,"height":848,"caption":"Vox Sahel"},"image":{"@id":"https:\/\/voxsahel.com\/#\/schema\/logo\/image\/"},"sameAs":["https:\/\/www.facebook.com\/journal.voxsahel"]},{"@type":"Person","@id":"https:\/\/voxsahel.com\/#\/schema\/person\/b4043608248f8fa227cd760e7ff1e19e","name":"Vox Sahel","image":{"@type":"ImageObject","inLanguage":"fr-FR","@id":"https:\/\/secure.gravatar.com\/avatar\/f70e7fa0cb9b29d4a7c5788d6eb2e9ab4d3135cbae1c9161810fdf77a8964699?s=96&d=mm&r=g","url":"https:\/\/secure.gravatar.com\/avatar\/f70e7fa0cb9b29d4a7c5788d6eb2e9ab4d3135cbae1c9161810fdf77a8964699?s=96&d=mm&r=g","contentUrl":"https:\/\/secure.gravatar.com\/avatar\/f70e7fa0cb9b29d4a7c5788d6eb2e9ab4d3135cbae1c9161810fdf77a8964699?s=96&d=mm&r=g","caption":"Vox Sahel"},"sameAs":["http:\/\/www.voxsahel.com"],"url":"https:\/\/voxsahel.com\/?author=2"}]}},"_links":{"self":[{"href":"https:\/\/voxsahel.com\/index.php?rest_route=\/wp\/v2\/posts\/2588","targetHints":{"allow":["GET"]}}],"collection":[{"href":"https:\/\/voxsahel.com\/index.php?rest_route=\/wp\/v2\/posts"}],"about":[{"href":"https:\/\/voxsahel.com\/index.php?rest_route=\/wp\/v2\/types\/post"}],"author":[{"embeddable":true,"href":"https:\/\/voxsahel.com\/index.php?rest_route=\/wp\/v2\/users\/2"}],"replies":[{"embeddable":true,"href":"https:\/\/voxsahel.com\/index.php?rest_route=%2Fwp%2Fv2%2Fcomments&post=2588"}],"version-history":[{"count":1,"href":"https:\/\/voxsahel.com\/index.php?rest_route=\/wp\/v2\/posts\/2588\/revisions"}],"predecessor-version":[{"id":2589,"href":"https:\/\/voxsahel.com\/index.php?rest_route=\/wp\/v2\/posts\/2588\/revisions\/2589"}],"wp:featuredmedia":[{"embeddable":true,"href":"https:\/\/voxsahel.com\/index.php?rest_route=\/wp\/v2\/media\/2590"}],"wp:attachment":[{"href":"https:\/\/voxsahel.com\/index.php?rest_route=%2Fwp%2Fv2%2Fmedia&parent=2588"}],"wp:term":[{"taxonomy":"category","embeddable":true,"href":"https:\/\/voxsahel.com\/index.php?rest_route=%2Fwp%2Fv2%2Fcategories&post=2588"},{"taxonomy":"post_tag","embeddable":true,"href":"https:\/\/voxsahel.com\/index.php?rest_route=%2Fwp%2Fv2%2Ftags&post=2588"}],"curies":[{"name":"wp","href":"https:\/\/api.w.org\/{rel}","templated":true}]}}