{"id":2581,"date":"2025-08-14T02:03:31","date_gmt":"2025-08-14T02:03:31","guid":{"rendered":"https:\/\/voxsahel.com\/?p=2581"},"modified":"2025-08-14T02:03:31","modified_gmt":"2025-08-14T02:03:31","slug":"burkina-faso-chine-un-seminaire-a-pekin-pour-renforcer-leurs-competences","status":"publish","type":"post","link":"https:\/\/voxsahel.com\/?p=2581","title":{"rendered":"Burkina Faso \u2013 Chine : Un s\u00e9minaire \u00e0 P\u00e9kin pour renforcer leurs comp\u00e9tences"},"content":{"rendered":"<p class=\"p1\"><span class=\"s1\">Dans le cadre de la coop\u00e9ration bilat\u00e9rale entre le Burkina Faso et la R\u00e9publique populaire de Chine, un s\u00e9minaire de formation en production audiovisuelle \u00e0 l\u2019\u00e8re de l\u2019intelligence artificielle se tient du 11 au 21 ao\u00fbt 2025 \u00e0 P\u00e9kin. L\u2019initiative r\u00e9unit une vingtaine de journalistes burkinab\u00e8 issus des m\u00e9dias publics et priv\u00e9s.<\/span><\/p>\n<p><img loading=\"lazy\" decoding=\"async\" class=\"aligncenter size-large wp-image-2584\" src=\"https:\/\/voxsahel.com\/wp-content\/uploads\/2025\/08\/IMG_0177-1024x768.jpeg\" alt=\"\" width=\"640\" height=\"480\" srcset=\"https:\/\/voxsahel.com\/wp-content\/uploads\/2025\/08\/IMG_0177-1024x768.jpeg 1024w, https:\/\/voxsahel.com\/wp-content\/uploads\/2025\/08\/IMG_0177-300x225.jpeg 300w, https:\/\/voxsahel.com\/wp-content\/uploads\/2025\/08\/IMG_0177-768x576.jpeg 768w, https:\/\/voxsahel.com\/wp-content\/uploads\/2025\/08\/IMG_0177-1536x1152.jpeg 1536w, https:\/\/voxsahel.com\/wp-content\/uploads\/2025\/08\/IMG_0177-2048x1536.jpeg 2048w, https:\/\/voxsahel.com\/wp-content\/uploads\/2025\/08\/IMG_0177-510x382.jpeg 510w, https:\/\/voxsahel.com\/wp-content\/uploads\/2025\/08\/IMG_0177-1080x810.jpeg 1080w, https:\/\/voxsahel.com\/wp-content\/uploads\/2025\/08\/IMG_0177-610x458.jpeg 610w, https:\/\/voxsahel.com\/wp-content\/uploads\/2025\/08\/IMG_0177-720x540.jpeg 720w\" sizes=\"(max-width: 640px) 100vw, 640px\" \/><\/p>\n<p class=\"p1\"><span class=\"s1\">Cette rencontre vise \u00e0 permettre aux professionnels burkinab\u00e8 de renforcer leurs comp\u00e9tences techniques et \u00e9ditoriales, tout en \u00e9changeant avec leurs homologues chinois sur les m\u00e9thodes de traitement de l\u2019information. La d\u00e9l\u00e9gation burkinab\u00e8 est conduite par M. Jean No\u00ebl Bonkoungou, charg\u00e9 de mission au minist\u00e8re de la Communication, de la Culture, des Arts et du Tourisme.<\/span><\/p>\n<p class=\"p1\"><span class=\"s1\">Dans son allocution d\u2019ouverture, M. Bonkoungou a transmis les salutations fraternelles des plus hautes autorit\u00e9s burkinab\u00e8 au peuple chinois, saluant au passage l\u2019excellence des relations entre les deux pays. Il a exprim\u00e9 les attentes de la d\u00e9l\u00e9gation en mati\u00e8re de partage d\u2019exp\u00e9riences et de bonnes pratiques dans le domaine des m\u00e9dias, soulignant \u00ab l\u2019importance capitale des m\u00e9dias dans le d\u00e9veloppement social, \u00e9conomique et politique des \u00c9tats \u00bb.<\/span><\/p>\n<p><img loading=\"lazy\" decoding=\"async\" class=\"aligncenter size-large wp-image-2585\" src=\"https:\/\/voxsahel.com\/wp-content\/uploads\/2025\/08\/IMG_9589-768x1024.jpeg\" alt=\"\" width=\"640\" height=\"853\" srcset=\"https:\/\/voxsahel.com\/wp-content\/uploads\/2025\/08\/IMG_9589-768x1024.jpeg 768w, https:\/\/voxsahel.com\/wp-content\/uploads\/2025\/08\/IMG_9589-225x300.jpeg 225w, https:\/\/voxsahel.com\/wp-content\/uploads\/2025\/08\/IMG_9589-1152x1536.jpeg 1152w, https:\/\/voxsahel.com\/wp-content\/uploads\/2025\/08\/IMG_9589-1536x2048.jpeg 1536w, https:\/\/voxsahel.com\/wp-content\/uploads\/2025\/08\/IMG_9589-1080x1440.jpeg 1080w, https:\/\/voxsahel.com\/wp-content\/uploads\/2025\/08\/IMG_9589-610x813.jpeg 610w, https:\/\/voxsahel.com\/wp-content\/uploads\/2025\/08\/IMG_9589-450x600.jpeg 450w, https:\/\/voxsahel.com\/wp-content\/uploads\/2025\/08\/IMG_9589-scaled.jpeg 1920w\" sizes=\"(max-width: 640px) 100vw, 640px\" \/><\/p>\n<p class=\"p1\"><span class=\"s1\">Pour sa part, Mme Zhou Jihong, directrice g\u00e9n\u00e9rale du d\u00e9partement de la coop\u00e9ration internationale de l\u2019Administration nationale de la radio et de la t\u00e9l\u00e9vision chinoise, a adress\u00e9 ses remerciements \u00e0 la d\u00e9l\u00e9gation burkinab\u00e8 et rappel\u00e9 la solidit\u00e9 des liens qui unissent la Chine et les pays africains, notamment le Burkina Faso.<br \/>\nElle a pr\u00e9cis\u00e9 que ce s\u00e9minaire mettra l\u2019accent sur les derni\u00e8res innovations technologiques, telles que l\u2019intelligence artificielle et le big data, appliqu\u00e9es au traitement de l\u2019information et \u00e0 la cr\u00e9ation de contenus audiovisuels.<\/span><\/p>\n<p><img loading=\"lazy\" decoding=\"async\" class=\"aligncenter size-large wp-image-2586\" src=\"https:\/\/voxsahel.com\/wp-content\/uploads\/2025\/08\/IMG_9588-768x1024.jpeg\" alt=\"\" width=\"640\" height=\"853\" srcset=\"https:\/\/voxsahel.com\/wp-content\/uploads\/2025\/08\/IMG_9588-768x1024.jpeg 768w, https:\/\/voxsahel.com\/wp-content\/uploads\/2025\/08\/IMG_9588-225x300.jpeg 225w, https:\/\/voxsahel.com\/wp-content\/uploads\/2025\/08\/IMG_9588-1152x1536.jpeg 1152w, https:\/\/voxsahel.com\/wp-content\/uploads\/2025\/08\/IMG_9588-1536x2048.jpeg 1536w, https:\/\/voxsahel.com\/wp-content\/uploads\/2025\/08\/IMG_9588-1080x1440.jpeg 1080w, https:\/\/voxsahel.com\/wp-content\/uploads\/2025\/08\/IMG_9588-610x813.jpeg 610w, https:\/\/voxsahel.com\/wp-content\/uploads\/2025\/08\/IMG_9588-450x600.jpeg 450w, https:\/\/voxsahel.com\/wp-content\/uploads\/2025\/08\/IMG_9588-scaled.jpeg 1920w\" sizes=\"(max-width: 640px) 100vw, 640px\" \/><\/p>\n<p class=\"p1\"><span class=\"s1\">Depuis 2018, l\u2019institut organisateur a d\u00e9j\u00e0 form\u00e9 6 740 journalistes issus de plus de 160 pays, illustrant ainsi la volont\u00e9 de la Chine de partager son savoir-faire culturel, technologique et diplomatique avec ses partenaires.<\/span><\/p>\n<p class=\"p1\"><span class=\"s1\">Ce programme s\u2019inscrit dans une dynamique de renforcement des capacit\u00e9s qui pourrait contribuer \u00e0 moderniser les pratiques audiovisuelles au Burkina Faso, \u00e0 l\u2019heure o\u00f9 l\u2019intelligence artificielle transforme profond\u00e9ment les m\u00e9tiers de l\u2019information.<\/span><\/p>\n","protected":false},"excerpt":{"rendered":"<p>Dans le cadre de la coop\u00e9ration bilat\u00e9rale entre le Burkina Faso et la R\u00e9publique populaire<\/p>\n","protected":false},"author":2,"featured_media":2583,"comment_status":"open","ping_status":"open","sticky":false,"template":"","format":"standard","meta":{"_et_pb_use_builder":"","_et_pb_old_content":"","_et_gb_content_width":"","footnotes":""},"categories":[1],"tags":[],"class_list":["post-2581","post","type-post","status-publish","format-standard","has-post-thumbnail","hentry","category-faits-divers"],"yoast_head":"<!-- This site is optimized with the Yoast SEO plugin v27.5 - https:\/\/yoast.com\/product\/yoast-seo-wordpress\/ -->\n<title>Burkina Faso \u2013 Chine : Un s\u00e9minaire \u00e0 P\u00e9kin pour renforcer leurs comp\u00e9tences - Vox Sahel<\/title>\n<meta name=\"robots\" content=\"index, follow, max-snippet:-1, max-image-preview:large, max-video-preview:-1\" \/>\n<link rel=\"canonical\" href=\"https:\/\/voxsahel.com\/?p=2581\" \/>\n<meta property=\"og:locale\" content=\"fr_FR\" \/>\n<meta property=\"og:type\" content=\"article\" \/>\n<meta property=\"og:title\" content=\"Burkina Faso \u2013 Chine : Un s\u00e9minaire \u00e0 P\u00e9kin pour renforcer leurs comp\u00e9tences - Vox Sahel\" \/>\n<meta property=\"og:description\" content=\"Dans le cadre de la coop\u00e9ration bilat\u00e9rale entre le Burkina Faso et la R\u00e9publique populaire\" \/>\n<meta property=\"og:url\" content=\"https:\/\/voxsahel.com\/?p=2581\" \/>\n<meta property=\"og:site_name\" content=\"Vox Sahel\" \/>\n<meta property=\"article:publisher\" content=\"https:\/\/www.facebook.com\/journal.voxsahel\" \/>\n<meta property=\"article:published_time\" content=\"2025-08-14T02:03:31+00:00\" \/>\n<meta property=\"og:image\" content=\"https:\/\/voxsahel.com\/wp-content\/uploads\/2025\/08\/IMG_9578-scaled.jpeg\" \/>\n\t<meta property=\"og:image:width\" content=\"2560\" \/>\n\t<meta property=\"og:image:height\" content=\"1920\" \/>\n\t<meta property=\"og:image:type\" content=\"image\/jpeg\" \/>\n<meta name=\"author\" content=\"Vox Sahel\" \/>\n<meta name=\"twitter:card\" content=\"summary_large_image\" \/>\n<meta name=\"twitter:label1\" content=\"\u00c9crit par\" \/>\n\t<meta name=\"twitter:data1\" content=\"Vox Sahel\" \/>\n\t<meta name=\"twitter:label2\" content=\"Dur\u00e9e de lecture estim\u00e9e\" \/>\n\t<meta name=\"twitter:data2\" content=\"3 minutes\" \/>\n<script type=\"application\/ld+json\" class=\"yoast-schema-graph\">{\"@context\":\"https:\\\/\\\/schema.org\",\"@graph\":[{\"@type\":\"Article\",\"@id\":\"https:\\\/\\\/voxsahel.com\\\/?p=2581#article\",\"isPartOf\":{\"@id\":\"https:\\\/\\\/voxsahel.com\\\/?p=2581\"},\"author\":{\"name\":\"Vox Sahel\",\"@id\":\"https:\\\/\\\/voxsahel.com\\\/#\\\/schema\\\/person\\\/b4043608248f8fa227cd760e7ff1e19e\"},\"headline\":\"Burkina Faso \u2013 Chine : Un s\u00e9minaire \u00e0 P\u00e9kin pour renforcer leurs comp\u00e9tences\",\"datePublished\":\"2025-08-14T02:03:31+00:00\",\"mainEntityOfPage\":{\"@id\":\"https:\\\/\\\/voxsahel.com\\\/?p=2581\"},\"wordCount\":378,\"commentCount\":0,\"publisher\":{\"@id\":\"https:\\\/\\\/voxsahel.com\\\/#organization\"},\"image\":{\"@id\":\"https:\\\/\\\/voxsahel.com\\\/?p=2581#primaryimage\"},\"thumbnailUrl\":\"https:\\\/\\\/voxsahel.com\\\/wp-content\\\/uploads\\\/2025\\\/08\\\/IMG_9578-scaled.jpeg\",\"articleSection\":[\"FAITS DIVERS\"],\"inLanguage\":\"fr-FR\",\"potentialAction\":[{\"@type\":\"CommentAction\",\"name\":\"Comment\",\"target\":[\"https:\\\/\\\/voxsahel.com\\\/?p=2581#respond\"]}]},{\"@type\":\"WebPage\",\"@id\":\"https:\\\/\\\/voxsahel.com\\\/?p=2581\",\"url\":\"https:\\\/\\\/voxsahel.com\\\/?p=2581\",\"name\":\"Burkina Faso \u2013 Chine : Un s\u00e9minaire \u00e0 P\u00e9kin pour renforcer leurs comp\u00e9tences - Vox Sahel\",\"isPartOf\":{\"@id\":\"https:\\\/\\\/voxsahel.com\\\/#website\"},\"primaryImageOfPage\":{\"@id\":\"https:\\\/\\\/voxsahel.com\\\/?p=2581#primaryimage\"},\"image\":{\"@id\":\"https:\\\/\\\/voxsahel.com\\\/?p=2581#primaryimage\"},\"thumbnailUrl\":\"https:\\\/\\\/voxsahel.com\\\/wp-content\\\/uploads\\\/2025\\\/08\\\/IMG_9578-scaled.jpeg\",\"datePublished\":\"2025-08-14T02:03:31+00:00\",\"breadcrumb\":{\"@id\":\"https:\\\/\\\/voxsahel.com\\\/?p=2581#breadcrumb\"},\"inLanguage\":\"fr-FR\",\"potentialAction\":[{\"@type\":\"ReadAction\",\"target\":[\"https:\\\/\\\/voxsahel.com\\\/?p=2581\"]}]},{\"@type\":\"ImageObject\",\"inLanguage\":\"fr-FR\",\"@id\":\"https:\\\/\\\/voxsahel.com\\\/?p=2581#primaryimage\",\"url\":\"https:\\\/\\\/voxsahel.com\\\/wp-content\\\/uploads\\\/2025\\\/08\\\/IMG_9578-scaled.jpeg\",\"contentUrl\":\"https:\\\/\\\/voxsahel.com\\\/wp-content\\\/uploads\\\/2025\\\/08\\\/IMG_9578-scaled.jpeg\",\"width\":2560,\"height\":1920},{\"@type\":\"BreadcrumbList\",\"@id\":\"https:\\\/\\\/voxsahel.com\\\/?p=2581#breadcrumb\",\"itemListElement\":[{\"@type\":\"ListItem\",\"position\":1,\"name\":\"Home\",\"item\":\"https:\\\/\\\/voxsahel.com\\\/\"},{\"@type\":\"ListItem\",\"position\":2,\"name\":\"Burkina Faso \u2013 Chine : Un s\u00e9minaire \u00e0 P\u00e9kin pour renforcer leurs comp\u00e9tences\"}]},{\"@type\":\"WebSite\",\"@id\":\"https:\\\/\\\/voxsahel.com\\\/#website\",\"url\":\"https:\\\/\\\/voxsahel.com\\\/\",\"name\":\"Vox Sahel\",\"description\":\"Informez-vous sur le Sahel en un clic\",\"publisher\":{\"@id\":\"https:\\\/\\\/voxsahel.com\\\/#organization\"},\"potentialAction\":[{\"@type\":\"SearchAction\",\"target\":{\"@type\":\"EntryPoint\",\"urlTemplate\":\"https:\\\/\\\/voxsahel.com\\\/?s={search_term_string}\"},\"query-input\":{\"@type\":\"PropertyValueSpecification\",\"valueRequired\":true,\"valueName\":\"search_term_string\"}}],\"inLanguage\":\"fr-FR\"},{\"@type\":\"Organization\",\"@id\":\"https:\\\/\\\/voxsahel.com\\\/#organization\",\"name\":\"Vox Sahel\",\"url\":\"https:\\\/\\\/voxsahel.com\\\/\",\"logo\":{\"@type\":\"ImageObject\",\"inLanguage\":\"fr-FR\",\"@id\":\"https:\\\/\\\/voxsahel.com\\\/#\\\/schema\\\/logo\\\/image\\\/\",\"url\":\"https:\\\/\\\/voxsahel.com\\\/wp-content\\\/uploads\\\/2024\\\/09\\\/Logo-Vox-Sahel.jpg\",\"contentUrl\":\"https:\\\/\\\/voxsahel.com\\\/wp-content\\\/uploads\\\/2024\\\/09\\\/Logo-Vox-Sahel.jpg\",\"width\":1181,\"height\":848,\"caption\":\"Vox Sahel\"},\"image\":{\"@id\":\"https:\\\/\\\/voxsahel.com\\\/#\\\/schema\\\/logo\\\/image\\\/\"},\"sameAs\":[\"https:\\\/\\\/www.facebook.com\\\/journal.voxsahel\"]},{\"@type\":\"Person\",\"@id\":\"https:\\\/\\\/voxsahel.com\\\/#\\\/schema\\\/person\\\/b4043608248f8fa227cd760e7ff1e19e\",\"name\":\"Vox Sahel\",\"image\":{\"@type\":\"ImageObject\",\"inLanguage\":\"fr-FR\",\"@id\":\"https:\\\/\\\/secure.gravatar.com\\\/avatar\\\/f70e7fa0cb9b29d4a7c5788d6eb2e9ab4d3135cbae1c9161810fdf77a8964699?s=96&d=mm&r=g\",\"url\":\"https:\\\/\\\/secure.gravatar.com\\\/avatar\\\/f70e7fa0cb9b29d4a7c5788d6eb2e9ab4d3135cbae1c9161810fdf77a8964699?s=96&d=mm&r=g\",\"contentUrl\":\"https:\\\/\\\/secure.gravatar.com\\\/avatar\\\/f70e7fa0cb9b29d4a7c5788d6eb2e9ab4d3135cbae1c9161810fdf77a8964699?s=96&d=mm&r=g\",\"caption\":\"Vox Sahel\"},\"sameAs\":[\"http:\\\/\\\/www.voxsahel.com\"],\"url\":\"https:\\\/\\\/voxsahel.com\\\/?author=2\"}]}<\/script>\n<!-- \/ Yoast SEO plugin. -->","yoast_head_json":{"title":"Burkina Faso \u2013 Chine : Un s\u00e9minaire \u00e0 P\u00e9kin pour renforcer leurs comp\u00e9tences - Vox Sahel","robots":{"index":"index","follow":"follow","max-snippet":"max-snippet:-1","max-image-preview":"max-image-preview:large","max-video-preview":"max-video-preview:-1"},"canonical":"https:\/\/voxsahel.com\/?p=2581","og_locale":"fr_FR","og_type":"article","og_title":"Burkina Faso \u2013 Chine : Un s\u00e9minaire \u00e0 P\u00e9kin pour renforcer leurs comp\u00e9tences - Vox Sahel","og_description":"Dans le cadre de la coop\u00e9ration bilat\u00e9rale entre le Burkina Faso et la R\u00e9publique populaire","og_url":"https:\/\/voxsahel.com\/?p=2581","og_site_name":"Vox Sahel","article_publisher":"https:\/\/www.facebook.com\/journal.voxsahel","article_published_time":"2025-08-14T02:03:31+00:00","og_image":[{"width":2560,"height":1920,"url":"https:\/\/voxsahel.com\/wp-content\/uploads\/2025\/08\/IMG_9578-scaled.jpeg","type":"image\/jpeg"}],"author":"Vox Sahel","twitter_card":"summary_large_image","twitter_misc":{"\u00c9crit par":"Vox Sahel","Dur\u00e9e de lecture estim\u00e9e":"3 minutes"},"schema":{"@context":"https:\/\/schema.org","@graph":[{"@type":"Article","@id":"https:\/\/voxsahel.com\/?p=2581#article","isPartOf":{"@id":"https:\/\/voxsahel.com\/?p=2581"},"author":{"name":"Vox Sahel","@id":"https:\/\/voxsahel.com\/#\/schema\/person\/b4043608248f8fa227cd760e7ff1e19e"},"headline":"Burkina Faso \u2013 Chine : Un s\u00e9minaire \u00e0 P\u00e9kin pour renforcer leurs comp\u00e9tences","datePublished":"2025-08-14T02:03:31+00:00","mainEntityOfPage":{"@id":"https:\/\/voxsahel.com\/?p=2581"},"wordCount":378,"commentCount":0,"publisher":{"@id":"https:\/\/voxsahel.com\/#organization"},"image":{"@id":"https:\/\/voxsahel.com\/?p=2581#primaryimage"},"thumbnailUrl":"https:\/\/voxsahel.com\/wp-content\/uploads\/2025\/08\/IMG_9578-scaled.jpeg","articleSection":["FAITS DIVERS"],"inLanguage":"fr-FR","potentialAction":[{"@type":"CommentAction","name":"Comment","target":["https:\/\/voxsahel.com\/?p=2581#respond"]}]},{"@type":"WebPage","@id":"https:\/\/voxsahel.com\/?p=2581","url":"https:\/\/voxsahel.com\/?p=2581","name":"Burkina Faso \u2013 Chine : Un s\u00e9minaire \u00e0 P\u00e9kin pour renforcer leurs comp\u00e9tences - Vox Sahel","isPartOf":{"@id":"https:\/\/voxsahel.com\/#website"},"primaryImageOfPage":{"@id":"https:\/\/voxsahel.com\/?p=2581#primaryimage"},"image":{"@id":"https:\/\/voxsahel.com\/?p=2581#primaryimage"},"thumbnailUrl":"https:\/\/voxsahel.com\/wp-content\/uploads\/2025\/08\/IMG_9578-scaled.jpeg","datePublished":"2025-08-14T02:03:31+00:00","breadcrumb":{"@id":"https:\/\/voxsahel.com\/?p=2581#breadcrumb"},"inLanguage":"fr-FR","potentialAction":[{"@type":"ReadAction","target":["https:\/\/voxsahel.com\/?p=2581"]}]},{"@type":"ImageObject","inLanguage":"fr-FR","@id":"https:\/\/voxsahel.com\/?p=2581#primaryimage","url":"https:\/\/voxsahel.com\/wp-content\/uploads\/2025\/08\/IMG_9578-scaled.jpeg","contentUrl":"https:\/\/voxsahel.com\/wp-content\/uploads\/2025\/08\/IMG_9578-scaled.jpeg","width":2560,"height":1920},{"@type":"BreadcrumbList","@id":"https:\/\/voxsahel.com\/?p=2581#breadcrumb","itemListElement":[{"@type":"ListItem","position":1,"name":"Home","item":"https:\/\/voxsahel.com\/"},{"@type":"ListItem","position":2,"name":"Burkina Faso \u2013 Chine : Un s\u00e9minaire \u00e0 P\u00e9kin pour renforcer leurs comp\u00e9tences"}]},{"@type":"WebSite","@id":"https:\/\/voxsahel.com\/#website","url":"https:\/\/voxsahel.com\/","name":"Vox Sahel","description":"Informez-vous sur le Sahel en un clic","publisher":{"@id":"https:\/\/voxsahel.com\/#organization"},"potentialAction":[{"@type":"SearchAction","target":{"@type":"EntryPoint","urlTemplate":"https:\/\/voxsahel.com\/?s={search_term_string}"},"query-input":{"@type":"PropertyValueSpecification","valueRequired":true,"valueName":"search_term_string"}}],"inLanguage":"fr-FR"},{"@type":"Organization","@id":"https:\/\/voxsahel.com\/#organization","name":"Vox Sahel","url":"https:\/\/voxsahel.com\/","logo":{"@type":"ImageObject","inLanguage":"fr-FR","@id":"https:\/\/voxsahel.com\/#\/schema\/logo\/image\/","url":"https:\/\/voxsahel.com\/wp-content\/uploads\/2024\/09\/Logo-Vox-Sahel.jpg","contentUrl":"https:\/\/voxsahel.com\/wp-content\/uploads\/2024\/09\/Logo-Vox-Sahel.jpg","width":1181,"height":848,"caption":"Vox Sahel"},"image":{"@id":"https:\/\/voxsahel.com\/#\/schema\/logo\/image\/"},"sameAs":["https:\/\/www.facebook.com\/journal.voxsahel"]},{"@type":"Person","@id":"https:\/\/voxsahel.com\/#\/schema\/person\/b4043608248f8fa227cd760e7ff1e19e","name":"Vox Sahel","image":{"@type":"ImageObject","inLanguage":"fr-FR","@id":"https:\/\/secure.gravatar.com\/avatar\/f70e7fa0cb9b29d4a7c5788d6eb2e9ab4d3135cbae1c9161810fdf77a8964699?s=96&d=mm&r=g","url":"https:\/\/secure.gravatar.com\/avatar\/f70e7fa0cb9b29d4a7c5788d6eb2e9ab4d3135cbae1c9161810fdf77a8964699?s=96&d=mm&r=g","contentUrl":"https:\/\/secure.gravatar.com\/avatar\/f70e7fa0cb9b29d4a7c5788d6eb2e9ab4d3135cbae1c9161810fdf77a8964699?s=96&d=mm&r=g","caption":"Vox Sahel"},"sameAs":["http:\/\/www.voxsahel.com"],"url":"https:\/\/voxsahel.com\/?author=2"}]}},"_links":{"self":[{"href":"https:\/\/voxsahel.com\/index.php?rest_route=\/wp\/v2\/posts\/2581","targetHints":{"allow":["GET"]}}],"collection":[{"href":"https:\/\/voxsahel.com\/index.php?rest_route=\/wp\/v2\/posts"}],"about":[{"href":"https:\/\/voxsahel.com\/index.php?rest_route=\/wp\/v2\/types\/post"}],"author":[{"embeddable":true,"href":"https:\/\/voxsahel.com\/index.php?rest_route=\/wp\/v2\/users\/2"}],"replies":[{"embeddable":true,"href":"https:\/\/voxsahel.com\/index.php?rest_route=%2Fwp%2Fv2%2Fcomments&post=2581"}],"version-history":[{"count":1,"href":"https:\/\/voxsahel.com\/index.php?rest_route=\/wp\/v2\/posts\/2581\/revisions"}],"predecessor-version":[{"id":2587,"href":"https:\/\/voxsahel.com\/index.php?rest_route=\/wp\/v2\/posts\/2581\/revisions\/2587"}],"wp:featuredmedia":[{"embeddable":true,"href":"https:\/\/voxsahel.com\/index.php?rest_route=\/wp\/v2\/media\/2583"}],"wp:attachment":[{"href":"https:\/\/voxsahel.com\/index.php?rest_route=%2Fwp%2Fv2%2Fmedia&parent=2581"}],"wp:term":[{"taxonomy":"category","embeddable":true,"href":"https:\/\/voxsahel.com\/index.php?rest_route=%2Fwp%2Fv2%2Fcategories&post=2581"},{"taxonomy":"post_tag","embeddable":true,"href":"https:\/\/voxsahel.com\/index.php?rest_route=%2Fwp%2Fv2%2Ftags&post=2581"}],"curies":[{"name":"wp","href":"https:\/\/api.w.org\/{rel}","templated":true}]}}