{"id":2570,"date":"2025-08-11T01:00:43","date_gmt":"2025-08-11T01:00:43","guid":{"rendered":"https:\/\/voxsahel.com\/?p=2570"},"modified":"2025-08-11T01:00:43","modified_gmt":"2025-08-11T01:00:43","slug":"edito-marche-de-lopposition-a-yopougon-cote-divoire-un-signal-a-ne-pas-sous-estimer","status":"publish","type":"post","link":"https:\/\/voxsahel.com\/?p=2570","title":{"rendered":"Edito| Marche de l&rsquo;opposition \u00e0 Yopougon\/C\u00f4te d\u2019Ivoire : Un signal \u00e0 ne pas sous-estimer"},"content":{"rendered":"<p class=\"p1\">La d\u00e9monstration de force du Front commun PDCI\u2013PPA-CI, ce samedi \u00e0 Yopougon, d\u00e9passe le simple cadre d\u2019un rassemblement politique. Au vu de la mobilisation exceptionnelle, il appara\u00eet clairement qu\u2019une partie importante de la soci\u00e9t\u00e9 ivoirienne veut se faire entendre et refuse d\u2019\u00eatre rel\u00e9gu\u00e9e en marge du processus \u00e9lectoral.<\/p>\n<p class=\"p1\"><span class=\"s1\">Cette capacit\u00e9 de mobilisation est une force qu\u2019aucun acteur politique ne devrait n\u00e9gliger. A moins de trois mois de la pr\u00e9sidentielle, la C\u00f4te d\u2019Ivoire se trouve \u00e0 un carrefour d\u00e9cisif. L\u2019histoire r\u00e9cente du pays rappelle \u00e0 quel point l\u2019exclusion, l\u2019incompr\u00e9hension et l\u2019absence de dialogue peuvent rallumer les braises du pass\u00e9. <\/span><\/p>\n<p class=\"p1\"><span class=\"s1\">Pour \u00e9viter le retour des d\u00e9mons des ann\u00e9es noires, il est urgent que le pouvoir et l\u2019opposition s\u2019asseyent autour d\u2019une m\u00eame table. Le dialogue n\u2019est pas un signe de faiblesse, mais un acte de maturit\u00e9 d\u00e9mocratique. <\/span><\/p>\n<p class=\"p1\"><span class=\"s1\">C\u2019est la seule voie pour garantir un scrutin apais\u00e9, inclusif et accept\u00e9 de tous. La marche de Yopougon n\u2019a pas \u00e9t\u00e9 seulement un cri de protestation ; elle a \u00e9t\u00e9 un appel \u00e0 la raison. Le moment est venu d\u2019y r\u00e9pondre avec responsabilit\u00e9.<\/span><\/p>\n<p class=\"p1\" style=\"text-align: right;\"><span class=\"s1\"><b>La R\u00e9daction<\/b><\/span><\/p>\n","protected":false},"excerpt":{"rendered":"<p>La d\u00e9monstration de force du Front commun PDCI\u2013PPA-CI, ce samedi \u00e0 Yopougon, d\u00e9passe le simple<\/p>\n","protected":false},"author":2,"featured_media":2530,"comment_status":"open","ping_status":"open","sticky":false,"template":"","format":"standard","meta":{"_et_pb_use_builder":"","_et_pb_old_content":"","_et_gb_content_width":"","footnotes":""},"categories":[6],"tags":[],"class_list":["post-2570","post","type-post","status-publish","format-standard","has-post-thumbnail","hentry","category-politique"],"yoast_head":"<!-- This site is optimized with the Yoast SEO plugin v27.5 - https:\/\/yoast.com\/product\/yoast-seo-wordpress\/ -->\n<title>Edito| Marche de l&#039;opposition \u00e0 Yopougon\/C\u00f4te d\u2019Ivoire : Un signal \u00e0 ne pas sous-estimer - Vox Sahel<\/title>\n<meta name=\"robots\" content=\"index, follow, max-snippet:-1, max-image-preview:large, max-video-preview:-1\" \/>\n<link rel=\"canonical\" href=\"https:\/\/voxsahel.com\/?p=2570\" \/>\n<meta property=\"og:locale\" content=\"fr_FR\" \/>\n<meta property=\"og:type\" content=\"article\" \/>\n<meta property=\"og:title\" content=\"Edito| Marche de l&#039;opposition \u00e0 Yopougon\/C\u00f4te d\u2019Ivoire : Un signal \u00e0 ne pas sous-estimer - Vox Sahel\" \/>\n<meta property=\"og:description\" content=\"La d\u00e9monstration de force du Front commun PDCI\u2013PPA-CI, ce samedi \u00e0 Yopougon, d\u00e9passe le simple\" \/>\n<meta property=\"og:url\" content=\"https:\/\/voxsahel.com\/?p=2570\" \/>\n<meta property=\"og:site_name\" content=\"Vox Sahel\" \/>\n<meta property=\"article:publisher\" content=\"https:\/\/www.facebook.com\/journal.voxsahel\" \/>\n<meta property=\"article:published_time\" content=\"2025-08-11T01:00:43+00:00\" \/>\n<meta property=\"og:image\" content=\"https:\/\/voxsahel.com\/wp-content\/uploads\/2025\/08\/IMG_6875.jpeg\" \/>\n\t<meta property=\"og:image:width\" content=\"1536\" \/>\n\t<meta property=\"og:image:height\" content=\"1092\" \/>\n\t<meta property=\"og:image:type\" content=\"image\/jpeg\" \/>\n<meta name=\"author\" content=\"Vox Sahel\" \/>\n<meta name=\"twitter:card\" content=\"summary_large_image\" \/>\n<meta name=\"twitter:label1\" content=\"\u00c9crit par\" \/>\n\t<meta name=\"twitter:data1\" content=\"Vox Sahel\" \/>\n\t<meta name=\"twitter:label2\" content=\"Dur\u00e9e de lecture estim\u00e9e\" \/>\n\t<meta name=\"twitter:data2\" content=\"2 minutes\" \/>\n<script type=\"application\/ld+json\" class=\"yoast-schema-graph\">{\"@context\":\"https:\\\/\\\/schema.org\",\"@graph\":[{\"@type\":\"Article\",\"@id\":\"https:\\\/\\\/voxsahel.com\\\/?p=2570#article\",\"isPartOf\":{\"@id\":\"https:\\\/\\\/voxsahel.com\\\/?p=2570\"},\"author\":{\"name\":\"Vox Sahel\",\"@id\":\"https:\\\/\\\/voxsahel.com\\\/#\\\/schema\\\/person\\\/b4043608248f8fa227cd760e7ff1e19e\"},\"headline\":\"Edito| Marche de l&rsquo;opposition \u00e0 Yopougon\\\/C\u00f4te d\u2019Ivoire : Un signal \u00e0 ne pas sous-estimer\",\"datePublished\":\"2025-08-11T01:00:43+00:00\",\"mainEntityOfPage\":{\"@id\":\"https:\\\/\\\/voxsahel.com\\\/?p=2570\"},\"wordCount\":224,\"commentCount\":0,\"publisher\":{\"@id\":\"https:\\\/\\\/voxsahel.com\\\/#organization\"},\"image\":{\"@id\":\"https:\\\/\\\/voxsahel.com\\\/?p=2570#primaryimage\"},\"thumbnailUrl\":\"https:\\\/\\\/voxsahel.com\\\/wp-content\\\/uploads\\\/2025\\\/08\\\/IMG_6875.jpeg\",\"articleSection\":[\"POLITIQUE\"],\"inLanguage\":\"fr-FR\",\"potentialAction\":[{\"@type\":\"CommentAction\",\"name\":\"Comment\",\"target\":[\"https:\\\/\\\/voxsahel.com\\\/?p=2570#respond\"]}]},{\"@type\":\"WebPage\",\"@id\":\"https:\\\/\\\/voxsahel.com\\\/?p=2570\",\"url\":\"https:\\\/\\\/voxsahel.com\\\/?p=2570\",\"name\":\"Edito| Marche de l'opposition \u00e0 Yopougon\\\/C\u00f4te d\u2019Ivoire : Un signal \u00e0 ne pas sous-estimer - Vox Sahel\",\"isPartOf\":{\"@id\":\"https:\\\/\\\/voxsahel.com\\\/#website\"},\"primaryImageOfPage\":{\"@id\":\"https:\\\/\\\/voxsahel.com\\\/?p=2570#primaryimage\"},\"image\":{\"@id\":\"https:\\\/\\\/voxsahel.com\\\/?p=2570#primaryimage\"},\"thumbnailUrl\":\"https:\\\/\\\/voxsahel.com\\\/wp-content\\\/uploads\\\/2025\\\/08\\\/IMG_6875.jpeg\",\"datePublished\":\"2025-08-11T01:00:43+00:00\",\"breadcrumb\":{\"@id\":\"https:\\\/\\\/voxsahel.com\\\/?p=2570#breadcrumb\"},\"inLanguage\":\"fr-FR\",\"potentialAction\":[{\"@type\":\"ReadAction\",\"target\":[\"https:\\\/\\\/voxsahel.com\\\/?p=2570\"]}]},{\"@type\":\"ImageObject\",\"inLanguage\":\"fr-FR\",\"@id\":\"https:\\\/\\\/voxsahel.com\\\/?p=2570#primaryimage\",\"url\":\"https:\\\/\\\/voxsahel.com\\\/wp-content\\\/uploads\\\/2025\\\/08\\\/IMG_6875.jpeg\",\"contentUrl\":\"https:\\\/\\\/voxsahel.com\\\/wp-content\\\/uploads\\\/2025\\\/08\\\/IMG_6875.jpeg\",\"width\":1536,\"height\":1092},{\"@type\":\"BreadcrumbList\",\"@id\":\"https:\\\/\\\/voxsahel.com\\\/?p=2570#breadcrumb\",\"itemListElement\":[{\"@type\":\"ListItem\",\"position\":1,\"name\":\"Home\",\"item\":\"https:\\\/\\\/voxsahel.com\\\/\"},{\"@type\":\"ListItem\",\"position\":2,\"name\":\"Edito| Marche de l&rsquo;opposition \u00e0 Yopougon\\\/C\u00f4te d\u2019Ivoire : Un signal \u00e0 ne pas sous-estimer\"}]},{\"@type\":\"WebSite\",\"@id\":\"https:\\\/\\\/voxsahel.com\\\/#website\",\"url\":\"https:\\\/\\\/voxsahel.com\\\/\",\"name\":\"Vox Sahel\",\"description\":\"Informez-vous sur le Sahel en un clic\",\"publisher\":{\"@id\":\"https:\\\/\\\/voxsahel.com\\\/#organization\"},\"potentialAction\":[{\"@type\":\"SearchAction\",\"target\":{\"@type\":\"EntryPoint\",\"urlTemplate\":\"https:\\\/\\\/voxsahel.com\\\/?s={search_term_string}\"},\"query-input\":{\"@type\":\"PropertyValueSpecification\",\"valueRequired\":true,\"valueName\":\"search_term_string\"}}],\"inLanguage\":\"fr-FR\"},{\"@type\":\"Organization\",\"@id\":\"https:\\\/\\\/voxsahel.com\\\/#organization\",\"name\":\"Vox Sahel\",\"url\":\"https:\\\/\\\/voxsahel.com\\\/\",\"logo\":{\"@type\":\"ImageObject\",\"inLanguage\":\"fr-FR\",\"@id\":\"https:\\\/\\\/voxsahel.com\\\/#\\\/schema\\\/logo\\\/image\\\/\",\"url\":\"https:\\\/\\\/voxsahel.com\\\/wp-content\\\/uploads\\\/2024\\\/09\\\/Logo-Vox-Sahel.jpg\",\"contentUrl\":\"https:\\\/\\\/voxsahel.com\\\/wp-content\\\/uploads\\\/2024\\\/09\\\/Logo-Vox-Sahel.jpg\",\"width\":1181,\"height\":848,\"caption\":\"Vox Sahel\"},\"image\":{\"@id\":\"https:\\\/\\\/voxsahel.com\\\/#\\\/schema\\\/logo\\\/image\\\/\"},\"sameAs\":[\"https:\\\/\\\/www.facebook.com\\\/journal.voxsahel\"]},{\"@type\":\"Person\",\"@id\":\"https:\\\/\\\/voxsahel.com\\\/#\\\/schema\\\/person\\\/b4043608248f8fa227cd760e7ff1e19e\",\"name\":\"Vox Sahel\",\"image\":{\"@type\":\"ImageObject\",\"inLanguage\":\"fr-FR\",\"@id\":\"https:\\\/\\\/secure.gravatar.com\\\/avatar\\\/f70e7fa0cb9b29d4a7c5788d6eb2e9ab4d3135cbae1c9161810fdf77a8964699?s=96&d=mm&r=g\",\"url\":\"https:\\\/\\\/secure.gravatar.com\\\/avatar\\\/f70e7fa0cb9b29d4a7c5788d6eb2e9ab4d3135cbae1c9161810fdf77a8964699?s=96&d=mm&r=g\",\"contentUrl\":\"https:\\\/\\\/secure.gravatar.com\\\/avatar\\\/f70e7fa0cb9b29d4a7c5788d6eb2e9ab4d3135cbae1c9161810fdf77a8964699?s=96&d=mm&r=g\",\"caption\":\"Vox Sahel\"},\"sameAs\":[\"http:\\\/\\\/www.voxsahel.com\"],\"url\":\"https:\\\/\\\/voxsahel.com\\\/?author=2\"}]}<\/script>\n<!-- \/ Yoast SEO plugin. -->","yoast_head_json":{"title":"Edito| Marche de l'opposition \u00e0 Yopougon\/C\u00f4te d\u2019Ivoire : Un signal \u00e0 ne pas sous-estimer - Vox Sahel","robots":{"index":"index","follow":"follow","max-snippet":"max-snippet:-1","max-image-preview":"max-image-preview:large","max-video-preview":"max-video-preview:-1"},"canonical":"https:\/\/voxsahel.com\/?p=2570","og_locale":"fr_FR","og_type":"article","og_title":"Edito| Marche de l'opposition \u00e0 Yopougon\/C\u00f4te d\u2019Ivoire : Un signal \u00e0 ne pas sous-estimer - Vox Sahel","og_description":"La d\u00e9monstration de force du Front commun PDCI\u2013PPA-CI, ce samedi \u00e0 Yopougon, d\u00e9passe le simple","og_url":"https:\/\/voxsahel.com\/?p=2570","og_site_name":"Vox Sahel","article_publisher":"https:\/\/www.facebook.com\/journal.voxsahel","article_published_time":"2025-08-11T01:00:43+00:00","og_image":[{"width":1536,"height":1092,"url":"https:\/\/voxsahel.com\/wp-content\/uploads\/2025\/08\/IMG_6875.jpeg","type":"image\/jpeg"}],"author":"Vox Sahel","twitter_card":"summary_large_image","twitter_misc":{"\u00c9crit par":"Vox Sahel","Dur\u00e9e de lecture estim\u00e9e":"2 minutes"},"schema":{"@context":"https:\/\/schema.org","@graph":[{"@type":"Article","@id":"https:\/\/voxsahel.com\/?p=2570#article","isPartOf":{"@id":"https:\/\/voxsahel.com\/?p=2570"},"author":{"name":"Vox Sahel","@id":"https:\/\/voxsahel.com\/#\/schema\/person\/b4043608248f8fa227cd760e7ff1e19e"},"headline":"Edito| Marche de l&rsquo;opposition \u00e0 Yopougon\/C\u00f4te d\u2019Ivoire : Un signal \u00e0 ne pas sous-estimer","datePublished":"2025-08-11T01:00:43+00:00","mainEntityOfPage":{"@id":"https:\/\/voxsahel.com\/?p=2570"},"wordCount":224,"commentCount":0,"publisher":{"@id":"https:\/\/voxsahel.com\/#organization"},"image":{"@id":"https:\/\/voxsahel.com\/?p=2570#primaryimage"},"thumbnailUrl":"https:\/\/voxsahel.com\/wp-content\/uploads\/2025\/08\/IMG_6875.jpeg","articleSection":["POLITIQUE"],"inLanguage":"fr-FR","potentialAction":[{"@type":"CommentAction","name":"Comment","target":["https:\/\/voxsahel.com\/?p=2570#respond"]}]},{"@type":"WebPage","@id":"https:\/\/voxsahel.com\/?p=2570","url":"https:\/\/voxsahel.com\/?p=2570","name":"Edito| Marche de l'opposition \u00e0 Yopougon\/C\u00f4te d\u2019Ivoire : Un signal \u00e0 ne pas sous-estimer - Vox Sahel","isPartOf":{"@id":"https:\/\/voxsahel.com\/#website"},"primaryImageOfPage":{"@id":"https:\/\/voxsahel.com\/?p=2570#primaryimage"},"image":{"@id":"https:\/\/voxsahel.com\/?p=2570#primaryimage"},"thumbnailUrl":"https:\/\/voxsahel.com\/wp-content\/uploads\/2025\/08\/IMG_6875.jpeg","datePublished":"2025-08-11T01:00:43+00:00","breadcrumb":{"@id":"https:\/\/voxsahel.com\/?p=2570#breadcrumb"},"inLanguage":"fr-FR","potentialAction":[{"@type":"ReadAction","target":["https:\/\/voxsahel.com\/?p=2570"]}]},{"@type":"ImageObject","inLanguage":"fr-FR","@id":"https:\/\/voxsahel.com\/?p=2570#primaryimage","url":"https:\/\/voxsahel.com\/wp-content\/uploads\/2025\/08\/IMG_6875.jpeg","contentUrl":"https:\/\/voxsahel.com\/wp-content\/uploads\/2025\/08\/IMG_6875.jpeg","width":1536,"height":1092},{"@type":"BreadcrumbList","@id":"https:\/\/voxsahel.com\/?p=2570#breadcrumb","itemListElement":[{"@type":"ListItem","position":1,"name":"Home","item":"https:\/\/voxsahel.com\/"},{"@type":"ListItem","position":2,"name":"Edito| Marche de l&rsquo;opposition \u00e0 Yopougon\/C\u00f4te d\u2019Ivoire : Un signal \u00e0 ne pas sous-estimer"}]},{"@type":"WebSite","@id":"https:\/\/voxsahel.com\/#website","url":"https:\/\/voxsahel.com\/","name":"Vox Sahel","description":"Informez-vous sur le Sahel en un clic","publisher":{"@id":"https:\/\/voxsahel.com\/#organization"},"potentialAction":[{"@type":"SearchAction","target":{"@type":"EntryPoint","urlTemplate":"https:\/\/voxsahel.com\/?s={search_term_string}"},"query-input":{"@type":"PropertyValueSpecification","valueRequired":true,"valueName":"search_term_string"}}],"inLanguage":"fr-FR"},{"@type":"Organization","@id":"https:\/\/voxsahel.com\/#organization","name":"Vox Sahel","url":"https:\/\/voxsahel.com\/","logo":{"@type":"ImageObject","inLanguage":"fr-FR","@id":"https:\/\/voxsahel.com\/#\/schema\/logo\/image\/","url":"https:\/\/voxsahel.com\/wp-content\/uploads\/2024\/09\/Logo-Vox-Sahel.jpg","contentUrl":"https:\/\/voxsahel.com\/wp-content\/uploads\/2024\/09\/Logo-Vox-Sahel.jpg","width":1181,"height":848,"caption":"Vox Sahel"},"image":{"@id":"https:\/\/voxsahel.com\/#\/schema\/logo\/image\/"},"sameAs":["https:\/\/www.facebook.com\/journal.voxsahel"]},{"@type":"Person","@id":"https:\/\/voxsahel.com\/#\/schema\/person\/b4043608248f8fa227cd760e7ff1e19e","name":"Vox Sahel","image":{"@type":"ImageObject","inLanguage":"fr-FR","@id":"https:\/\/secure.gravatar.com\/avatar\/f70e7fa0cb9b29d4a7c5788d6eb2e9ab4d3135cbae1c9161810fdf77a8964699?s=96&d=mm&r=g","url":"https:\/\/secure.gravatar.com\/avatar\/f70e7fa0cb9b29d4a7c5788d6eb2e9ab4d3135cbae1c9161810fdf77a8964699?s=96&d=mm&r=g","contentUrl":"https:\/\/secure.gravatar.com\/avatar\/f70e7fa0cb9b29d4a7c5788d6eb2e9ab4d3135cbae1c9161810fdf77a8964699?s=96&d=mm&r=g","caption":"Vox Sahel"},"sameAs":["http:\/\/www.voxsahel.com"],"url":"https:\/\/voxsahel.com\/?author=2"}]}},"_links":{"self":[{"href":"https:\/\/voxsahel.com\/index.php?rest_route=\/wp\/v2\/posts\/2570","targetHints":{"allow":["GET"]}}],"collection":[{"href":"https:\/\/voxsahel.com\/index.php?rest_route=\/wp\/v2\/posts"}],"about":[{"href":"https:\/\/voxsahel.com\/index.php?rest_route=\/wp\/v2\/types\/post"}],"author":[{"embeddable":true,"href":"https:\/\/voxsahel.com\/index.php?rest_route=\/wp\/v2\/users\/2"}],"replies":[{"embeddable":true,"href":"https:\/\/voxsahel.com\/index.php?rest_route=%2Fwp%2Fv2%2Fcomments&post=2570"}],"version-history":[{"count":1,"href":"https:\/\/voxsahel.com\/index.php?rest_route=\/wp\/v2\/posts\/2570\/revisions"}],"predecessor-version":[{"id":2572,"href":"https:\/\/voxsahel.com\/index.php?rest_route=\/wp\/v2\/posts\/2570\/revisions\/2572"}],"wp:featuredmedia":[{"embeddable":true,"href":"https:\/\/voxsahel.com\/index.php?rest_route=\/wp\/v2\/media\/2530"}],"wp:attachment":[{"href":"https:\/\/voxsahel.com\/index.php?rest_route=%2Fwp%2Fv2%2Fmedia&parent=2570"}],"wp:term":[{"taxonomy":"category","embeddable":true,"href":"https:\/\/voxsahel.com\/index.php?rest_route=%2Fwp%2Fv2%2Fcategories&post=2570"},{"taxonomy":"post_tag","embeddable":true,"href":"https:\/\/voxsahel.com\/index.php?rest_route=%2Fwp%2Fv2%2Ftags&post=2570"}],"curies":[{"name":"wp","href":"https:\/\/api.w.org\/{rel}","templated":true}]}}