{"id":2555,"date":"2025-08-07T20:09:30","date_gmt":"2025-08-07T20:09:30","guid":{"rendered":"https:\/\/voxsahel.com\/?p=2555"},"modified":"2025-08-07T20:11:05","modified_gmt":"2025-08-07T20:11:05","slug":"abidjan-cote-divoire-une-rue-baptisee-au-nom-daristide-bance-linternational-burkinabe-honore-par-la-commune-dadjame","status":"publish","type":"post","link":"https:\/\/voxsahel.com\/?p=2555","title":{"rendered":"Abidjan\/C\u00f4te d\u2019Ivoire: Une rue baptis\u00e9e au nom d\u2019Aristide Banc\u00e9, l\u2019international burkinab\u00e8 honor\u00e9 par la commune d\u2019Adjam\u00e9"},"content":{"rendered":"<p class=\"p1\">L\u2019international burkinab\u00e8 Aristide Banc\u00e9 a r\u00e9cemment \u00e9t\u00e9 honor\u00e9 de mani\u00e8re remarquable par la commune d\u2019Adjam\u00e9, en C\u00f4te d\u2019Ivoire, lieu de sa naissance. Une rue de ce quartier embl\u00e9matique d\u2019Abidjan porte d\u00e9sormais son nom, en reconnaissance de son parcours exemplaire et de ses contributions notables au football africain et mondial.<\/p>\n<p class=\"p1\"><span class=\"s2\">N\u00e9 \u00e0 Adjam\u00e9-Williamsville de parents originaires du village de Torla, au Burkina Faso, Aristide Banc\u00e9 a vu ses premiers r\u00eaves de footballeur prendre forme sur les terrains de C\u00f4te d\u2019Ivoire. C\u2019est au FC Daoukro qu\u2019il entame sa carri\u00e8re professionnelle, avant de rejoindre le Santos FC de Ouagadougou, puis de poursuivre un p\u00e9riple impressionnant \u00e0 travers plusieurs clubs en Afrique, en Europe, en Asie et au Moyen-Orient.<\/span><\/p>\n<p class=\"p1\"><span class=\"s2\">L\u2019un des moments forts de son parcours reste son passage \u00e0 l\u2019ASEC Mimosas, club phare du football ivoirien, o\u00f9 il s\u2019est illustr\u00e9 avec brio. Ce passage, selon lui, a \u00e9t\u00e9 d\u00e9cisif dans sa pr\u00e9paration pour la Coupe d\u2019Afrique des Nations (CAN) 2017 avec les \u00c9talons du Burkina Faso. Lors de cette \u00e9dition, Banc\u00e9 a marqu\u00e9 les esprits par son engagement, son sens du but et sa d\u00e9termination \u00e0 d\u00e9fendre les couleurs de son pays, participant \u00e0 l\u2019un des plus beaux parcours des \u00c9talons dans la comp\u00e9tition.<\/span><\/p>\n<p class=\"p1\"><span class=\"s2\">Dans un message empreint d\u2019\u00e9motion publi\u00e9 sur ses r\u00e9seaux sociaux, le joueur a exprim\u00e9 toute sa reconnaissance : \u00ab Ya quelque temps que j&rsquo;ai \u00e9t\u00e9 honor\u00e9 par la commune qui m\u2019a vu na\u00eetre, o\u00f9 une rue a \u00e9t\u00e9 baptis\u00e9e en mon nom. Et je tiens vraiment \u00e0 montrer ma gratitude aupr\u00e8s des plus hautes communaut\u00e9s communales. Merci, barka, anitch\u00e9&#8230; \u00bb, a-t-il \u00e9crit.<\/span><\/p>\n<p class=\"p1\"><span class=\"s2\">Ce geste symbolique de la part de la commune d\u2019Adjam\u00e9-Williamsville souligne non seulement la reconnaissance des siens, mais aussi l\u2019impact positif qu\u2019un parcours comme celui d\u2019Aristide Banc\u00e9 peut avoir sur la jeunesse africaine. Aujourd\u2019hui retrait\u00e9 des terrains, Banc\u00e9 reste une figure embl\u00e9matique du football burkinab\u00e8 et un mod\u00e8le d\u2019inspiration pour toute une g\u00e9n\u00e9ration.<\/span><\/p>\n<p class=\"p1\"><span class=\"s2\">Sign\u00e9 AB15, ce message d\u2019Aristide Banc\u00e9 r\u00e9affirme son attachement \u00e0 ses racines et son d\u00e9sir de rester un ambassadeur de l\u2019humilit\u00e9, de la pers\u00e9v\u00e9rance et de la reconnaissance.<\/span><\/p>\n<p class=\"p1\" style=\"text-align: right;\"><strong><span class=\"s2\">Par Vox Sahel<\/span><\/strong><\/p>\n","protected":false},"excerpt":{"rendered":"<p>L\u2019international burkinab\u00e8 Aristide Banc\u00e9 a r\u00e9cemment \u00e9t\u00e9 honor\u00e9 de mani\u00e8re remarquable par la commune d\u2019Adjam\u00e9,<\/p>\n","protected":false},"author":2,"featured_media":2557,"comment_status":"open","ping_status":"open","sticky":false,"template":"","format":"standard","meta":{"_et_pb_use_builder":"","_et_pb_old_content":"","_et_gb_content_width":"","footnotes":""},"categories":[12],"tags":[884,883,18,80,40,35,34],"class_list":["post-2555","post","type-post","status-publish","format-standard","has-post-thumbnail","hentry","category-sports","tag-adjame","tag-aristide-bance","tag-burkina-faso","tag-cote-divoire","tag-federation-burkinabe-de-football","tag-football","tag-sport"],"yoast_head":"<!-- This site is optimized with the Yoast SEO plugin v27.5 - https:\/\/yoast.com\/product\/yoast-seo-wordpress\/ -->\n<title>Abidjan\/C\u00f4te d\u2019Ivoire: Une rue baptis\u00e9e au nom d\u2019Aristide Banc\u00e9, l\u2019international burkinab\u00e8 honor\u00e9 par la commune d\u2019Adjam\u00e9 - Vox Sahel<\/title>\n<meta name=\"robots\" content=\"index, follow, max-snippet:-1, max-image-preview:large, max-video-preview:-1\" \/>\n<link rel=\"canonical\" href=\"https:\/\/voxsahel.com\/?p=2555\" \/>\n<meta property=\"og:locale\" content=\"fr_FR\" \/>\n<meta property=\"og:type\" content=\"article\" \/>\n<meta property=\"og:title\" content=\"Abidjan\/C\u00f4te d\u2019Ivoire: Une rue baptis\u00e9e au nom d\u2019Aristide Banc\u00e9, l\u2019international burkinab\u00e8 honor\u00e9 par la commune d\u2019Adjam\u00e9 - Vox Sahel\" \/>\n<meta property=\"og:description\" content=\"L\u2019international burkinab\u00e8 Aristide Banc\u00e9 a r\u00e9cemment \u00e9t\u00e9 honor\u00e9 de mani\u00e8re remarquable par la commune d\u2019Adjam\u00e9,\" \/>\n<meta property=\"og:url\" content=\"https:\/\/voxsahel.com\/?p=2555\" \/>\n<meta property=\"og:site_name\" content=\"Vox Sahel\" \/>\n<meta property=\"article:publisher\" content=\"https:\/\/www.facebook.com\/journal.voxsahel\" \/>\n<meta property=\"article:published_time\" content=\"2025-08-07T20:09:30+00:00\" \/>\n<meta property=\"article:modified_time\" content=\"2025-08-07T20:11:05+00:00\" \/>\n<meta property=\"og:image\" content=\"https:\/\/voxsahel.com\/wp-content\/uploads\/2025\/08\/IMG_9059-1.jpeg\" \/>\n\t<meta property=\"og:image:width\" content=\"910\" \/>\n\t<meta property=\"og:image:height\" content=\"1061\" \/>\n\t<meta property=\"og:image:type\" content=\"image\/jpeg\" \/>\n<meta name=\"author\" content=\"Vox Sahel\" \/>\n<meta name=\"twitter:card\" content=\"summary_large_image\" \/>\n<meta name=\"twitter:label1\" content=\"\u00c9crit par\" \/>\n\t<meta name=\"twitter:data1\" content=\"Vox Sahel\" \/>\n\t<meta name=\"twitter:label2\" content=\"Dur\u00e9e de lecture estim\u00e9e\" \/>\n\t<meta name=\"twitter:data2\" content=\"2 minutes\" \/>\n<script type=\"application\/ld+json\" class=\"yoast-schema-graph\">{\"@context\":\"https:\\\/\\\/schema.org\",\"@graph\":[{\"@type\":\"Article\",\"@id\":\"https:\\\/\\\/voxsahel.com\\\/?p=2555#article\",\"isPartOf\":{\"@id\":\"https:\\\/\\\/voxsahel.com\\\/?p=2555\"},\"author\":{\"name\":\"Vox Sahel\",\"@id\":\"https:\\\/\\\/voxsahel.com\\\/#\\\/schema\\\/person\\\/b4043608248f8fa227cd760e7ff1e19e\"},\"headline\":\"Abidjan\\\/C\u00f4te d\u2019Ivoire: Une rue baptis\u00e9e au nom d\u2019Aristide Banc\u00e9, l\u2019international burkinab\u00e8 honor\u00e9 par la commune d\u2019Adjam\u00e9\",\"datePublished\":\"2025-08-07T20:09:30+00:00\",\"dateModified\":\"2025-08-07T20:11:05+00:00\",\"mainEntityOfPage\":{\"@id\":\"https:\\\/\\\/voxsahel.com\\\/?p=2555\"},\"wordCount\":411,\"commentCount\":0,\"publisher\":{\"@id\":\"https:\\\/\\\/voxsahel.com\\\/#organization\"},\"image\":{\"@id\":\"https:\\\/\\\/voxsahel.com\\\/?p=2555#primaryimage\"},\"thumbnailUrl\":\"https:\\\/\\\/voxsahel.com\\\/wp-content\\\/uploads\\\/2025\\\/08\\\/IMG_9059-1.jpeg\",\"keywords\":[\"Adjam\u00e9\",\"Aristide Banc\u00e9\",\"Burkina Faso\",\"C\u00f4te d\u2019Ivoire\",\"F\u00e9d\u00e9ration Burkinab\u00e8 de Football\",\"Football\",\"Sport\"],\"articleSection\":[\"SPORTS\"],\"inLanguage\":\"fr-FR\",\"potentialAction\":[{\"@type\":\"CommentAction\",\"name\":\"Comment\",\"target\":[\"https:\\\/\\\/voxsahel.com\\\/?p=2555#respond\"]}]},{\"@type\":\"WebPage\",\"@id\":\"https:\\\/\\\/voxsahel.com\\\/?p=2555\",\"url\":\"https:\\\/\\\/voxsahel.com\\\/?p=2555\",\"name\":\"Abidjan\\\/C\u00f4te d\u2019Ivoire: Une rue baptis\u00e9e au nom d\u2019Aristide Banc\u00e9, l\u2019international burkinab\u00e8 honor\u00e9 par la commune d\u2019Adjam\u00e9 - Vox Sahel\",\"isPartOf\":{\"@id\":\"https:\\\/\\\/voxsahel.com\\\/#website\"},\"primaryImageOfPage\":{\"@id\":\"https:\\\/\\\/voxsahel.com\\\/?p=2555#primaryimage\"},\"image\":{\"@id\":\"https:\\\/\\\/voxsahel.com\\\/?p=2555#primaryimage\"},\"thumbnailUrl\":\"https:\\\/\\\/voxsahel.com\\\/wp-content\\\/uploads\\\/2025\\\/08\\\/IMG_9059-1.jpeg\",\"datePublished\":\"2025-08-07T20:09:30+00:00\",\"dateModified\":\"2025-08-07T20:11:05+00:00\",\"breadcrumb\":{\"@id\":\"https:\\\/\\\/voxsahel.com\\\/?p=2555#breadcrumb\"},\"inLanguage\":\"fr-FR\",\"potentialAction\":[{\"@type\":\"ReadAction\",\"target\":[\"https:\\\/\\\/voxsahel.com\\\/?p=2555\"]}]},{\"@type\":\"ImageObject\",\"inLanguage\":\"fr-FR\",\"@id\":\"https:\\\/\\\/voxsahel.com\\\/?p=2555#primaryimage\",\"url\":\"https:\\\/\\\/voxsahel.com\\\/wp-content\\\/uploads\\\/2025\\\/08\\\/IMG_9059-1.jpeg\",\"contentUrl\":\"https:\\\/\\\/voxsahel.com\\\/wp-content\\\/uploads\\\/2025\\\/08\\\/IMG_9059-1.jpeg\",\"width\":910,\"height\":1061},{\"@type\":\"BreadcrumbList\",\"@id\":\"https:\\\/\\\/voxsahel.com\\\/?p=2555#breadcrumb\",\"itemListElement\":[{\"@type\":\"ListItem\",\"position\":1,\"name\":\"Home\",\"item\":\"https:\\\/\\\/voxsahel.com\\\/\"},{\"@type\":\"ListItem\",\"position\":2,\"name\":\"Abidjan\\\/C\u00f4te d\u2019Ivoire: Une rue baptis\u00e9e au nom d\u2019Aristide Banc\u00e9, l\u2019international burkinab\u00e8 honor\u00e9 par la commune d\u2019Adjam\u00e9\"}]},{\"@type\":\"WebSite\",\"@id\":\"https:\\\/\\\/voxsahel.com\\\/#website\",\"url\":\"https:\\\/\\\/voxsahel.com\\\/\",\"name\":\"Vox Sahel\",\"description\":\"Informez-vous sur le Sahel en un clic\",\"publisher\":{\"@id\":\"https:\\\/\\\/voxsahel.com\\\/#organization\"},\"potentialAction\":[{\"@type\":\"SearchAction\",\"target\":{\"@type\":\"EntryPoint\",\"urlTemplate\":\"https:\\\/\\\/voxsahel.com\\\/?s={search_term_string}\"},\"query-input\":{\"@type\":\"PropertyValueSpecification\",\"valueRequired\":true,\"valueName\":\"search_term_string\"}}],\"inLanguage\":\"fr-FR\"},{\"@type\":\"Organization\",\"@id\":\"https:\\\/\\\/voxsahel.com\\\/#organization\",\"name\":\"Vox Sahel\",\"url\":\"https:\\\/\\\/voxsahel.com\\\/\",\"logo\":{\"@type\":\"ImageObject\",\"inLanguage\":\"fr-FR\",\"@id\":\"https:\\\/\\\/voxsahel.com\\\/#\\\/schema\\\/logo\\\/image\\\/\",\"url\":\"https:\\\/\\\/voxsahel.com\\\/wp-content\\\/uploads\\\/2024\\\/09\\\/Logo-Vox-Sahel.jpg\",\"contentUrl\":\"https:\\\/\\\/voxsahel.com\\\/wp-content\\\/uploads\\\/2024\\\/09\\\/Logo-Vox-Sahel.jpg\",\"width\":1181,\"height\":848,\"caption\":\"Vox Sahel\"},\"image\":{\"@id\":\"https:\\\/\\\/voxsahel.com\\\/#\\\/schema\\\/logo\\\/image\\\/\"},\"sameAs\":[\"https:\\\/\\\/www.facebook.com\\\/journal.voxsahel\"]},{\"@type\":\"Person\",\"@id\":\"https:\\\/\\\/voxsahel.com\\\/#\\\/schema\\\/person\\\/b4043608248f8fa227cd760e7ff1e19e\",\"name\":\"Vox Sahel\",\"image\":{\"@type\":\"ImageObject\",\"inLanguage\":\"fr-FR\",\"@id\":\"https:\\\/\\\/secure.gravatar.com\\\/avatar\\\/f70e7fa0cb9b29d4a7c5788d6eb2e9ab4d3135cbae1c9161810fdf77a8964699?s=96&d=mm&r=g\",\"url\":\"https:\\\/\\\/secure.gravatar.com\\\/avatar\\\/f70e7fa0cb9b29d4a7c5788d6eb2e9ab4d3135cbae1c9161810fdf77a8964699?s=96&d=mm&r=g\",\"contentUrl\":\"https:\\\/\\\/secure.gravatar.com\\\/avatar\\\/f70e7fa0cb9b29d4a7c5788d6eb2e9ab4d3135cbae1c9161810fdf77a8964699?s=96&d=mm&r=g\",\"caption\":\"Vox Sahel\"},\"sameAs\":[\"http:\\\/\\\/www.voxsahel.com\"],\"url\":\"https:\\\/\\\/voxsahel.com\\\/?author=2\"}]}<\/script>\n<!-- \/ Yoast SEO plugin. -->","yoast_head_json":{"title":"Abidjan\/C\u00f4te d\u2019Ivoire: Une rue baptis\u00e9e au nom d\u2019Aristide Banc\u00e9, l\u2019international burkinab\u00e8 honor\u00e9 par la commune d\u2019Adjam\u00e9 - Vox Sahel","robots":{"index":"index","follow":"follow","max-snippet":"max-snippet:-1","max-image-preview":"max-image-preview:large","max-video-preview":"max-video-preview:-1"},"canonical":"https:\/\/voxsahel.com\/?p=2555","og_locale":"fr_FR","og_type":"article","og_title":"Abidjan\/C\u00f4te d\u2019Ivoire: Une rue baptis\u00e9e au nom d\u2019Aristide Banc\u00e9, l\u2019international burkinab\u00e8 honor\u00e9 par la commune d\u2019Adjam\u00e9 - Vox Sahel","og_description":"L\u2019international burkinab\u00e8 Aristide Banc\u00e9 a r\u00e9cemment \u00e9t\u00e9 honor\u00e9 de mani\u00e8re remarquable par la commune d\u2019Adjam\u00e9,","og_url":"https:\/\/voxsahel.com\/?p=2555","og_site_name":"Vox Sahel","article_publisher":"https:\/\/www.facebook.com\/journal.voxsahel","article_published_time":"2025-08-07T20:09:30+00:00","article_modified_time":"2025-08-07T20:11:05+00:00","og_image":[{"width":910,"height":1061,"url":"https:\/\/voxsahel.com\/wp-content\/uploads\/2025\/08\/IMG_9059-1.jpeg","type":"image\/jpeg"}],"author":"Vox Sahel","twitter_card":"summary_large_image","twitter_misc":{"\u00c9crit par":"Vox Sahel","Dur\u00e9e de lecture estim\u00e9e":"2 minutes"},"schema":{"@context":"https:\/\/schema.org","@graph":[{"@type":"Article","@id":"https:\/\/voxsahel.com\/?p=2555#article","isPartOf":{"@id":"https:\/\/voxsahel.com\/?p=2555"},"author":{"name":"Vox Sahel","@id":"https:\/\/voxsahel.com\/#\/schema\/person\/b4043608248f8fa227cd760e7ff1e19e"},"headline":"Abidjan\/C\u00f4te d\u2019Ivoire: Une rue baptis\u00e9e au nom d\u2019Aristide Banc\u00e9, l\u2019international burkinab\u00e8 honor\u00e9 par la commune d\u2019Adjam\u00e9","datePublished":"2025-08-07T20:09:30+00:00","dateModified":"2025-08-07T20:11:05+00:00","mainEntityOfPage":{"@id":"https:\/\/voxsahel.com\/?p=2555"},"wordCount":411,"commentCount":0,"publisher":{"@id":"https:\/\/voxsahel.com\/#organization"},"image":{"@id":"https:\/\/voxsahel.com\/?p=2555#primaryimage"},"thumbnailUrl":"https:\/\/voxsahel.com\/wp-content\/uploads\/2025\/08\/IMG_9059-1.jpeg","keywords":["Adjam\u00e9","Aristide Banc\u00e9","Burkina Faso","C\u00f4te d\u2019Ivoire","F\u00e9d\u00e9ration Burkinab\u00e8 de Football","Football","Sport"],"articleSection":["SPORTS"],"inLanguage":"fr-FR","potentialAction":[{"@type":"CommentAction","name":"Comment","target":["https:\/\/voxsahel.com\/?p=2555#respond"]}]},{"@type":"WebPage","@id":"https:\/\/voxsahel.com\/?p=2555","url":"https:\/\/voxsahel.com\/?p=2555","name":"Abidjan\/C\u00f4te d\u2019Ivoire: Une rue baptis\u00e9e au nom d\u2019Aristide Banc\u00e9, l\u2019international burkinab\u00e8 honor\u00e9 par la commune d\u2019Adjam\u00e9 - Vox Sahel","isPartOf":{"@id":"https:\/\/voxsahel.com\/#website"},"primaryImageOfPage":{"@id":"https:\/\/voxsahel.com\/?p=2555#primaryimage"},"image":{"@id":"https:\/\/voxsahel.com\/?p=2555#primaryimage"},"thumbnailUrl":"https:\/\/voxsahel.com\/wp-content\/uploads\/2025\/08\/IMG_9059-1.jpeg","datePublished":"2025-08-07T20:09:30+00:00","dateModified":"2025-08-07T20:11:05+00:00","breadcrumb":{"@id":"https:\/\/voxsahel.com\/?p=2555#breadcrumb"},"inLanguage":"fr-FR","potentialAction":[{"@type":"ReadAction","target":["https:\/\/voxsahel.com\/?p=2555"]}]},{"@type":"ImageObject","inLanguage":"fr-FR","@id":"https:\/\/voxsahel.com\/?p=2555#primaryimage","url":"https:\/\/voxsahel.com\/wp-content\/uploads\/2025\/08\/IMG_9059-1.jpeg","contentUrl":"https:\/\/voxsahel.com\/wp-content\/uploads\/2025\/08\/IMG_9059-1.jpeg","width":910,"height":1061},{"@type":"BreadcrumbList","@id":"https:\/\/voxsahel.com\/?p=2555#breadcrumb","itemListElement":[{"@type":"ListItem","position":1,"name":"Home","item":"https:\/\/voxsahel.com\/"},{"@type":"ListItem","position":2,"name":"Abidjan\/C\u00f4te d\u2019Ivoire: Une rue baptis\u00e9e au nom d\u2019Aristide Banc\u00e9, l\u2019international burkinab\u00e8 honor\u00e9 par la commune d\u2019Adjam\u00e9"}]},{"@type":"WebSite","@id":"https:\/\/voxsahel.com\/#website","url":"https:\/\/voxsahel.com\/","name":"Vox Sahel","description":"Informez-vous sur le Sahel en un clic","publisher":{"@id":"https:\/\/voxsahel.com\/#organization"},"potentialAction":[{"@type":"SearchAction","target":{"@type":"EntryPoint","urlTemplate":"https:\/\/voxsahel.com\/?s={search_term_string}"},"query-input":{"@type":"PropertyValueSpecification","valueRequired":true,"valueName":"search_term_string"}}],"inLanguage":"fr-FR"},{"@type":"Organization","@id":"https:\/\/voxsahel.com\/#organization","name":"Vox Sahel","url":"https:\/\/voxsahel.com\/","logo":{"@type":"ImageObject","inLanguage":"fr-FR","@id":"https:\/\/voxsahel.com\/#\/schema\/logo\/image\/","url":"https:\/\/voxsahel.com\/wp-content\/uploads\/2024\/09\/Logo-Vox-Sahel.jpg","contentUrl":"https:\/\/voxsahel.com\/wp-content\/uploads\/2024\/09\/Logo-Vox-Sahel.jpg","width":1181,"height":848,"caption":"Vox Sahel"},"image":{"@id":"https:\/\/voxsahel.com\/#\/schema\/logo\/image\/"},"sameAs":["https:\/\/www.facebook.com\/journal.voxsahel"]},{"@type":"Person","@id":"https:\/\/voxsahel.com\/#\/schema\/person\/b4043608248f8fa227cd760e7ff1e19e","name":"Vox Sahel","image":{"@type":"ImageObject","inLanguage":"fr-FR","@id":"https:\/\/secure.gravatar.com\/avatar\/f70e7fa0cb9b29d4a7c5788d6eb2e9ab4d3135cbae1c9161810fdf77a8964699?s=96&d=mm&r=g","url":"https:\/\/secure.gravatar.com\/avatar\/f70e7fa0cb9b29d4a7c5788d6eb2e9ab4d3135cbae1c9161810fdf77a8964699?s=96&d=mm&r=g","contentUrl":"https:\/\/secure.gravatar.com\/avatar\/f70e7fa0cb9b29d4a7c5788d6eb2e9ab4d3135cbae1c9161810fdf77a8964699?s=96&d=mm&r=g","caption":"Vox Sahel"},"sameAs":["http:\/\/www.voxsahel.com"],"url":"https:\/\/voxsahel.com\/?author=2"}]}},"_links":{"self":[{"href":"https:\/\/voxsahel.com\/index.php?rest_route=\/wp\/v2\/posts\/2555","targetHints":{"allow":["GET"]}}],"collection":[{"href":"https:\/\/voxsahel.com\/index.php?rest_route=\/wp\/v2\/posts"}],"about":[{"href":"https:\/\/voxsahel.com\/index.php?rest_route=\/wp\/v2\/types\/post"}],"author":[{"embeddable":true,"href":"https:\/\/voxsahel.com\/index.php?rest_route=\/wp\/v2\/users\/2"}],"replies":[{"embeddable":true,"href":"https:\/\/voxsahel.com\/index.php?rest_route=%2Fwp%2Fv2%2Fcomments&post=2555"}],"version-history":[{"count":1,"href":"https:\/\/voxsahel.com\/index.php?rest_route=\/wp\/v2\/posts\/2555\/revisions"}],"predecessor-version":[{"id":2558,"href":"https:\/\/voxsahel.com\/index.php?rest_route=\/wp\/v2\/posts\/2555\/revisions\/2558"}],"wp:featuredmedia":[{"embeddable":true,"href":"https:\/\/voxsahel.com\/index.php?rest_route=\/wp\/v2\/media\/2557"}],"wp:attachment":[{"href":"https:\/\/voxsahel.com\/index.php?rest_route=%2Fwp%2Fv2%2Fmedia&parent=2555"}],"wp:term":[{"taxonomy":"category","embeddable":true,"href":"https:\/\/voxsahel.com\/index.php?rest_route=%2Fwp%2Fv2%2Fcategories&post=2555"},{"taxonomy":"post_tag","embeddable":true,"href":"https:\/\/voxsahel.com\/index.php?rest_route=%2Fwp%2Fv2%2Ftags&post=2555"}],"curies":[{"name":"wp","href":"https:\/\/api.w.org\/{rel}","templated":true}]}}