{"id":2529,"date":"2025-08-03T14:10:00","date_gmt":"2025-08-03T14:10:00","guid":{"rendered":"https:\/\/voxsahel.com\/?p=2529"},"modified":"2025-08-03T14:10:27","modified_gmt":"2025-08-03T14:10:27","slug":"aout-1960-5-aout-2025-65-ans-dindependance-entre-espoirs-tumultes-et-quete-de-souverainete-reelle","status":"publish","type":"post","link":"https:\/\/voxsahel.com\/?p=2529","title":{"rendered":"Ao\u00fbt 1960 \u2013 5 ao\u00fbt 2025 : 65 ans d\u2019ind\u00e9pendance, entre espoirs, tumultes et qu\u00eate de souverainet\u00e9 r\u00e9elle"},"content":{"rendered":"<p class=\"p1\">Le 5 ao\u00fbt 1960, le drapeau de la Haute-Volta, devenu Burkina Faso, flottait pour la premi\u00e8re fois dans le concert des nations libres. Ce jour-l\u00e0, nos a\u00een\u00e9s ont accueilli l\u2019ind\u00e9pendance avec ferveur, convaincus d\u2019ouvrir un nouveau chapitre de dignit\u00e9 et d\u2019\u00e9mancipation.<\/p>\n<p class=\"p1\"><span class=\"s1\">Soixante-cinq ans plus tard, que reste-t-il de cet id\u00e9al ? Que retenir du chemin parcouru ? Et surtout, quel sens donner aujourd\u2019hui \u00e0 notre souverainet\u00e9 ? Le parcours du Burkina Faso est \u00e0 l\u2019image de son peuple : r\u00e9silient, courageux, mais souvent confront\u00e9 aux temp\u00eates de l\u2019histoire. <\/span><\/p>\n<p class=\"p1\"><span class=\"s1\">Elections, coups d\u2019Etat, transitions, insurrections populaires\u2026 notre pays n\u2019a jamais suivi une ligne droite, mais il ne s\u2019est jamais arr\u00eat\u00e9 de marcher non plus. Les espoirs ont souvent \u00e9t\u00e9 d\u00e9\u00e7us, mais ils ont toujours su rena\u00eetre. Les d\u00e9sillusions n\u2019ont jamais totalement \u00e9touff\u00e9 la foi d\u2019un peuple qui aspire \u00e0 mieux.<\/span><\/p>\n<p class=\"p1\"><span class=\"s1\">Aujourd\u2019hui, en regardant dans le r\u00e9troviseur, des interrogations l\u00e9gitimes surgissent. L\u2019ind\u00e9pendance conquise en 1960 a-t-elle \u00e9t\u00e9 pleine et enti\u00e8re ou simplement une formalit\u00e9 politique ? Nos choix de d\u00e9veloppement, nos syst\u00e8mes \u00e9ducatif, \u00e9conomique et militaire ont-ils r\u00e9ellement \u00e9t\u00e9 pens\u00e9s pour nous-m\u00eames, ou ont-ils longtemps ob\u00e9i \u00e0 d\u2019autres logiques que les n\u00f4tres ? <\/span><\/p>\n<p class=\"p1\"><span class=\"s1\">Ces questions, longtemps \u00e9vit\u00e9es, s\u2019imposent d\u00e9sormais avec force. Dans ce contexte, l\u2019arriv\u00e9e des nouvelles autorit\u00e9s nourrit de nouveaux espoirs. En rompant avec certains sch\u00e9mas h\u00e9rit\u00e9s, elles disent vouloir donner un contenu concret \u00e0 notre ind\u00e9pendance. <\/span><\/p>\n<p class=\"p1\"><span class=\"s1\">Une ind\u00e9pendance assum\u00e9e, enracin\u00e9e dans nos valeurs, nos int\u00e9r\u00eats et notre vision du monde. Une souverainet\u00e9 qui ne se limite plus \u00e0 un drapeau ou un hymne national, mais qui se traduit par la ma\u00eetrise de nos ressources, la s\u00e9curit\u00e9 de notre territoire, la dignit\u00e9 de nos institutions et la libert\u00e9 de nos d\u00e9cisions. <\/span><\/p>\n<p class=\"p1\"><span class=\"s1\">Le Burkina Faso nouveau ne se construira ni dans le ressentiment ni dans l\u2019illusion. Il se b\u00e2tira dans la lucidit\u00e9, la responsabilit\u00e9 collective et le courage de tracer une voie souveraine, \u00e0 notre mesure, \u00e0 notre rythme. <\/span><\/p>\n<p class=\"p1\" style=\"text-align: left;\"><span class=\"s1\">Le 5 ao\u00fbt doit ainsi \u00eatre plus qu\u2019un anniversaire ; il doit \u00eatre une invitation \u00e0 l\u2019engagement, \u00e0 l\u2019unit\u00e9 et \u00e0 la vigilance. Car l\u2019ind\u00e9pendance n\u2019est jamais acquise une fois pour toutes, \u00a0elle se d\u00e9fend, se renforce et se vit chaque jour.<\/span><\/p>\n<p class=\"p1\" style=\"text-align: right;\"><strong><span class=\"s1\">La R\u00e9daction<\/span><\/strong><\/p>\n","protected":false},"excerpt":{"rendered":"<p>Le 5 ao\u00fbt 1960, le drapeau de la Haute-Volta, devenu Burkina Faso, flottait pour la<\/p>\n","protected":false},"author":2,"featured_media":2530,"comment_status":"open","ping_status":"open","sticky":false,"template":"","format":"standard","meta":{"_et_pb_use_builder":"","_et_pb_old_content":"","_et_gb_content_width":"","footnotes":""},"categories":[6],"tags":[878,18,174,49,877,75,401],"class_list":["post-2529","post","type-post","status-publish","format-standard","has-post-thumbnail","hentry","category-politique","tag-5-aout-1960","tag-burkina-faso","tag-capitaine-ibrahim-traore","tag-geopolitique","tag-independance","tag-politique","tag-souverainete"],"yoast_head":"<!-- This site is optimized with the Yoast SEO plugin v27.5 - https:\/\/yoast.com\/product\/yoast-seo-wordpress\/ -->\n<title>Ao\u00fbt 1960 \u2013 5 ao\u00fbt 2025 : 65 ans d\u2019ind\u00e9pendance, entre espoirs, tumultes et qu\u00eate de souverainet\u00e9 r\u00e9elle - Vox Sahel<\/title>\n<meta name=\"robots\" content=\"index, follow, max-snippet:-1, max-image-preview:large, max-video-preview:-1\" \/>\n<link rel=\"canonical\" href=\"https:\/\/voxsahel.com\/?p=2529\" \/>\n<meta property=\"og:locale\" content=\"fr_FR\" \/>\n<meta property=\"og:type\" content=\"article\" \/>\n<meta property=\"og:title\" content=\"Ao\u00fbt 1960 \u2013 5 ao\u00fbt 2025 : 65 ans d\u2019ind\u00e9pendance, entre espoirs, tumultes et qu\u00eate de souverainet\u00e9 r\u00e9elle - Vox Sahel\" \/>\n<meta property=\"og:description\" content=\"Le 5 ao\u00fbt 1960, le drapeau de la Haute-Volta, devenu Burkina Faso, flottait pour la\" \/>\n<meta property=\"og:url\" content=\"https:\/\/voxsahel.com\/?p=2529\" \/>\n<meta property=\"og:site_name\" content=\"Vox Sahel\" \/>\n<meta property=\"article:publisher\" content=\"https:\/\/www.facebook.com\/journal.voxsahel\" \/>\n<meta property=\"article:published_time\" content=\"2025-08-03T14:10:00+00:00\" \/>\n<meta property=\"article:modified_time\" content=\"2025-08-03T14:10:27+00:00\" \/>\n<meta property=\"og:image\" content=\"https:\/\/voxsahel.com\/wp-content\/uploads\/2025\/08\/IMG_6875.jpeg\" \/>\n\t<meta property=\"og:image:width\" content=\"1536\" \/>\n\t<meta property=\"og:image:height\" content=\"1092\" \/>\n\t<meta property=\"og:image:type\" content=\"image\/jpeg\" \/>\n<meta name=\"author\" content=\"Vox Sahel\" \/>\n<meta name=\"twitter:card\" content=\"summary_large_image\" \/>\n<meta name=\"twitter:label1\" content=\"\u00c9crit par\" \/>\n\t<meta name=\"twitter:data1\" content=\"Vox Sahel\" \/>\n\t<meta name=\"twitter:label2\" content=\"Dur\u00e9e de lecture estim\u00e9e\" \/>\n\t<meta name=\"twitter:data2\" content=\"3 minutes\" \/>\n<script type=\"application\/ld+json\" class=\"yoast-schema-graph\">{\"@context\":\"https:\\\/\\\/schema.org\",\"@graph\":[{\"@type\":\"Article\",\"@id\":\"https:\\\/\\\/voxsahel.com\\\/?p=2529#article\",\"isPartOf\":{\"@id\":\"https:\\\/\\\/voxsahel.com\\\/?p=2529\"},\"author\":{\"name\":\"Vox Sahel\",\"@id\":\"https:\\\/\\\/voxsahel.com\\\/#\\\/schema\\\/person\\\/b4043608248f8fa227cd760e7ff1e19e\"},\"headline\":\"Ao\u00fbt 1960 \u2013 5 ao\u00fbt 2025 : 65 ans d\u2019ind\u00e9pendance, entre espoirs, tumultes et qu\u00eate de souverainet\u00e9 r\u00e9elle\",\"datePublished\":\"2025-08-03T14:10:00+00:00\",\"dateModified\":\"2025-08-03T14:10:27+00:00\",\"mainEntityOfPage\":{\"@id\":\"https:\\\/\\\/voxsahel.com\\\/?p=2529\"},\"wordCount\":422,\"commentCount\":0,\"publisher\":{\"@id\":\"https:\\\/\\\/voxsahel.com\\\/#organization\"},\"image\":{\"@id\":\"https:\\\/\\\/voxsahel.com\\\/?p=2529#primaryimage\"},\"thumbnailUrl\":\"https:\\\/\\\/voxsahel.com\\\/wp-content\\\/uploads\\\/2025\\\/08\\\/IMG_6875.jpeg\",\"keywords\":[\"5 Ao\u00fbt 1960\",\"Burkina Faso\",\"Capitaine Ibrahim Traor\u00e9\",\"G\u00e9opolitique\",\"Ind\u00e9pendance\",\"Politique\",\"Souverainet\u00e9\"],\"articleSection\":[\"POLITIQUE\"],\"inLanguage\":\"fr-FR\",\"potentialAction\":[{\"@type\":\"CommentAction\",\"name\":\"Comment\",\"target\":[\"https:\\\/\\\/voxsahel.com\\\/?p=2529#respond\"]}]},{\"@type\":\"WebPage\",\"@id\":\"https:\\\/\\\/voxsahel.com\\\/?p=2529\",\"url\":\"https:\\\/\\\/voxsahel.com\\\/?p=2529\",\"name\":\"Ao\u00fbt 1960 \u2013 5 ao\u00fbt 2025 : 65 ans d\u2019ind\u00e9pendance, entre espoirs, tumultes et qu\u00eate de souverainet\u00e9 r\u00e9elle - Vox Sahel\",\"isPartOf\":{\"@id\":\"https:\\\/\\\/voxsahel.com\\\/#website\"},\"primaryImageOfPage\":{\"@id\":\"https:\\\/\\\/voxsahel.com\\\/?p=2529#primaryimage\"},\"image\":{\"@id\":\"https:\\\/\\\/voxsahel.com\\\/?p=2529#primaryimage\"},\"thumbnailUrl\":\"https:\\\/\\\/voxsahel.com\\\/wp-content\\\/uploads\\\/2025\\\/08\\\/IMG_6875.jpeg\",\"datePublished\":\"2025-08-03T14:10:00+00:00\",\"dateModified\":\"2025-08-03T14:10:27+00:00\",\"breadcrumb\":{\"@id\":\"https:\\\/\\\/voxsahel.com\\\/?p=2529#breadcrumb\"},\"inLanguage\":\"fr-FR\",\"potentialAction\":[{\"@type\":\"ReadAction\",\"target\":[\"https:\\\/\\\/voxsahel.com\\\/?p=2529\"]}]},{\"@type\":\"ImageObject\",\"inLanguage\":\"fr-FR\",\"@id\":\"https:\\\/\\\/voxsahel.com\\\/?p=2529#primaryimage\",\"url\":\"https:\\\/\\\/voxsahel.com\\\/wp-content\\\/uploads\\\/2025\\\/08\\\/IMG_6875.jpeg\",\"contentUrl\":\"https:\\\/\\\/voxsahel.com\\\/wp-content\\\/uploads\\\/2025\\\/08\\\/IMG_6875.jpeg\",\"width\":1536,\"height\":1092},{\"@type\":\"BreadcrumbList\",\"@id\":\"https:\\\/\\\/voxsahel.com\\\/?p=2529#breadcrumb\",\"itemListElement\":[{\"@type\":\"ListItem\",\"position\":1,\"name\":\"Home\",\"item\":\"https:\\\/\\\/voxsahel.com\\\/\"},{\"@type\":\"ListItem\",\"position\":2,\"name\":\"Ao\u00fbt 1960 \u2013 5 ao\u00fbt 2025 : 65 ans d\u2019ind\u00e9pendance, entre espoirs, tumultes et qu\u00eate de souverainet\u00e9 r\u00e9elle\"}]},{\"@type\":\"WebSite\",\"@id\":\"https:\\\/\\\/voxsahel.com\\\/#website\",\"url\":\"https:\\\/\\\/voxsahel.com\\\/\",\"name\":\"Vox Sahel\",\"description\":\"Informez-vous sur le Sahel en un clic\",\"publisher\":{\"@id\":\"https:\\\/\\\/voxsahel.com\\\/#organization\"},\"potentialAction\":[{\"@type\":\"SearchAction\",\"target\":{\"@type\":\"EntryPoint\",\"urlTemplate\":\"https:\\\/\\\/voxsahel.com\\\/?s={search_term_string}\"},\"query-input\":{\"@type\":\"PropertyValueSpecification\",\"valueRequired\":true,\"valueName\":\"search_term_string\"}}],\"inLanguage\":\"fr-FR\"},{\"@type\":\"Organization\",\"@id\":\"https:\\\/\\\/voxsahel.com\\\/#organization\",\"name\":\"Vox Sahel\",\"url\":\"https:\\\/\\\/voxsahel.com\\\/\",\"logo\":{\"@type\":\"ImageObject\",\"inLanguage\":\"fr-FR\",\"@id\":\"https:\\\/\\\/voxsahel.com\\\/#\\\/schema\\\/logo\\\/image\\\/\",\"url\":\"https:\\\/\\\/voxsahel.com\\\/wp-content\\\/uploads\\\/2024\\\/09\\\/Logo-Vox-Sahel.jpg\",\"contentUrl\":\"https:\\\/\\\/voxsahel.com\\\/wp-content\\\/uploads\\\/2024\\\/09\\\/Logo-Vox-Sahel.jpg\",\"width\":1181,\"height\":848,\"caption\":\"Vox Sahel\"},\"image\":{\"@id\":\"https:\\\/\\\/voxsahel.com\\\/#\\\/schema\\\/logo\\\/image\\\/\"},\"sameAs\":[\"https:\\\/\\\/www.facebook.com\\\/journal.voxsahel\"]},{\"@type\":\"Person\",\"@id\":\"https:\\\/\\\/voxsahel.com\\\/#\\\/schema\\\/person\\\/b4043608248f8fa227cd760e7ff1e19e\",\"name\":\"Vox Sahel\",\"image\":{\"@type\":\"ImageObject\",\"inLanguage\":\"fr-FR\",\"@id\":\"https:\\\/\\\/secure.gravatar.com\\\/avatar\\\/f70e7fa0cb9b29d4a7c5788d6eb2e9ab4d3135cbae1c9161810fdf77a8964699?s=96&d=mm&r=g\",\"url\":\"https:\\\/\\\/secure.gravatar.com\\\/avatar\\\/f70e7fa0cb9b29d4a7c5788d6eb2e9ab4d3135cbae1c9161810fdf77a8964699?s=96&d=mm&r=g\",\"contentUrl\":\"https:\\\/\\\/secure.gravatar.com\\\/avatar\\\/f70e7fa0cb9b29d4a7c5788d6eb2e9ab4d3135cbae1c9161810fdf77a8964699?s=96&d=mm&r=g\",\"caption\":\"Vox Sahel\"},\"sameAs\":[\"http:\\\/\\\/www.voxsahel.com\"],\"url\":\"https:\\\/\\\/voxsahel.com\\\/?author=2\"}]}<\/script>\n<!-- \/ Yoast SEO plugin. -->","yoast_head_json":{"title":"Ao\u00fbt 1960 \u2013 5 ao\u00fbt 2025 : 65 ans d\u2019ind\u00e9pendance, entre espoirs, tumultes et qu\u00eate de souverainet\u00e9 r\u00e9elle - Vox Sahel","robots":{"index":"index","follow":"follow","max-snippet":"max-snippet:-1","max-image-preview":"max-image-preview:large","max-video-preview":"max-video-preview:-1"},"canonical":"https:\/\/voxsahel.com\/?p=2529","og_locale":"fr_FR","og_type":"article","og_title":"Ao\u00fbt 1960 \u2013 5 ao\u00fbt 2025 : 65 ans d\u2019ind\u00e9pendance, entre espoirs, tumultes et qu\u00eate de souverainet\u00e9 r\u00e9elle - Vox Sahel","og_description":"Le 5 ao\u00fbt 1960, le drapeau de la Haute-Volta, devenu Burkina Faso, flottait pour la","og_url":"https:\/\/voxsahel.com\/?p=2529","og_site_name":"Vox Sahel","article_publisher":"https:\/\/www.facebook.com\/journal.voxsahel","article_published_time":"2025-08-03T14:10:00+00:00","article_modified_time":"2025-08-03T14:10:27+00:00","og_image":[{"width":1536,"height":1092,"url":"https:\/\/voxsahel.com\/wp-content\/uploads\/2025\/08\/IMG_6875.jpeg","type":"image\/jpeg"}],"author":"Vox Sahel","twitter_card":"summary_large_image","twitter_misc":{"\u00c9crit par":"Vox Sahel","Dur\u00e9e de lecture estim\u00e9e":"3 minutes"},"schema":{"@context":"https:\/\/schema.org","@graph":[{"@type":"Article","@id":"https:\/\/voxsahel.com\/?p=2529#article","isPartOf":{"@id":"https:\/\/voxsahel.com\/?p=2529"},"author":{"name":"Vox Sahel","@id":"https:\/\/voxsahel.com\/#\/schema\/person\/b4043608248f8fa227cd760e7ff1e19e"},"headline":"Ao\u00fbt 1960 \u2013 5 ao\u00fbt 2025 : 65 ans d\u2019ind\u00e9pendance, entre espoirs, tumultes et qu\u00eate de souverainet\u00e9 r\u00e9elle","datePublished":"2025-08-03T14:10:00+00:00","dateModified":"2025-08-03T14:10:27+00:00","mainEntityOfPage":{"@id":"https:\/\/voxsahel.com\/?p=2529"},"wordCount":422,"commentCount":0,"publisher":{"@id":"https:\/\/voxsahel.com\/#organization"},"image":{"@id":"https:\/\/voxsahel.com\/?p=2529#primaryimage"},"thumbnailUrl":"https:\/\/voxsahel.com\/wp-content\/uploads\/2025\/08\/IMG_6875.jpeg","keywords":["5 Ao\u00fbt 1960","Burkina Faso","Capitaine Ibrahim Traor\u00e9","G\u00e9opolitique","Ind\u00e9pendance","Politique","Souverainet\u00e9"],"articleSection":["POLITIQUE"],"inLanguage":"fr-FR","potentialAction":[{"@type":"CommentAction","name":"Comment","target":["https:\/\/voxsahel.com\/?p=2529#respond"]}]},{"@type":"WebPage","@id":"https:\/\/voxsahel.com\/?p=2529","url":"https:\/\/voxsahel.com\/?p=2529","name":"Ao\u00fbt 1960 \u2013 5 ao\u00fbt 2025 : 65 ans d\u2019ind\u00e9pendance, entre espoirs, tumultes et qu\u00eate de souverainet\u00e9 r\u00e9elle - Vox Sahel","isPartOf":{"@id":"https:\/\/voxsahel.com\/#website"},"primaryImageOfPage":{"@id":"https:\/\/voxsahel.com\/?p=2529#primaryimage"},"image":{"@id":"https:\/\/voxsahel.com\/?p=2529#primaryimage"},"thumbnailUrl":"https:\/\/voxsahel.com\/wp-content\/uploads\/2025\/08\/IMG_6875.jpeg","datePublished":"2025-08-03T14:10:00+00:00","dateModified":"2025-08-03T14:10:27+00:00","breadcrumb":{"@id":"https:\/\/voxsahel.com\/?p=2529#breadcrumb"},"inLanguage":"fr-FR","potentialAction":[{"@type":"ReadAction","target":["https:\/\/voxsahel.com\/?p=2529"]}]},{"@type":"ImageObject","inLanguage":"fr-FR","@id":"https:\/\/voxsahel.com\/?p=2529#primaryimage","url":"https:\/\/voxsahel.com\/wp-content\/uploads\/2025\/08\/IMG_6875.jpeg","contentUrl":"https:\/\/voxsahel.com\/wp-content\/uploads\/2025\/08\/IMG_6875.jpeg","width":1536,"height":1092},{"@type":"BreadcrumbList","@id":"https:\/\/voxsahel.com\/?p=2529#breadcrumb","itemListElement":[{"@type":"ListItem","position":1,"name":"Home","item":"https:\/\/voxsahel.com\/"},{"@type":"ListItem","position":2,"name":"Ao\u00fbt 1960 \u2013 5 ao\u00fbt 2025 : 65 ans d\u2019ind\u00e9pendance, entre espoirs, tumultes et qu\u00eate de souverainet\u00e9 r\u00e9elle"}]},{"@type":"WebSite","@id":"https:\/\/voxsahel.com\/#website","url":"https:\/\/voxsahel.com\/","name":"Vox Sahel","description":"Informez-vous sur le Sahel en un clic","publisher":{"@id":"https:\/\/voxsahel.com\/#organization"},"potentialAction":[{"@type":"SearchAction","target":{"@type":"EntryPoint","urlTemplate":"https:\/\/voxsahel.com\/?s={search_term_string}"},"query-input":{"@type":"PropertyValueSpecification","valueRequired":true,"valueName":"search_term_string"}}],"inLanguage":"fr-FR"},{"@type":"Organization","@id":"https:\/\/voxsahel.com\/#organization","name":"Vox Sahel","url":"https:\/\/voxsahel.com\/","logo":{"@type":"ImageObject","inLanguage":"fr-FR","@id":"https:\/\/voxsahel.com\/#\/schema\/logo\/image\/","url":"https:\/\/voxsahel.com\/wp-content\/uploads\/2024\/09\/Logo-Vox-Sahel.jpg","contentUrl":"https:\/\/voxsahel.com\/wp-content\/uploads\/2024\/09\/Logo-Vox-Sahel.jpg","width":1181,"height":848,"caption":"Vox Sahel"},"image":{"@id":"https:\/\/voxsahel.com\/#\/schema\/logo\/image\/"},"sameAs":["https:\/\/www.facebook.com\/journal.voxsahel"]},{"@type":"Person","@id":"https:\/\/voxsahel.com\/#\/schema\/person\/b4043608248f8fa227cd760e7ff1e19e","name":"Vox Sahel","image":{"@type":"ImageObject","inLanguage":"fr-FR","@id":"https:\/\/secure.gravatar.com\/avatar\/f70e7fa0cb9b29d4a7c5788d6eb2e9ab4d3135cbae1c9161810fdf77a8964699?s=96&d=mm&r=g","url":"https:\/\/secure.gravatar.com\/avatar\/f70e7fa0cb9b29d4a7c5788d6eb2e9ab4d3135cbae1c9161810fdf77a8964699?s=96&d=mm&r=g","contentUrl":"https:\/\/secure.gravatar.com\/avatar\/f70e7fa0cb9b29d4a7c5788d6eb2e9ab4d3135cbae1c9161810fdf77a8964699?s=96&d=mm&r=g","caption":"Vox Sahel"},"sameAs":["http:\/\/www.voxsahel.com"],"url":"https:\/\/voxsahel.com\/?author=2"}]}},"_links":{"self":[{"href":"https:\/\/voxsahel.com\/index.php?rest_route=\/wp\/v2\/posts\/2529","targetHints":{"allow":["GET"]}}],"collection":[{"href":"https:\/\/voxsahel.com\/index.php?rest_route=\/wp\/v2\/posts"}],"about":[{"href":"https:\/\/voxsahel.com\/index.php?rest_route=\/wp\/v2\/types\/post"}],"author":[{"embeddable":true,"href":"https:\/\/voxsahel.com\/index.php?rest_route=\/wp\/v2\/users\/2"}],"replies":[{"embeddable":true,"href":"https:\/\/voxsahel.com\/index.php?rest_route=%2Fwp%2Fv2%2Fcomments&post=2529"}],"version-history":[{"count":1,"href":"https:\/\/voxsahel.com\/index.php?rest_route=\/wp\/v2\/posts\/2529\/revisions"}],"predecessor-version":[{"id":2531,"href":"https:\/\/voxsahel.com\/index.php?rest_route=\/wp\/v2\/posts\/2529\/revisions\/2531"}],"wp:featuredmedia":[{"embeddable":true,"href":"https:\/\/voxsahel.com\/index.php?rest_route=\/wp\/v2\/media\/2530"}],"wp:attachment":[{"href":"https:\/\/voxsahel.com\/index.php?rest_route=%2Fwp%2Fv2%2Fmedia&parent=2529"}],"wp:term":[{"taxonomy":"category","embeddable":true,"href":"https:\/\/voxsahel.com\/index.php?rest_route=%2Fwp%2Fv2%2Fcategories&post=2529"},{"taxonomy":"post_tag","embeddable":true,"href":"https:\/\/voxsahel.com\/index.php?rest_route=%2Fwp%2Fv2%2Ftags&post=2529"}],"curies":[{"name":"wp","href":"https:\/\/api.w.org\/{rel}","templated":true}]}}