{"id":2513,"date":"2025-08-02T19:02:37","date_gmt":"2025-08-02T19:02:37","guid":{"rendered":"https:\/\/voxsahel.com\/?p=2513"},"modified":"2025-08-02T19:02:37","modified_gmt":"2025-08-02T19:02:37","slug":"%f0%9d%90%82%f0%9d%90%9a%f0%9d%90%a6%f0%9d%90%a9%f0%9d%90%9a%f0%9d%90%a0%f0%9d%90%a7%f0%9d%90%9e-%f0%9d%90%9a%f0%9d%90%a0%f0%9d%90%ab%f0%9d%90%a2%f0%9d%90%9c%f0%9d%90%a8%f0%9d%90%a5%f0%9d%90%9e","status":"publish","type":"post","link":"https:\/\/voxsahel.com\/?p=2513","title":{"rendered":"\ud835\udc02\ud835\udc1a\ud835\udc26\ud835\udc29\ud835\udc1a\ud835\udc20\ud835\udc27\ud835\udc1e \ud835\udc1a\ud835\udc20\ud835\udc2b\ud835\udc22\ud835\udc1c\ud835\udc28\ud835\udc25\ud835\udc1e : \ud835\udc25\ud835\udc1e \ud835\udc0f\ud835\udc2b\ud835\udc1e\ud835\udc26\ud835\udc22\ud835\udc1e\ud835\udc2b \ud835\udc26\ud835\udc22\ud835\udc27\ud835\udc22\ud835\udc2c\ud835\udc2d\ud835\udc2b\ud835\udc1e \ud835\udc1a\ud835\udc29\ud835\udc29\ud835\udc28\ud835\udc2b\ud835\udc2d\ud835\udc1e \ud835\udc2c\ud835\udc28\ud835\udc27 \ud835\udc2c\ud835\udc28\ud835\udc2e\ud835\udc2d\ud835\udc22\ud835\udc1e\ud835\udc27 \ud835\udc1a\ud835\udc2e\ud835\udc31 \ud835\udc29\ud835\udc2b\ud835\udc28\ud835\udc1d\ud835\udc2e\ud835\udc1c\ud835\udc2d\ud835\udc1e\ud835\udc2e\ud835\udc2b\ud835\udc2c"},"content":{"rendered":"<p class=\"p1\"><span class=\"s1\">\u200eDe retour de Gaoua, le Premier ministre, Rimtalba Jean Emmanuel Ou\u00e9draogo, a marqu\u00e9 une halte dans un champ familial afin d\u2019encourager les producteurs.<\/span><\/p>\n<p class=\"p1\"><span class=\"s1\"><img loading=\"lazy\" decoding=\"async\" class=\"aligncenter size-large wp-image-2515\" src=\"https:\/\/voxsahel.com\/wp-content\/uploads\/2025\/08\/IMG_8223-1024x731.jpeg\" alt=\"\" width=\"640\" height=\"457\" srcset=\"https:\/\/voxsahel.com\/wp-content\/uploads\/2025\/08\/IMG_8223-1024x731.jpeg 1024w, https:\/\/voxsahel.com\/wp-content\/uploads\/2025\/08\/IMG_8223-300x214.jpeg 300w, https:\/\/voxsahel.com\/wp-content\/uploads\/2025\/08\/IMG_8223-768x548.jpeg 768w, https:\/\/voxsahel.com\/wp-content\/uploads\/2025\/08\/IMG_8223-1536x1097.jpeg 1536w, https:\/\/voxsahel.com\/wp-content\/uploads\/2025\/08\/IMG_8223-1080x771.jpeg 1080w, https:\/\/voxsahel.com\/wp-content\/uploads\/2025\/08\/IMG_8223-610x435.jpeg 610w, https:\/\/voxsahel.com\/wp-content\/uploads\/2025\/08\/IMG_8223.jpeg 2048w\" sizes=\"(max-width: 640px) 100vw, 640px\" \/><\/span><\/p>\n<p class=\"p1\"><span class=\"s1\">\u200eLa famille Da, du village de Wangara, localit\u00e9 du d\u00e9partement de Tiankoura dans la Bougouriba, \u00e9tait visiblement surprise par l\u2019arr\u00eat du cort\u00e8ge au bord de son champ.<\/span>\u200e<\/p>\n<p class=\"p1\"><span class=\"s1\"><img loading=\"lazy\" decoding=\"async\" class=\"aligncenter size-large wp-image-2516\" src=\"https:\/\/voxsahel.com\/wp-content\/uploads\/2025\/08\/IMG_8222-1024x768.jpeg\" alt=\"\" width=\"640\" height=\"480\" srcset=\"https:\/\/voxsahel.com\/wp-content\/uploads\/2025\/08\/IMG_8222-1024x768.jpeg 1024w, https:\/\/voxsahel.com\/wp-content\/uploads\/2025\/08\/IMG_8222-300x225.jpeg 300w, https:\/\/voxsahel.com\/wp-content\/uploads\/2025\/08\/IMG_8222-768x576.jpeg 768w, https:\/\/voxsahel.com\/wp-content\/uploads\/2025\/08\/IMG_8222-1536x1152.jpeg 1536w, https:\/\/voxsahel.com\/wp-content\/uploads\/2025\/08\/IMG_8222-510x382.jpeg 510w, https:\/\/voxsahel.com\/wp-content\/uploads\/2025\/08\/IMG_8222-1080x810.jpeg 1080w, https:\/\/voxsahel.com\/wp-content\/uploads\/2025\/08\/IMG_8222-610x458.jpeg 610w, https:\/\/voxsahel.com\/wp-content\/uploads\/2025\/08\/IMG_8222-720x540.jpeg 720w, https:\/\/voxsahel.com\/wp-content\/uploads\/2025\/08\/IMG_8222.jpeg 2048w\" sizes=\"(max-width: 640px) 100vw, 640px\" \/><\/span><\/p>\n<p class=\"p1\"><span class=\"s1\">\u200eEn une quinzaine de minutes, elle a \u00e9chang\u00e9 de vive voix avec le Chef du Gouvernement, lui faisant part des difficult\u00e9s rencontr\u00e9es dans la production agricole, notamment l\u2019acc\u00e8s aux diff\u00e9rents types d\u2019engrais, tels que le NPK et l\u2019ur\u00e9e.<\/span><\/p>\n<p><img loading=\"lazy\" decoding=\"async\" class=\"aligncenter size-large wp-image-2518\" src=\"https:\/\/voxsahel.com\/wp-content\/uploads\/2025\/08\/IMG_8225-1024x621.jpeg\" alt=\"\" width=\"640\" height=\"388\" srcset=\"https:\/\/voxsahel.com\/wp-content\/uploads\/2025\/08\/IMG_8225-1024x621.jpeg 1024w, https:\/\/voxsahel.com\/wp-content\/uploads\/2025\/08\/IMG_8225-300x182.jpeg 300w, https:\/\/voxsahel.com\/wp-content\/uploads\/2025\/08\/IMG_8225-768x466.jpeg 768w, https:\/\/voxsahel.com\/wp-content\/uploads\/2025\/08\/IMG_8225-1536x932.jpeg 1536w, https:\/\/voxsahel.com\/wp-content\/uploads\/2025\/08\/IMG_8225-1080x655.jpeg 1080w, https:\/\/voxsahel.com\/wp-content\/uploads\/2025\/08\/IMG_8225-610x370.jpeg 610w, https:\/\/voxsahel.com\/wp-content\/uploads\/2025\/08\/IMG_8225.jpeg 2048w\" sizes=\"(max-width: 640px) 100vw, 640px\" \/><\/p>\n<p class=\"p1\"><span class=\"s1\">\u200e<\/span>Avant de prendre cong\u00e9 de la famille Da, le Premier ministre, en signe de soutien \u00e0 leur effort, a promis, au regard de la superficie emblav\u00e9e, la livraison de cinq sacs de chaque type d\u2019engrais souhait\u00e9.<\/p>\n<p><img loading=\"lazy\" decoding=\"async\" class=\"aligncenter size-large wp-image-2519\" src=\"https:\/\/voxsahel.com\/wp-content\/uploads\/2025\/08\/IMG_8224-1-1024x658.jpeg\" alt=\"\" width=\"640\" height=\"411\" srcset=\"https:\/\/voxsahel.com\/wp-content\/uploads\/2025\/08\/IMG_8224-1-1024x658.jpeg 1024w, https:\/\/voxsahel.com\/wp-content\/uploads\/2025\/08\/IMG_8224-1-300x193.jpeg 300w, https:\/\/voxsahel.com\/wp-content\/uploads\/2025\/08\/IMG_8224-1-768x493.jpeg 768w, https:\/\/voxsahel.com\/wp-content\/uploads\/2025\/08\/IMG_8224-1-1536x986.jpeg 1536w, https:\/\/voxsahel.com\/wp-content\/uploads\/2025\/08\/IMG_8224-1-1080x693.jpeg 1080w, https:\/\/voxsahel.com\/wp-content\/uploads\/2025\/08\/IMG_8224-1-610x392.jpeg 610w, https:\/\/voxsahel.com\/wp-content\/uploads\/2025\/08\/IMG_8224-1.jpeg 2048w\" sizes=\"(max-width: 640px) 100vw, 640px\" \/><\/p>\n<p class=\"p1\"><span class=\"s1\">\u200e<\/span>Ce geste concret illustre l\u2019engagement du Gouvernement \u00e0 promouvoir les exploitations familiales comme un pilier essentiel pour garantir la s\u00e9curit\u00e9 alimentaire du pays.<\/p>\n<p class=\"p1\" style=\"text-align: right;\"><span class=\"s1\">\u200e\ud835\udc03\ud835\udc02\ud835\udc11\ud835\udc0f\/\ud835\udc0f\ud835\udc2b\ud835\udc22\ud835\udc26\ud835\udc1a\ud835\udc2d\ud835\udc2e\ud835\udc2b\ud835\udc1e<\/span><\/p>\n","protected":false},"excerpt":{"rendered":"<p>\u200eDe retour de Gaoua, le Premier ministre, Rimtalba Jean Emmanuel Ou\u00e9draogo, a marqu\u00e9 une halte<\/p>\n","protected":false},"author":2,"featured_media":2520,"comment_status":"open","ping_status":"open","sticky":false,"template":"","format":"standard","meta":{"_et_pb_use_builder":"","_et_pb_old_content":"","_et_gb_content_width":"","footnotes":""},"categories":[5],"tags":[81,767,18,870,869,491],"class_list":["post-2513","post","type-post","status-publish","format-standard","has-post-thumbnail","hentry","category-societe","tag-agriculture","tag-autosuffisance-alimentaire","tag-burkina-faso","tag-campagne-agricole","tag-primature-burkina-faso","tag-rimtalba-jean-emmanuel-ouedraogo"],"yoast_head":"<!-- This site is optimized with the Yoast SEO plugin v27.5 - https:\/\/yoast.com\/product\/yoast-seo-wordpress\/ -->\n<title>\ud835\udc02\ud835\udc1a\ud835\udc26\ud835\udc29\ud835\udc1a\ud835\udc20\ud835\udc27\ud835\udc1e \ud835\udc1a\ud835\udc20\ud835\udc2b\ud835\udc22\ud835\udc1c\ud835\udc28\ud835\udc25\ud835\udc1e : \ud835\udc25\ud835\udc1e \ud835\udc0f\ud835\udc2b\ud835\udc1e\ud835\udc26\ud835\udc22\ud835\udc1e\ud835\udc2b \ud835\udc26\ud835\udc22\ud835\udc27\ud835\udc22\ud835\udc2c\ud835\udc2d\ud835\udc2b\ud835\udc1e \ud835\udc1a\ud835\udc29\ud835\udc29\ud835\udc28\ud835\udc2b\ud835\udc2d\ud835\udc1e \ud835\udc2c\ud835\udc28\ud835\udc27 \ud835\udc2c\ud835\udc28\ud835\udc2e\ud835\udc2d\ud835\udc22\ud835\udc1e\ud835\udc27 \ud835\udc1a\ud835\udc2e\ud835\udc31 \ud835\udc29\ud835\udc2b\ud835\udc28\ud835\udc1d\ud835\udc2e\ud835\udc1c\ud835\udc2d\ud835\udc1e\ud835\udc2e\ud835\udc2b\ud835\udc2c - Vox Sahel<\/title>\n<meta name=\"robots\" content=\"index, follow, max-snippet:-1, max-image-preview:large, max-video-preview:-1\" \/>\n<link rel=\"canonical\" href=\"https:\/\/voxsahel.com\/?p=2513\" \/>\n<meta property=\"og:locale\" content=\"fr_FR\" \/>\n<meta property=\"og:type\" content=\"article\" \/>\n<meta property=\"og:title\" content=\"\ud835\udc02\ud835\udc1a\ud835\udc26\ud835\udc29\ud835\udc1a\ud835\udc20\ud835\udc27\ud835\udc1e \ud835\udc1a\ud835\udc20\ud835\udc2b\ud835\udc22\ud835\udc1c\ud835\udc28\ud835\udc25\ud835\udc1e : \ud835\udc25\ud835\udc1e \ud835\udc0f\ud835\udc2b\ud835\udc1e\ud835\udc26\ud835\udc22\ud835\udc1e\ud835\udc2b \ud835\udc26\ud835\udc22\ud835\udc27\ud835\udc22\ud835\udc2c\ud835\udc2d\ud835\udc2b\ud835\udc1e \ud835\udc1a\ud835\udc29\ud835\udc29\ud835\udc28\ud835\udc2b\ud835\udc2d\ud835\udc1e \ud835\udc2c\ud835\udc28\ud835\udc27 \ud835\udc2c\ud835\udc28\ud835\udc2e\ud835\udc2d\ud835\udc22\ud835\udc1e\ud835\udc27 \ud835\udc1a\ud835\udc2e\ud835\udc31 \ud835\udc29\ud835\udc2b\ud835\udc28\ud835\udc1d\ud835\udc2e\ud835\udc1c\ud835\udc2d\ud835\udc1e\ud835\udc2e\ud835\udc2b\ud835\udc2c - Vox Sahel\" \/>\n<meta property=\"og:description\" content=\"\u200eDe retour de Gaoua, le Premier ministre, Rimtalba Jean Emmanuel Ou\u00e9draogo, a marqu\u00e9 une halte\" \/>\n<meta property=\"og:url\" content=\"https:\/\/voxsahel.com\/?p=2513\" \/>\n<meta property=\"og:site_name\" content=\"Vox Sahel\" \/>\n<meta property=\"article:publisher\" content=\"https:\/\/www.facebook.com\/journal.voxsahel\" \/>\n<meta property=\"article:published_time\" content=\"2025-08-02T19:02:37+00:00\" \/>\n<meta property=\"og:image\" content=\"https:\/\/voxsahel.com\/wp-content\/uploads\/2025\/08\/IMG_8221.jpeg\" \/>\n\t<meta property=\"og:image:width\" content=\"2048\" \/>\n\t<meta property=\"og:image:height\" content=\"1463\" \/>\n\t<meta property=\"og:image:type\" content=\"image\/jpeg\" \/>\n<meta name=\"author\" content=\"Vox Sahel\" \/>\n<meta name=\"twitter:card\" content=\"summary_large_image\" \/>\n<meta name=\"twitter:label1\" content=\"\u00c9crit par\" \/>\n\t<meta name=\"twitter:data1\" content=\"Vox Sahel\" \/>\n\t<meta name=\"twitter:label2\" content=\"Dur\u00e9e de lecture estim\u00e9e\" \/>\n\t<meta name=\"twitter:data2\" content=\"2 minutes\" \/>\n<script type=\"application\/ld+json\" class=\"yoast-schema-graph\">{\"@context\":\"https:\\\/\\\/schema.org\",\"@graph\":[{\"@type\":\"Article\",\"@id\":\"https:\\\/\\\/voxsahel.com\\\/?p=2513#article\",\"isPartOf\":{\"@id\":\"https:\\\/\\\/voxsahel.com\\\/?p=2513\"},\"author\":{\"name\":\"Vox Sahel\",\"@id\":\"https:\\\/\\\/voxsahel.com\\\/#\\\/schema\\\/person\\\/b4043608248f8fa227cd760e7ff1e19e\"},\"headline\":\"\ud835\udc02\ud835\udc1a\ud835\udc26\ud835\udc29\ud835\udc1a\ud835\udc20\ud835\udc27\ud835\udc1e \ud835\udc1a\ud835\udc20\ud835\udc2b\ud835\udc22\ud835\udc1c\ud835\udc28\ud835\udc25\ud835\udc1e : \ud835\udc25\ud835\udc1e \ud835\udc0f\ud835\udc2b\ud835\udc1e\ud835\udc26\ud835\udc22\ud835\udc1e\ud835\udc2b \ud835\udc26\ud835\udc22\ud835\udc27\ud835\udc22\ud835\udc2c\ud835\udc2d\ud835\udc2b\ud835\udc1e \ud835\udc1a\ud835\udc29\ud835\udc29\ud835\udc28\ud835\udc2b\ud835\udc2d\ud835\udc1e \ud835\udc2c\ud835\udc28\ud835\udc27 \ud835\udc2c\ud835\udc28\ud835\udc2e\ud835\udc2d\ud835\udc22\ud835\udc1e\ud835\udc27 \ud835\udc1a\ud835\udc2e\ud835\udc31 \ud835\udc29\ud835\udc2b\ud835\udc28\ud835\udc1d\ud835\udc2e\ud835\udc1c\ud835\udc2d\ud835\udc1e\ud835\udc2e\ud835\udc2b\ud835\udc2c\",\"datePublished\":\"2025-08-02T19:02:37+00:00\",\"mainEntityOfPage\":{\"@id\":\"https:\\\/\\\/voxsahel.com\\\/?p=2513\"},\"wordCount\":163,\"commentCount\":0,\"publisher\":{\"@id\":\"https:\\\/\\\/voxsahel.com\\\/#organization\"},\"image\":{\"@id\":\"https:\\\/\\\/voxsahel.com\\\/?p=2513#primaryimage\"},\"thumbnailUrl\":\"https:\\\/\\\/voxsahel.com\\\/wp-content\\\/uploads\\\/2025\\\/08\\\/IMG_8221.jpeg\",\"keywords\":[\"Agriculture\",\"Autosuffisance alimentaire\",\"Burkina Faso\",\"Campagne agricole\",\"Primature Burkina Faso\",\"Rimtalba Jean Emmanuel Ou\u00e9draogo\"],\"articleSection\":[\"SOCIETE\"],\"inLanguage\":\"fr-FR\",\"potentialAction\":[{\"@type\":\"CommentAction\",\"name\":\"Comment\",\"target\":[\"https:\\\/\\\/voxsahel.com\\\/?p=2513#respond\"]}]},{\"@type\":\"WebPage\",\"@id\":\"https:\\\/\\\/voxsahel.com\\\/?p=2513\",\"url\":\"https:\\\/\\\/voxsahel.com\\\/?p=2513\",\"name\":\"\ud835\udc02\ud835\udc1a\ud835\udc26\ud835\udc29\ud835\udc1a\ud835\udc20\ud835\udc27\ud835\udc1e \ud835\udc1a\ud835\udc20\ud835\udc2b\ud835\udc22\ud835\udc1c\ud835\udc28\ud835\udc25\ud835\udc1e : \ud835\udc25\ud835\udc1e \ud835\udc0f\ud835\udc2b\ud835\udc1e\ud835\udc26\ud835\udc22\ud835\udc1e\ud835\udc2b \ud835\udc26\ud835\udc22\ud835\udc27\ud835\udc22\ud835\udc2c\ud835\udc2d\ud835\udc2b\ud835\udc1e \ud835\udc1a\ud835\udc29\ud835\udc29\ud835\udc28\ud835\udc2b\ud835\udc2d\ud835\udc1e \ud835\udc2c\ud835\udc28\ud835\udc27 \ud835\udc2c\ud835\udc28\ud835\udc2e\ud835\udc2d\ud835\udc22\ud835\udc1e\ud835\udc27 \ud835\udc1a\ud835\udc2e\ud835\udc31 \ud835\udc29\ud835\udc2b\ud835\udc28\ud835\udc1d\ud835\udc2e\ud835\udc1c\ud835\udc2d\ud835\udc1e\ud835\udc2e\ud835\udc2b\ud835\udc2c - Vox Sahel\",\"isPartOf\":{\"@id\":\"https:\\\/\\\/voxsahel.com\\\/#website\"},\"primaryImageOfPage\":{\"@id\":\"https:\\\/\\\/voxsahel.com\\\/?p=2513#primaryimage\"},\"image\":{\"@id\":\"https:\\\/\\\/voxsahel.com\\\/?p=2513#primaryimage\"},\"thumbnailUrl\":\"https:\\\/\\\/voxsahel.com\\\/wp-content\\\/uploads\\\/2025\\\/08\\\/IMG_8221.jpeg\",\"datePublished\":\"2025-08-02T19:02:37+00:00\",\"breadcrumb\":{\"@id\":\"https:\\\/\\\/voxsahel.com\\\/?p=2513#breadcrumb\"},\"inLanguage\":\"fr-FR\",\"potentialAction\":[{\"@type\":\"ReadAction\",\"target\":[\"https:\\\/\\\/voxsahel.com\\\/?p=2513\"]}]},{\"@type\":\"ImageObject\",\"inLanguage\":\"fr-FR\",\"@id\":\"https:\\\/\\\/voxsahel.com\\\/?p=2513#primaryimage\",\"url\":\"https:\\\/\\\/voxsahel.com\\\/wp-content\\\/uploads\\\/2025\\\/08\\\/IMG_8221.jpeg\",\"contentUrl\":\"https:\\\/\\\/voxsahel.com\\\/wp-content\\\/uploads\\\/2025\\\/08\\\/IMG_8221.jpeg\",\"width\":2048,\"height\":1463},{\"@type\":\"BreadcrumbList\",\"@id\":\"https:\\\/\\\/voxsahel.com\\\/?p=2513#breadcrumb\",\"itemListElement\":[{\"@type\":\"ListItem\",\"position\":1,\"name\":\"Home\",\"item\":\"https:\\\/\\\/voxsahel.com\\\/\"},{\"@type\":\"ListItem\",\"position\":2,\"name\":\"\ud835\udc02\ud835\udc1a\ud835\udc26\ud835\udc29\ud835\udc1a\ud835\udc20\ud835\udc27\ud835\udc1e \ud835\udc1a\ud835\udc20\ud835\udc2b\ud835\udc22\ud835\udc1c\ud835\udc28\ud835\udc25\ud835\udc1e : \ud835\udc25\ud835\udc1e \ud835\udc0f\ud835\udc2b\ud835\udc1e\ud835\udc26\ud835\udc22\ud835\udc1e\ud835\udc2b \ud835\udc26\ud835\udc22\ud835\udc27\ud835\udc22\ud835\udc2c\ud835\udc2d\ud835\udc2b\ud835\udc1e \ud835\udc1a\ud835\udc29\ud835\udc29\ud835\udc28\ud835\udc2b\ud835\udc2d\ud835\udc1e \ud835\udc2c\ud835\udc28\ud835\udc27 \ud835\udc2c\ud835\udc28\ud835\udc2e\ud835\udc2d\ud835\udc22\ud835\udc1e\ud835\udc27 \ud835\udc1a\ud835\udc2e\ud835\udc31 \ud835\udc29\ud835\udc2b\ud835\udc28\ud835\udc1d\ud835\udc2e\ud835\udc1c\ud835\udc2d\ud835\udc1e\ud835\udc2e\ud835\udc2b\ud835\udc2c\"}]},{\"@type\":\"WebSite\",\"@id\":\"https:\\\/\\\/voxsahel.com\\\/#website\",\"url\":\"https:\\\/\\\/voxsahel.com\\\/\",\"name\":\"Vox Sahel\",\"description\":\"Informez-vous sur le Sahel en un clic\",\"publisher\":{\"@id\":\"https:\\\/\\\/voxsahel.com\\\/#organization\"},\"potentialAction\":[{\"@type\":\"SearchAction\",\"target\":{\"@type\":\"EntryPoint\",\"urlTemplate\":\"https:\\\/\\\/voxsahel.com\\\/?s={search_term_string}\"},\"query-input\":{\"@type\":\"PropertyValueSpecification\",\"valueRequired\":true,\"valueName\":\"search_term_string\"}}],\"inLanguage\":\"fr-FR\"},{\"@type\":\"Organization\",\"@id\":\"https:\\\/\\\/voxsahel.com\\\/#organization\",\"name\":\"Vox Sahel\",\"url\":\"https:\\\/\\\/voxsahel.com\\\/\",\"logo\":{\"@type\":\"ImageObject\",\"inLanguage\":\"fr-FR\",\"@id\":\"https:\\\/\\\/voxsahel.com\\\/#\\\/schema\\\/logo\\\/image\\\/\",\"url\":\"https:\\\/\\\/voxsahel.com\\\/wp-content\\\/uploads\\\/2024\\\/09\\\/Logo-Vox-Sahel.jpg\",\"contentUrl\":\"https:\\\/\\\/voxsahel.com\\\/wp-content\\\/uploads\\\/2024\\\/09\\\/Logo-Vox-Sahel.jpg\",\"width\":1181,\"height\":848,\"caption\":\"Vox Sahel\"},\"image\":{\"@id\":\"https:\\\/\\\/voxsahel.com\\\/#\\\/schema\\\/logo\\\/image\\\/\"},\"sameAs\":[\"https:\\\/\\\/www.facebook.com\\\/journal.voxsahel\"]},{\"@type\":\"Person\",\"@id\":\"https:\\\/\\\/voxsahel.com\\\/#\\\/schema\\\/person\\\/b4043608248f8fa227cd760e7ff1e19e\",\"name\":\"Vox Sahel\",\"image\":{\"@type\":\"ImageObject\",\"inLanguage\":\"fr-FR\",\"@id\":\"https:\\\/\\\/secure.gravatar.com\\\/avatar\\\/f70e7fa0cb9b29d4a7c5788d6eb2e9ab4d3135cbae1c9161810fdf77a8964699?s=96&d=mm&r=g\",\"url\":\"https:\\\/\\\/secure.gravatar.com\\\/avatar\\\/f70e7fa0cb9b29d4a7c5788d6eb2e9ab4d3135cbae1c9161810fdf77a8964699?s=96&d=mm&r=g\",\"contentUrl\":\"https:\\\/\\\/secure.gravatar.com\\\/avatar\\\/f70e7fa0cb9b29d4a7c5788d6eb2e9ab4d3135cbae1c9161810fdf77a8964699?s=96&d=mm&r=g\",\"caption\":\"Vox Sahel\"},\"sameAs\":[\"http:\\\/\\\/www.voxsahel.com\"],\"url\":\"https:\\\/\\\/voxsahel.com\\\/?author=2\"}]}<\/script>\n<!-- \/ Yoast SEO plugin. -->","yoast_head_json":{"title":"\ud835\udc02\ud835\udc1a\ud835\udc26\ud835\udc29\ud835\udc1a\ud835\udc20\ud835\udc27\ud835\udc1e \ud835\udc1a\ud835\udc20\ud835\udc2b\ud835\udc22\ud835\udc1c\ud835\udc28\ud835\udc25\ud835\udc1e : \ud835\udc25\ud835\udc1e \ud835\udc0f\ud835\udc2b\ud835\udc1e\ud835\udc26\ud835\udc22\ud835\udc1e\ud835\udc2b \ud835\udc26\ud835\udc22\ud835\udc27\ud835\udc22\ud835\udc2c\ud835\udc2d\ud835\udc2b\ud835\udc1e \ud835\udc1a\ud835\udc29\ud835\udc29\ud835\udc28\ud835\udc2b\ud835\udc2d\ud835\udc1e \ud835\udc2c\ud835\udc28\ud835\udc27 \ud835\udc2c\ud835\udc28\ud835\udc2e\ud835\udc2d\ud835\udc22\ud835\udc1e\ud835\udc27 \ud835\udc1a\ud835\udc2e\ud835\udc31 \ud835\udc29\ud835\udc2b\ud835\udc28\ud835\udc1d\ud835\udc2e\ud835\udc1c\ud835\udc2d\ud835\udc1e\ud835\udc2e\ud835\udc2b\ud835\udc2c - Vox Sahel","robots":{"index":"index","follow":"follow","max-snippet":"max-snippet:-1","max-image-preview":"max-image-preview:large","max-video-preview":"max-video-preview:-1"},"canonical":"https:\/\/voxsahel.com\/?p=2513","og_locale":"fr_FR","og_type":"article","og_title":"\ud835\udc02\ud835\udc1a\ud835\udc26\ud835\udc29\ud835\udc1a\ud835\udc20\ud835\udc27\ud835\udc1e \ud835\udc1a\ud835\udc20\ud835\udc2b\ud835\udc22\ud835\udc1c\ud835\udc28\ud835\udc25\ud835\udc1e : \ud835\udc25\ud835\udc1e \ud835\udc0f\ud835\udc2b\ud835\udc1e\ud835\udc26\ud835\udc22\ud835\udc1e\ud835\udc2b \ud835\udc26\ud835\udc22\ud835\udc27\ud835\udc22\ud835\udc2c\ud835\udc2d\ud835\udc2b\ud835\udc1e \ud835\udc1a\ud835\udc29\ud835\udc29\ud835\udc28\ud835\udc2b\ud835\udc2d\ud835\udc1e \ud835\udc2c\ud835\udc28\ud835\udc27 \ud835\udc2c\ud835\udc28\ud835\udc2e\ud835\udc2d\ud835\udc22\ud835\udc1e\ud835\udc27 \ud835\udc1a\ud835\udc2e\ud835\udc31 \ud835\udc29\ud835\udc2b\ud835\udc28\ud835\udc1d\ud835\udc2e\ud835\udc1c\ud835\udc2d\ud835\udc1e\ud835\udc2e\ud835\udc2b\ud835\udc2c - Vox Sahel","og_description":"\u200eDe retour de Gaoua, le Premier ministre, Rimtalba Jean Emmanuel Ou\u00e9draogo, a marqu\u00e9 une halte","og_url":"https:\/\/voxsahel.com\/?p=2513","og_site_name":"Vox Sahel","article_publisher":"https:\/\/www.facebook.com\/journal.voxsahel","article_published_time":"2025-08-02T19:02:37+00:00","og_image":[{"width":2048,"height":1463,"url":"https:\/\/voxsahel.com\/wp-content\/uploads\/2025\/08\/IMG_8221.jpeg","type":"image\/jpeg"}],"author":"Vox Sahel","twitter_card":"summary_large_image","twitter_misc":{"\u00c9crit par":"Vox Sahel","Dur\u00e9e de lecture estim\u00e9e":"2 minutes"},"schema":{"@context":"https:\/\/schema.org","@graph":[{"@type":"Article","@id":"https:\/\/voxsahel.com\/?p=2513#article","isPartOf":{"@id":"https:\/\/voxsahel.com\/?p=2513"},"author":{"name":"Vox Sahel","@id":"https:\/\/voxsahel.com\/#\/schema\/person\/b4043608248f8fa227cd760e7ff1e19e"},"headline":"\ud835\udc02\ud835\udc1a\ud835\udc26\ud835\udc29\ud835\udc1a\ud835\udc20\ud835\udc27\ud835\udc1e \ud835\udc1a\ud835\udc20\ud835\udc2b\ud835\udc22\ud835\udc1c\ud835\udc28\ud835\udc25\ud835\udc1e : \ud835\udc25\ud835\udc1e \ud835\udc0f\ud835\udc2b\ud835\udc1e\ud835\udc26\ud835\udc22\ud835\udc1e\ud835\udc2b \ud835\udc26\ud835\udc22\ud835\udc27\ud835\udc22\ud835\udc2c\ud835\udc2d\ud835\udc2b\ud835\udc1e \ud835\udc1a\ud835\udc29\ud835\udc29\ud835\udc28\ud835\udc2b\ud835\udc2d\ud835\udc1e \ud835\udc2c\ud835\udc28\ud835\udc27 \ud835\udc2c\ud835\udc28\ud835\udc2e\ud835\udc2d\ud835\udc22\ud835\udc1e\ud835\udc27 \ud835\udc1a\ud835\udc2e\ud835\udc31 \ud835\udc29\ud835\udc2b\ud835\udc28\ud835\udc1d\ud835\udc2e\ud835\udc1c\ud835\udc2d\ud835\udc1e\ud835\udc2e\ud835\udc2b\ud835\udc2c","datePublished":"2025-08-02T19:02:37+00:00","mainEntityOfPage":{"@id":"https:\/\/voxsahel.com\/?p=2513"},"wordCount":163,"commentCount":0,"publisher":{"@id":"https:\/\/voxsahel.com\/#organization"},"image":{"@id":"https:\/\/voxsahel.com\/?p=2513#primaryimage"},"thumbnailUrl":"https:\/\/voxsahel.com\/wp-content\/uploads\/2025\/08\/IMG_8221.jpeg","keywords":["Agriculture","Autosuffisance alimentaire","Burkina Faso","Campagne agricole","Primature Burkina Faso","Rimtalba Jean Emmanuel Ou\u00e9draogo"],"articleSection":["SOCIETE"],"inLanguage":"fr-FR","potentialAction":[{"@type":"CommentAction","name":"Comment","target":["https:\/\/voxsahel.com\/?p=2513#respond"]}]},{"@type":"WebPage","@id":"https:\/\/voxsahel.com\/?p=2513","url":"https:\/\/voxsahel.com\/?p=2513","name":"\ud835\udc02\ud835\udc1a\ud835\udc26\ud835\udc29\ud835\udc1a\ud835\udc20\ud835\udc27\ud835\udc1e \ud835\udc1a\ud835\udc20\ud835\udc2b\ud835\udc22\ud835\udc1c\ud835\udc28\ud835\udc25\ud835\udc1e : \ud835\udc25\ud835\udc1e \ud835\udc0f\ud835\udc2b\ud835\udc1e\ud835\udc26\ud835\udc22\ud835\udc1e\ud835\udc2b \ud835\udc26\ud835\udc22\ud835\udc27\ud835\udc22\ud835\udc2c\ud835\udc2d\ud835\udc2b\ud835\udc1e \ud835\udc1a\ud835\udc29\ud835\udc29\ud835\udc28\ud835\udc2b\ud835\udc2d\ud835\udc1e \ud835\udc2c\ud835\udc28\ud835\udc27 \ud835\udc2c\ud835\udc28\ud835\udc2e\ud835\udc2d\ud835\udc22\ud835\udc1e\ud835\udc27 \ud835\udc1a\ud835\udc2e\ud835\udc31 \ud835\udc29\ud835\udc2b\ud835\udc28\ud835\udc1d\ud835\udc2e\ud835\udc1c\ud835\udc2d\ud835\udc1e\ud835\udc2e\ud835\udc2b\ud835\udc2c - Vox Sahel","isPartOf":{"@id":"https:\/\/voxsahel.com\/#website"},"primaryImageOfPage":{"@id":"https:\/\/voxsahel.com\/?p=2513#primaryimage"},"image":{"@id":"https:\/\/voxsahel.com\/?p=2513#primaryimage"},"thumbnailUrl":"https:\/\/voxsahel.com\/wp-content\/uploads\/2025\/08\/IMG_8221.jpeg","datePublished":"2025-08-02T19:02:37+00:00","breadcrumb":{"@id":"https:\/\/voxsahel.com\/?p=2513#breadcrumb"},"inLanguage":"fr-FR","potentialAction":[{"@type":"ReadAction","target":["https:\/\/voxsahel.com\/?p=2513"]}]},{"@type":"ImageObject","inLanguage":"fr-FR","@id":"https:\/\/voxsahel.com\/?p=2513#primaryimage","url":"https:\/\/voxsahel.com\/wp-content\/uploads\/2025\/08\/IMG_8221.jpeg","contentUrl":"https:\/\/voxsahel.com\/wp-content\/uploads\/2025\/08\/IMG_8221.jpeg","width":2048,"height":1463},{"@type":"BreadcrumbList","@id":"https:\/\/voxsahel.com\/?p=2513#breadcrumb","itemListElement":[{"@type":"ListItem","position":1,"name":"Home","item":"https:\/\/voxsahel.com\/"},{"@type":"ListItem","position":2,"name":"\ud835\udc02\ud835\udc1a\ud835\udc26\ud835\udc29\ud835\udc1a\ud835\udc20\ud835\udc27\ud835\udc1e \ud835\udc1a\ud835\udc20\ud835\udc2b\ud835\udc22\ud835\udc1c\ud835\udc28\ud835\udc25\ud835\udc1e : \ud835\udc25\ud835\udc1e \ud835\udc0f\ud835\udc2b\ud835\udc1e\ud835\udc26\ud835\udc22\ud835\udc1e\ud835\udc2b \ud835\udc26\ud835\udc22\ud835\udc27\ud835\udc22\ud835\udc2c\ud835\udc2d\ud835\udc2b\ud835\udc1e \ud835\udc1a\ud835\udc29\ud835\udc29\ud835\udc28\ud835\udc2b\ud835\udc2d\ud835\udc1e \ud835\udc2c\ud835\udc28\ud835\udc27 \ud835\udc2c\ud835\udc28\ud835\udc2e\ud835\udc2d\ud835\udc22\ud835\udc1e\ud835\udc27 \ud835\udc1a\ud835\udc2e\ud835\udc31 \ud835\udc29\ud835\udc2b\ud835\udc28\ud835\udc1d\ud835\udc2e\ud835\udc1c\ud835\udc2d\ud835\udc1e\ud835\udc2e\ud835\udc2b\ud835\udc2c"}]},{"@type":"WebSite","@id":"https:\/\/voxsahel.com\/#website","url":"https:\/\/voxsahel.com\/","name":"Vox Sahel","description":"Informez-vous sur le Sahel en un clic","publisher":{"@id":"https:\/\/voxsahel.com\/#organization"},"potentialAction":[{"@type":"SearchAction","target":{"@type":"EntryPoint","urlTemplate":"https:\/\/voxsahel.com\/?s={search_term_string}"},"query-input":{"@type":"PropertyValueSpecification","valueRequired":true,"valueName":"search_term_string"}}],"inLanguage":"fr-FR"},{"@type":"Organization","@id":"https:\/\/voxsahel.com\/#organization","name":"Vox Sahel","url":"https:\/\/voxsahel.com\/","logo":{"@type":"ImageObject","inLanguage":"fr-FR","@id":"https:\/\/voxsahel.com\/#\/schema\/logo\/image\/","url":"https:\/\/voxsahel.com\/wp-content\/uploads\/2024\/09\/Logo-Vox-Sahel.jpg","contentUrl":"https:\/\/voxsahel.com\/wp-content\/uploads\/2024\/09\/Logo-Vox-Sahel.jpg","width":1181,"height":848,"caption":"Vox Sahel"},"image":{"@id":"https:\/\/voxsahel.com\/#\/schema\/logo\/image\/"},"sameAs":["https:\/\/www.facebook.com\/journal.voxsahel"]},{"@type":"Person","@id":"https:\/\/voxsahel.com\/#\/schema\/person\/b4043608248f8fa227cd760e7ff1e19e","name":"Vox Sahel","image":{"@type":"ImageObject","inLanguage":"fr-FR","@id":"https:\/\/secure.gravatar.com\/avatar\/f70e7fa0cb9b29d4a7c5788d6eb2e9ab4d3135cbae1c9161810fdf77a8964699?s=96&d=mm&r=g","url":"https:\/\/secure.gravatar.com\/avatar\/f70e7fa0cb9b29d4a7c5788d6eb2e9ab4d3135cbae1c9161810fdf77a8964699?s=96&d=mm&r=g","contentUrl":"https:\/\/secure.gravatar.com\/avatar\/f70e7fa0cb9b29d4a7c5788d6eb2e9ab4d3135cbae1c9161810fdf77a8964699?s=96&d=mm&r=g","caption":"Vox Sahel"},"sameAs":["http:\/\/www.voxsahel.com"],"url":"https:\/\/voxsahel.com\/?author=2"}]}},"_links":{"self":[{"href":"https:\/\/voxsahel.com\/index.php?rest_route=\/wp\/v2\/posts\/2513","targetHints":{"allow":["GET"]}}],"collection":[{"href":"https:\/\/voxsahel.com\/index.php?rest_route=\/wp\/v2\/posts"}],"about":[{"href":"https:\/\/voxsahel.com\/index.php?rest_route=\/wp\/v2\/types\/post"}],"author":[{"embeddable":true,"href":"https:\/\/voxsahel.com\/index.php?rest_route=\/wp\/v2\/users\/2"}],"replies":[{"embeddable":true,"href":"https:\/\/voxsahel.com\/index.php?rest_route=%2Fwp%2Fv2%2Fcomments&post=2513"}],"version-history":[{"count":1,"href":"https:\/\/voxsahel.com\/index.php?rest_route=\/wp\/v2\/posts\/2513\/revisions"}],"predecessor-version":[{"id":2521,"href":"https:\/\/voxsahel.com\/index.php?rest_route=\/wp\/v2\/posts\/2513\/revisions\/2521"}],"wp:featuredmedia":[{"embeddable":true,"href":"https:\/\/voxsahel.com\/index.php?rest_route=\/wp\/v2\/media\/2520"}],"wp:attachment":[{"href":"https:\/\/voxsahel.com\/index.php?rest_route=%2Fwp%2Fv2%2Fmedia&parent=2513"}],"wp:term":[{"taxonomy":"category","embeddable":true,"href":"https:\/\/voxsahel.com\/index.php?rest_route=%2Fwp%2Fv2%2Fcategories&post=2513"},{"taxonomy":"post_tag","embeddable":true,"href":"https:\/\/voxsahel.com\/index.php?rest_route=%2Fwp%2Fv2%2Ftags&post=2513"}],"curies":[{"name":"wp","href":"https:\/\/api.w.org\/{rel}","templated":true}]}}