{"id":2505,"date":"2025-08-02T18:43:47","date_gmt":"2025-08-02T18:43:47","guid":{"rendered":"https:\/\/voxsahel.com\/?p=2505"},"modified":"2025-08-02T18:46:56","modified_gmt":"2025-08-02T18:46:56","slug":"%f0%9d%9f%8f%f0%9d%9f%8f%f0%9d%90%9e-%f0%9d%90%84%f0%9d%90%9d%f0%9d%90%a2%f0%9d%90%ad%f0%9d%90%a2%f0%9d%90%a8%f0%9d%90%a7-%f0%9d%90%9d%f0%9d%90%ae-%f0%9d%90%91%f0%9d%90%9e%f0%9d%90%9b","status":"publish","type":"post","link":"https:\/\/voxsahel.com\/?p=2505","title":{"rendered":"\ud835\udfcf\ud835\udfcf\ud835\udc1e \ud835\udc04\u0301\ud835\udc1d\ud835\udc22\ud835\udc2d\ud835\udc22\ud835\udc28\ud835\udc27 \ud835\udc1d\ud835\udc2e \ud835\udc11\ud835\udc1e\ud835\udc1b\ud835\udc28\ud835\udc22\ud835\udc2c\ud835\udc1e\ud835\udc26\ud835\udc1e\ud835\udc27\ud835\udc2d \ud835\udc1d\ud835\udc1e\ud835\udc2c \ud835\udc05\ud835\udc28\ud835\udc2b\ud835\udc1c\ud835\udc1e\ud835\udc2c \ud835\udc1d\ud835\udc1e \ud835\udc12\ud835\udc1e\u0301\ud835\udc1c\ud835\udc2e\ud835\udc2b\ud835\udc22\ud835\udc2d\ud835\udc1e\u0301 \ud835\udc08\ud835\udc27\ud835\udc2d\ud835\udc1e\u0301\ud835\udc2b\ud835\udc22\ud835\udc1e\ud835\udc2e\ud835\udc2b\ud835\udc1e : \ud835\udc25\ud835\udc1a \ud835\udc03\ud835\udc28\ud835\udc2e\ud835\udc1a\ud835\udc27\ud835\udc1e \ud835\udc1b\ud835\udc2e\ud835\udc2b\ud835\udc24\ud835\udc22\ud835\udc27\ud835\udc1a\ud835\udc1b\ud835\udc1e\u0300 \ud835\udc1e\ud835\udc27\ud835\udc20\ud835\udc1a\ud835\udc20\ud835\udc1e\u0301\ud835\udc1e \ud835\udc29\ud835\udc28\ud835\udc2e\ud835\udc2b \ud835\udc25\ud835\udc1a \ud835\udc2b\ud835\udc1e\u0301\ud835\udc2c\ud835\udc22\ud835\udc25\ud835\udc22\ud835\udc1e\ud835\udc27\ud835\udc1c\ud835\udc1e \ud835\udc1c\ud835\udc25\ud835\udc22\ud835\udc26\ud835\udc1a\ud835\udc2d\ud835\udc22\ud835\udc2a\ud835\udc2e\ud835\udc1e"},"content":{"rendered":"<p class=\"p2\">Le samedi 02 ao\u00fbt 2025, les Forces de S\u00e9curit\u00e9 Int\u00e9rieure (FSI) ont renouvel\u00e9 leur engagement en faveur de la pr\u00e9servation de l\u2019environnement \u00e0 l\u2019occasion de la 11e \u00e9dition de leur traditionnelle op\u00e9ration de reboisement. L&rsquo;activit\u00e9 s\u2019est tenue au niveau de la ceinture verte de Ouagadougou, dans la zone de Nagrin, arrondissement 7.<\/p>\n<p><img loading=\"lazy\" decoding=\"async\" class=\"aligncenter size-full wp-image-2509\" src=\"https:\/\/voxsahel.com\/wp-content\/uploads\/2025\/08\/IMG_8219.jpeg\" alt=\"\" width=\"936\" height=\"624\" srcset=\"https:\/\/voxsahel.com\/wp-content\/uploads\/2025\/08\/IMG_8219.jpeg 936w, https:\/\/voxsahel.com\/wp-content\/uploads\/2025\/08\/IMG_8219-300x200.jpeg 300w, https:\/\/voxsahel.com\/wp-content\/uploads\/2025\/08\/IMG_8219-768x512.jpeg 768w, https:\/\/voxsahel.com\/wp-content\/uploads\/2025\/08\/IMG_8219-610x407.jpeg 610w\" sizes=\"(max-width: 936px) 100vw, 936px\" \/><\/p>\n<p class=\"p1\"><span class=\"s1\">Plac\u00e9e sous le th\u00e8me \u00ab \ud835\udc11\ud835\udc1e\ud835\udc1b\ud835\udc28\ud835\udc22\ud835\udc2c\ud835\udc1e\ud835\udc26\ud835\udc1e\ud835\udc27\ud835\udc2d \ud835\udc1d\ud835\udc1e\ud835\udc2c \ud835\udc05\ud835\udc28\ud835\udc2b\ud835\udc1c\ud835\udc1e\ud835\udc2c \ud835\udc1d\ud835\udc1e \ud835\udc12\ud835\udc1e\u0301\ud835\udc1c\ud835\udc2e\ud835\udc2b\ud835\udc22\ud835\udc2d\ud835\udc1e\u0301 \ud835\udc08\ud835\udc27\ud835\udc2d\ud835\udc1e\u0301\ud835\udc2b\ud835\udc22\ud835\udc1e\ud835\udc2e\ud835\udc2b\ud835\udc1e (\ud835\udc05\ud835\udc12\ud835\udc08) \ud835\udc29\ud835\udc28\ud835\udc2e\ud835\udc2b \ud835\udc25\ud835\udc1a \ud835\udc2b\ud835\udc1e\u0301\ud835\udc2c\ud835\udc22\ud835\udc25\ud835\udc22\ud835\udc1e\ud835\udc27\ud835\udc1c\ud835\udc1e \ud835\udc2c\ud835\udc1a\ud835\udc27\ud835\udc22\ud835\udc2d\ud835\udc1a\ud835\udc22\ud835\udc2b\ud835\udc1e \ud835\udc1e\ud835\udc2d \ud835\udc1c\ud835\udc25\ud835\udc22\ud835\udc26\ud835\udc1a\ud835\udc2d\ud835\udc22\ud835\udc2a\ud835\udc2e\ud835\udc1e \ud835\udc1d\ud835\udc1e\ud835\udc2c \ud835\udc1c\ud835\udc28\ud835\udc26\ud835\udc26\ud835\udc2e\ud835\udc27\ud835\udc1a\ud835\udc2e\ud835\udc2d\ud835\udc1e\u0301\ud835\udc2c \u00bb, cette \u00e9dition a \u00e9t\u00e9 organis\u00e9e sous le haut patronage du Grand Chancelier des Ordres burkinab\u00e8, le G\u00e9n\u00e9ral de Brigade Pingrenoma ZAGRE, en pr\u00e9sence du Ministre de l\u2019Environnement, de l\u2019Eau et de l\u2019Assainissement, Monsieur Roger BARO.<\/span><\/p>\n<p class=\"p1\"><span class=\"s1\">Parmi les institutions engag\u00e9es, la Direction g\u00e9n\u00e9rale des Douanes, conduite par son premier responsable, l\u2019Inspecteur divisionnaire Yves KAFANDO, a activement pris part \u00e0 cette action collective. \u00c0 ses c\u00f4t\u00e9s, figuraient les autres composantes des FSI : la Police nationale, la Direction g\u00e9n\u00e9rale des Eaux et For\u00eats, l\u2019Administration p\u00e9nitentiaire et la Police municipale.<\/span><\/p>\n<p><img loading=\"lazy\" decoding=\"async\" class=\"aligncenter size-full wp-image-2510\" src=\"https:\/\/voxsahel.com\/wp-content\/uploads\/2025\/08\/IMG_8218.jpeg\" alt=\"\" width=\"936\" height=\"624\" srcset=\"https:\/\/voxsahel.com\/wp-content\/uploads\/2025\/08\/IMG_8218.jpeg 936w, https:\/\/voxsahel.com\/wp-content\/uploads\/2025\/08\/IMG_8218-300x200.jpeg 300w, https:\/\/voxsahel.com\/wp-content\/uploads\/2025\/08\/IMG_8218-768x512.jpeg 768w, https:\/\/voxsahel.com\/wp-content\/uploads\/2025\/08\/IMG_8218-610x407.jpeg 610w\" sizes=\"(max-width: 936px) 100vw, 936px\" \/><\/p>\n<p class=\"p1\"><span class=\"s1\">Sous la coordination de la Direction g\u00e9n\u00e9rale des Eaux et For\u00eats, structure chef de file de cette \u00e9dition, ce sont 1300 plants qui ont \u00e9t\u00e9 mis en terre. Ce geste concret illustre la volont\u00e9 des FSI de contribuer efficacement \u00e0 la restauration du couvert v\u00e9g\u00e9tal, face aux enjeux climatiques et sanitaires qui interpellent l\u2019ensemble des communaut\u00e9s.<\/span><\/p>\n<p class=\"p1\"><span class=\"s1\">Le th\u00e8me choisi cette ann\u00e9e sonne comme un appel \u00e0 la conscience citoyenne et \u00e0 l\u2019action concert\u00e9e pour b\u00e2tir une r\u00e9silience \u00e9cologique durable. Il souligne l\u2019engagement des FSI \u00e0 aller au-del\u00e0 de leurs missions traditionnelles, en se positionnant comme de v\u00e9ritables acteurs de la protection de l\u2019environnement.<\/span><\/p>\n<p><img loading=\"lazy\" decoding=\"async\" class=\"aligncenter size-full wp-image-2511\" src=\"https:\/\/voxsahel.com\/wp-content\/uploads\/2025\/08\/IMG_8220.jpeg\" alt=\"\" width=\"936\" height=\"624\" srcset=\"https:\/\/voxsahel.com\/wp-content\/uploads\/2025\/08\/IMG_8220.jpeg 936w, https:\/\/voxsahel.com\/wp-content\/uploads\/2025\/08\/IMG_8220-300x200.jpeg 300w, https:\/\/voxsahel.com\/wp-content\/uploads\/2025\/08\/IMG_8220-768x512.jpeg 768w, https:\/\/voxsahel.com\/wp-content\/uploads\/2025\/08\/IMG_8220-610x407.jpeg 610w\" sizes=\"(max-width: 936px) 100vw, 936px\" \/><\/p>\n<p class=\"p1\"><span class=\"s1\">En fin de c\u00e9r\u00e9monie, la Direction g\u00e9n\u00e9rale des Eaux et For\u00eats a transmis le flambeau de l\u2019organisation de la 12e \u00e9dition, pr\u00e9vue en 2026, \u00e0 la Direction g\u00e9n\u00e9rale de la Police municipale , dans un esprit de continuit\u00e9 et de responsabilit\u00e9 partag\u00e9e.<\/span><\/p>\n<p class=\"p1\"><span class=\"s1\">\ud835\udc0b\ud835\udc1a \ud835\udc03\ud835\udc28\ud835\udc2e\ud835\udc1a\ud835\udc27\ud835\udc1e :\ud835\udc07\ud835\udc28\ud835\udc27\ud835\udc27\ud835\udc1e\ud835\udc2e\ud835\udc2b-\ud835\udc03\ud835\udc1e\u0301\ud835\udc2f\ud835\udc28\ud835\udc2e\ud835\udc1e\ud835\udc26\ud835\udc1e\ud835\udc27\ud835\udc2d-\ud835\udc15\ud835\udc22\ud835\udc20\ud835\udc22\ud835\udc25\ud835\udc1a\ud835\udc27\ud835\udc1c\ud835\udc1e<\/span><\/p>\n<p class=\"p1\"><span class=\"s1\">\ud835\udc12\ud835\udc02\ud835\udc11\ud835\udc0f-\ud835\udc03\ud835\udc06\ud835\udc03<\/span><\/p>\n","protected":false},"excerpt":{"rendered":"<p>Le samedi 02 ao\u00fbt 2025, les Forces de S\u00e9curit\u00e9 Int\u00e9rieure (FSI) ont renouvel\u00e9 leur engagement<\/p>\n","protected":false},"author":2,"featured_media":2506,"comment_status":"open","ping_status":"open","sticky":false,"template":"","format":"standard","meta":{"_et_pb_use_builder":"","_et_pb_old_content":"","_et_gb_content_width":"","footnotes":""},"categories":[1],"tags":[746,142,146,370,310,678,823],"class_list":["post-2505","post","type-post","status-publish","format-standard","has-post-thumbnail","hentry","category-faits-divers","tag-direction-generale-des-douanes","tag-douane","tag-douanes-du-burkina-faso","tag-observatoire-pour-la-celerite-des-operations-douanieres-au-burkina-faso","tag-organisation-mondiale-des-douanes","tag-taxes-douanieres","tag-yves-kafando"],"yoast_head":"<!-- This site is optimized with the Yoast SEO plugin v27.5 - https:\/\/yoast.com\/product\/yoast-seo-wordpress\/ -->\n<title>\ud835\udfcf\ud835\udfcf\ud835\udc1e \ud835\udc04\u0301\ud835\udc1d\ud835\udc22\ud835\udc2d\ud835\udc22\ud835\udc28\ud835\udc27 \ud835\udc1d\ud835\udc2e \ud835\udc11\ud835\udc1e\ud835\udc1b\ud835\udc28\ud835\udc22\ud835\udc2c\ud835\udc1e\ud835\udc26\ud835\udc1e\ud835\udc27\ud835\udc2d \ud835\udc1d\ud835\udc1e\ud835\udc2c \ud835\udc05\ud835\udc28\ud835\udc2b\ud835\udc1c\ud835\udc1e\ud835\udc2c \ud835\udc1d\ud835\udc1e \ud835\udc12\ud835\udc1e\u0301\ud835\udc1c\ud835\udc2e\ud835\udc2b\ud835\udc22\ud835\udc2d\ud835\udc1e\u0301 \ud835\udc08\ud835\udc27\ud835\udc2d\ud835\udc1e\u0301\ud835\udc2b\ud835\udc22\ud835\udc1e\ud835\udc2e\ud835\udc2b\ud835\udc1e : \ud835\udc25\ud835\udc1a \ud835\udc03\ud835\udc28\ud835\udc2e\ud835\udc1a\ud835\udc27\ud835\udc1e \ud835\udc1b\ud835\udc2e\ud835\udc2b\ud835\udc24\ud835\udc22\ud835\udc27\ud835\udc1a\ud835\udc1b\ud835\udc1e\u0300 \ud835\udc1e\ud835\udc27\ud835\udc20\ud835\udc1a\ud835\udc20\ud835\udc1e\u0301\ud835\udc1e \ud835\udc29\ud835\udc28\ud835\udc2e\ud835\udc2b \ud835\udc25\ud835\udc1a \ud835\udc2b\ud835\udc1e\u0301\ud835\udc2c\ud835\udc22\ud835\udc25\ud835\udc22\ud835\udc1e\ud835\udc27\ud835\udc1c\ud835\udc1e \ud835\udc1c\ud835\udc25\ud835\udc22\ud835\udc26\ud835\udc1a\ud835\udc2d\ud835\udc22\ud835\udc2a\ud835\udc2e\ud835\udc1e - Vox Sahel<\/title>\n<meta name=\"robots\" content=\"index, follow, max-snippet:-1, max-image-preview:large, max-video-preview:-1\" \/>\n<link rel=\"canonical\" href=\"https:\/\/voxsahel.com\/?p=2505\" \/>\n<meta property=\"og:locale\" content=\"fr_FR\" \/>\n<meta property=\"og:type\" content=\"article\" \/>\n<meta property=\"og:title\" content=\"\ud835\udfcf\ud835\udfcf\ud835\udc1e \ud835\udc04\u0301\ud835\udc1d\ud835\udc22\ud835\udc2d\ud835\udc22\ud835\udc28\ud835\udc27 \ud835\udc1d\ud835\udc2e \ud835\udc11\ud835\udc1e\ud835\udc1b\ud835\udc28\ud835\udc22\ud835\udc2c\ud835\udc1e\ud835\udc26\ud835\udc1e\ud835\udc27\ud835\udc2d \ud835\udc1d\ud835\udc1e\ud835\udc2c \ud835\udc05\ud835\udc28\ud835\udc2b\ud835\udc1c\ud835\udc1e\ud835\udc2c \ud835\udc1d\ud835\udc1e \ud835\udc12\ud835\udc1e\u0301\ud835\udc1c\ud835\udc2e\ud835\udc2b\ud835\udc22\ud835\udc2d\ud835\udc1e\u0301 \ud835\udc08\ud835\udc27\ud835\udc2d\ud835\udc1e\u0301\ud835\udc2b\ud835\udc22\ud835\udc1e\ud835\udc2e\ud835\udc2b\ud835\udc1e : \ud835\udc25\ud835\udc1a \ud835\udc03\ud835\udc28\ud835\udc2e\ud835\udc1a\ud835\udc27\ud835\udc1e \ud835\udc1b\ud835\udc2e\ud835\udc2b\ud835\udc24\ud835\udc22\ud835\udc27\ud835\udc1a\ud835\udc1b\ud835\udc1e\u0300 \ud835\udc1e\ud835\udc27\ud835\udc20\ud835\udc1a\ud835\udc20\ud835\udc1e\u0301\ud835\udc1e \ud835\udc29\ud835\udc28\ud835\udc2e\ud835\udc2b \ud835\udc25\ud835\udc1a \ud835\udc2b\ud835\udc1e\u0301\ud835\udc2c\ud835\udc22\ud835\udc25\ud835\udc22\ud835\udc1e\ud835\udc27\ud835\udc1c\ud835\udc1e \ud835\udc1c\ud835\udc25\ud835\udc22\ud835\udc26\ud835\udc1a\ud835\udc2d\ud835\udc22\ud835\udc2a\ud835\udc2e\ud835\udc1e - Vox Sahel\" \/>\n<meta property=\"og:description\" content=\"Le samedi 02 ao\u00fbt 2025, les Forces de S\u00e9curit\u00e9 Int\u00e9rieure (FSI) ont renouvel\u00e9 leur engagement\" \/>\n<meta property=\"og:url\" content=\"https:\/\/voxsahel.com\/?p=2505\" \/>\n<meta property=\"og:site_name\" content=\"Vox Sahel\" \/>\n<meta property=\"article:publisher\" content=\"https:\/\/www.facebook.com\/journal.voxsahel\" \/>\n<meta property=\"article:published_time\" content=\"2025-08-02T18:43:47+00:00\" \/>\n<meta property=\"article:modified_time\" content=\"2025-08-02T18:46:56+00:00\" \/>\n<meta property=\"og:image\" content=\"https:\/\/voxsahel.com\/wp-content\/uploads\/2025\/08\/IMG_8217.jpeg\" \/>\n\t<meta property=\"og:image:width\" content=\"936\" \/>\n\t<meta property=\"og:image:height\" content=\"624\" \/>\n\t<meta property=\"og:image:type\" content=\"image\/jpeg\" \/>\n<meta name=\"author\" content=\"Vox Sahel\" \/>\n<meta name=\"twitter:card\" content=\"summary_large_image\" \/>\n<meta name=\"twitter:label1\" content=\"\u00c9crit par\" \/>\n\t<meta name=\"twitter:data1\" content=\"Vox Sahel\" \/>\n\t<meta name=\"twitter:label2\" content=\"Dur\u00e9e de lecture estim\u00e9e\" \/>\n\t<meta name=\"twitter:data2\" content=\"3 minutes\" \/>\n<script type=\"application\/ld+json\" class=\"yoast-schema-graph\">{\"@context\":\"https:\\\/\\\/schema.org\",\"@graph\":[{\"@type\":\"Article\",\"@id\":\"https:\\\/\\\/voxsahel.com\\\/?p=2505#article\",\"isPartOf\":{\"@id\":\"https:\\\/\\\/voxsahel.com\\\/?p=2505\"},\"author\":{\"name\":\"Vox Sahel\",\"@id\":\"https:\\\/\\\/voxsahel.com\\\/#\\\/schema\\\/person\\\/b4043608248f8fa227cd760e7ff1e19e\"},\"headline\":\"\ud835\udfcf\ud835\udfcf\ud835\udc1e \ud835\udc04\u0301\ud835\udc1d\ud835\udc22\ud835\udc2d\ud835\udc22\ud835\udc28\ud835\udc27 \ud835\udc1d\ud835\udc2e \ud835\udc11\ud835\udc1e\ud835\udc1b\ud835\udc28\ud835\udc22\ud835\udc2c\ud835\udc1e\ud835\udc26\ud835\udc1e\ud835\udc27\ud835\udc2d \ud835\udc1d\ud835\udc1e\ud835\udc2c \ud835\udc05\ud835\udc28\ud835\udc2b\ud835\udc1c\ud835\udc1e\ud835\udc2c \ud835\udc1d\ud835\udc1e \ud835\udc12\ud835\udc1e\u0301\ud835\udc1c\ud835\udc2e\ud835\udc2b\ud835\udc22\ud835\udc2d\ud835\udc1e\u0301 \ud835\udc08\ud835\udc27\ud835\udc2d\ud835\udc1e\u0301\ud835\udc2b\ud835\udc22\ud835\udc1e\ud835\udc2e\ud835\udc2b\ud835\udc1e : \ud835\udc25\ud835\udc1a \ud835\udc03\ud835\udc28\ud835\udc2e\ud835\udc1a\ud835\udc27\ud835\udc1e \ud835\udc1b\ud835\udc2e\ud835\udc2b\ud835\udc24\ud835\udc22\ud835\udc27\ud835\udc1a\ud835\udc1b\ud835\udc1e\u0300 \ud835\udc1e\ud835\udc27\ud835\udc20\ud835\udc1a\ud835\udc20\ud835\udc1e\u0301\ud835\udc1e \ud835\udc29\ud835\udc28\ud835\udc2e\ud835\udc2b \ud835\udc25\ud835\udc1a \ud835\udc2b\ud835\udc1e\u0301\ud835\udc2c\ud835\udc22\ud835\udc25\ud835\udc22\ud835\udc1e\ud835\udc27\ud835\udc1c\ud835\udc1e \ud835\udc1c\ud835\udc25\ud835\udc22\ud835\udc26\ud835\udc1a\ud835\udc2d\ud835\udc22\ud835\udc2a\ud835\udc2e\ud835\udc1e\",\"datePublished\":\"2025-08-02T18:43:47+00:00\",\"dateModified\":\"2025-08-02T18:46:56+00:00\",\"mainEntityOfPage\":{\"@id\":\"https:\\\/\\\/voxsahel.com\\\/?p=2505\"},\"wordCount\":331,\"commentCount\":0,\"publisher\":{\"@id\":\"https:\\\/\\\/voxsahel.com\\\/#organization\"},\"image\":{\"@id\":\"https:\\\/\\\/voxsahel.com\\\/?p=2505#primaryimage\"},\"thumbnailUrl\":\"https:\\\/\\\/voxsahel.com\\\/wp-content\\\/uploads\\\/2025\\\/08\\\/IMG_8217.jpeg\",\"keywords\":[\"Direction g\u00e9n\u00e9rale des Douanes\",\"Douane\",\"Douanes du Burkina Faso\",\"Observatoire pour la c\u00e9l\u00e9rit\u00e9 des op\u00e9rations douani\u00e8res au Burkina Faso\",\"Organisation mondiale des Douanes\",\"Taxes douani\u00e8res\",\"Yves Kafando\"],\"articleSection\":[\"FAITS DIVERS\"],\"inLanguage\":\"fr-FR\",\"potentialAction\":[{\"@type\":\"CommentAction\",\"name\":\"Comment\",\"target\":[\"https:\\\/\\\/voxsahel.com\\\/?p=2505#respond\"]}]},{\"@type\":\"WebPage\",\"@id\":\"https:\\\/\\\/voxsahel.com\\\/?p=2505\",\"url\":\"https:\\\/\\\/voxsahel.com\\\/?p=2505\",\"name\":\"\ud835\udfcf\ud835\udfcf\ud835\udc1e \ud835\udc04\u0301\ud835\udc1d\ud835\udc22\ud835\udc2d\ud835\udc22\ud835\udc28\ud835\udc27 \ud835\udc1d\ud835\udc2e \ud835\udc11\ud835\udc1e\ud835\udc1b\ud835\udc28\ud835\udc22\ud835\udc2c\ud835\udc1e\ud835\udc26\ud835\udc1e\ud835\udc27\ud835\udc2d \ud835\udc1d\ud835\udc1e\ud835\udc2c \ud835\udc05\ud835\udc28\ud835\udc2b\ud835\udc1c\ud835\udc1e\ud835\udc2c \ud835\udc1d\ud835\udc1e \ud835\udc12\ud835\udc1e\u0301\ud835\udc1c\ud835\udc2e\ud835\udc2b\ud835\udc22\ud835\udc2d\ud835\udc1e\u0301 \ud835\udc08\ud835\udc27\ud835\udc2d\ud835\udc1e\u0301\ud835\udc2b\ud835\udc22\ud835\udc1e\ud835\udc2e\ud835\udc2b\ud835\udc1e : \ud835\udc25\ud835\udc1a \ud835\udc03\ud835\udc28\ud835\udc2e\ud835\udc1a\ud835\udc27\ud835\udc1e \ud835\udc1b\ud835\udc2e\ud835\udc2b\ud835\udc24\ud835\udc22\ud835\udc27\ud835\udc1a\ud835\udc1b\ud835\udc1e\u0300 \ud835\udc1e\ud835\udc27\ud835\udc20\ud835\udc1a\ud835\udc20\ud835\udc1e\u0301\ud835\udc1e \ud835\udc29\ud835\udc28\ud835\udc2e\ud835\udc2b \ud835\udc25\ud835\udc1a \ud835\udc2b\ud835\udc1e\u0301\ud835\udc2c\ud835\udc22\ud835\udc25\ud835\udc22\ud835\udc1e\ud835\udc27\ud835\udc1c\ud835\udc1e \ud835\udc1c\ud835\udc25\ud835\udc22\ud835\udc26\ud835\udc1a\ud835\udc2d\ud835\udc22\ud835\udc2a\ud835\udc2e\ud835\udc1e - Vox Sahel\",\"isPartOf\":{\"@id\":\"https:\\\/\\\/voxsahel.com\\\/#website\"},\"primaryImageOfPage\":{\"@id\":\"https:\\\/\\\/voxsahel.com\\\/?p=2505#primaryimage\"},\"image\":{\"@id\":\"https:\\\/\\\/voxsahel.com\\\/?p=2505#primaryimage\"},\"thumbnailUrl\":\"https:\\\/\\\/voxsahel.com\\\/wp-content\\\/uploads\\\/2025\\\/08\\\/IMG_8217.jpeg\",\"datePublished\":\"2025-08-02T18:43:47+00:00\",\"dateModified\":\"2025-08-02T18:46:56+00:00\",\"breadcrumb\":{\"@id\":\"https:\\\/\\\/voxsahel.com\\\/?p=2505#breadcrumb\"},\"inLanguage\":\"fr-FR\",\"potentialAction\":[{\"@type\":\"ReadAction\",\"target\":[\"https:\\\/\\\/voxsahel.com\\\/?p=2505\"]}]},{\"@type\":\"ImageObject\",\"inLanguage\":\"fr-FR\",\"@id\":\"https:\\\/\\\/voxsahel.com\\\/?p=2505#primaryimage\",\"url\":\"https:\\\/\\\/voxsahel.com\\\/wp-content\\\/uploads\\\/2025\\\/08\\\/IMG_8217.jpeg\",\"contentUrl\":\"https:\\\/\\\/voxsahel.com\\\/wp-content\\\/uploads\\\/2025\\\/08\\\/IMG_8217.jpeg\",\"width\":936,\"height\":624},{\"@type\":\"BreadcrumbList\",\"@id\":\"https:\\\/\\\/voxsahel.com\\\/?p=2505#breadcrumb\",\"itemListElement\":[{\"@type\":\"ListItem\",\"position\":1,\"name\":\"Home\",\"item\":\"https:\\\/\\\/voxsahel.com\\\/\"},{\"@type\":\"ListItem\",\"position\":2,\"name\":\"\ud835\udfcf\ud835\udfcf\ud835\udc1e \ud835\udc04\u0301\ud835\udc1d\ud835\udc22\ud835\udc2d\ud835\udc22\ud835\udc28\ud835\udc27 \ud835\udc1d\ud835\udc2e \ud835\udc11\ud835\udc1e\ud835\udc1b\ud835\udc28\ud835\udc22\ud835\udc2c\ud835\udc1e\ud835\udc26\ud835\udc1e\ud835\udc27\ud835\udc2d \ud835\udc1d\ud835\udc1e\ud835\udc2c \ud835\udc05\ud835\udc28\ud835\udc2b\ud835\udc1c\ud835\udc1e\ud835\udc2c \ud835\udc1d\ud835\udc1e \ud835\udc12\ud835\udc1e\u0301\ud835\udc1c\ud835\udc2e\ud835\udc2b\ud835\udc22\ud835\udc2d\ud835\udc1e\u0301 \ud835\udc08\ud835\udc27\ud835\udc2d\ud835\udc1e\u0301\ud835\udc2b\ud835\udc22\ud835\udc1e\ud835\udc2e\ud835\udc2b\ud835\udc1e : \ud835\udc25\ud835\udc1a \ud835\udc03\ud835\udc28\ud835\udc2e\ud835\udc1a\ud835\udc27\ud835\udc1e \ud835\udc1b\ud835\udc2e\ud835\udc2b\ud835\udc24\ud835\udc22\ud835\udc27\ud835\udc1a\ud835\udc1b\ud835\udc1e\u0300 \ud835\udc1e\ud835\udc27\ud835\udc20\ud835\udc1a\ud835\udc20\ud835\udc1e\u0301\ud835\udc1e \ud835\udc29\ud835\udc28\ud835\udc2e\ud835\udc2b \ud835\udc25\ud835\udc1a \ud835\udc2b\ud835\udc1e\u0301\ud835\udc2c\ud835\udc22\ud835\udc25\ud835\udc22\ud835\udc1e\ud835\udc27\ud835\udc1c\ud835\udc1e \ud835\udc1c\ud835\udc25\ud835\udc22\ud835\udc26\ud835\udc1a\ud835\udc2d\ud835\udc22\ud835\udc2a\ud835\udc2e\ud835\udc1e\"}]},{\"@type\":\"WebSite\",\"@id\":\"https:\\\/\\\/voxsahel.com\\\/#website\",\"url\":\"https:\\\/\\\/voxsahel.com\\\/\",\"name\":\"Vox Sahel\",\"description\":\"Informez-vous sur le Sahel en un clic\",\"publisher\":{\"@id\":\"https:\\\/\\\/voxsahel.com\\\/#organization\"},\"potentialAction\":[{\"@type\":\"SearchAction\",\"target\":{\"@type\":\"EntryPoint\",\"urlTemplate\":\"https:\\\/\\\/voxsahel.com\\\/?s={search_term_string}\"},\"query-input\":{\"@type\":\"PropertyValueSpecification\",\"valueRequired\":true,\"valueName\":\"search_term_string\"}}],\"inLanguage\":\"fr-FR\"},{\"@type\":\"Organization\",\"@id\":\"https:\\\/\\\/voxsahel.com\\\/#organization\",\"name\":\"Vox Sahel\",\"url\":\"https:\\\/\\\/voxsahel.com\\\/\",\"logo\":{\"@type\":\"ImageObject\",\"inLanguage\":\"fr-FR\",\"@id\":\"https:\\\/\\\/voxsahel.com\\\/#\\\/schema\\\/logo\\\/image\\\/\",\"url\":\"https:\\\/\\\/voxsahel.com\\\/wp-content\\\/uploads\\\/2024\\\/09\\\/Logo-Vox-Sahel.jpg\",\"contentUrl\":\"https:\\\/\\\/voxsahel.com\\\/wp-content\\\/uploads\\\/2024\\\/09\\\/Logo-Vox-Sahel.jpg\",\"width\":1181,\"height\":848,\"caption\":\"Vox Sahel\"},\"image\":{\"@id\":\"https:\\\/\\\/voxsahel.com\\\/#\\\/schema\\\/logo\\\/image\\\/\"},\"sameAs\":[\"https:\\\/\\\/www.facebook.com\\\/journal.voxsahel\"]},{\"@type\":\"Person\",\"@id\":\"https:\\\/\\\/voxsahel.com\\\/#\\\/schema\\\/person\\\/b4043608248f8fa227cd760e7ff1e19e\",\"name\":\"Vox Sahel\",\"image\":{\"@type\":\"ImageObject\",\"inLanguage\":\"fr-FR\",\"@id\":\"https:\\\/\\\/secure.gravatar.com\\\/avatar\\\/f70e7fa0cb9b29d4a7c5788d6eb2e9ab4d3135cbae1c9161810fdf77a8964699?s=96&d=mm&r=g\",\"url\":\"https:\\\/\\\/secure.gravatar.com\\\/avatar\\\/f70e7fa0cb9b29d4a7c5788d6eb2e9ab4d3135cbae1c9161810fdf77a8964699?s=96&d=mm&r=g\",\"contentUrl\":\"https:\\\/\\\/secure.gravatar.com\\\/avatar\\\/f70e7fa0cb9b29d4a7c5788d6eb2e9ab4d3135cbae1c9161810fdf77a8964699?s=96&d=mm&r=g\",\"caption\":\"Vox Sahel\"},\"sameAs\":[\"http:\\\/\\\/www.voxsahel.com\"],\"url\":\"https:\\\/\\\/voxsahel.com\\\/?author=2\"}]}<\/script>\n<!-- \/ Yoast SEO plugin. -->","yoast_head_json":{"title":"\ud835\udfcf\ud835\udfcf\ud835\udc1e \ud835\udc04\u0301\ud835\udc1d\ud835\udc22\ud835\udc2d\ud835\udc22\ud835\udc28\ud835\udc27 \ud835\udc1d\ud835\udc2e \ud835\udc11\ud835\udc1e\ud835\udc1b\ud835\udc28\ud835\udc22\ud835\udc2c\ud835\udc1e\ud835\udc26\ud835\udc1e\ud835\udc27\ud835\udc2d \ud835\udc1d\ud835\udc1e\ud835\udc2c \ud835\udc05\ud835\udc28\ud835\udc2b\ud835\udc1c\ud835\udc1e\ud835\udc2c \ud835\udc1d\ud835\udc1e \ud835\udc12\ud835\udc1e\u0301\ud835\udc1c\ud835\udc2e\ud835\udc2b\ud835\udc22\ud835\udc2d\ud835\udc1e\u0301 \ud835\udc08\ud835\udc27\ud835\udc2d\ud835\udc1e\u0301\ud835\udc2b\ud835\udc22\ud835\udc1e\ud835\udc2e\ud835\udc2b\ud835\udc1e : \ud835\udc25\ud835\udc1a \ud835\udc03\ud835\udc28\ud835\udc2e\ud835\udc1a\ud835\udc27\ud835\udc1e \ud835\udc1b\ud835\udc2e\ud835\udc2b\ud835\udc24\ud835\udc22\ud835\udc27\ud835\udc1a\ud835\udc1b\ud835\udc1e\u0300 \ud835\udc1e\ud835\udc27\ud835\udc20\ud835\udc1a\ud835\udc20\ud835\udc1e\u0301\ud835\udc1e \ud835\udc29\ud835\udc28\ud835\udc2e\ud835\udc2b \ud835\udc25\ud835\udc1a \ud835\udc2b\ud835\udc1e\u0301\ud835\udc2c\ud835\udc22\ud835\udc25\ud835\udc22\ud835\udc1e\ud835\udc27\ud835\udc1c\ud835\udc1e \ud835\udc1c\ud835\udc25\ud835\udc22\ud835\udc26\ud835\udc1a\ud835\udc2d\ud835\udc22\ud835\udc2a\ud835\udc2e\ud835\udc1e - Vox Sahel","robots":{"index":"index","follow":"follow","max-snippet":"max-snippet:-1","max-image-preview":"max-image-preview:large","max-video-preview":"max-video-preview:-1"},"canonical":"https:\/\/voxsahel.com\/?p=2505","og_locale":"fr_FR","og_type":"article","og_title":"\ud835\udfcf\ud835\udfcf\ud835\udc1e \ud835\udc04\u0301\ud835\udc1d\ud835\udc22\ud835\udc2d\ud835\udc22\ud835\udc28\ud835\udc27 \ud835\udc1d\ud835\udc2e \ud835\udc11\ud835\udc1e\ud835\udc1b\ud835\udc28\ud835\udc22\ud835\udc2c\ud835\udc1e\ud835\udc26\ud835\udc1e\ud835\udc27\ud835\udc2d \ud835\udc1d\ud835\udc1e\ud835\udc2c \ud835\udc05\ud835\udc28\ud835\udc2b\ud835\udc1c\ud835\udc1e\ud835\udc2c \ud835\udc1d\ud835\udc1e \ud835\udc12\ud835\udc1e\u0301\ud835\udc1c\ud835\udc2e\ud835\udc2b\ud835\udc22\ud835\udc2d\ud835\udc1e\u0301 \ud835\udc08\ud835\udc27\ud835\udc2d\ud835\udc1e\u0301\ud835\udc2b\ud835\udc22\ud835\udc1e\ud835\udc2e\ud835\udc2b\ud835\udc1e : \ud835\udc25\ud835\udc1a \ud835\udc03\ud835\udc28\ud835\udc2e\ud835\udc1a\ud835\udc27\ud835\udc1e \ud835\udc1b\ud835\udc2e\ud835\udc2b\ud835\udc24\ud835\udc22\ud835\udc27\ud835\udc1a\ud835\udc1b\ud835\udc1e\u0300 \ud835\udc1e\ud835\udc27\ud835\udc20\ud835\udc1a\ud835\udc20\ud835\udc1e\u0301\ud835\udc1e \ud835\udc29\ud835\udc28\ud835\udc2e\ud835\udc2b \ud835\udc25\ud835\udc1a \ud835\udc2b\ud835\udc1e\u0301\ud835\udc2c\ud835\udc22\ud835\udc25\ud835\udc22\ud835\udc1e\ud835\udc27\ud835\udc1c\ud835\udc1e \ud835\udc1c\ud835\udc25\ud835\udc22\ud835\udc26\ud835\udc1a\ud835\udc2d\ud835\udc22\ud835\udc2a\ud835\udc2e\ud835\udc1e - Vox Sahel","og_description":"Le samedi 02 ao\u00fbt 2025, les Forces de S\u00e9curit\u00e9 Int\u00e9rieure (FSI) ont renouvel\u00e9 leur engagement","og_url":"https:\/\/voxsahel.com\/?p=2505","og_site_name":"Vox Sahel","article_publisher":"https:\/\/www.facebook.com\/journal.voxsahel","article_published_time":"2025-08-02T18:43:47+00:00","article_modified_time":"2025-08-02T18:46:56+00:00","og_image":[{"width":936,"height":624,"url":"https:\/\/voxsahel.com\/wp-content\/uploads\/2025\/08\/IMG_8217.jpeg","type":"image\/jpeg"}],"author":"Vox Sahel","twitter_card":"summary_large_image","twitter_misc":{"\u00c9crit par":"Vox Sahel","Dur\u00e9e de lecture estim\u00e9e":"3 minutes"},"schema":{"@context":"https:\/\/schema.org","@graph":[{"@type":"Article","@id":"https:\/\/voxsahel.com\/?p=2505#article","isPartOf":{"@id":"https:\/\/voxsahel.com\/?p=2505"},"author":{"name":"Vox Sahel","@id":"https:\/\/voxsahel.com\/#\/schema\/person\/b4043608248f8fa227cd760e7ff1e19e"},"headline":"\ud835\udfcf\ud835\udfcf\ud835\udc1e \ud835\udc04\u0301\ud835\udc1d\ud835\udc22\ud835\udc2d\ud835\udc22\ud835\udc28\ud835\udc27 \ud835\udc1d\ud835\udc2e \ud835\udc11\ud835\udc1e\ud835\udc1b\ud835\udc28\ud835\udc22\ud835\udc2c\ud835\udc1e\ud835\udc26\ud835\udc1e\ud835\udc27\ud835\udc2d \ud835\udc1d\ud835\udc1e\ud835\udc2c \ud835\udc05\ud835\udc28\ud835\udc2b\ud835\udc1c\ud835\udc1e\ud835\udc2c \ud835\udc1d\ud835\udc1e \ud835\udc12\ud835\udc1e\u0301\ud835\udc1c\ud835\udc2e\ud835\udc2b\ud835\udc22\ud835\udc2d\ud835\udc1e\u0301 \ud835\udc08\ud835\udc27\ud835\udc2d\ud835\udc1e\u0301\ud835\udc2b\ud835\udc22\ud835\udc1e\ud835\udc2e\ud835\udc2b\ud835\udc1e : \ud835\udc25\ud835\udc1a \ud835\udc03\ud835\udc28\ud835\udc2e\ud835\udc1a\ud835\udc27\ud835\udc1e \ud835\udc1b\ud835\udc2e\ud835\udc2b\ud835\udc24\ud835\udc22\ud835\udc27\ud835\udc1a\ud835\udc1b\ud835\udc1e\u0300 \ud835\udc1e\ud835\udc27\ud835\udc20\ud835\udc1a\ud835\udc20\ud835\udc1e\u0301\ud835\udc1e \ud835\udc29\ud835\udc28\ud835\udc2e\ud835\udc2b \ud835\udc25\ud835\udc1a \ud835\udc2b\ud835\udc1e\u0301\ud835\udc2c\ud835\udc22\ud835\udc25\ud835\udc22\ud835\udc1e\ud835\udc27\ud835\udc1c\ud835\udc1e \ud835\udc1c\ud835\udc25\ud835\udc22\ud835\udc26\ud835\udc1a\ud835\udc2d\ud835\udc22\ud835\udc2a\ud835\udc2e\ud835\udc1e","datePublished":"2025-08-02T18:43:47+00:00","dateModified":"2025-08-02T18:46:56+00:00","mainEntityOfPage":{"@id":"https:\/\/voxsahel.com\/?p=2505"},"wordCount":331,"commentCount":0,"publisher":{"@id":"https:\/\/voxsahel.com\/#organization"},"image":{"@id":"https:\/\/voxsahel.com\/?p=2505#primaryimage"},"thumbnailUrl":"https:\/\/voxsahel.com\/wp-content\/uploads\/2025\/08\/IMG_8217.jpeg","keywords":["Direction g\u00e9n\u00e9rale des Douanes","Douane","Douanes du Burkina Faso","Observatoire pour la c\u00e9l\u00e9rit\u00e9 des op\u00e9rations douani\u00e8res au Burkina Faso","Organisation mondiale des Douanes","Taxes douani\u00e8res","Yves Kafando"],"articleSection":["FAITS DIVERS"],"inLanguage":"fr-FR","potentialAction":[{"@type":"CommentAction","name":"Comment","target":["https:\/\/voxsahel.com\/?p=2505#respond"]}]},{"@type":"WebPage","@id":"https:\/\/voxsahel.com\/?p=2505","url":"https:\/\/voxsahel.com\/?p=2505","name":"\ud835\udfcf\ud835\udfcf\ud835\udc1e \ud835\udc04\u0301\ud835\udc1d\ud835\udc22\ud835\udc2d\ud835\udc22\ud835\udc28\ud835\udc27 \ud835\udc1d\ud835\udc2e \ud835\udc11\ud835\udc1e\ud835\udc1b\ud835\udc28\ud835\udc22\ud835\udc2c\ud835\udc1e\ud835\udc26\ud835\udc1e\ud835\udc27\ud835\udc2d \ud835\udc1d\ud835\udc1e\ud835\udc2c \ud835\udc05\ud835\udc28\ud835\udc2b\ud835\udc1c\ud835\udc1e\ud835\udc2c \ud835\udc1d\ud835\udc1e \ud835\udc12\ud835\udc1e\u0301\ud835\udc1c\ud835\udc2e\ud835\udc2b\ud835\udc22\ud835\udc2d\ud835\udc1e\u0301 \ud835\udc08\ud835\udc27\ud835\udc2d\ud835\udc1e\u0301\ud835\udc2b\ud835\udc22\ud835\udc1e\ud835\udc2e\ud835\udc2b\ud835\udc1e : \ud835\udc25\ud835\udc1a \ud835\udc03\ud835\udc28\ud835\udc2e\ud835\udc1a\ud835\udc27\ud835\udc1e \ud835\udc1b\ud835\udc2e\ud835\udc2b\ud835\udc24\ud835\udc22\ud835\udc27\ud835\udc1a\ud835\udc1b\ud835\udc1e\u0300 \ud835\udc1e\ud835\udc27\ud835\udc20\ud835\udc1a\ud835\udc20\ud835\udc1e\u0301\ud835\udc1e \ud835\udc29\ud835\udc28\ud835\udc2e\ud835\udc2b \ud835\udc25\ud835\udc1a \ud835\udc2b\ud835\udc1e\u0301\ud835\udc2c\ud835\udc22\ud835\udc25\ud835\udc22\ud835\udc1e\ud835\udc27\ud835\udc1c\ud835\udc1e \ud835\udc1c\ud835\udc25\ud835\udc22\ud835\udc26\ud835\udc1a\ud835\udc2d\ud835\udc22\ud835\udc2a\ud835\udc2e\ud835\udc1e - Vox Sahel","isPartOf":{"@id":"https:\/\/voxsahel.com\/#website"},"primaryImageOfPage":{"@id":"https:\/\/voxsahel.com\/?p=2505#primaryimage"},"image":{"@id":"https:\/\/voxsahel.com\/?p=2505#primaryimage"},"thumbnailUrl":"https:\/\/voxsahel.com\/wp-content\/uploads\/2025\/08\/IMG_8217.jpeg","datePublished":"2025-08-02T18:43:47+00:00","dateModified":"2025-08-02T18:46:56+00:00","breadcrumb":{"@id":"https:\/\/voxsahel.com\/?p=2505#breadcrumb"},"inLanguage":"fr-FR","potentialAction":[{"@type":"ReadAction","target":["https:\/\/voxsahel.com\/?p=2505"]}]},{"@type":"ImageObject","inLanguage":"fr-FR","@id":"https:\/\/voxsahel.com\/?p=2505#primaryimage","url":"https:\/\/voxsahel.com\/wp-content\/uploads\/2025\/08\/IMG_8217.jpeg","contentUrl":"https:\/\/voxsahel.com\/wp-content\/uploads\/2025\/08\/IMG_8217.jpeg","width":936,"height":624},{"@type":"BreadcrumbList","@id":"https:\/\/voxsahel.com\/?p=2505#breadcrumb","itemListElement":[{"@type":"ListItem","position":1,"name":"Home","item":"https:\/\/voxsahel.com\/"},{"@type":"ListItem","position":2,"name":"\ud835\udfcf\ud835\udfcf\ud835\udc1e \ud835\udc04\u0301\ud835\udc1d\ud835\udc22\ud835\udc2d\ud835\udc22\ud835\udc28\ud835\udc27 \ud835\udc1d\ud835\udc2e \ud835\udc11\ud835\udc1e\ud835\udc1b\ud835\udc28\ud835\udc22\ud835\udc2c\ud835\udc1e\ud835\udc26\ud835\udc1e\ud835\udc27\ud835\udc2d \ud835\udc1d\ud835\udc1e\ud835\udc2c \ud835\udc05\ud835\udc28\ud835\udc2b\ud835\udc1c\ud835\udc1e\ud835\udc2c \ud835\udc1d\ud835\udc1e \ud835\udc12\ud835\udc1e\u0301\ud835\udc1c\ud835\udc2e\ud835\udc2b\ud835\udc22\ud835\udc2d\ud835\udc1e\u0301 \ud835\udc08\ud835\udc27\ud835\udc2d\ud835\udc1e\u0301\ud835\udc2b\ud835\udc22\ud835\udc1e\ud835\udc2e\ud835\udc2b\ud835\udc1e : \ud835\udc25\ud835\udc1a \ud835\udc03\ud835\udc28\ud835\udc2e\ud835\udc1a\ud835\udc27\ud835\udc1e \ud835\udc1b\ud835\udc2e\ud835\udc2b\ud835\udc24\ud835\udc22\ud835\udc27\ud835\udc1a\ud835\udc1b\ud835\udc1e\u0300 \ud835\udc1e\ud835\udc27\ud835\udc20\ud835\udc1a\ud835\udc20\ud835\udc1e\u0301\ud835\udc1e \ud835\udc29\ud835\udc28\ud835\udc2e\ud835\udc2b \ud835\udc25\ud835\udc1a \ud835\udc2b\ud835\udc1e\u0301\ud835\udc2c\ud835\udc22\ud835\udc25\ud835\udc22\ud835\udc1e\ud835\udc27\ud835\udc1c\ud835\udc1e \ud835\udc1c\ud835\udc25\ud835\udc22\ud835\udc26\ud835\udc1a\ud835\udc2d\ud835\udc22\ud835\udc2a\ud835\udc2e\ud835\udc1e"}]},{"@type":"WebSite","@id":"https:\/\/voxsahel.com\/#website","url":"https:\/\/voxsahel.com\/","name":"Vox Sahel","description":"Informez-vous sur le Sahel en un clic","publisher":{"@id":"https:\/\/voxsahel.com\/#organization"},"potentialAction":[{"@type":"SearchAction","target":{"@type":"EntryPoint","urlTemplate":"https:\/\/voxsahel.com\/?s={search_term_string}"},"query-input":{"@type":"PropertyValueSpecification","valueRequired":true,"valueName":"search_term_string"}}],"inLanguage":"fr-FR"},{"@type":"Organization","@id":"https:\/\/voxsahel.com\/#organization","name":"Vox Sahel","url":"https:\/\/voxsahel.com\/","logo":{"@type":"ImageObject","inLanguage":"fr-FR","@id":"https:\/\/voxsahel.com\/#\/schema\/logo\/image\/","url":"https:\/\/voxsahel.com\/wp-content\/uploads\/2024\/09\/Logo-Vox-Sahel.jpg","contentUrl":"https:\/\/voxsahel.com\/wp-content\/uploads\/2024\/09\/Logo-Vox-Sahel.jpg","width":1181,"height":848,"caption":"Vox Sahel"},"image":{"@id":"https:\/\/voxsahel.com\/#\/schema\/logo\/image\/"},"sameAs":["https:\/\/www.facebook.com\/journal.voxsahel"]},{"@type":"Person","@id":"https:\/\/voxsahel.com\/#\/schema\/person\/b4043608248f8fa227cd760e7ff1e19e","name":"Vox Sahel","image":{"@type":"ImageObject","inLanguage":"fr-FR","@id":"https:\/\/secure.gravatar.com\/avatar\/f70e7fa0cb9b29d4a7c5788d6eb2e9ab4d3135cbae1c9161810fdf77a8964699?s=96&d=mm&r=g","url":"https:\/\/secure.gravatar.com\/avatar\/f70e7fa0cb9b29d4a7c5788d6eb2e9ab4d3135cbae1c9161810fdf77a8964699?s=96&d=mm&r=g","contentUrl":"https:\/\/secure.gravatar.com\/avatar\/f70e7fa0cb9b29d4a7c5788d6eb2e9ab4d3135cbae1c9161810fdf77a8964699?s=96&d=mm&r=g","caption":"Vox Sahel"},"sameAs":["http:\/\/www.voxsahel.com"],"url":"https:\/\/voxsahel.com\/?author=2"}]}},"_links":{"self":[{"href":"https:\/\/voxsahel.com\/index.php?rest_route=\/wp\/v2\/posts\/2505","targetHints":{"allow":["GET"]}}],"collection":[{"href":"https:\/\/voxsahel.com\/index.php?rest_route=\/wp\/v2\/posts"}],"about":[{"href":"https:\/\/voxsahel.com\/index.php?rest_route=\/wp\/v2\/types\/post"}],"author":[{"embeddable":true,"href":"https:\/\/voxsahel.com\/index.php?rest_route=\/wp\/v2\/users\/2"}],"replies":[{"embeddable":true,"href":"https:\/\/voxsahel.com\/index.php?rest_route=%2Fwp%2Fv2%2Fcomments&post=2505"}],"version-history":[{"count":3,"href":"https:\/\/voxsahel.com\/index.php?rest_route=\/wp\/v2\/posts\/2505\/revisions"}],"predecessor-version":[{"id":2512,"href":"https:\/\/voxsahel.com\/index.php?rest_route=\/wp\/v2\/posts\/2505\/revisions\/2512"}],"wp:featuredmedia":[{"embeddable":true,"href":"https:\/\/voxsahel.com\/index.php?rest_route=\/wp\/v2\/media\/2506"}],"wp:attachment":[{"href":"https:\/\/voxsahel.com\/index.php?rest_route=%2Fwp%2Fv2%2Fmedia&parent=2505"}],"wp:term":[{"taxonomy":"category","embeddable":true,"href":"https:\/\/voxsahel.com\/index.php?rest_route=%2Fwp%2Fv2%2Fcategories&post=2505"},{"taxonomy":"post_tag","embeddable":true,"href":"https:\/\/voxsahel.com\/index.php?rest_route=%2Fwp%2Fv2%2Ftags&post=2505"}],"curies":[{"name":"wp","href":"https:\/\/api.w.org\/{rel}","templated":true}]}}