{"id":2494,"date":"2025-08-01T14:46:05","date_gmt":"2025-08-01T14:46:05","guid":{"rendered":"https:\/\/voxsahel.com\/?p=2494"},"modified":"2025-08-01T17:09:47","modified_gmt":"2025-08-01T17:09:47","slug":"chan-ketzug-2025-un-groupe-pret-et-confiant","status":"publish","type":"post","link":"https:\/\/voxsahel.com\/?p=2494","title":{"rendered":"CHAN KETZUG 2025 : Le groupe des \u00c9talons pr\u00eat et confiant"},"content":{"rendered":"<p class=\"p1\"><span class=\"s1\">\u00c0 la veille du match d\u2019ouverture du Championnat d\u2019Afrique des Nations (CHAN) KETZUG 2024, les \u00c9talons A\u2019 du Burkina Faso affichent une s\u00e9r\u00e9nit\u00e9 assum\u00e9e. Ce vendredi <\/span><span class=\"s2\">le 1er ao\u00fbt 2025<\/span><span class=\"s1\">, le s\u00e9lectionneur Issa Balbon\u00e9 et le capitaine Patrick Malo ont anim\u00e9 la conf\u00e9rence de presse d\u2019avant-match au Benjamin Mkapa Stadium, th\u00e9\u00e2tre du choc inaugural entre la Tanzanie et le Burkina Faso pr\u00e9vu ce samedi 2 ao\u00fbt \u00e0 17h GMT.<\/span><\/p>\n<p class=\"p1\"><span class=\"s1\">Face aux m\u00e9dias, le s\u00e9lectionneur national n\u2019a pas cach\u00e9 sa confiance :<\/span><\/p>\n<blockquote>\n<p class=\"p1\"><span class=\"s1\">\u00ab Le Burkina s\u2019est tr\u00e8s bien pr\u00e9par\u00e9, et \u00e7a va se sentir d\u00e8s le premier match \u00bb, a assur\u00e9 Issa Balbon\u00e9, visiblement d\u00e9termin\u00e9 \u00e0 faire parler le collectif burkinab\u00e8 sur le terrain.<\/span><\/p>\n<\/blockquote>\n<p class=\"p1\"><span class=\"s1\">L\u2019objectif est clair : <\/span><span class=\"s2\">r\u00e9aliser une belle comp\u00e9tition et aller le plus loin possible<\/span><span class=\"s1\">. Le CHAN, qui met en lumi\u00e8re les talents \u00e9voluant dans les championnats locaux, repr\u00e9sente une formidable vitrine pour ces joueurs. Et l\u2019encadrement technique en est bien conscient.<\/span><\/p>\n<p class=\"p1\"><span class=\"s1\">Patrick Malo : \u201cNous sommes pr\u00eats\u201d<\/span><\/p>\n<p class=\"p1\">Capitaine de cette s\u00e9lection A\u2019, Patrick Malo a, lui aussi, affich\u00e9 un \u00e9tat d\u2019esprit conqu\u00e9rant.<\/p>\n<blockquote>\n<p class=\"p1\"><span class=\"s1\">\u00ab Tous les joueurs sont pr\u00eats. On veut prouver que le Burkina Faso a du talent et sait jouer au football \u00bb, a-t-il d\u00e9clar\u00e9.<\/span><\/p>\n<\/blockquote>\n<p class=\"p1\"><span class=\"s1\">Des mots forts qui traduisent l\u2019envie de faire honneur au drapeau burkinab\u00e8 et de montrer que le football local a toute sa place parmi les meilleures nations africaines.<\/span><\/p>\n<p class=\"p1\"><span class=\"s1\">Arriv\u00e9s la veille \u00e0 Dar Es Salam, les \u00c9talons A\u2019 n\u2019ont pas tard\u00e9 \u00e0 se remettre au travail. D\u00e8s l\u2019apr\u00e8s-midi, une premi\u00e8re s\u00e9ance d\u2019entra\u00eenement a \u00e9t\u00e9 organis\u00e9e, ax\u00e9e sur la r\u00e9cup\u00e9ration active apr\u00e8s un long voyage, mais aussi sur la remise en jambes avec quelques exercices techniques et phases de jeu. Une mani\u00e8re de maintenir la dynamique enclench\u00e9e lors de la pr\u00e9paration.<\/span><\/p>\n<p class=\"p1\"><span class=\"s1\">Le match d\u2019ouverture face \u00e0 la Tanzanie s\u2019annonce d\u00e9cisif pour la suite du parcours burkinab\u00e8. Dans une comp\u00e9tition souvent serr\u00e9e, bien d\u00e9buter est essentiel. Face \u00e0 un pays h\u00f4te soutenu par son public, les \u00c9talons A\u2019 devront faire preuve de ma\u00eetrise et de caract\u00e8re.<\/span><\/p>\n<p class=\"p1\"><span class=\"s1\">Rendez-vous ce samedi \u00e0 17h GMT pour une rencontre qui promet intensit\u00e9, engagement et spectacle. Le Burkina Faso est pr\u00eat. Place d\u00e9sormais au jeu.<\/span><\/p>\n<p class=\"p1\" style=\"text-align: right;\"><span class=\"s1\"><b>Par Vox Sahel <\/b><\/span><\/p>\n","protected":false},"excerpt":{"rendered":"<p>\u00c0 la veille du match d\u2019ouverture du Championnat d\u2019Afrique des Nations (CHAN) KETZUG 2024, les<\/p>\n","protected":false},"author":2,"featured_media":2495,"comment_status":"open","ping_status":"open","sticky":false,"template":"","format":"standard","meta":{"_et_pb_use_builder":"","_et_pb_old_content":"","_et_gb_content_width":"","footnotes":""},"categories":[12],"tags":[18,531,660,78,40,35,34,863],"class_list":["post-2494","post","type-post","status-publish","format-standard","has-post-thumbnail","hentry","category-sports","tag-burkina-faso","tag-chan","tag-confederation-africaine-de-football","tag-etalon","tag-federation-burkinabe-de-football","tag-football","tag-sport","tag-tanzanie"],"yoast_head":"<!-- This site is optimized with the Yoast SEO plugin v27.5 - https:\/\/yoast.com\/product\/yoast-seo-wordpress\/ -->\n<title>CHAN KETZUG 2025 : Le groupe des \u00c9talons pr\u00eat et confiant - Vox Sahel<\/title>\n<meta name=\"robots\" content=\"index, follow, max-snippet:-1, max-image-preview:large, max-video-preview:-1\" \/>\n<link rel=\"canonical\" href=\"https:\/\/voxsahel.com\/?p=2494\" \/>\n<meta property=\"og:locale\" content=\"fr_FR\" \/>\n<meta property=\"og:type\" content=\"article\" \/>\n<meta property=\"og:title\" content=\"CHAN KETZUG 2025 : Le groupe des \u00c9talons pr\u00eat et confiant - Vox Sahel\" \/>\n<meta property=\"og:description\" content=\"\u00c0 la veille du match d\u2019ouverture du Championnat d\u2019Afrique des Nations (CHAN) KETZUG 2024, les\" \/>\n<meta property=\"og:url\" content=\"https:\/\/voxsahel.com\/?p=2494\" \/>\n<meta property=\"og:site_name\" content=\"Vox Sahel\" \/>\n<meta property=\"article:publisher\" content=\"https:\/\/www.facebook.com\/journal.voxsahel\" \/>\n<meta property=\"article:published_time\" content=\"2025-08-01T14:46:05+00:00\" \/>\n<meta property=\"article:modified_time\" content=\"2025-08-01T17:09:47+00:00\" \/>\n<meta property=\"og:image\" content=\"https:\/\/voxsahel.com\/wp-content\/uploads\/2025\/08\/IMG_7978.jpeg\" \/>\n\t<meta property=\"og:image:width\" content=\"1280\" \/>\n\t<meta property=\"og:image:height\" content=\"752\" \/>\n\t<meta property=\"og:image:type\" content=\"image\/jpeg\" \/>\n<meta name=\"author\" content=\"Vox Sahel\" \/>\n<meta name=\"twitter:card\" content=\"summary_large_image\" \/>\n<meta name=\"twitter:label1\" content=\"\u00c9crit par\" \/>\n\t<meta name=\"twitter:data1\" content=\"Vox Sahel\" \/>\n\t<meta name=\"twitter:label2\" content=\"Dur\u00e9e de lecture estim\u00e9e\" \/>\n\t<meta name=\"twitter:data2\" content=\"2 minutes\" \/>\n<script type=\"application\/ld+json\" class=\"yoast-schema-graph\">{\"@context\":\"https:\\\/\\\/schema.org\",\"@graph\":[{\"@type\":\"Article\",\"@id\":\"https:\\\/\\\/voxsahel.com\\\/?p=2494#article\",\"isPartOf\":{\"@id\":\"https:\\\/\\\/voxsahel.com\\\/?p=2494\"},\"author\":{\"name\":\"Vox Sahel\",\"@id\":\"https:\\\/\\\/voxsahel.com\\\/#\\\/schema\\\/person\\\/b4043608248f8fa227cd760e7ff1e19e\"},\"headline\":\"CHAN KETZUG 2025 : Le groupe des \u00c9talons pr\u00eat et confiant\",\"datePublished\":\"2025-08-01T14:46:05+00:00\",\"dateModified\":\"2025-08-01T17:09:47+00:00\",\"mainEntityOfPage\":{\"@id\":\"https:\\\/\\\/voxsahel.com\\\/?p=2494\"},\"wordCount\":413,\"commentCount\":0,\"publisher\":{\"@id\":\"https:\\\/\\\/voxsahel.com\\\/#organization\"},\"image\":{\"@id\":\"https:\\\/\\\/voxsahel.com\\\/?p=2494#primaryimage\"},\"thumbnailUrl\":\"https:\\\/\\\/voxsahel.com\\\/wp-content\\\/uploads\\\/2025\\\/08\\\/IMG_7978.jpeg\",\"keywords\":[\"Burkina Faso\",\"CHAN\",\"Conf\u00e9d\u00e9ration Africaine de Football\",\"Etalon\",\"F\u00e9d\u00e9ration Burkinab\u00e8 de Football\",\"Football\",\"Sport\",\"Tanzanie\"],\"articleSection\":[\"SPORTS\"],\"inLanguage\":\"fr-FR\",\"potentialAction\":[{\"@type\":\"CommentAction\",\"name\":\"Comment\",\"target\":[\"https:\\\/\\\/voxsahel.com\\\/?p=2494#respond\"]}]},{\"@type\":\"WebPage\",\"@id\":\"https:\\\/\\\/voxsahel.com\\\/?p=2494\",\"url\":\"https:\\\/\\\/voxsahel.com\\\/?p=2494\",\"name\":\"CHAN KETZUG 2025 : Le groupe des \u00c9talons pr\u00eat et confiant - Vox Sahel\",\"isPartOf\":{\"@id\":\"https:\\\/\\\/voxsahel.com\\\/#website\"},\"primaryImageOfPage\":{\"@id\":\"https:\\\/\\\/voxsahel.com\\\/?p=2494#primaryimage\"},\"image\":{\"@id\":\"https:\\\/\\\/voxsahel.com\\\/?p=2494#primaryimage\"},\"thumbnailUrl\":\"https:\\\/\\\/voxsahel.com\\\/wp-content\\\/uploads\\\/2025\\\/08\\\/IMG_7978.jpeg\",\"datePublished\":\"2025-08-01T14:46:05+00:00\",\"dateModified\":\"2025-08-01T17:09:47+00:00\",\"breadcrumb\":{\"@id\":\"https:\\\/\\\/voxsahel.com\\\/?p=2494#breadcrumb\"},\"inLanguage\":\"fr-FR\",\"potentialAction\":[{\"@type\":\"ReadAction\",\"target\":[\"https:\\\/\\\/voxsahel.com\\\/?p=2494\"]}]},{\"@type\":\"ImageObject\",\"inLanguage\":\"fr-FR\",\"@id\":\"https:\\\/\\\/voxsahel.com\\\/?p=2494#primaryimage\",\"url\":\"https:\\\/\\\/voxsahel.com\\\/wp-content\\\/uploads\\\/2025\\\/08\\\/IMG_7978.jpeg\",\"contentUrl\":\"https:\\\/\\\/voxsahel.com\\\/wp-content\\\/uploads\\\/2025\\\/08\\\/IMG_7978.jpeg\",\"width\":1280,\"height\":752},{\"@type\":\"BreadcrumbList\",\"@id\":\"https:\\\/\\\/voxsahel.com\\\/?p=2494#breadcrumb\",\"itemListElement\":[{\"@type\":\"ListItem\",\"position\":1,\"name\":\"Home\",\"item\":\"https:\\\/\\\/voxsahel.com\\\/\"},{\"@type\":\"ListItem\",\"position\":2,\"name\":\"CHAN KETZUG 2025 : Le groupe des \u00c9talons pr\u00eat et confiant\"}]},{\"@type\":\"WebSite\",\"@id\":\"https:\\\/\\\/voxsahel.com\\\/#website\",\"url\":\"https:\\\/\\\/voxsahel.com\\\/\",\"name\":\"Vox Sahel\",\"description\":\"Informez-vous sur le Sahel en un clic\",\"publisher\":{\"@id\":\"https:\\\/\\\/voxsahel.com\\\/#organization\"},\"potentialAction\":[{\"@type\":\"SearchAction\",\"target\":{\"@type\":\"EntryPoint\",\"urlTemplate\":\"https:\\\/\\\/voxsahel.com\\\/?s={search_term_string}\"},\"query-input\":{\"@type\":\"PropertyValueSpecification\",\"valueRequired\":true,\"valueName\":\"search_term_string\"}}],\"inLanguage\":\"fr-FR\"},{\"@type\":\"Organization\",\"@id\":\"https:\\\/\\\/voxsahel.com\\\/#organization\",\"name\":\"Vox Sahel\",\"url\":\"https:\\\/\\\/voxsahel.com\\\/\",\"logo\":{\"@type\":\"ImageObject\",\"inLanguage\":\"fr-FR\",\"@id\":\"https:\\\/\\\/voxsahel.com\\\/#\\\/schema\\\/logo\\\/image\\\/\",\"url\":\"https:\\\/\\\/voxsahel.com\\\/wp-content\\\/uploads\\\/2024\\\/09\\\/Logo-Vox-Sahel.jpg\",\"contentUrl\":\"https:\\\/\\\/voxsahel.com\\\/wp-content\\\/uploads\\\/2024\\\/09\\\/Logo-Vox-Sahel.jpg\",\"width\":1181,\"height\":848,\"caption\":\"Vox Sahel\"},\"image\":{\"@id\":\"https:\\\/\\\/voxsahel.com\\\/#\\\/schema\\\/logo\\\/image\\\/\"},\"sameAs\":[\"https:\\\/\\\/www.facebook.com\\\/journal.voxsahel\"]},{\"@type\":\"Person\",\"@id\":\"https:\\\/\\\/voxsahel.com\\\/#\\\/schema\\\/person\\\/b4043608248f8fa227cd760e7ff1e19e\",\"name\":\"Vox Sahel\",\"image\":{\"@type\":\"ImageObject\",\"inLanguage\":\"fr-FR\",\"@id\":\"https:\\\/\\\/secure.gravatar.com\\\/avatar\\\/f70e7fa0cb9b29d4a7c5788d6eb2e9ab4d3135cbae1c9161810fdf77a8964699?s=96&d=mm&r=g\",\"url\":\"https:\\\/\\\/secure.gravatar.com\\\/avatar\\\/f70e7fa0cb9b29d4a7c5788d6eb2e9ab4d3135cbae1c9161810fdf77a8964699?s=96&d=mm&r=g\",\"contentUrl\":\"https:\\\/\\\/secure.gravatar.com\\\/avatar\\\/f70e7fa0cb9b29d4a7c5788d6eb2e9ab4d3135cbae1c9161810fdf77a8964699?s=96&d=mm&r=g\",\"caption\":\"Vox Sahel\"},\"sameAs\":[\"http:\\\/\\\/www.voxsahel.com\"],\"url\":\"https:\\\/\\\/voxsahel.com\\\/?author=2\"}]}<\/script>\n<!-- \/ Yoast SEO plugin. -->","yoast_head_json":{"title":"CHAN KETZUG 2025 : Le groupe des \u00c9talons pr\u00eat et confiant - Vox Sahel","robots":{"index":"index","follow":"follow","max-snippet":"max-snippet:-1","max-image-preview":"max-image-preview:large","max-video-preview":"max-video-preview:-1"},"canonical":"https:\/\/voxsahel.com\/?p=2494","og_locale":"fr_FR","og_type":"article","og_title":"CHAN KETZUG 2025 : Le groupe des \u00c9talons pr\u00eat et confiant - Vox Sahel","og_description":"\u00c0 la veille du match d\u2019ouverture du Championnat d\u2019Afrique des Nations (CHAN) KETZUG 2024, les","og_url":"https:\/\/voxsahel.com\/?p=2494","og_site_name":"Vox Sahel","article_publisher":"https:\/\/www.facebook.com\/journal.voxsahel","article_published_time":"2025-08-01T14:46:05+00:00","article_modified_time":"2025-08-01T17:09:47+00:00","og_image":[{"width":1280,"height":752,"url":"https:\/\/voxsahel.com\/wp-content\/uploads\/2025\/08\/IMG_7978.jpeg","type":"image\/jpeg"}],"author":"Vox Sahel","twitter_card":"summary_large_image","twitter_misc":{"\u00c9crit par":"Vox Sahel","Dur\u00e9e de lecture estim\u00e9e":"2 minutes"},"schema":{"@context":"https:\/\/schema.org","@graph":[{"@type":"Article","@id":"https:\/\/voxsahel.com\/?p=2494#article","isPartOf":{"@id":"https:\/\/voxsahel.com\/?p=2494"},"author":{"name":"Vox Sahel","@id":"https:\/\/voxsahel.com\/#\/schema\/person\/b4043608248f8fa227cd760e7ff1e19e"},"headline":"CHAN KETZUG 2025 : Le groupe des \u00c9talons pr\u00eat et confiant","datePublished":"2025-08-01T14:46:05+00:00","dateModified":"2025-08-01T17:09:47+00:00","mainEntityOfPage":{"@id":"https:\/\/voxsahel.com\/?p=2494"},"wordCount":413,"commentCount":0,"publisher":{"@id":"https:\/\/voxsahel.com\/#organization"},"image":{"@id":"https:\/\/voxsahel.com\/?p=2494#primaryimage"},"thumbnailUrl":"https:\/\/voxsahel.com\/wp-content\/uploads\/2025\/08\/IMG_7978.jpeg","keywords":["Burkina Faso","CHAN","Conf\u00e9d\u00e9ration Africaine de Football","Etalon","F\u00e9d\u00e9ration Burkinab\u00e8 de Football","Football","Sport","Tanzanie"],"articleSection":["SPORTS"],"inLanguage":"fr-FR","potentialAction":[{"@type":"CommentAction","name":"Comment","target":["https:\/\/voxsahel.com\/?p=2494#respond"]}]},{"@type":"WebPage","@id":"https:\/\/voxsahel.com\/?p=2494","url":"https:\/\/voxsahel.com\/?p=2494","name":"CHAN KETZUG 2025 : Le groupe des \u00c9talons pr\u00eat et confiant - Vox Sahel","isPartOf":{"@id":"https:\/\/voxsahel.com\/#website"},"primaryImageOfPage":{"@id":"https:\/\/voxsahel.com\/?p=2494#primaryimage"},"image":{"@id":"https:\/\/voxsahel.com\/?p=2494#primaryimage"},"thumbnailUrl":"https:\/\/voxsahel.com\/wp-content\/uploads\/2025\/08\/IMG_7978.jpeg","datePublished":"2025-08-01T14:46:05+00:00","dateModified":"2025-08-01T17:09:47+00:00","breadcrumb":{"@id":"https:\/\/voxsahel.com\/?p=2494#breadcrumb"},"inLanguage":"fr-FR","potentialAction":[{"@type":"ReadAction","target":["https:\/\/voxsahel.com\/?p=2494"]}]},{"@type":"ImageObject","inLanguage":"fr-FR","@id":"https:\/\/voxsahel.com\/?p=2494#primaryimage","url":"https:\/\/voxsahel.com\/wp-content\/uploads\/2025\/08\/IMG_7978.jpeg","contentUrl":"https:\/\/voxsahel.com\/wp-content\/uploads\/2025\/08\/IMG_7978.jpeg","width":1280,"height":752},{"@type":"BreadcrumbList","@id":"https:\/\/voxsahel.com\/?p=2494#breadcrumb","itemListElement":[{"@type":"ListItem","position":1,"name":"Home","item":"https:\/\/voxsahel.com\/"},{"@type":"ListItem","position":2,"name":"CHAN KETZUG 2025 : Le groupe des \u00c9talons pr\u00eat et confiant"}]},{"@type":"WebSite","@id":"https:\/\/voxsahel.com\/#website","url":"https:\/\/voxsahel.com\/","name":"Vox Sahel","description":"Informez-vous sur le Sahel en un clic","publisher":{"@id":"https:\/\/voxsahel.com\/#organization"},"potentialAction":[{"@type":"SearchAction","target":{"@type":"EntryPoint","urlTemplate":"https:\/\/voxsahel.com\/?s={search_term_string}"},"query-input":{"@type":"PropertyValueSpecification","valueRequired":true,"valueName":"search_term_string"}}],"inLanguage":"fr-FR"},{"@type":"Organization","@id":"https:\/\/voxsahel.com\/#organization","name":"Vox Sahel","url":"https:\/\/voxsahel.com\/","logo":{"@type":"ImageObject","inLanguage":"fr-FR","@id":"https:\/\/voxsahel.com\/#\/schema\/logo\/image\/","url":"https:\/\/voxsahel.com\/wp-content\/uploads\/2024\/09\/Logo-Vox-Sahel.jpg","contentUrl":"https:\/\/voxsahel.com\/wp-content\/uploads\/2024\/09\/Logo-Vox-Sahel.jpg","width":1181,"height":848,"caption":"Vox Sahel"},"image":{"@id":"https:\/\/voxsahel.com\/#\/schema\/logo\/image\/"},"sameAs":["https:\/\/www.facebook.com\/journal.voxsahel"]},{"@type":"Person","@id":"https:\/\/voxsahel.com\/#\/schema\/person\/b4043608248f8fa227cd760e7ff1e19e","name":"Vox Sahel","image":{"@type":"ImageObject","inLanguage":"fr-FR","@id":"https:\/\/secure.gravatar.com\/avatar\/f70e7fa0cb9b29d4a7c5788d6eb2e9ab4d3135cbae1c9161810fdf77a8964699?s=96&d=mm&r=g","url":"https:\/\/secure.gravatar.com\/avatar\/f70e7fa0cb9b29d4a7c5788d6eb2e9ab4d3135cbae1c9161810fdf77a8964699?s=96&d=mm&r=g","contentUrl":"https:\/\/secure.gravatar.com\/avatar\/f70e7fa0cb9b29d4a7c5788d6eb2e9ab4d3135cbae1c9161810fdf77a8964699?s=96&d=mm&r=g","caption":"Vox Sahel"},"sameAs":["http:\/\/www.voxsahel.com"],"url":"https:\/\/voxsahel.com\/?author=2"}]}},"_links":{"self":[{"href":"https:\/\/voxsahel.com\/index.php?rest_route=\/wp\/v2\/posts\/2494","targetHints":{"allow":["GET"]}}],"collection":[{"href":"https:\/\/voxsahel.com\/index.php?rest_route=\/wp\/v2\/posts"}],"about":[{"href":"https:\/\/voxsahel.com\/index.php?rest_route=\/wp\/v2\/types\/post"}],"author":[{"embeddable":true,"href":"https:\/\/voxsahel.com\/index.php?rest_route=\/wp\/v2\/users\/2"}],"replies":[{"embeddable":true,"href":"https:\/\/voxsahel.com\/index.php?rest_route=%2Fwp%2Fv2%2Fcomments&post=2494"}],"version-history":[{"count":5,"href":"https:\/\/voxsahel.com\/index.php?rest_route=\/wp\/v2\/posts\/2494\/revisions"}],"predecessor-version":[{"id":2500,"href":"https:\/\/voxsahel.com\/index.php?rest_route=\/wp\/v2\/posts\/2494\/revisions\/2500"}],"wp:featuredmedia":[{"embeddable":true,"href":"https:\/\/voxsahel.com\/index.php?rest_route=\/wp\/v2\/media\/2495"}],"wp:attachment":[{"href":"https:\/\/voxsahel.com\/index.php?rest_route=%2Fwp%2Fv2%2Fmedia&parent=2494"}],"wp:term":[{"taxonomy":"category","embeddable":true,"href":"https:\/\/voxsahel.com\/index.php?rest_route=%2Fwp%2Fv2%2Fcategories&post=2494"},{"taxonomy":"post_tag","embeddable":true,"href":"https:\/\/voxsahel.com\/index.php?rest_route=%2Fwp%2Fv2%2Ftags&post=2494"}],"curies":[{"name":"wp","href":"https:\/\/api.w.org\/{rel}","templated":true}]}}