{"id":2476,"date":"2025-07-31T12:44:27","date_gmt":"2025-07-31T12:44:27","guid":{"rendered":"https:\/\/voxsahel.com\/?p=2476"},"modified":"2025-07-31T12:44:27","modified_gmt":"2025-07-31T12:44:27","slug":"relance-de-la-filiere-coton-lindustrie-agroalimentaire-sengage-la-sn-citec-sa-montre-lexemple","status":"publish","type":"post","link":"https:\/\/voxsahel.com\/?p=2476","title":{"rendered":"Relance de la fili\u00e8re coton : l\u2019industrie agroalimentaire s\u2019engage, la SN Citec SA montre l\u2019exemple"},"content":{"rendered":"<p class=\"p1\">Face aux difficult\u00e9s que traverse la fili\u00e8re coton depuis plusieurs ann\u00e9es, des acteurs de l\u2019industrie agroalimentaire burkinab\u00e8 s\u2019impliquent de plus en plus dans les efforts de redynamisation du secteur. C\u2019est dans cette dynamique que s\u2019inscrit la Soci\u00e9t\u00e9 Nouvelle Huilerie et Savonnerie Citec SA, fleuron de l\u2019agroalimentaire national, qui a r\u00e9cemment effectu\u00e9 une visite de terrain sur son quatri\u00e8me champ de coton \u00e0 Farakoba, dans la r\u00e9gion du Guiriko.<\/p>\n<p><img loading=\"lazy\" decoding=\"async\" class=\"aligncenter size-large wp-image-2478\" src=\"https:\/\/voxsahel.com\/wp-content\/uploads\/2025\/07\/IMG_7656-1024x576.jpeg\" alt=\"\" width=\"640\" height=\"360\" srcset=\"https:\/\/voxsahel.com\/wp-content\/uploads\/2025\/07\/IMG_7656-1024x576.jpeg 1024w, https:\/\/voxsahel.com\/wp-content\/uploads\/2025\/07\/IMG_7656-300x169.jpeg 300w, https:\/\/voxsahel.com\/wp-content\/uploads\/2025\/07\/IMG_7656-768x432.jpeg 768w, https:\/\/voxsahel.com\/wp-content\/uploads\/2025\/07\/IMG_7656-1536x864.jpeg 1536w, https:\/\/voxsahel.com\/wp-content\/uploads\/2025\/07\/IMG_7656-1080x608.jpeg 1080w, https:\/\/voxsahel.com\/wp-content\/uploads\/2025\/07\/IMG_7656-610x343.jpeg 610w, https:\/\/voxsahel.com\/wp-content\/uploads\/2025\/07\/IMG_7656-800x450.jpeg 800w, https:\/\/voxsahel.com\/wp-content\/uploads\/2025\/07\/IMG_7656.jpeg 2048w\" sizes=\"(max-width: 640px) 100vw, 640px\" \/><\/p>\n<p class=\"p1\"><span class=\"s1\">Conduite par son Directeur G\u00e9n\u00e9ral, Monsieur Ibrahim TRAOR\u00c9, une d\u00e9l\u00e9gation de la SN Citec SA s\u2019est rendue sur ce site pour constater de visu l\u2019\u00e9volution des cultures. Ce champ fait partie des initiatives agricoles lanc\u00e9es par l\u2019entreprise dans le cadre de son engagement en faveur de la relance de la production cotonni\u00e8re nationale. L\u2019action s\u2019inscrit \u00e9galement dans une strat\u00e9gie globale visant \u00e0 renforcer les cha\u00eenes d\u2019approvisionnement locales en mati\u00e8res premi\u00e8res, tout en contribuant au d\u00e9veloppement durable des zones rurales.<\/span><\/p>\n<p><img loading=\"lazy\" decoding=\"async\" class=\"aligncenter size-large wp-image-2479\" src=\"https:\/\/voxsahel.com\/wp-content\/uploads\/2025\/07\/IMG_7659-1024x576.jpeg\" alt=\"\" width=\"640\" height=\"360\" srcset=\"https:\/\/voxsahel.com\/wp-content\/uploads\/2025\/07\/IMG_7659-1024x576.jpeg 1024w, https:\/\/voxsahel.com\/wp-content\/uploads\/2025\/07\/IMG_7659-300x169.jpeg 300w, https:\/\/voxsahel.com\/wp-content\/uploads\/2025\/07\/IMG_7659-768x432.jpeg 768w, https:\/\/voxsahel.com\/wp-content\/uploads\/2025\/07\/IMG_7659-1536x864.jpeg 1536w, https:\/\/voxsahel.com\/wp-content\/uploads\/2025\/07\/IMG_7659-1080x608.jpeg 1080w, https:\/\/voxsahel.com\/wp-content\/uploads\/2025\/07\/IMG_7659-610x343.jpeg 610w, https:\/\/voxsahel.com\/wp-content\/uploads\/2025\/07\/IMG_7659-800x450.jpeg 800w, https:\/\/voxsahel.com\/wp-content\/uploads\/2025\/07\/IMG_7659.jpeg 2048w\" sizes=\"(max-width: 640px) 100vw, 640px\" \/><\/p>\n<p class=\"p1\"><span class=\"s1\">Le champ visit\u00e9 b\u00e9n\u00e9ficie d\u2019un accompagnement technique conjoint entre les \u00e9quipes de la SOFITEX SA et celles de SN Citec SA, un partenariat qui symbolise la synergie n\u00e9cessaire entre acteurs publics et priv\u00e9s pour redresser cette fili\u00e8re strat\u00e9gique. Le constat sur le terrain est plut\u00f4t encourageant : les plants de coton pr\u00e9sentent une bonne physionomie, t\u00e9moignant d\u2019un travail rigoureux de suivi agronomique.<\/span><\/p>\n<p class=\"p1\"><span class=\"s1\">Au terme de la visite, le Directeur G\u00e9n\u00e9ral de la SN Citec SA n\u2019a pas cach\u00e9 sa satisfaction. Il a par ailleurs indiqu\u00e9 que les r\u00e9sultats observ\u00e9s sont prometteurs et esp\u00e8re que la r\u00e9gularit\u00e9 des pluies et l\u2019ensoleillement se maintiendront pour garantir une r\u00e9colte abondante.<\/span><\/p>\n<p><img loading=\"lazy\" decoding=\"async\" class=\"aligncenter size-large wp-image-2480\" src=\"https:\/\/voxsahel.com\/wp-content\/uploads\/2025\/07\/IMG_7657-1024x576.jpeg\" alt=\"\" width=\"640\" height=\"360\" srcset=\"https:\/\/voxsahel.com\/wp-content\/uploads\/2025\/07\/IMG_7657-1024x576.jpeg 1024w, https:\/\/voxsahel.com\/wp-content\/uploads\/2025\/07\/IMG_7657-300x169.jpeg 300w, https:\/\/voxsahel.com\/wp-content\/uploads\/2025\/07\/IMG_7657-768x432.jpeg 768w, https:\/\/voxsahel.com\/wp-content\/uploads\/2025\/07\/IMG_7657-1536x864.jpeg 1536w, https:\/\/voxsahel.com\/wp-content\/uploads\/2025\/07\/IMG_7657-1080x608.jpeg 1080w, https:\/\/voxsahel.com\/wp-content\/uploads\/2025\/07\/IMG_7657-610x343.jpeg 610w, https:\/\/voxsahel.com\/wp-content\/uploads\/2025\/07\/IMG_7657-800x450.jpeg 800w, https:\/\/voxsahel.com\/wp-content\/uploads\/2025\/07\/IMG_7657.jpeg 2048w\" sizes=\"(max-width: 640px) 100vw, 640px\" \/><\/p>\n<p class=\"p1\"><span class=\"s1\">En tant qu\u2019acteur majeur dans la transformation des huiles alimentaires au Burkina Faso, la SN Citec SA illustre parfaitement le r\u00f4le que peut jouer l\u2019agro-industrie dans la revitalisation de l\u2019agriculture nationale. En diversifiant ses investissements dans des cultures industrielles locales comme le coton, l\u2019entreprise contribue non seulement \u00e0 la s\u00e9curisation de ses approvisionnements, mais aussi \u00e0 la cr\u00e9ation d\u2019emplois ruraux, la r\u00e9duction de la pauvret\u00e9 et la relance de l\u2019\u00e9conomie agricole.<\/span><\/p>\n<p><img loading=\"lazy\" decoding=\"async\" class=\"aligncenter size-large wp-image-2481\" src=\"https:\/\/voxsahel.com\/wp-content\/uploads\/2025\/07\/IMG_7661-1024x576.jpeg\" alt=\"\" width=\"640\" height=\"360\" srcset=\"https:\/\/voxsahel.com\/wp-content\/uploads\/2025\/07\/IMG_7661-1024x576.jpeg 1024w, https:\/\/voxsahel.com\/wp-content\/uploads\/2025\/07\/IMG_7661-300x169.jpeg 300w, https:\/\/voxsahel.com\/wp-content\/uploads\/2025\/07\/IMG_7661-768x432.jpeg 768w, https:\/\/voxsahel.com\/wp-content\/uploads\/2025\/07\/IMG_7661-1536x864.jpeg 1536w, https:\/\/voxsahel.com\/wp-content\/uploads\/2025\/07\/IMG_7661-1080x608.jpeg 1080w, https:\/\/voxsahel.com\/wp-content\/uploads\/2025\/07\/IMG_7661-610x343.jpeg 610w, https:\/\/voxsahel.com\/wp-content\/uploads\/2025\/07\/IMG_7661-800x450.jpeg 800w, https:\/\/voxsahel.com\/wp-content\/uploads\/2025\/07\/IMG_7661.jpeg 2048w\" sizes=\"(max-width: 640px) 100vw, 640px\" \/><\/p>\n<p class=\"p1\"><span class=\"s1\">Cette approche int\u00e9gr\u00e9e, combinant production, transformation et valorisation locale, repr\u00e9sente un mod\u00e8le de d\u00e9veloppement \u00e9conomique r\u00e9silient et durable. Elle pourrait inspirer d\u2019autres entreprises \u00e0 embo\u00eeter le pas pour faire de la relance de la fili\u00e8re coton une r\u00e9ussite collective.<\/span><\/p>\n<p class=\"p1\" style=\"text-align: center;\"><strong><span class=\"s1\">Encadr\u00e9 \u2013 La fili\u00e8re coton au Burkina Faso : quelques rep\u00e8res<\/span><\/strong><\/p>\n<p class=\"p1\" style=\"text-align: center;\"><span class=\"s1\"> \u2022 Deuxi\u00e8me produit d\u2019exportation apr\u00e8s l\u2019or<\/span><\/p>\n<p class=\"p1\"><span class=\"s1\"> \u2022 Plus de 3 millions de personnes en vivent directement ou indirectement<\/span><\/p>\n<p class=\"p1\"><span class=\"s1\"> \u2022 Des difficult\u00e9s li\u00e9es \u00e0 la fluctuation des prix, au co\u00fbt des intrants et aux al\u00e9as climatiques<\/span><\/p>\n<p class=\"p1\"><span class=\"s1\">Avec de telles initiatives, l\u2019espoir rena\u00eet pour la fili\u00e8re coton burkinab\u00e8. L\u2019engagement d\u2019acteurs priv\u00e9s comme la SN Citec SA constitue un signal fort pour une agriculture tourn\u00e9e vers la souverainet\u00e9 et la transformation locale, au service d\u2019un d\u00e9veloppement inclusif et durable.<\/span><\/p>\n<p class=\"p1\" style=\"text-align: right;\"><span class=\"s1\"><b>Par<span class=\"Apple-converted-space\">\u00a0 <\/span>Vox Sahel <\/b><\/span><\/p>\n<p class=\"p1\" style=\"text-align: right;\"><span class=\"s1\"><b>Source documentaire : Page Facebook de la SN Citec <\/b><\/span><\/p>\n","protected":false},"excerpt":{"rendered":"<p>Face aux difficult\u00e9s que traverse la fili\u00e8re coton depuis plusieurs ann\u00e9es, des acteurs de l\u2019industrie<\/p>\n","protected":false},"author":2,"featured_media":2477,"comment_status":"open","ping_status":"open","sticky":false,"template":"","format":"standard","meta":{"_et_pb_use_builder":"","_et_pb_old_content":"","_et_gb_content_width":"","footnotes":""},"categories":[8],"tags":[240,18,186,183,239,238,385,492,493,70,189,529,199,242],"class_list":["post-2476","post","type-post","status-publish","format-standard","has-post-thumbnail","hentry","category-developpement","tag-association-interprofessionnelle-du-coton-burkinabe","tag-burkina-faso","tag-chaine-de-valeur-du-coton","tag-coton","tag-coton-bt","tag-coton-ogm","tag-groupement-professionnel-des-industriels","tag-huile","tag-huilerie","tag-industrie","tag-organisation-des-nations-unies-pour-le-developpement-industriel","tag-sn-citec","tag-sofitex","tag-union-nationale-des-producteurs-de-coton-du-burkina"],"yoast_head":"<!-- This site is optimized with the Yoast SEO plugin v27.5 - https:\/\/yoast.com\/product\/yoast-seo-wordpress\/ -->\n<title>Relance de la fili\u00e8re coton : l\u2019industrie agroalimentaire s\u2019engage, la SN Citec SA montre l\u2019exemple - Vox Sahel<\/title>\n<meta name=\"robots\" content=\"index, follow, max-snippet:-1, max-image-preview:large, max-video-preview:-1\" \/>\n<link rel=\"canonical\" href=\"https:\/\/voxsahel.com\/?p=2476\" \/>\n<meta property=\"og:locale\" content=\"fr_FR\" \/>\n<meta property=\"og:type\" content=\"article\" \/>\n<meta property=\"og:title\" content=\"Relance de la fili\u00e8re coton : l\u2019industrie agroalimentaire s\u2019engage, la SN Citec SA montre l\u2019exemple - Vox Sahel\" \/>\n<meta property=\"og:description\" content=\"Face aux difficult\u00e9s que traverse la fili\u00e8re coton depuis plusieurs ann\u00e9es, des acteurs de l\u2019industrie\" \/>\n<meta property=\"og:url\" content=\"https:\/\/voxsahel.com\/?p=2476\" \/>\n<meta property=\"og:site_name\" content=\"Vox Sahel\" \/>\n<meta property=\"article:publisher\" content=\"https:\/\/www.facebook.com\/journal.voxsahel\" \/>\n<meta property=\"article:published_time\" content=\"2025-07-31T12:44:27+00:00\" \/>\n<meta property=\"og:image\" content=\"https:\/\/voxsahel.com\/wp-content\/uploads\/2025\/07\/IMG_7655.jpeg\" \/>\n\t<meta property=\"og:image:width\" content=\"2048\" \/>\n\t<meta property=\"og:image:height\" content=\"1152\" \/>\n\t<meta property=\"og:image:type\" content=\"image\/jpeg\" \/>\n<meta name=\"author\" content=\"Vox Sahel\" \/>\n<meta name=\"twitter:card\" content=\"summary_large_image\" \/>\n<meta name=\"twitter:label1\" content=\"\u00c9crit par\" \/>\n\t<meta name=\"twitter:data1\" content=\"Vox Sahel\" \/>\n\t<meta name=\"twitter:label2\" content=\"Dur\u00e9e de lecture estim\u00e9e\" \/>\n\t<meta name=\"twitter:data2\" content=\"4 minutes\" \/>\n<script type=\"application\/ld+json\" class=\"yoast-schema-graph\">{\"@context\":\"https:\\\/\\\/schema.org\",\"@graph\":[{\"@type\":\"Article\",\"@id\":\"https:\\\/\\\/voxsahel.com\\\/?p=2476#article\",\"isPartOf\":{\"@id\":\"https:\\\/\\\/voxsahel.com\\\/?p=2476\"},\"author\":{\"name\":\"Vox Sahel\",\"@id\":\"https:\\\/\\\/voxsahel.com\\\/#\\\/schema\\\/person\\\/b4043608248f8fa227cd760e7ff1e19e\"},\"headline\":\"Relance de la fili\u00e8re coton : l\u2019industrie agroalimentaire s\u2019engage, la SN Citec SA montre l\u2019exemple\",\"datePublished\":\"2025-07-31T12:44:27+00:00\",\"mainEntityOfPage\":{\"@id\":\"https:\\\/\\\/voxsahel.com\\\/?p=2476\"},\"wordCount\":555,\"commentCount\":0,\"publisher\":{\"@id\":\"https:\\\/\\\/voxsahel.com\\\/#organization\"},\"image\":{\"@id\":\"https:\\\/\\\/voxsahel.com\\\/?p=2476#primaryimage\"},\"thumbnailUrl\":\"https:\\\/\\\/voxsahel.com\\\/wp-content\\\/uploads\\\/2025\\\/07\\\/IMG_7655.jpeg\",\"keywords\":[\"Association interprofessionnelle du Coton Burkinab\u00e8\",\"Burkina Faso\",\"cha\u00eene de valeur du coton\",\"Coton\",\"Coton BT\",\"Coton OGM\",\"Groupement professionnel des industriels\",\"Huile\",\"Huilerie\",\"Industrie\",\"Organisation des Nations unies pour le D\u00e9veloppement Industriel\",\"SN Citec\",\"SOFITEX\",\"Union nationale des producteurs de coton du Burkina\"],\"articleSection\":[\"DEVELOPPEMENT\"],\"inLanguage\":\"fr-FR\",\"potentialAction\":[{\"@type\":\"CommentAction\",\"name\":\"Comment\",\"target\":[\"https:\\\/\\\/voxsahel.com\\\/?p=2476#respond\"]}]},{\"@type\":\"WebPage\",\"@id\":\"https:\\\/\\\/voxsahel.com\\\/?p=2476\",\"url\":\"https:\\\/\\\/voxsahel.com\\\/?p=2476\",\"name\":\"Relance de la fili\u00e8re coton : l\u2019industrie agroalimentaire s\u2019engage, la SN Citec SA montre l\u2019exemple - Vox Sahel\",\"isPartOf\":{\"@id\":\"https:\\\/\\\/voxsahel.com\\\/#website\"},\"primaryImageOfPage\":{\"@id\":\"https:\\\/\\\/voxsahel.com\\\/?p=2476#primaryimage\"},\"image\":{\"@id\":\"https:\\\/\\\/voxsahel.com\\\/?p=2476#primaryimage\"},\"thumbnailUrl\":\"https:\\\/\\\/voxsahel.com\\\/wp-content\\\/uploads\\\/2025\\\/07\\\/IMG_7655.jpeg\",\"datePublished\":\"2025-07-31T12:44:27+00:00\",\"breadcrumb\":{\"@id\":\"https:\\\/\\\/voxsahel.com\\\/?p=2476#breadcrumb\"},\"inLanguage\":\"fr-FR\",\"potentialAction\":[{\"@type\":\"ReadAction\",\"target\":[\"https:\\\/\\\/voxsahel.com\\\/?p=2476\"]}]},{\"@type\":\"ImageObject\",\"inLanguage\":\"fr-FR\",\"@id\":\"https:\\\/\\\/voxsahel.com\\\/?p=2476#primaryimage\",\"url\":\"https:\\\/\\\/voxsahel.com\\\/wp-content\\\/uploads\\\/2025\\\/07\\\/IMG_7655.jpeg\",\"contentUrl\":\"https:\\\/\\\/voxsahel.com\\\/wp-content\\\/uploads\\\/2025\\\/07\\\/IMG_7655.jpeg\",\"width\":2048,\"height\":1152},{\"@type\":\"BreadcrumbList\",\"@id\":\"https:\\\/\\\/voxsahel.com\\\/?p=2476#breadcrumb\",\"itemListElement\":[{\"@type\":\"ListItem\",\"position\":1,\"name\":\"Home\",\"item\":\"https:\\\/\\\/voxsahel.com\\\/\"},{\"@type\":\"ListItem\",\"position\":2,\"name\":\"Relance de la fili\u00e8re coton : l\u2019industrie agroalimentaire s\u2019engage, la SN Citec SA montre l\u2019exemple\"}]},{\"@type\":\"WebSite\",\"@id\":\"https:\\\/\\\/voxsahel.com\\\/#website\",\"url\":\"https:\\\/\\\/voxsahel.com\\\/\",\"name\":\"Vox Sahel\",\"description\":\"Informez-vous sur le Sahel en un clic\",\"publisher\":{\"@id\":\"https:\\\/\\\/voxsahel.com\\\/#organization\"},\"potentialAction\":[{\"@type\":\"SearchAction\",\"target\":{\"@type\":\"EntryPoint\",\"urlTemplate\":\"https:\\\/\\\/voxsahel.com\\\/?s={search_term_string}\"},\"query-input\":{\"@type\":\"PropertyValueSpecification\",\"valueRequired\":true,\"valueName\":\"search_term_string\"}}],\"inLanguage\":\"fr-FR\"},{\"@type\":\"Organization\",\"@id\":\"https:\\\/\\\/voxsahel.com\\\/#organization\",\"name\":\"Vox Sahel\",\"url\":\"https:\\\/\\\/voxsahel.com\\\/\",\"logo\":{\"@type\":\"ImageObject\",\"inLanguage\":\"fr-FR\",\"@id\":\"https:\\\/\\\/voxsahel.com\\\/#\\\/schema\\\/logo\\\/image\\\/\",\"url\":\"https:\\\/\\\/voxsahel.com\\\/wp-content\\\/uploads\\\/2024\\\/09\\\/Logo-Vox-Sahel.jpg\",\"contentUrl\":\"https:\\\/\\\/voxsahel.com\\\/wp-content\\\/uploads\\\/2024\\\/09\\\/Logo-Vox-Sahel.jpg\",\"width\":1181,\"height\":848,\"caption\":\"Vox Sahel\"},\"image\":{\"@id\":\"https:\\\/\\\/voxsahel.com\\\/#\\\/schema\\\/logo\\\/image\\\/\"},\"sameAs\":[\"https:\\\/\\\/www.facebook.com\\\/journal.voxsahel\"]},{\"@type\":\"Person\",\"@id\":\"https:\\\/\\\/voxsahel.com\\\/#\\\/schema\\\/person\\\/b4043608248f8fa227cd760e7ff1e19e\",\"name\":\"Vox Sahel\",\"image\":{\"@type\":\"ImageObject\",\"inLanguage\":\"fr-FR\",\"@id\":\"https:\\\/\\\/secure.gravatar.com\\\/avatar\\\/f70e7fa0cb9b29d4a7c5788d6eb2e9ab4d3135cbae1c9161810fdf77a8964699?s=96&d=mm&r=g\",\"url\":\"https:\\\/\\\/secure.gravatar.com\\\/avatar\\\/f70e7fa0cb9b29d4a7c5788d6eb2e9ab4d3135cbae1c9161810fdf77a8964699?s=96&d=mm&r=g\",\"contentUrl\":\"https:\\\/\\\/secure.gravatar.com\\\/avatar\\\/f70e7fa0cb9b29d4a7c5788d6eb2e9ab4d3135cbae1c9161810fdf77a8964699?s=96&d=mm&r=g\",\"caption\":\"Vox Sahel\"},\"sameAs\":[\"http:\\\/\\\/www.voxsahel.com\"],\"url\":\"https:\\\/\\\/voxsahel.com\\\/?author=2\"}]}<\/script>\n<!-- \/ Yoast SEO plugin. -->","yoast_head_json":{"title":"Relance de la fili\u00e8re coton : l\u2019industrie agroalimentaire s\u2019engage, la SN Citec SA montre l\u2019exemple - Vox Sahel","robots":{"index":"index","follow":"follow","max-snippet":"max-snippet:-1","max-image-preview":"max-image-preview:large","max-video-preview":"max-video-preview:-1"},"canonical":"https:\/\/voxsahel.com\/?p=2476","og_locale":"fr_FR","og_type":"article","og_title":"Relance de la fili\u00e8re coton : l\u2019industrie agroalimentaire s\u2019engage, la SN Citec SA montre l\u2019exemple - Vox Sahel","og_description":"Face aux difficult\u00e9s que traverse la fili\u00e8re coton depuis plusieurs ann\u00e9es, des acteurs de l\u2019industrie","og_url":"https:\/\/voxsahel.com\/?p=2476","og_site_name":"Vox Sahel","article_publisher":"https:\/\/www.facebook.com\/journal.voxsahel","article_published_time":"2025-07-31T12:44:27+00:00","og_image":[{"width":2048,"height":1152,"url":"https:\/\/voxsahel.com\/wp-content\/uploads\/2025\/07\/IMG_7655.jpeg","type":"image\/jpeg"}],"author":"Vox Sahel","twitter_card":"summary_large_image","twitter_misc":{"\u00c9crit par":"Vox Sahel","Dur\u00e9e de lecture estim\u00e9e":"4 minutes"},"schema":{"@context":"https:\/\/schema.org","@graph":[{"@type":"Article","@id":"https:\/\/voxsahel.com\/?p=2476#article","isPartOf":{"@id":"https:\/\/voxsahel.com\/?p=2476"},"author":{"name":"Vox Sahel","@id":"https:\/\/voxsahel.com\/#\/schema\/person\/b4043608248f8fa227cd760e7ff1e19e"},"headline":"Relance de la fili\u00e8re coton : l\u2019industrie agroalimentaire s\u2019engage, la SN Citec SA montre l\u2019exemple","datePublished":"2025-07-31T12:44:27+00:00","mainEntityOfPage":{"@id":"https:\/\/voxsahel.com\/?p=2476"},"wordCount":555,"commentCount":0,"publisher":{"@id":"https:\/\/voxsahel.com\/#organization"},"image":{"@id":"https:\/\/voxsahel.com\/?p=2476#primaryimage"},"thumbnailUrl":"https:\/\/voxsahel.com\/wp-content\/uploads\/2025\/07\/IMG_7655.jpeg","keywords":["Association interprofessionnelle du Coton Burkinab\u00e8","Burkina Faso","cha\u00eene de valeur du coton","Coton","Coton BT","Coton OGM","Groupement professionnel des industriels","Huile","Huilerie","Industrie","Organisation des Nations unies pour le D\u00e9veloppement Industriel","SN Citec","SOFITEX","Union nationale des producteurs de coton du Burkina"],"articleSection":["DEVELOPPEMENT"],"inLanguage":"fr-FR","potentialAction":[{"@type":"CommentAction","name":"Comment","target":["https:\/\/voxsahel.com\/?p=2476#respond"]}]},{"@type":"WebPage","@id":"https:\/\/voxsahel.com\/?p=2476","url":"https:\/\/voxsahel.com\/?p=2476","name":"Relance de la fili\u00e8re coton : l\u2019industrie agroalimentaire s\u2019engage, la SN Citec SA montre l\u2019exemple - Vox Sahel","isPartOf":{"@id":"https:\/\/voxsahel.com\/#website"},"primaryImageOfPage":{"@id":"https:\/\/voxsahel.com\/?p=2476#primaryimage"},"image":{"@id":"https:\/\/voxsahel.com\/?p=2476#primaryimage"},"thumbnailUrl":"https:\/\/voxsahel.com\/wp-content\/uploads\/2025\/07\/IMG_7655.jpeg","datePublished":"2025-07-31T12:44:27+00:00","breadcrumb":{"@id":"https:\/\/voxsahel.com\/?p=2476#breadcrumb"},"inLanguage":"fr-FR","potentialAction":[{"@type":"ReadAction","target":["https:\/\/voxsahel.com\/?p=2476"]}]},{"@type":"ImageObject","inLanguage":"fr-FR","@id":"https:\/\/voxsahel.com\/?p=2476#primaryimage","url":"https:\/\/voxsahel.com\/wp-content\/uploads\/2025\/07\/IMG_7655.jpeg","contentUrl":"https:\/\/voxsahel.com\/wp-content\/uploads\/2025\/07\/IMG_7655.jpeg","width":2048,"height":1152},{"@type":"BreadcrumbList","@id":"https:\/\/voxsahel.com\/?p=2476#breadcrumb","itemListElement":[{"@type":"ListItem","position":1,"name":"Home","item":"https:\/\/voxsahel.com\/"},{"@type":"ListItem","position":2,"name":"Relance de la fili\u00e8re coton : l\u2019industrie agroalimentaire s\u2019engage, la SN Citec SA montre l\u2019exemple"}]},{"@type":"WebSite","@id":"https:\/\/voxsahel.com\/#website","url":"https:\/\/voxsahel.com\/","name":"Vox Sahel","description":"Informez-vous sur le Sahel en un clic","publisher":{"@id":"https:\/\/voxsahel.com\/#organization"},"potentialAction":[{"@type":"SearchAction","target":{"@type":"EntryPoint","urlTemplate":"https:\/\/voxsahel.com\/?s={search_term_string}"},"query-input":{"@type":"PropertyValueSpecification","valueRequired":true,"valueName":"search_term_string"}}],"inLanguage":"fr-FR"},{"@type":"Organization","@id":"https:\/\/voxsahel.com\/#organization","name":"Vox Sahel","url":"https:\/\/voxsahel.com\/","logo":{"@type":"ImageObject","inLanguage":"fr-FR","@id":"https:\/\/voxsahel.com\/#\/schema\/logo\/image\/","url":"https:\/\/voxsahel.com\/wp-content\/uploads\/2024\/09\/Logo-Vox-Sahel.jpg","contentUrl":"https:\/\/voxsahel.com\/wp-content\/uploads\/2024\/09\/Logo-Vox-Sahel.jpg","width":1181,"height":848,"caption":"Vox Sahel"},"image":{"@id":"https:\/\/voxsahel.com\/#\/schema\/logo\/image\/"},"sameAs":["https:\/\/www.facebook.com\/journal.voxsahel"]},{"@type":"Person","@id":"https:\/\/voxsahel.com\/#\/schema\/person\/b4043608248f8fa227cd760e7ff1e19e","name":"Vox Sahel","image":{"@type":"ImageObject","inLanguage":"fr-FR","@id":"https:\/\/secure.gravatar.com\/avatar\/f70e7fa0cb9b29d4a7c5788d6eb2e9ab4d3135cbae1c9161810fdf77a8964699?s=96&d=mm&r=g","url":"https:\/\/secure.gravatar.com\/avatar\/f70e7fa0cb9b29d4a7c5788d6eb2e9ab4d3135cbae1c9161810fdf77a8964699?s=96&d=mm&r=g","contentUrl":"https:\/\/secure.gravatar.com\/avatar\/f70e7fa0cb9b29d4a7c5788d6eb2e9ab4d3135cbae1c9161810fdf77a8964699?s=96&d=mm&r=g","caption":"Vox Sahel"},"sameAs":["http:\/\/www.voxsahel.com"],"url":"https:\/\/voxsahel.com\/?author=2"}]}},"_links":{"self":[{"href":"https:\/\/voxsahel.com\/index.php?rest_route=\/wp\/v2\/posts\/2476","targetHints":{"allow":["GET"]}}],"collection":[{"href":"https:\/\/voxsahel.com\/index.php?rest_route=\/wp\/v2\/posts"}],"about":[{"href":"https:\/\/voxsahel.com\/index.php?rest_route=\/wp\/v2\/types\/post"}],"author":[{"embeddable":true,"href":"https:\/\/voxsahel.com\/index.php?rest_route=\/wp\/v2\/users\/2"}],"replies":[{"embeddable":true,"href":"https:\/\/voxsahel.com\/index.php?rest_route=%2Fwp%2Fv2%2Fcomments&post=2476"}],"version-history":[{"count":1,"href":"https:\/\/voxsahel.com\/index.php?rest_route=\/wp\/v2\/posts\/2476\/revisions"}],"predecessor-version":[{"id":2482,"href":"https:\/\/voxsahel.com\/index.php?rest_route=\/wp\/v2\/posts\/2476\/revisions\/2482"}],"wp:featuredmedia":[{"embeddable":true,"href":"https:\/\/voxsahel.com\/index.php?rest_route=\/wp\/v2\/media\/2477"}],"wp:attachment":[{"href":"https:\/\/voxsahel.com\/index.php?rest_route=%2Fwp%2Fv2%2Fmedia&parent=2476"}],"wp:term":[{"taxonomy":"category","embeddable":true,"href":"https:\/\/voxsahel.com\/index.php?rest_route=%2Fwp%2Fv2%2Fcategories&post=2476"},{"taxonomy":"post_tag","embeddable":true,"href":"https:\/\/voxsahel.com\/index.php?rest_route=%2Fwp%2Fv2%2Ftags&post=2476"}],"curies":[{"name":"wp","href":"https:\/\/api.w.org\/{rel}","templated":true}]}}