{"id":245,"date":"2024-09-18T06:48:58","date_gmt":"2024-09-18T06:48:58","guid":{"rendered":"https:\/\/voxsahel.com\/?p=245"},"modified":"2024-09-18T06:48:58","modified_gmt":"2024-09-18T06:48:58","slug":"confederation-des-etats-du-sahel-vers-une-diplomatie-commune-et-unifiee","status":"publish","type":"post","link":"https:\/\/voxsahel.com\/?p=245","title":{"rendered":"Conf\u00e9d\u00e9ration des \u00c9tats du Sahel : Vers une diplomatie commune et unifi\u00e9e"},"content":{"rendered":"<p class=\"p1\">Le mardi 17 septembre 2024, le Pr\u00e9sident de la Transition malienne, le Colonel Assimi GO\u00cfTA, a re\u00e7u en audience une d\u00e9l\u00e9gation minist\u00e9rielle de la Conf\u00e9d\u00e9ration de l\u2019Alliances des \u00c9tats du Sahel (AES). Cette rencontre, qui s\u2019est tenue \u00e0 Bamako, a \u00e9t\u00e9 marqu\u00e9e par la pr\u00e9sence de plusieurs ministres, dont Karamoko Jean Marie Traor\u00e9, ministre Burkinab\u00e8 des Affaires \u00e9trang\u00e8res, Abdoulaye Diop, Ministre malien des Affaires \u00e9trang\u00e8res, et le Colonel Isma\u00ebl WAGU\u00c9, Ministre de la R\u00e9conciliation nationale du Mali.<\/p>\n<p class=\"p2\"><span class=\"s1\">Cette audience avait pour objectif de faire le point sur les r\u00e9centes activit\u00e9s men\u00e9es dans la capitale malienne. Selon Mohamed TOUMBA, Ministre nig\u00e9rien de l\u2019Int\u00e9rieur, la d\u00e9l\u00e9gation a exprim\u00e9 sa satisfaction d\u2019avoir \u00e9t\u00e9 re\u00e7ue par le Pr\u00e9sident GO\u00cfTA. <\/span><\/p>\n<p class=\"p2\"><span class=\"s1\">Il a \u00e9galement rappel\u00e9 que les ministres de la R\u00e9conciliation de l\u2019AES se sont r\u00e9cemment rendus \u00e0 Gao pour participer au lancement de la troisi\u00e8me \u00e9dition de la Semaine nationale de la r\u00e9conciliation, consacr\u00e9e \u00e0 la solidarit\u00e9 envers les victimes des r\u00e9centes inondations qui ont affect\u00e9 la r\u00e9gion, un ph\u00e9nom\u00e8ne naturel partag\u00e9 par tous les pays membres en raison des pluies abondantes cette ann\u00e9e.<\/span><\/p>\n<p class=\"p2\"><span class=\"s1\">Cette rencontre diplomatique co\u00efncidait \u00e9galement avec la c\u00e9l\u00e9bration du premier anniversaire de la signature de la Charte du Liptako-Gourma, devenue depuis juillet 2024 la Conf\u00e9d\u00e9ration des \u00c9tats du Sahel. Lors de cette occasion, les Ministres des Affaires \u00e9trang\u00e8res des pays membres ont tenu une r\u00e9union pour faire le bilan des r\u00e9alisations.<br \/>\n<\/span><\/p>\n<p class=\"p2\"><span class=\"s1\">Selon Bakary Yaou SANGAR\u00c9, Ministre nig\u00e9rien des Affaires \u00e9trang\u00e8res, cette rencontre visait \u00e0 \u00e9valuer les actions entreprises dans les domaines de la D\u00e9fense, de la Diplomatie et du D\u00e9veloppement, piliers fondamentaux de la Conf\u00e9d\u00e9ration. Le Mali, en sa qualit\u00e9 de pr\u00e9sident de l\u2019AES, a soumis une feuille de route valid\u00e9e par les autres membres, incluant 21 activit\u00e9s \u00e0 examiner, dont 13 relevant de la diplomatie.<\/span><\/p>\n<p class=\"p2\"><span class=\"s1\">Les discussions ont port\u00e9 sur la coordination d&rsquo;une diplomatie unique au sein de la Conf\u00e9d\u00e9ration, visant \u00e0 harmoniser les voix et positions des pays membres sur la sc\u00e8ne internationale, en amont de l&rsquo;Assembl\u00e9e G\u00e9n\u00e9rale des Nations Unies.<\/span><\/p>\n<p class=\"p2\"><span class=\"s1\">\u00c0 la fin de l\u2019audience, la d\u00e9l\u00e9gation a exprim\u00e9 sa gratitude pour l\u2019accueil et a rendu hommage aux Forces arm\u00e9es et aux populations de l\u2019AES pour leurs contributions \u00e0 la stabilit\u00e9 et au d\u00e9veloppement de la r\u00e9gion. Le Colonel Assimi GO\u00cfTA a, quant \u00e0 lui, donn\u00e9 des orientations pour assurer le succ\u00e8s des futures missions de la Conf\u00e9d\u00e9ration.<\/span><\/p>\n","protected":false},"excerpt":{"rendered":"<p>Le mardi 17 septembre 2024, le Pr\u00e9sident de la Transition malienne, le Colonel Assimi GO\u00cfTA,<\/p>\n","protected":false},"author":2,"featured_media":246,"comment_status":"open","ping_status":"open","sticky":false,"template":"","format":"standard","meta":{"_et_pb_use_builder":"","_et_pb_old_content":"","_et_gb_content_width":"","footnotes":""},"categories":[6],"tags":[61,62,124,18,123,87,49,125,31,60],"class_list":["post-245","post","type-post","status-publish","format-standard","has-post-thumbnail","hentry","category-politique","tag-aes","tag-alliance-des-etats-du-sahel","tag-assimi-goita","tag-burkina-faso","tag-confederation-de-lalliances-des-etats-du-sahel","tag-diplomatie","tag-geopolitique","tag-ibrahim-traore","tag-mali","tag-niger"],"yoast_head":"<!-- This site is optimized with the Yoast SEO plugin v27.5 - https:\/\/yoast.com\/product\/yoast-seo-wordpress\/ -->\n<title>Conf\u00e9d\u00e9ration des \u00c9tats du Sahel : Vers une diplomatie commune et unifi\u00e9e - Vox Sahel<\/title>\n<meta name=\"robots\" content=\"index, follow, max-snippet:-1, max-image-preview:large, max-video-preview:-1\" \/>\n<link rel=\"canonical\" href=\"https:\/\/voxsahel.com\/?p=245\" \/>\n<meta property=\"og:locale\" content=\"fr_FR\" \/>\n<meta property=\"og:type\" content=\"article\" \/>\n<meta property=\"og:title\" content=\"Conf\u00e9d\u00e9ration des \u00c9tats du Sahel : Vers une diplomatie commune et unifi\u00e9e - Vox Sahel\" \/>\n<meta property=\"og:description\" content=\"Le mardi 17 septembre 2024, le Pr\u00e9sident de la Transition malienne, le Colonel Assimi GO\u00cfTA,\" \/>\n<meta property=\"og:url\" content=\"https:\/\/voxsahel.com\/?p=245\" \/>\n<meta property=\"og:site_name\" content=\"Vox Sahel\" \/>\n<meta property=\"article:publisher\" content=\"https:\/\/www.facebook.com\/journal.voxsahel\" \/>\n<meta property=\"article:published_time\" content=\"2024-09-18T06:48:58+00:00\" \/>\n<meta property=\"og:image\" content=\"https:\/\/voxsahel.com\/wp-content\/uploads\/2024\/09\/IMG_9193.jpeg\" \/>\n\t<meta property=\"og:image:width\" content=\"2048\" \/>\n\t<meta property=\"og:image:height\" content=\"1357\" \/>\n\t<meta property=\"og:image:type\" content=\"image\/jpeg\" \/>\n<meta name=\"author\" content=\"Vox Sahel\" \/>\n<meta name=\"twitter:card\" content=\"summary_large_image\" \/>\n<meta name=\"twitter:label1\" content=\"\u00c9crit par\" \/>\n\t<meta name=\"twitter:data1\" content=\"Vox Sahel\" \/>\n\t<meta name=\"twitter:label2\" content=\"Dur\u00e9e de lecture estim\u00e9e\" \/>\n\t<meta name=\"twitter:data2\" content=\"3 minutes\" \/>\n<script type=\"application\/ld+json\" class=\"yoast-schema-graph\">{\"@context\":\"https:\\\/\\\/schema.org\",\"@graph\":[{\"@type\":\"Article\",\"@id\":\"https:\\\/\\\/voxsahel.com\\\/?p=245#article\",\"isPartOf\":{\"@id\":\"https:\\\/\\\/voxsahel.com\\\/?p=245\"},\"author\":{\"name\":\"Vox Sahel\",\"@id\":\"https:\\\/\\\/voxsahel.com\\\/#\\\/schema\\\/person\\\/b4043608248f8fa227cd760e7ff1e19e\"},\"headline\":\"Conf\u00e9d\u00e9ration des \u00c9tats du Sahel : Vers une diplomatie commune et unifi\u00e9e\",\"datePublished\":\"2024-09-18T06:48:58+00:00\",\"mainEntityOfPage\":{\"@id\":\"https:\\\/\\\/voxsahel.com\\\/?p=245\"},\"wordCount\":467,\"commentCount\":0,\"publisher\":{\"@id\":\"https:\\\/\\\/voxsahel.com\\\/#organization\"},\"image\":{\"@id\":\"https:\\\/\\\/voxsahel.com\\\/?p=245#primaryimage\"},\"thumbnailUrl\":\"https:\\\/\\\/voxsahel.com\\\/wp-content\\\/uploads\\\/2024\\\/09\\\/IMG_9193.jpeg\",\"keywords\":[\"AES\",\"Alliance des \u00c9tats du Sahel\",\"Assimi GO\u00cfTA\",\"Burkina Faso\",\"Conf\u00e9d\u00e9ration de l\u2019Alliances des \u00c9tats du Sahel\",\"Diplomatie\",\"G\u00e9opolitique\",\"Ibrahim Traor\u00e9\",\"Mali\",\"Niger\"],\"articleSection\":[\"POLITIQUE\"],\"inLanguage\":\"fr-FR\",\"potentialAction\":[{\"@type\":\"CommentAction\",\"name\":\"Comment\",\"target\":[\"https:\\\/\\\/voxsahel.com\\\/?p=245#respond\"]}]},{\"@type\":\"WebPage\",\"@id\":\"https:\\\/\\\/voxsahel.com\\\/?p=245\",\"url\":\"https:\\\/\\\/voxsahel.com\\\/?p=245\",\"name\":\"Conf\u00e9d\u00e9ration des \u00c9tats du Sahel : Vers une diplomatie commune et unifi\u00e9e - Vox Sahel\",\"isPartOf\":{\"@id\":\"https:\\\/\\\/voxsahel.com\\\/#website\"},\"primaryImageOfPage\":{\"@id\":\"https:\\\/\\\/voxsahel.com\\\/?p=245#primaryimage\"},\"image\":{\"@id\":\"https:\\\/\\\/voxsahel.com\\\/?p=245#primaryimage\"},\"thumbnailUrl\":\"https:\\\/\\\/voxsahel.com\\\/wp-content\\\/uploads\\\/2024\\\/09\\\/IMG_9193.jpeg\",\"datePublished\":\"2024-09-18T06:48:58+00:00\",\"breadcrumb\":{\"@id\":\"https:\\\/\\\/voxsahel.com\\\/?p=245#breadcrumb\"},\"inLanguage\":\"fr-FR\",\"potentialAction\":[{\"@type\":\"ReadAction\",\"target\":[\"https:\\\/\\\/voxsahel.com\\\/?p=245\"]}]},{\"@type\":\"ImageObject\",\"inLanguage\":\"fr-FR\",\"@id\":\"https:\\\/\\\/voxsahel.com\\\/?p=245#primaryimage\",\"url\":\"https:\\\/\\\/voxsahel.com\\\/wp-content\\\/uploads\\\/2024\\\/09\\\/IMG_9193.jpeg\",\"contentUrl\":\"https:\\\/\\\/voxsahel.com\\\/wp-content\\\/uploads\\\/2024\\\/09\\\/IMG_9193.jpeg\",\"width\":2048,\"height\":1357},{\"@type\":\"BreadcrumbList\",\"@id\":\"https:\\\/\\\/voxsahel.com\\\/?p=245#breadcrumb\",\"itemListElement\":[{\"@type\":\"ListItem\",\"position\":1,\"name\":\"Home\",\"item\":\"https:\\\/\\\/voxsahel.com\\\/\"},{\"@type\":\"ListItem\",\"position\":2,\"name\":\"Conf\u00e9d\u00e9ration des \u00c9tats du Sahel : Vers une diplomatie commune et unifi\u00e9e\"}]},{\"@type\":\"WebSite\",\"@id\":\"https:\\\/\\\/voxsahel.com\\\/#website\",\"url\":\"https:\\\/\\\/voxsahel.com\\\/\",\"name\":\"Vox Sahel\",\"description\":\"Informez-vous sur le Sahel en un clic\",\"publisher\":{\"@id\":\"https:\\\/\\\/voxsahel.com\\\/#organization\"},\"potentialAction\":[{\"@type\":\"SearchAction\",\"target\":{\"@type\":\"EntryPoint\",\"urlTemplate\":\"https:\\\/\\\/voxsahel.com\\\/?s={search_term_string}\"},\"query-input\":{\"@type\":\"PropertyValueSpecification\",\"valueRequired\":true,\"valueName\":\"search_term_string\"}}],\"inLanguage\":\"fr-FR\"},{\"@type\":\"Organization\",\"@id\":\"https:\\\/\\\/voxsahel.com\\\/#organization\",\"name\":\"Vox Sahel\",\"url\":\"https:\\\/\\\/voxsahel.com\\\/\",\"logo\":{\"@type\":\"ImageObject\",\"inLanguage\":\"fr-FR\",\"@id\":\"https:\\\/\\\/voxsahel.com\\\/#\\\/schema\\\/logo\\\/image\\\/\",\"url\":\"https:\\\/\\\/voxsahel.com\\\/wp-content\\\/uploads\\\/2024\\\/09\\\/Logo-Vox-Sahel.jpg\",\"contentUrl\":\"https:\\\/\\\/voxsahel.com\\\/wp-content\\\/uploads\\\/2024\\\/09\\\/Logo-Vox-Sahel.jpg\",\"width\":1181,\"height\":848,\"caption\":\"Vox Sahel\"},\"image\":{\"@id\":\"https:\\\/\\\/voxsahel.com\\\/#\\\/schema\\\/logo\\\/image\\\/\"},\"sameAs\":[\"https:\\\/\\\/www.facebook.com\\\/journal.voxsahel\"]},{\"@type\":\"Person\",\"@id\":\"https:\\\/\\\/voxsahel.com\\\/#\\\/schema\\\/person\\\/b4043608248f8fa227cd760e7ff1e19e\",\"name\":\"Vox Sahel\",\"image\":{\"@type\":\"ImageObject\",\"inLanguage\":\"fr-FR\",\"@id\":\"https:\\\/\\\/secure.gravatar.com\\\/avatar\\\/f70e7fa0cb9b29d4a7c5788d6eb2e9ab4d3135cbae1c9161810fdf77a8964699?s=96&d=mm&r=g\",\"url\":\"https:\\\/\\\/secure.gravatar.com\\\/avatar\\\/f70e7fa0cb9b29d4a7c5788d6eb2e9ab4d3135cbae1c9161810fdf77a8964699?s=96&d=mm&r=g\",\"contentUrl\":\"https:\\\/\\\/secure.gravatar.com\\\/avatar\\\/f70e7fa0cb9b29d4a7c5788d6eb2e9ab4d3135cbae1c9161810fdf77a8964699?s=96&d=mm&r=g\",\"caption\":\"Vox Sahel\"},\"sameAs\":[\"http:\\\/\\\/www.voxsahel.com\"],\"url\":\"https:\\\/\\\/voxsahel.com\\\/?author=2\"}]}<\/script>\n<!-- \/ Yoast SEO plugin. -->","yoast_head_json":{"title":"Conf\u00e9d\u00e9ration des \u00c9tats du Sahel : Vers une diplomatie commune et unifi\u00e9e - Vox Sahel","robots":{"index":"index","follow":"follow","max-snippet":"max-snippet:-1","max-image-preview":"max-image-preview:large","max-video-preview":"max-video-preview:-1"},"canonical":"https:\/\/voxsahel.com\/?p=245","og_locale":"fr_FR","og_type":"article","og_title":"Conf\u00e9d\u00e9ration des \u00c9tats du Sahel : Vers une diplomatie commune et unifi\u00e9e - Vox Sahel","og_description":"Le mardi 17 septembre 2024, le Pr\u00e9sident de la Transition malienne, le Colonel Assimi GO\u00cfTA,","og_url":"https:\/\/voxsahel.com\/?p=245","og_site_name":"Vox Sahel","article_publisher":"https:\/\/www.facebook.com\/journal.voxsahel","article_published_time":"2024-09-18T06:48:58+00:00","og_image":[{"width":2048,"height":1357,"url":"https:\/\/voxsahel.com\/wp-content\/uploads\/2024\/09\/IMG_9193.jpeg","type":"image\/jpeg"}],"author":"Vox Sahel","twitter_card":"summary_large_image","twitter_misc":{"\u00c9crit par":"Vox Sahel","Dur\u00e9e de lecture estim\u00e9e":"3 minutes"},"schema":{"@context":"https:\/\/schema.org","@graph":[{"@type":"Article","@id":"https:\/\/voxsahel.com\/?p=245#article","isPartOf":{"@id":"https:\/\/voxsahel.com\/?p=245"},"author":{"name":"Vox Sahel","@id":"https:\/\/voxsahel.com\/#\/schema\/person\/b4043608248f8fa227cd760e7ff1e19e"},"headline":"Conf\u00e9d\u00e9ration des \u00c9tats du Sahel : Vers une diplomatie commune et unifi\u00e9e","datePublished":"2024-09-18T06:48:58+00:00","mainEntityOfPage":{"@id":"https:\/\/voxsahel.com\/?p=245"},"wordCount":467,"commentCount":0,"publisher":{"@id":"https:\/\/voxsahel.com\/#organization"},"image":{"@id":"https:\/\/voxsahel.com\/?p=245#primaryimage"},"thumbnailUrl":"https:\/\/voxsahel.com\/wp-content\/uploads\/2024\/09\/IMG_9193.jpeg","keywords":["AES","Alliance des \u00c9tats du Sahel","Assimi GO\u00cfTA","Burkina Faso","Conf\u00e9d\u00e9ration de l\u2019Alliances des \u00c9tats du Sahel","Diplomatie","G\u00e9opolitique","Ibrahim Traor\u00e9","Mali","Niger"],"articleSection":["POLITIQUE"],"inLanguage":"fr-FR","potentialAction":[{"@type":"CommentAction","name":"Comment","target":["https:\/\/voxsahel.com\/?p=245#respond"]}]},{"@type":"WebPage","@id":"https:\/\/voxsahel.com\/?p=245","url":"https:\/\/voxsahel.com\/?p=245","name":"Conf\u00e9d\u00e9ration des \u00c9tats du Sahel : Vers une diplomatie commune et unifi\u00e9e - Vox Sahel","isPartOf":{"@id":"https:\/\/voxsahel.com\/#website"},"primaryImageOfPage":{"@id":"https:\/\/voxsahel.com\/?p=245#primaryimage"},"image":{"@id":"https:\/\/voxsahel.com\/?p=245#primaryimage"},"thumbnailUrl":"https:\/\/voxsahel.com\/wp-content\/uploads\/2024\/09\/IMG_9193.jpeg","datePublished":"2024-09-18T06:48:58+00:00","breadcrumb":{"@id":"https:\/\/voxsahel.com\/?p=245#breadcrumb"},"inLanguage":"fr-FR","potentialAction":[{"@type":"ReadAction","target":["https:\/\/voxsahel.com\/?p=245"]}]},{"@type":"ImageObject","inLanguage":"fr-FR","@id":"https:\/\/voxsahel.com\/?p=245#primaryimage","url":"https:\/\/voxsahel.com\/wp-content\/uploads\/2024\/09\/IMG_9193.jpeg","contentUrl":"https:\/\/voxsahel.com\/wp-content\/uploads\/2024\/09\/IMG_9193.jpeg","width":2048,"height":1357},{"@type":"BreadcrumbList","@id":"https:\/\/voxsahel.com\/?p=245#breadcrumb","itemListElement":[{"@type":"ListItem","position":1,"name":"Home","item":"https:\/\/voxsahel.com\/"},{"@type":"ListItem","position":2,"name":"Conf\u00e9d\u00e9ration des \u00c9tats du Sahel : Vers une diplomatie commune et unifi\u00e9e"}]},{"@type":"WebSite","@id":"https:\/\/voxsahel.com\/#website","url":"https:\/\/voxsahel.com\/","name":"Vox Sahel","description":"Informez-vous sur le Sahel en un clic","publisher":{"@id":"https:\/\/voxsahel.com\/#organization"},"potentialAction":[{"@type":"SearchAction","target":{"@type":"EntryPoint","urlTemplate":"https:\/\/voxsahel.com\/?s={search_term_string}"},"query-input":{"@type":"PropertyValueSpecification","valueRequired":true,"valueName":"search_term_string"}}],"inLanguage":"fr-FR"},{"@type":"Organization","@id":"https:\/\/voxsahel.com\/#organization","name":"Vox Sahel","url":"https:\/\/voxsahel.com\/","logo":{"@type":"ImageObject","inLanguage":"fr-FR","@id":"https:\/\/voxsahel.com\/#\/schema\/logo\/image\/","url":"https:\/\/voxsahel.com\/wp-content\/uploads\/2024\/09\/Logo-Vox-Sahel.jpg","contentUrl":"https:\/\/voxsahel.com\/wp-content\/uploads\/2024\/09\/Logo-Vox-Sahel.jpg","width":1181,"height":848,"caption":"Vox Sahel"},"image":{"@id":"https:\/\/voxsahel.com\/#\/schema\/logo\/image\/"},"sameAs":["https:\/\/www.facebook.com\/journal.voxsahel"]},{"@type":"Person","@id":"https:\/\/voxsahel.com\/#\/schema\/person\/b4043608248f8fa227cd760e7ff1e19e","name":"Vox Sahel","image":{"@type":"ImageObject","inLanguage":"fr-FR","@id":"https:\/\/secure.gravatar.com\/avatar\/f70e7fa0cb9b29d4a7c5788d6eb2e9ab4d3135cbae1c9161810fdf77a8964699?s=96&d=mm&r=g","url":"https:\/\/secure.gravatar.com\/avatar\/f70e7fa0cb9b29d4a7c5788d6eb2e9ab4d3135cbae1c9161810fdf77a8964699?s=96&d=mm&r=g","contentUrl":"https:\/\/secure.gravatar.com\/avatar\/f70e7fa0cb9b29d4a7c5788d6eb2e9ab4d3135cbae1c9161810fdf77a8964699?s=96&d=mm&r=g","caption":"Vox Sahel"},"sameAs":["http:\/\/www.voxsahel.com"],"url":"https:\/\/voxsahel.com\/?author=2"}]}},"_links":{"self":[{"href":"https:\/\/voxsahel.com\/index.php?rest_route=\/wp\/v2\/posts\/245","targetHints":{"allow":["GET"]}}],"collection":[{"href":"https:\/\/voxsahel.com\/index.php?rest_route=\/wp\/v2\/posts"}],"about":[{"href":"https:\/\/voxsahel.com\/index.php?rest_route=\/wp\/v2\/types\/post"}],"author":[{"embeddable":true,"href":"https:\/\/voxsahel.com\/index.php?rest_route=\/wp\/v2\/users\/2"}],"replies":[{"embeddable":true,"href":"https:\/\/voxsahel.com\/index.php?rest_route=%2Fwp%2Fv2%2Fcomments&post=245"}],"version-history":[{"count":1,"href":"https:\/\/voxsahel.com\/index.php?rest_route=\/wp\/v2\/posts\/245\/revisions"}],"predecessor-version":[{"id":247,"href":"https:\/\/voxsahel.com\/index.php?rest_route=\/wp\/v2\/posts\/245\/revisions\/247"}],"wp:featuredmedia":[{"embeddable":true,"href":"https:\/\/voxsahel.com\/index.php?rest_route=\/wp\/v2\/media\/246"}],"wp:attachment":[{"href":"https:\/\/voxsahel.com\/index.php?rest_route=%2Fwp%2Fv2%2Fmedia&parent=245"}],"wp:term":[{"taxonomy":"category","embeddable":true,"href":"https:\/\/voxsahel.com\/index.php?rest_route=%2Fwp%2Fv2%2Fcategories&post=245"},{"taxonomy":"post_tag","embeddable":true,"href":"https:\/\/voxsahel.com\/index.php?rest_route=%2Fwp%2Fv2%2Ftags&post=245"}],"curies":[{"name":"wp","href":"https:\/\/api.w.org\/{rel}","templated":true}]}}