{"id":2447,"date":"2025-07-28T23:54:14","date_gmt":"2025-07-28T23:54:14","guid":{"rendered":"https:\/\/voxsahel.com\/?p=2447"},"modified":"2025-07-28T23:54:14","modified_gmt":"2025-07-28T23:54:14","slug":"el-hadj-mohamed-doumi-president-de-la-federation-assalam-international-la-creation-de-la-banque-confederale-va-rassurer-les-peuples-de-laes-et-les-futurs-partenaires","status":"publish","type":"post","link":"https:\/\/voxsahel.com\/?p=2447","title":{"rendered":"El Hadj Mohamed Doumi, pr\u00e9sident de la F\u00e9d\u00e9ration assalam international : \u00ab La cr\u00e9ation de la banque conf\u00e9d\u00e9rale va rassurer les peuples de l\u2019AES et les futurs partenaires \u00bb"},"content":{"rendered":"<p class=\"p1\"><b>El Hadj Mohamed Doumi, pr\u00e9sident de la F\u00e9d\u00e9ration assalam international et ambassadeur de la paix universelle, est revenu le 27 juillet 2025 sur plusieurs sujets d\u2019actualit\u00e9 majeurs. De la crise au sein de l\u2019UEMOA \u00e0 la gouvernance publique r\u00e9v\u00e9l\u00e9e par le rapport de l\u2019ASCE-LC, en passant par les tensions diplomatiques et les initiatives nationales, il a livr\u00e9 une analyse sans d\u00e9tour, appelant \u00e0 des choix strat\u00e9giques forts pour l\u2019avenir de la r\u00e9gion.<\/b><\/p>\n<p class=\"p1\"><span class=\"s4\">\u00a0<\/span><span class=\"s4\">Pour El Hadj Mohamed Doumi, le d\u00e9part des trois pays membres de l\u2019Alliance des \u00c9tats du Sahel (AES) de la r\u00e9union de l\u2019UEMOA, tenue le 11 juillet dernier \u00e0 Lom\u00e9, repr\u00e9sente une ouverture vers la cr\u00e9ation d\u2019une monnaie propre \u00e0 l\u2019AES. Ce retrait s\u2019est produit lors de la 2<\/span><span class=\"s3\">\u1d49<\/span><span class=\"s4\"> session ordinaire annuelle du Conseil des ministres de l\u2019Union \u00e9conomique et mon\u00e9taire ouest-africaine, en raison de l&rsquo;absence de consensus sur la d\u00e9signation du Burkina Faso \u00e0 la pr\u00e9sidence tournante dudit Conseil.<\/span><\/p>\n<p class=\"p1\"><span class=\"s4\">A ses yeux, ce d\u00e9part des ministres du Burkina Faso, du Mali et du Niger est porteur de sens. Il y voit un signe de solidarit\u00e9 entre les trois pays, qui partagent une m\u00eame ambition, \u00a0s\u2019affranchir du poids de l\u2019imp\u00e9rialisme et de ses relais. <\/span><span class=\"s1\">\u00ab Il faut sortir de l\u2019UEMOA pour ne pas rester dans le cercle de l\u2019Occident <\/span><span class=\"s4\">\u00bb, a-t-il d\u00e9clar\u00e9. <\/span><\/p>\n<p class=\"p1\"><span class=\"s4\">El Hadj Mohamed Doumi estime que la conjoncture actuelle constitue une opportunit\u00e9 strat\u00e9gique pour poser les bases d\u2019une monnaie ind\u00e9pendante. <\/span><span class=\"s1\">\u00ab Si les 3 Etats de l\u2019AES cr\u00e9ent leur propre monnaie, d\u2019autres \u00c9tats africains vont suivre \u00bb, a-t-il affirm\u00e9, convaincu que cette initiative pourrait affaiblir l\u2019UEMOA, mais renforcer l\u2019autonomie des \u00c9tats concern\u00e9s. \u00ab La cr\u00e9ation de la prochaine monnaie de l\u2019AES va consacrer sa souverainet\u00e9<\/span><span class=\"s4\"> \u00bb, a-t-il ajout\u00e9. <\/span><\/p>\n<p class=\"p1\"><span class=\"s4\">Dans cette dynamique, il a salu\u00e9 la cr\u00e9ation imminente de la Banque conf\u00e9d\u00e9rale pour l\u2019investissement et le d\u00e9veloppement (BCID-AES), qu\u2019il consid\u00e8re comme une avanc\u00e9e majeure pour rassurer les populations et \u00e9tablir la confiance avec les partenaires \u00e9conomiques. \u00ab <\/span><span class=\"s1\">La cr\u00e9ation de la banque conf\u00e9d\u00e9rale va rassurer les peuples de l\u2019AES et les futurs partenaires<\/span><span class=\"s4\"> \u00bb, a-t-il fait savoir. <\/span><\/p>\n<p class=\"p1\"><span class=\"s4\">El Hadj Mohamed Doumi a \u00e9galement exprim\u00e9 son soutien \u00e0 l\u2019initiative pr\u00e9sidentielle Faso M\u00eabo, qu\u2019il voit comme un projet mobilisateur et structurant. Il a f\u00e9licit\u00e9 la vision du pr\u00e9sident du Faso et de son gouvernement, qui ont su f\u00e9d\u00e9rer les Burkinab\u00e8 autour de cette d\u00e9marche. <\/span><span class=\"s1\">\u00ab C\u2019est une bonne initiative de mettre le peuple burkinab\u00e8 au travail <\/span><span class=\"s4\">\u00bb, a-t-il martel\u00e9, tout en soulignant que de telles visions sont porteuses de progr\u00e8s pour l\u2019Afrique. <\/span><\/p>\n<p class=\"p1\"><span class=\"s4\">Sur un tout autre plan, il s\u2019est insurg\u00e9 contre les pertes financi\u00e8res r\u00e9v\u00e9l\u00e9es dans le rapport 2023 de l\u2019Autorit\u00e9 sup\u00e9rieure de contr\u00f4le d\u2019\u00c9tat et de lutte contre la corruption (ASCE-LC). La disparition de 150 milliards de FCFA interpelle, selon lui, et aurait pu \u00eatre \u00e9vit\u00e9e. Il a insist\u00e9 sur la n\u00e9cessit\u00e9 de faire toute la lumi\u00e8re sur cette affaire. \u00ab <\/span><span class=\"s1\">Cette somme aurait pu servir \u00e0 financer des projets structurants pour le pays <\/span><span class=\"s4\">\u00bb, a-t-il regrett\u00e9, appelant \u00e0 situer les responsabilit\u00e9s. <\/span><\/p>\n<p class=\"p1\"><span class=\"s4\">Concernant la tension persistante entre le Mali et l\u2019Alg\u00e9rie, Mohamed Doumi, ancien du FLN, a appel\u00e9 les deux nations \u00e0 faire primer l\u2019int\u00e9r\u00eat sup\u00e9rieur de leurs peuples sur les divergences politiques. Il a lanc\u00e9 un appel au dialogue, qu\u2019il consid\u00e8re comme la seule voie pour apaiser les tensions. \u00ab <\/span><span class=\"s1\">Le dialogue est n\u00e9cessaire entre le Mali et l\u2019Alg\u00e9rie pour arr\u00eater la spirale de la haine et de l\u2019incompr\u00e9hension<\/span><span class=\"s4\"> \u00bb, a-t-il soutenu. <\/span><\/p>\n<p class=\"p1\"><span class=\"s4\">Dans la m\u00eame d\u00e9claration, il a aussi tenu \u00e0 r\u00e9agir \u00e0 l\u2019annonce du d\u00e9c\u00e8s d\u2019Alain Christophe Traor\u00e9 alias Alino Faso, survenu le 24 juillet 2025 en d\u00e9tention en C\u00f4te d\u2019Ivoire. L\u2019information a \u00e9t\u00e9 rendue publique trois jours plus tard, suscitant une vive \u00e9motion au Burkina Faso. Mohamed Doumi a adress\u00e9 ses condol\u00e9ances \u00e0 la famille du d\u00e9funt et a exprim\u00e9 des inqui\u00e9tudes quant \u00e0 l\u2019impact de cet \u00e9v\u00e9nement sur les relations bilat\u00e9rales. <\/span><\/p>\n<p class=\"p1\"><span class=\"s4\">\u00ab La mort de Alino Faso va davantage cristalliser les tensions entre la C\u00f4te d\u2019Ivoire et le Burkina \u00bb, a-t-il estim\u00e9. Il appelle les autorit\u00e9s burkinab\u00e8 \u00e0 prendre les mesures n\u00e9cessaires. \u00ab Le gouvernement doit exiger une enqu\u00eate sur le d\u00e9c\u00e8s du compatriote, pour situer les responsabilit\u00e9s \u00bb, a-t-il ajout\u00e9. R\u00e9it\u00e9rant ses condol\u00e9ances \u00e0 la famille \u00e9plor\u00e9e. <\/span><\/p>\n<p class=\"p1\" style=\"text-align: right;\"><strong><span class=\"s4\">Amir BAKO<\/span><\/strong><\/p>\n","protected":false},"excerpt":{"rendered":"<p>El Hadj Mohamed Doumi, pr\u00e9sident de la F\u00e9d\u00e9ration assalam international et ambassadeur de la paix<\/p>\n","protected":false},"author":2,"featured_media":2455,"comment_status":"open","ping_status":"open","sticky":false,"template":"","format":"standard","meta":{"_et_pb_use_builder":"","_et_pb_old_content":"","_et_gb_content_width":"","footnotes":""},"categories":[6],"tags":[],"class_list":["post-2447","post","type-post","status-publish","format-standard","has-post-thumbnail","hentry","category-politique"],"yoast_head":"<!-- This site is optimized with the Yoast SEO plugin v27.5 - https:\/\/yoast.com\/product\/yoast-seo-wordpress\/ -->\n<title>El Hadj Mohamed Doumi, pr\u00e9sident de la F\u00e9d\u00e9ration assalam international : \u00ab La cr\u00e9ation de la banque conf\u00e9d\u00e9rale va rassurer les peuples de l\u2019AES et les futurs partenaires \u00bb - Vox Sahel<\/title>\n<meta name=\"robots\" content=\"index, follow, max-snippet:-1, max-image-preview:large, max-video-preview:-1\" \/>\n<link rel=\"canonical\" href=\"https:\/\/voxsahel.com\/?p=2447\" \/>\n<meta property=\"og:locale\" content=\"fr_FR\" \/>\n<meta property=\"og:type\" content=\"article\" \/>\n<meta property=\"og:title\" content=\"El Hadj Mohamed Doumi, pr\u00e9sident de la F\u00e9d\u00e9ration assalam international : \u00ab La cr\u00e9ation de la banque conf\u00e9d\u00e9rale va rassurer les peuples de l\u2019AES et les futurs partenaires \u00bb - Vox Sahel\" \/>\n<meta property=\"og:description\" content=\"El Hadj Mohamed Doumi, pr\u00e9sident de la F\u00e9d\u00e9ration assalam international et ambassadeur de la paix\" \/>\n<meta property=\"og:url\" content=\"https:\/\/voxsahel.com\/?p=2447\" \/>\n<meta property=\"og:site_name\" content=\"Vox Sahel\" \/>\n<meta property=\"article:publisher\" content=\"https:\/\/www.facebook.com\/journal.voxsahel\" \/>\n<meta property=\"article:published_time\" content=\"2025-07-28T23:54:14+00:00\" \/>\n<meta property=\"og:image\" content=\"https:\/\/voxsahel.com\/wp-content\/uploads\/2025\/07\/c8f751c6-4fea-437b-9871-55cf8b5be89b.jpeg\" \/>\n\t<meta property=\"og:image:width\" content=\"768\" \/>\n\t<meta property=\"og:image:height\" content=\"1020\" \/>\n\t<meta property=\"og:image:type\" content=\"image\/jpeg\" \/>\n<meta name=\"author\" content=\"Vox Sahel\" \/>\n<meta name=\"twitter:card\" content=\"summary_large_image\" \/>\n<meta name=\"twitter:label1\" content=\"\u00c9crit par\" \/>\n\t<meta name=\"twitter:data1\" content=\"Vox Sahel\" \/>\n\t<meta name=\"twitter:label2\" content=\"Dur\u00e9e de lecture estim\u00e9e\" \/>\n\t<meta name=\"twitter:data2\" content=\"4 minutes\" \/>\n<script type=\"application\/ld+json\" class=\"yoast-schema-graph\">{\"@context\":\"https:\\\/\\\/schema.org\",\"@graph\":[{\"@type\":\"Article\",\"@id\":\"https:\\\/\\\/voxsahel.com\\\/?p=2447#article\",\"isPartOf\":{\"@id\":\"https:\\\/\\\/voxsahel.com\\\/?p=2447\"},\"author\":{\"name\":\"Vox Sahel\",\"@id\":\"https:\\\/\\\/voxsahel.com\\\/#\\\/schema\\\/person\\\/b4043608248f8fa227cd760e7ff1e19e\"},\"headline\":\"El Hadj Mohamed Doumi, pr\u00e9sident de la F\u00e9d\u00e9ration assalam international : \u00ab La cr\u00e9ation de la banque conf\u00e9d\u00e9rale va rassurer les peuples de l\u2019AES et les futurs partenaires \u00bb\",\"datePublished\":\"2025-07-28T23:54:14+00:00\",\"mainEntityOfPage\":{\"@id\":\"https:\\\/\\\/voxsahel.com\\\/?p=2447\"},\"wordCount\":813,\"commentCount\":0,\"publisher\":{\"@id\":\"https:\\\/\\\/voxsahel.com\\\/#organization\"},\"image\":{\"@id\":\"https:\\\/\\\/voxsahel.com\\\/?p=2447#primaryimage\"},\"thumbnailUrl\":\"https:\\\/\\\/voxsahel.com\\\/wp-content\\\/uploads\\\/2025\\\/07\\\/c8f751c6-4fea-437b-9871-55cf8b5be89b.jpeg\",\"articleSection\":[\"POLITIQUE\"],\"inLanguage\":\"fr-FR\",\"potentialAction\":[{\"@type\":\"CommentAction\",\"name\":\"Comment\",\"target\":[\"https:\\\/\\\/voxsahel.com\\\/?p=2447#respond\"]}]},{\"@type\":\"WebPage\",\"@id\":\"https:\\\/\\\/voxsahel.com\\\/?p=2447\",\"url\":\"https:\\\/\\\/voxsahel.com\\\/?p=2447\",\"name\":\"El Hadj Mohamed Doumi, pr\u00e9sident de la F\u00e9d\u00e9ration assalam international : \u00ab La cr\u00e9ation de la banque conf\u00e9d\u00e9rale va rassurer les peuples de l\u2019AES et les futurs partenaires \u00bb - Vox Sahel\",\"isPartOf\":{\"@id\":\"https:\\\/\\\/voxsahel.com\\\/#website\"},\"primaryImageOfPage\":{\"@id\":\"https:\\\/\\\/voxsahel.com\\\/?p=2447#primaryimage\"},\"image\":{\"@id\":\"https:\\\/\\\/voxsahel.com\\\/?p=2447#primaryimage\"},\"thumbnailUrl\":\"https:\\\/\\\/voxsahel.com\\\/wp-content\\\/uploads\\\/2025\\\/07\\\/c8f751c6-4fea-437b-9871-55cf8b5be89b.jpeg\",\"datePublished\":\"2025-07-28T23:54:14+00:00\",\"breadcrumb\":{\"@id\":\"https:\\\/\\\/voxsahel.com\\\/?p=2447#breadcrumb\"},\"inLanguage\":\"fr-FR\",\"potentialAction\":[{\"@type\":\"ReadAction\",\"target\":[\"https:\\\/\\\/voxsahel.com\\\/?p=2447\"]}]},{\"@type\":\"ImageObject\",\"inLanguage\":\"fr-FR\",\"@id\":\"https:\\\/\\\/voxsahel.com\\\/?p=2447#primaryimage\",\"url\":\"https:\\\/\\\/voxsahel.com\\\/wp-content\\\/uploads\\\/2025\\\/07\\\/c8f751c6-4fea-437b-9871-55cf8b5be89b.jpeg\",\"contentUrl\":\"https:\\\/\\\/voxsahel.com\\\/wp-content\\\/uploads\\\/2025\\\/07\\\/c8f751c6-4fea-437b-9871-55cf8b5be89b.jpeg\",\"width\":768,\"height\":1020},{\"@type\":\"BreadcrumbList\",\"@id\":\"https:\\\/\\\/voxsahel.com\\\/?p=2447#breadcrumb\",\"itemListElement\":[{\"@type\":\"ListItem\",\"position\":1,\"name\":\"Home\",\"item\":\"https:\\\/\\\/voxsahel.com\\\/\"},{\"@type\":\"ListItem\",\"position\":2,\"name\":\"El Hadj Mohamed Doumi, pr\u00e9sident de la F\u00e9d\u00e9ration assalam international : \u00ab La cr\u00e9ation de la banque conf\u00e9d\u00e9rale va rassurer les peuples de l\u2019AES et les futurs partenaires \u00bb\"}]},{\"@type\":\"WebSite\",\"@id\":\"https:\\\/\\\/voxsahel.com\\\/#website\",\"url\":\"https:\\\/\\\/voxsahel.com\\\/\",\"name\":\"Vox Sahel\",\"description\":\"Informez-vous sur le Sahel en un clic\",\"publisher\":{\"@id\":\"https:\\\/\\\/voxsahel.com\\\/#organization\"},\"potentialAction\":[{\"@type\":\"SearchAction\",\"target\":{\"@type\":\"EntryPoint\",\"urlTemplate\":\"https:\\\/\\\/voxsahel.com\\\/?s={search_term_string}\"},\"query-input\":{\"@type\":\"PropertyValueSpecification\",\"valueRequired\":true,\"valueName\":\"search_term_string\"}}],\"inLanguage\":\"fr-FR\"},{\"@type\":\"Organization\",\"@id\":\"https:\\\/\\\/voxsahel.com\\\/#organization\",\"name\":\"Vox Sahel\",\"url\":\"https:\\\/\\\/voxsahel.com\\\/\",\"logo\":{\"@type\":\"ImageObject\",\"inLanguage\":\"fr-FR\",\"@id\":\"https:\\\/\\\/voxsahel.com\\\/#\\\/schema\\\/logo\\\/image\\\/\",\"url\":\"https:\\\/\\\/voxsahel.com\\\/wp-content\\\/uploads\\\/2024\\\/09\\\/Logo-Vox-Sahel.jpg\",\"contentUrl\":\"https:\\\/\\\/voxsahel.com\\\/wp-content\\\/uploads\\\/2024\\\/09\\\/Logo-Vox-Sahel.jpg\",\"width\":1181,\"height\":848,\"caption\":\"Vox Sahel\"},\"image\":{\"@id\":\"https:\\\/\\\/voxsahel.com\\\/#\\\/schema\\\/logo\\\/image\\\/\"},\"sameAs\":[\"https:\\\/\\\/www.facebook.com\\\/journal.voxsahel\"]},{\"@type\":\"Person\",\"@id\":\"https:\\\/\\\/voxsahel.com\\\/#\\\/schema\\\/person\\\/b4043608248f8fa227cd760e7ff1e19e\",\"name\":\"Vox Sahel\",\"image\":{\"@type\":\"ImageObject\",\"inLanguage\":\"fr-FR\",\"@id\":\"https:\\\/\\\/secure.gravatar.com\\\/avatar\\\/f70e7fa0cb9b29d4a7c5788d6eb2e9ab4d3135cbae1c9161810fdf77a8964699?s=96&d=mm&r=g\",\"url\":\"https:\\\/\\\/secure.gravatar.com\\\/avatar\\\/f70e7fa0cb9b29d4a7c5788d6eb2e9ab4d3135cbae1c9161810fdf77a8964699?s=96&d=mm&r=g\",\"contentUrl\":\"https:\\\/\\\/secure.gravatar.com\\\/avatar\\\/f70e7fa0cb9b29d4a7c5788d6eb2e9ab4d3135cbae1c9161810fdf77a8964699?s=96&d=mm&r=g\",\"caption\":\"Vox Sahel\"},\"sameAs\":[\"http:\\\/\\\/www.voxsahel.com\"],\"url\":\"https:\\\/\\\/voxsahel.com\\\/?author=2\"}]}<\/script>\n<!-- \/ Yoast SEO plugin. -->","yoast_head_json":{"title":"El Hadj Mohamed Doumi, pr\u00e9sident de la F\u00e9d\u00e9ration assalam international : \u00ab La cr\u00e9ation de la banque conf\u00e9d\u00e9rale va rassurer les peuples de l\u2019AES et les futurs partenaires \u00bb - Vox Sahel","robots":{"index":"index","follow":"follow","max-snippet":"max-snippet:-1","max-image-preview":"max-image-preview:large","max-video-preview":"max-video-preview:-1"},"canonical":"https:\/\/voxsahel.com\/?p=2447","og_locale":"fr_FR","og_type":"article","og_title":"El Hadj Mohamed Doumi, pr\u00e9sident de la F\u00e9d\u00e9ration assalam international : \u00ab La cr\u00e9ation de la banque conf\u00e9d\u00e9rale va rassurer les peuples de l\u2019AES et les futurs partenaires \u00bb - Vox Sahel","og_description":"El Hadj Mohamed Doumi, pr\u00e9sident de la F\u00e9d\u00e9ration assalam international et ambassadeur de la paix","og_url":"https:\/\/voxsahel.com\/?p=2447","og_site_name":"Vox Sahel","article_publisher":"https:\/\/www.facebook.com\/journal.voxsahel","article_published_time":"2025-07-28T23:54:14+00:00","og_image":[{"width":768,"height":1020,"url":"https:\/\/voxsahel.com\/wp-content\/uploads\/2025\/07\/c8f751c6-4fea-437b-9871-55cf8b5be89b.jpeg","type":"image\/jpeg"}],"author":"Vox Sahel","twitter_card":"summary_large_image","twitter_misc":{"\u00c9crit par":"Vox Sahel","Dur\u00e9e de lecture estim\u00e9e":"4 minutes"},"schema":{"@context":"https:\/\/schema.org","@graph":[{"@type":"Article","@id":"https:\/\/voxsahel.com\/?p=2447#article","isPartOf":{"@id":"https:\/\/voxsahel.com\/?p=2447"},"author":{"name":"Vox Sahel","@id":"https:\/\/voxsahel.com\/#\/schema\/person\/b4043608248f8fa227cd760e7ff1e19e"},"headline":"El Hadj Mohamed Doumi, pr\u00e9sident de la F\u00e9d\u00e9ration assalam international : \u00ab La cr\u00e9ation de la banque conf\u00e9d\u00e9rale va rassurer les peuples de l\u2019AES et les futurs partenaires \u00bb","datePublished":"2025-07-28T23:54:14+00:00","mainEntityOfPage":{"@id":"https:\/\/voxsahel.com\/?p=2447"},"wordCount":813,"commentCount":0,"publisher":{"@id":"https:\/\/voxsahel.com\/#organization"},"image":{"@id":"https:\/\/voxsahel.com\/?p=2447#primaryimage"},"thumbnailUrl":"https:\/\/voxsahel.com\/wp-content\/uploads\/2025\/07\/c8f751c6-4fea-437b-9871-55cf8b5be89b.jpeg","articleSection":["POLITIQUE"],"inLanguage":"fr-FR","potentialAction":[{"@type":"CommentAction","name":"Comment","target":["https:\/\/voxsahel.com\/?p=2447#respond"]}]},{"@type":"WebPage","@id":"https:\/\/voxsahel.com\/?p=2447","url":"https:\/\/voxsahel.com\/?p=2447","name":"El Hadj Mohamed Doumi, pr\u00e9sident de la F\u00e9d\u00e9ration assalam international : \u00ab La cr\u00e9ation de la banque conf\u00e9d\u00e9rale va rassurer les peuples de l\u2019AES et les futurs partenaires \u00bb - Vox Sahel","isPartOf":{"@id":"https:\/\/voxsahel.com\/#website"},"primaryImageOfPage":{"@id":"https:\/\/voxsahel.com\/?p=2447#primaryimage"},"image":{"@id":"https:\/\/voxsahel.com\/?p=2447#primaryimage"},"thumbnailUrl":"https:\/\/voxsahel.com\/wp-content\/uploads\/2025\/07\/c8f751c6-4fea-437b-9871-55cf8b5be89b.jpeg","datePublished":"2025-07-28T23:54:14+00:00","breadcrumb":{"@id":"https:\/\/voxsahel.com\/?p=2447#breadcrumb"},"inLanguage":"fr-FR","potentialAction":[{"@type":"ReadAction","target":["https:\/\/voxsahel.com\/?p=2447"]}]},{"@type":"ImageObject","inLanguage":"fr-FR","@id":"https:\/\/voxsahel.com\/?p=2447#primaryimage","url":"https:\/\/voxsahel.com\/wp-content\/uploads\/2025\/07\/c8f751c6-4fea-437b-9871-55cf8b5be89b.jpeg","contentUrl":"https:\/\/voxsahel.com\/wp-content\/uploads\/2025\/07\/c8f751c6-4fea-437b-9871-55cf8b5be89b.jpeg","width":768,"height":1020},{"@type":"BreadcrumbList","@id":"https:\/\/voxsahel.com\/?p=2447#breadcrumb","itemListElement":[{"@type":"ListItem","position":1,"name":"Home","item":"https:\/\/voxsahel.com\/"},{"@type":"ListItem","position":2,"name":"El Hadj Mohamed Doumi, pr\u00e9sident de la F\u00e9d\u00e9ration assalam international : \u00ab La cr\u00e9ation de la banque conf\u00e9d\u00e9rale va rassurer les peuples de l\u2019AES et les futurs partenaires \u00bb"}]},{"@type":"WebSite","@id":"https:\/\/voxsahel.com\/#website","url":"https:\/\/voxsahel.com\/","name":"Vox Sahel","description":"Informez-vous sur le Sahel en un clic","publisher":{"@id":"https:\/\/voxsahel.com\/#organization"},"potentialAction":[{"@type":"SearchAction","target":{"@type":"EntryPoint","urlTemplate":"https:\/\/voxsahel.com\/?s={search_term_string}"},"query-input":{"@type":"PropertyValueSpecification","valueRequired":true,"valueName":"search_term_string"}}],"inLanguage":"fr-FR"},{"@type":"Organization","@id":"https:\/\/voxsahel.com\/#organization","name":"Vox Sahel","url":"https:\/\/voxsahel.com\/","logo":{"@type":"ImageObject","inLanguage":"fr-FR","@id":"https:\/\/voxsahel.com\/#\/schema\/logo\/image\/","url":"https:\/\/voxsahel.com\/wp-content\/uploads\/2024\/09\/Logo-Vox-Sahel.jpg","contentUrl":"https:\/\/voxsahel.com\/wp-content\/uploads\/2024\/09\/Logo-Vox-Sahel.jpg","width":1181,"height":848,"caption":"Vox Sahel"},"image":{"@id":"https:\/\/voxsahel.com\/#\/schema\/logo\/image\/"},"sameAs":["https:\/\/www.facebook.com\/journal.voxsahel"]},{"@type":"Person","@id":"https:\/\/voxsahel.com\/#\/schema\/person\/b4043608248f8fa227cd760e7ff1e19e","name":"Vox Sahel","image":{"@type":"ImageObject","inLanguage":"fr-FR","@id":"https:\/\/secure.gravatar.com\/avatar\/f70e7fa0cb9b29d4a7c5788d6eb2e9ab4d3135cbae1c9161810fdf77a8964699?s=96&d=mm&r=g","url":"https:\/\/secure.gravatar.com\/avatar\/f70e7fa0cb9b29d4a7c5788d6eb2e9ab4d3135cbae1c9161810fdf77a8964699?s=96&d=mm&r=g","contentUrl":"https:\/\/secure.gravatar.com\/avatar\/f70e7fa0cb9b29d4a7c5788d6eb2e9ab4d3135cbae1c9161810fdf77a8964699?s=96&d=mm&r=g","caption":"Vox Sahel"},"sameAs":["http:\/\/www.voxsahel.com"],"url":"https:\/\/voxsahel.com\/?author=2"}]}},"_links":{"self":[{"href":"https:\/\/voxsahel.com\/index.php?rest_route=\/wp\/v2\/posts\/2447","targetHints":{"allow":["GET"]}}],"collection":[{"href":"https:\/\/voxsahel.com\/index.php?rest_route=\/wp\/v2\/posts"}],"about":[{"href":"https:\/\/voxsahel.com\/index.php?rest_route=\/wp\/v2\/types\/post"}],"author":[{"embeddable":true,"href":"https:\/\/voxsahel.com\/index.php?rest_route=\/wp\/v2\/users\/2"}],"replies":[{"embeddable":true,"href":"https:\/\/voxsahel.com\/index.php?rest_route=%2Fwp%2Fv2%2Fcomments&post=2447"}],"version-history":[{"count":1,"href":"https:\/\/voxsahel.com\/index.php?rest_route=\/wp\/v2\/posts\/2447\/revisions"}],"predecessor-version":[{"id":2456,"href":"https:\/\/voxsahel.com\/index.php?rest_route=\/wp\/v2\/posts\/2447\/revisions\/2456"}],"wp:featuredmedia":[{"embeddable":true,"href":"https:\/\/voxsahel.com\/index.php?rest_route=\/wp\/v2\/media\/2455"}],"wp:attachment":[{"href":"https:\/\/voxsahel.com\/index.php?rest_route=%2Fwp%2Fv2%2Fmedia&parent=2447"}],"wp:term":[{"taxonomy":"category","embeddable":true,"href":"https:\/\/voxsahel.com\/index.php?rest_route=%2Fwp%2Fv2%2Fcategories&post=2447"},{"taxonomy":"post_tag","embeddable":true,"href":"https:\/\/voxsahel.com\/index.php?rest_route=%2Fwp%2Fv2%2Ftags&post=2447"}],"curies":[{"name":"wp","href":"https:\/\/api.w.org\/{rel}","templated":true}]}}