{"id":2435,"date":"2025-07-28T14:43:54","date_gmt":"2025-07-28T14:43:54","guid":{"rendered":"https:\/\/voxsahel.com\/?p=2435"},"modified":"2025-07-28T14:43:54","modified_gmt":"2025-07-28T14:43:54","slug":"edito-agro-industrie-pour-un-burkina-leader-et-moteur-de-la-filiere-coton","status":"publish","type":"post","link":"https:\/\/voxsahel.com\/?p=2435","title":{"rendered":"\u00c9dito | Agro-industrie  : Pour un Burkina leader et moteur de la fili\u00e8re coton"},"content":{"rendered":"<p class=\"p1\"><span class=\"s1\">Le redressement du secteur de la fili\u00e8re coton \u00a0passe d\u00e9sormais par une synergie d\u2019actions entre l\u2019Etat, les producteurs et, surtout, les industriels agro-alimentaires. A ce titre, l&rsquo;engagement de la SN Citec dans la relance de la fili\u00e8re coton rev\u00eat une importance capitale. <\/span><\/p>\n<p class=\"p1\"><span class=\"s1\">Ce fleuron de l\u2019agro-industrie nationale montre la voie \u00e0 suivre : celle d\u2019un ancrage profond dans l\u2019\u00e9cosyst\u00e8me agricole local, pour b\u00e2tir une \u00e9conomie plus r\u00e9siliente, int\u00e9gr\u00e9e et cr\u00e9atrice de valeur. Longtemps consid\u00e9r\u00e9 comme l\u2019\u00ab or blanc \u00bb du Burkina Faso, le coton a perdu de sa superbe au fil des ans, affaibli par les fluctuations du march\u00e9, les difficult\u00e9s logistiques et le d\u00e9sengagement progressif des partenaires industriels. <\/span><\/p>\n<p class=\"p1\"><span class=\"s1\">En r\u00e9investissant ce secteur, la SN Citec ne se contente pas de relancer une fili\u00e8re. Elle ravive un pan entier de l\u2019\u00e9conomie rurale et nationale. Mais au-del\u00e0 de ce cas exemplaire, c\u2019est toute une strat\u00e9gie nationale qui doit se dessiner. Les industriels doivent d\u00e9sormais jouer un r\u00f4le moteur : investir dans la transformation locale, garantir des d\u00e9bouch\u00e9s aux producteurs, moderniser les cha\u00eenes de valeur. <\/span><\/p>\n<p class=\"p1\"><span class=\"s1\">Leur implication n\u2019est pas un luxe, mais une n\u00e9cessit\u00e9 pour que le Burkina redevienne une plaque tournante r\u00e9gionale de l\u2019agro-industrie et retrouve sa place de leader dans la fili\u00e8re coton, au plan africain. C\u2019est dans cette vision que se joue l\u2019avenir agricole du pays. L\u2019agro-industrie ne doit plus rester spectatrice, mais devenir actrice de la souverainet\u00e9 \u00e9conomique du Burkina Faso.<\/span><\/p>\n<p class=\"p1\" style=\"text-align: right;\"><strong><span class=\"s1\">La R\u00e9daction<\/span><\/strong><\/p>\n","protected":false},"excerpt":{"rendered":"<p>Le redressement du secteur de la fili\u00e8re coton \u00a0passe d\u00e9sormais par une synergie d\u2019actions entre<\/p>\n","protected":false},"author":2,"featured_media":2436,"comment_status":"open","ping_status":"open","sticky":false,"template":"","format":"standard","meta":{"_et_pb_use_builder":"","_et_pb_old_content":"","_et_gb_content_width":"","footnotes":""},"categories":[8],"tags":[81,852,240,18,186,183,239,238,385,493,70,529,242],"class_list":["post-2435","post","type-post","status-publish","format-standard","has-post-thumbnail","hentry","category-developpement","tag-agriculture","tag-agroalimentaire","tag-association-interprofessionnelle-du-coton-burkinabe","tag-burkina-faso","tag-chaine-de-valeur-du-coton","tag-coton","tag-coton-bt","tag-coton-ogm","tag-groupement-professionnel-des-industriels","tag-huilerie","tag-industrie","tag-sn-citec","tag-union-nationale-des-producteurs-de-coton-du-burkina"],"yoast_head":"<!-- This site is optimized with the Yoast SEO plugin v27.5 - https:\/\/yoast.com\/product\/yoast-seo-wordpress\/ -->\n<title>\u00c9dito | Agro-industrie : Pour un Burkina leader et moteur de la fili\u00e8re coton - Vox Sahel<\/title>\n<meta name=\"robots\" content=\"index, follow, max-snippet:-1, max-image-preview:large, max-video-preview:-1\" \/>\n<link rel=\"canonical\" href=\"https:\/\/voxsahel.com\/?p=2435\" \/>\n<meta property=\"og:locale\" content=\"fr_FR\" \/>\n<meta property=\"og:type\" content=\"article\" \/>\n<meta property=\"og:title\" content=\"\u00c9dito | Agro-industrie : Pour un Burkina leader et moteur de la fili\u00e8re coton - Vox Sahel\" \/>\n<meta property=\"og:description\" content=\"Le redressement du secteur de la fili\u00e8re coton \u00a0passe d\u00e9sormais par une synergie d\u2019actions entre\" \/>\n<meta property=\"og:url\" content=\"https:\/\/voxsahel.com\/?p=2435\" \/>\n<meta property=\"og:site_name\" content=\"Vox Sahel\" \/>\n<meta property=\"article:publisher\" content=\"https:\/\/www.facebook.com\/journal.voxsahel\" \/>\n<meta property=\"article:published_time\" content=\"2025-07-28T14:43:54+00:00\" \/>\n<meta property=\"og:image\" content=\"https:\/\/voxsahel.com\/wp-content\/uploads\/2025\/07\/IMG_6875.jpeg\" \/>\n\t<meta property=\"og:image:width\" content=\"1536\" \/>\n\t<meta property=\"og:image:height\" content=\"1092\" \/>\n\t<meta property=\"og:image:type\" content=\"image\/jpeg\" \/>\n<meta name=\"author\" content=\"Vox Sahel\" \/>\n<meta name=\"twitter:card\" content=\"summary_large_image\" \/>\n<meta name=\"twitter:label1\" content=\"\u00c9crit par\" \/>\n\t<meta name=\"twitter:data1\" content=\"Vox Sahel\" \/>\n\t<meta name=\"twitter:label2\" content=\"Dur\u00e9e de lecture estim\u00e9e\" \/>\n\t<meta name=\"twitter:data2\" content=\"2 minutes\" \/>\n<script type=\"application\/ld+json\" class=\"yoast-schema-graph\">{\"@context\":\"https:\\\/\\\/schema.org\",\"@graph\":[{\"@type\":\"Article\",\"@id\":\"https:\\\/\\\/voxsahel.com\\\/?p=2435#article\",\"isPartOf\":{\"@id\":\"https:\\\/\\\/voxsahel.com\\\/?p=2435\"},\"author\":{\"name\":\"Vox Sahel\",\"@id\":\"https:\\\/\\\/voxsahel.com\\\/#\\\/schema\\\/person\\\/b4043608248f8fa227cd760e7ff1e19e\"},\"headline\":\"\u00c9dito | Agro-industrie : Pour un Burkina leader et moteur de la fili\u00e8re coton\",\"datePublished\":\"2025-07-28T14:43:54+00:00\",\"mainEntityOfPage\":{\"@id\":\"https:\\\/\\\/voxsahel.com\\\/?p=2435\"},\"wordCount\":282,\"commentCount\":0,\"publisher\":{\"@id\":\"https:\\\/\\\/voxsahel.com\\\/#organization\"},\"image\":{\"@id\":\"https:\\\/\\\/voxsahel.com\\\/?p=2435#primaryimage\"},\"thumbnailUrl\":\"https:\\\/\\\/voxsahel.com\\\/wp-content\\\/uploads\\\/2025\\\/07\\\/IMG_6875.jpeg\",\"keywords\":[\"Agriculture\",\"Agroalimentaire\",\"Association interprofessionnelle du Coton Burkinab\u00e8\",\"Burkina Faso\",\"cha\u00eene de valeur du coton\",\"Coton\",\"Coton BT\",\"Coton OGM\",\"Groupement professionnel des industriels\",\"Huilerie\",\"Industrie\",\"SN Citec\",\"Union nationale des producteurs de coton du Burkina\"],\"articleSection\":[\"DEVELOPPEMENT\"],\"inLanguage\":\"fr-FR\",\"potentialAction\":[{\"@type\":\"CommentAction\",\"name\":\"Comment\",\"target\":[\"https:\\\/\\\/voxsahel.com\\\/?p=2435#respond\"]}]},{\"@type\":\"WebPage\",\"@id\":\"https:\\\/\\\/voxsahel.com\\\/?p=2435\",\"url\":\"https:\\\/\\\/voxsahel.com\\\/?p=2435\",\"name\":\"\u00c9dito | Agro-industrie : Pour un Burkina leader et moteur de la fili\u00e8re coton - Vox Sahel\",\"isPartOf\":{\"@id\":\"https:\\\/\\\/voxsahel.com\\\/#website\"},\"primaryImageOfPage\":{\"@id\":\"https:\\\/\\\/voxsahel.com\\\/?p=2435#primaryimage\"},\"image\":{\"@id\":\"https:\\\/\\\/voxsahel.com\\\/?p=2435#primaryimage\"},\"thumbnailUrl\":\"https:\\\/\\\/voxsahel.com\\\/wp-content\\\/uploads\\\/2025\\\/07\\\/IMG_6875.jpeg\",\"datePublished\":\"2025-07-28T14:43:54+00:00\",\"breadcrumb\":{\"@id\":\"https:\\\/\\\/voxsahel.com\\\/?p=2435#breadcrumb\"},\"inLanguage\":\"fr-FR\",\"potentialAction\":[{\"@type\":\"ReadAction\",\"target\":[\"https:\\\/\\\/voxsahel.com\\\/?p=2435\"]}]},{\"@type\":\"ImageObject\",\"inLanguage\":\"fr-FR\",\"@id\":\"https:\\\/\\\/voxsahel.com\\\/?p=2435#primaryimage\",\"url\":\"https:\\\/\\\/voxsahel.com\\\/wp-content\\\/uploads\\\/2025\\\/07\\\/IMG_6875.jpeg\",\"contentUrl\":\"https:\\\/\\\/voxsahel.com\\\/wp-content\\\/uploads\\\/2025\\\/07\\\/IMG_6875.jpeg\",\"width\":1536,\"height\":1092},{\"@type\":\"BreadcrumbList\",\"@id\":\"https:\\\/\\\/voxsahel.com\\\/?p=2435#breadcrumb\",\"itemListElement\":[{\"@type\":\"ListItem\",\"position\":1,\"name\":\"Home\",\"item\":\"https:\\\/\\\/voxsahel.com\\\/\"},{\"@type\":\"ListItem\",\"position\":2,\"name\":\"\u00c9dito | Agro-industrie : Pour un Burkina leader et moteur de la fili\u00e8re coton\"}]},{\"@type\":\"WebSite\",\"@id\":\"https:\\\/\\\/voxsahel.com\\\/#website\",\"url\":\"https:\\\/\\\/voxsahel.com\\\/\",\"name\":\"Vox Sahel\",\"description\":\"Informez-vous sur le Sahel en un clic\",\"publisher\":{\"@id\":\"https:\\\/\\\/voxsahel.com\\\/#organization\"},\"potentialAction\":[{\"@type\":\"SearchAction\",\"target\":{\"@type\":\"EntryPoint\",\"urlTemplate\":\"https:\\\/\\\/voxsahel.com\\\/?s={search_term_string}\"},\"query-input\":{\"@type\":\"PropertyValueSpecification\",\"valueRequired\":true,\"valueName\":\"search_term_string\"}}],\"inLanguage\":\"fr-FR\"},{\"@type\":\"Organization\",\"@id\":\"https:\\\/\\\/voxsahel.com\\\/#organization\",\"name\":\"Vox Sahel\",\"url\":\"https:\\\/\\\/voxsahel.com\\\/\",\"logo\":{\"@type\":\"ImageObject\",\"inLanguage\":\"fr-FR\",\"@id\":\"https:\\\/\\\/voxsahel.com\\\/#\\\/schema\\\/logo\\\/image\\\/\",\"url\":\"https:\\\/\\\/voxsahel.com\\\/wp-content\\\/uploads\\\/2024\\\/09\\\/Logo-Vox-Sahel.jpg\",\"contentUrl\":\"https:\\\/\\\/voxsahel.com\\\/wp-content\\\/uploads\\\/2024\\\/09\\\/Logo-Vox-Sahel.jpg\",\"width\":1181,\"height\":848,\"caption\":\"Vox Sahel\"},\"image\":{\"@id\":\"https:\\\/\\\/voxsahel.com\\\/#\\\/schema\\\/logo\\\/image\\\/\"},\"sameAs\":[\"https:\\\/\\\/www.facebook.com\\\/journal.voxsahel\"]},{\"@type\":\"Person\",\"@id\":\"https:\\\/\\\/voxsahel.com\\\/#\\\/schema\\\/person\\\/b4043608248f8fa227cd760e7ff1e19e\",\"name\":\"Vox Sahel\",\"image\":{\"@type\":\"ImageObject\",\"inLanguage\":\"fr-FR\",\"@id\":\"https:\\\/\\\/secure.gravatar.com\\\/avatar\\\/f70e7fa0cb9b29d4a7c5788d6eb2e9ab4d3135cbae1c9161810fdf77a8964699?s=96&d=mm&r=g\",\"url\":\"https:\\\/\\\/secure.gravatar.com\\\/avatar\\\/f70e7fa0cb9b29d4a7c5788d6eb2e9ab4d3135cbae1c9161810fdf77a8964699?s=96&d=mm&r=g\",\"contentUrl\":\"https:\\\/\\\/secure.gravatar.com\\\/avatar\\\/f70e7fa0cb9b29d4a7c5788d6eb2e9ab4d3135cbae1c9161810fdf77a8964699?s=96&d=mm&r=g\",\"caption\":\"Vox Sahel\"},\"sameAs\":[\"http:\\\/\\\/www.voxsahel.com\"],\"url\":\"https:\\\/\\\/voxsahel.com\\\/?author=2\"}]}<\/script>\n<!-- \/ Yoast SEO plugin. -->","yoast_head_json":{"title":"\u00c9dito | Agro-industrie : Pour un Burkina leader et moteur de la fili\u00e8re coton - Vox Sahel","robots":{"index":"index","follow":"follow","max-snippet":"max-snippet:-1","max-image-preview":"max-image-preview:large","max-video-preview":"max-video-preview:-1"},"canonical":"https:\/\/voxsahel.com\/?p=2435","og_locale":"fr_FR","og_type":"article","og_title":"\u00c9dito | Agro-industrie : Pour un Burkina leader et moteur de la fili\u00e8re coton - Vox Sahel","og_description":"Le redressement du secteur de la fili\u00e8re coton \u00a0passe d\u00e9sormais par une synergie d\u2019actions entre","og_url":"https:\/\/voxsahel.com\/?p=2435","og_site_name":"Vox Sahel","article_publisher":"https:\/\/www.facebook.com\/journal.voxsahel","article_published_time":"2025-07-28T14:43:54+00:00","og_image":[{"width":1536,"height":1092,"url":"https:\/\/voxsahel.com\/wp-content\/uploads\/2025\/07\/IMG_6875.jpeg","type":"image\/jpeg"}],"author":"Vox Sahel","twitter_card":"summary_large_image","twitter_misc":{"\u00c9crit par":"Vox Sahel","Dur\u00e9e de lecture estim\u00e9e":"2 minutes"},"schema":{"@context":"https:\/\/schema.org","@graph":[{"@type":"Article","@id":"https:\/\/voxsahel.com\/?p=2435#article","isPartOf":{"@id":"https:\/\/voxsahel.com\/?p=2435"},"author":{"name":"Vox Sahel","@id":"https:\/\/voxsahel.com\/#\/schema\/person\/b4043608248f8fa227cd760e7ff1e19e"},"headline":"\u00c9dito | Agro-industrie : Pour un Burkina leader et moteur de la fili\u00e8re coton","datePublished":"2025-07-28T14:43:54+00:00","mainEntityOfPage":{"@id":"https:\/\/voxsahel.com\/?p=2435"},"wordCount":282,"commentCount":0,"publisher":{"@id":"https:\/\/voxsahel.com\/#organization"},"image":{"@id":"https:\/\/voxsahel.com\/?p=2435#primaryimage"},"thumbnailUrl":"https:\/\/voxsahel.com\/wp-content\/uploads\/2025\/07\/IMG_6875.jpeg","keywords":["Agriculture","Agroalimentaire","Association interprofessionnelle du Coton Burkinab\u00e8","Burkina Faso","cha\u00eene de valeur du coton","Coton","Coton BT","Coton OGM","Groupement professionnel des industriels","Huilerie","Industrie","SN Citec","Union nationale des producteurs de coton du Burkina"],"articleSection":["DEVELOPPEMENT"],"inLanguage":"fr-FR","potentialAction":[{"@type":"CommentAction","name":"Comment","target":["https:\/\/voxsahel.com\/?p=2435#respond"]}]},{"@type":"WebPage","@id":"https:\/\/voxsahel.com\/?p=2435","url":"https:\/\/voxsahel.com\/?p=2435","name":"\u00c9dito | Agro-industrie : Pour un Burkina leader et moteur de la fili\u00e8re coton - Vox Sahel","isPartOf":{"@id":"https:\/\/voxsahel.com\/#website"},"primaryImageOfPage":{"@id":"https:\/\/voxsahel.com\/?p=2435#primaryimage"},"image":{"@id":"https:\/\/voxsahel.com\/?p=2435#primaryimage"},"thumbnailUrl":"https:\/\/voxsahel.com\/wp-content\/uploads\/2025\/07\/IMG_6875.jpeg","datePublished":"2025-07-28T14:43:54+00:00","breadcrumb":{"@id":"https:\/\/voxsahel.com\/?p=2435#breadcrumb"},"inLanguage":"fr-FR","potentialAction":[{"@type":"ReadAction","target":["https:\/\/voxsahel.com\/?p=2435"]}]},{"@type":"ImageObject","inLanguage":"fr-FR","@id":"https:\/\/voxsahel.com\/?p=2435#primaryimage","url":"https:\/\/voxsahel.com\/wp-content\/uploads\/2025\/07\/IMG_6875.jpeg","contentUrl":"https:\/\/voxsahel.com\/wp-content\/uploads\/2025\/07\/IMG_6875.jpeg","width":1536,"height":1092},{"@type":"BreadcrumbList","@id":"https:\/\/voxsahel.com\/?p=2435#breadcrumb","itemListElement":[{"@type":"ListItem","position":1,"name":"Home","item":"https:\/\/voxsahel.com\/"},{"@type":"ListItem","position":2,"name":"\u00c9dito | Agro-industrie : Pour un Burkina leader et moteur de la fili\u00e8re coton"}]},{"@type":"WebSite","@id":"https:\/\/voxsahel.com\/#website","url":"https:\/\/voxsahel.com\/","name":"Vox Sahel","description":"Informez-vous sur le Sahel en un clic","publisher":{"@id":"https:\/\/voxsahel.com\/#organization"},"potentialAction":[{"@type":"SearchAction","target":{"@type":"EntryPoint","urlTemplate":"https:\/\/voxsahel.com\/?s={search_term_string}"},"query-input":{"@type":"PropertyValueSpecification","valueRequired":true,"valueName":"search_term_string"}}],"inLanguage":"fr-FR"},{"@type":"Organization","@id":"https:\/\/voxsahel.com\/#organization","name":"Vox Sahel","url":"https:\/\/voxsahel.com\/","logo":{"@type":"ImageObject","inLanguage":"fr-FR","@id":"https:\/\/voxsahel.com\/#\/schema\/logo\/image\/","url":"https:\/\/voxsahel.com\/wp-content\/uploads\/2024\/09\/Logo-Vox-Sahel.jpg","contentUrl":"https:\/\/voxsahel.com\/wp-content\/uploads\/2024\/09\/Logo-Vox-Sahel.jpg","width":1181,"height":848,"caption":"Vox Sahel"},"image":{"@id":"https:\/\/voxsahel.com\/#\/schema\/logo\/image\/"},"sameAs":["https:\/\/www.facebook.com\/journal.voxsahel"]},{"@type":"Person","@id":"https:\/\/voxsahel.com\/#\/schema\/person\/b4043608248f8fa227cd760e7ff1e19e","name":"Vox Sahel","image":{"@type":"ImageObject","inLanguage":"fr-FR","@id":"https:\/\/secure.gravatar.com\/avatar\/f70e7fa0cb9b29d4a7c5788d6eb2e9ab4d3135cbae1c9161810fdf77a8964699?s=96&d=mm&r=g","url":"https:\/\/secure.gravatar.com\/avatar\/f70e7fa0cb9b29d4a7c5788d6eb2e9ab4d3135cbae1c9161810fdf77a8964699?s=96&d=mm&r=g","contentUrl":"https:\/\/secure.gravatar.com\/avatar\/f70e7fa0cb9b29d4a7c5788d6eb2e9ab4d3135cbae1c9161810fdf77a8964699?s=96&d=mm&r=g","caption":"Vox Sahel"},"sameAs":["http:\/\/www.voxsahel.com"],"url":"https:\/\/voxsahel.com\/?author=2"}]}},"_links":{"self":[{"href":"https:\/\/voxsahel.com\/index.php?rest_route=\/wp\/v2\/posts\/2435","targetHints":{"allow":["GET"]}}],"collection":[{"href":"https:\/\/voxsahel.com\/index.php?rest_route=\/wp\/v2\/posts"}],"about":[{"href":"https:\/\/voxsahel.com\/index.php?rest_route=\/wp\/v2\/types\/post"}],"author":[{"embeddable":true,"href":"https:\/\/voxsahel.com\/index.php?rest_route=\/wp\/v2\/users\/2"}],"replies":[{"embeddable":true,"href":"https:\/\/voxsahel.com\/index.php?rest_route=%2Fwp%2Fv2%2Fcomments&post=2435"}],"version-history":[{"count":1,"href":"https:\/\/voxsahel.com\/index.php?rest_route=\/wp\/v2\/posts\/2435\/revisions"}],"predecessor-version":[{"id":2437,"href":"https:\/\/voxsahel.com\/index.php?rest_route=\/wp\/v2\/posts\/2435\/revisions\/2437"}],"wp:featuredmedia":[{"embeddable":true,"href":"https:\/\/voxsahel.com\/index.php?rest_route=\/wp\/v2\/media\/2436"}],"wp:attachment":[{"href":"https:\/\/voxsahel.com\/index.php?rest_route=%2Fwp%2Fv2%2Fmedia&parent=2435"}],"wp:term":[{"taxonomy":"category","embeddable":true,"href":"https:\/\/voxsahel.com\/index.php?rest_route=%2Fwp%2Fv2%2Fcategories&post=2435"},{"taxonomy":"post_tag","embeddable":true,"href":"https:\/\/voxsahel.com\/index.php?rest_route=%2Fwp%2Fv2%2Ftags&post=2435"}],"curies":[{"name":"wp","href":"https:\/\/api.w.org\/{rel}","templated":true}]}}