{"id":2425,"date":"2025-07-27T16:27:51","date_gmt":"2025-07-27T16:27:51","guid":{"rendered":"https:\/\/voxsahel.com\/?p=2425"},"modified":"2025-07-28T14:01:32","modified_gmt":"2025-07-28T14:01:32","slug":"faso-mebo-le-synatrad-offre-une-betonniere-et-un-bon-de-carburant-de-2-millions-f-cfa","status":"publish","type":"post","link":"https:\/\/voxsahel.com\/?p=2425","title":{"rendered":"Initiative Faso M\u00eabo : Le SYNATRAD offre une b\u00e9tonni\u00e8re et un bon de carburant de 2 millions F CFA"},"content":{"rendered":"<p class=\"p1\">Le Syndicat National des Travailleurs de l\u2019Administration des Douanes (SYNATRAD), conduit par son secr\u00e9taire g\u00e9n\u00e9ral Blaise N\u00e9bi\u00e9, a remis ce samedi 26 juillet 2025 un important don \u00e0 Faso M\u00eabo. Compos\u00e9 d\u2019une b\u00e9tonni\u00e8re et d\u2019un bon de carburant d\u2019une valeur totale de deux millions de francs CFA, ce geste vise \u00e0 soutenir les actions de salubrit\u00e9 et de d\u00e9veloppement men\u00e9es par cette structure citoyenne.<\/p>\n<p class=\"p1\"><span class=\"s2\"><img loading=\"lazy\" decoding=\"async\" class=\"aligncenter size-large wp-image-2427\" src=\"https:\/\/voxsahel.com\/wp-content\/uploads\/2025\/07\/8020a070-e7ae-4962-a1d0-6a704f56d157-746x1024.jpeg\" alt=\"\" width=\"640\" height=\"878\" srcset=\"https:\/\/voxsahel.com\/wp-content\/uploads\/2025\/07\/8020a070-e7ae-4962-a1d0-6a704f56d157-746x1024.jpeg 746w, https:\/\/voxsahel.com\/wp-content\/uploads\/2025\/07\/8020a070-e7ae-4962-a1d0-6a704f56d157-219x300.jpeg 219w, https:\/\/voxsahel.com\/wp-content\/uploads\/2025\/07\/8020a070-e7ae-4962-a1d0-6a704f56d157-768x1054.jpeg 768w, https:\/\/voxsahel.com\/wp-content\/uploads\/2025\/07\/8020a070-e7ae-4962-a1d0-6a704f56d157-610x837.jpeg 610w, https:\/\/voxsahel.com\/wp-content\/uploads\/2025\/07\/8020a070-e7ae-4962-a1d0-6a704f56d157.jpeg 787w\" sizes=\"(max-width: 640px) 100vw, 640px\" \/><br \/>\nCe don, enti\u00e8rement financ\u00e9 gr\u00e2ce aux cotisations des militants du syndicat, s\u2019inscrit dans une d\u00e9marche de solidarit\u00e9 et de contribution \u00e0 la construction nationale. \u00ab\u202fNous sommes venus faire un don \u00e0 Faso M\u00eabo afin de soutenir leurs activit\u00e9s. \u00c0 travers ce geste, nous lan\u00e7ons un appel \u00e0 la mobilisation citoyenne pour soutenir les actions de Faso M\u00eabo. En tant que citoyens, nous avons tous une responsabilit\u00e9 dans la construction de notre pays, l\u2019am\u00e9lioration de notre cadre de vie et l\u2019assainissement de notre environnement\u202f\u00bb, a d\u00e9clar\u00e9 Blaise N\u00e9bi\u00e9.<\/span><\/p>\n<p><img loading=\"lazy\" decoding=\"async\" class=\"aligncenter size-full wp-image-2428\" src=\"https:\/\/voxsahel.com\/wp-content\/uploads\/2025\/07\/33e73c80-aa90-4ec1-8d5c-7d8fc1c55577.jpeg\" alt=\"\" width=\"936\" height=\"624\" srcset=\"https:\/\/voxsahel.com\/wp-content\/uploads\/2025\/07\/33e73c80-aa90-4ec1-8d5c-7d8fc1c55577.jpeg 936w, https:\/\/voxsahel.com\/wp-content\/uploads\/2025\/07\/33e73c80-aa90-4ec1-8d5c-7d8fc1c55577-300x200.jpeg 300w, https:\/\/voxsahel.com\/wp-content\/uploads\/2025\/07\/33e73c80-aa90-4ec1-8d5c-7d8fc1c55577-768x512.jpeg 768w, https:\/\/voxsahel.com\/wp-content\/uploads\/2025\/07\/33e73c80-aa90-4ec1-8d5c-7d8fc1c55577-610x407.jpeg 610w\" sizes=\"(max-width: 936px) 100vw, 936px\" \/><\/p>\n<p class=\"p1\"><span class=\"s2\">Selon lui, ce soutien mat\u00e9riel est le fruit d\u2019une concertation avec les responsables de Faso M\u00eabo afin d\u2019identifier les besoins prioritaires. \u00ab\u202fEn tant que structure sociale, partenaire engag\u00e9, fonctionnaire des FDS et citoyen burkinab\u00e8, il nous semble important de poser des actes concrets. Nous esp\u00e9rons que ce geste inspirera d\u2019autres bonnes volont\u00e9s \u00e0 se joindre \u00e0 cet \u00e9lan de solidarit\u00e9. Au regard de l\u2019engouement observ\u00e9 ce matin, nous sommes convaincus que nous avons eu raison d\u2019effectuer ce don\u202f\u00bb, a-t-il ajout\u00e9.<\/span><\/p>\n<p><img loading=\"lazy\" decoding=\"async\" class=\"aligncenter size-large wp-image-2430\" src=\"https:\/\/voxsahel.com\/wp-content\/uploads\/2025\/07\/IMG_6295-1024x768.jpeg\" alt=\"\" width=\"640\" height=\"480\" srcset=\"https:\/\/voxsahel.com\/wp-content\/uploads\/2025\/07\/IMG_6295-1024x768.jpeg 1024w, https:\/\/voxsahel.com\/wp-content\/uploads\/2025\/07\/IMG_6295-300x225.jpeg 300w, https:\/\/voxsahel.com\/wp-content\/uploads\/2025\/07\/IMG_6295-768x576.jpeg 768w, https:\/\/voxsahel.com\/wp-content\/uploads\/2025\/07\/IMG_6295-1536x1152.jpeg 1536w, https:\/\/voxsahel.com\/wp-content\/uploads\/2025\/07\/IMG_6295-2048x1536.jpeg 2048w, https:\/\/voxsahel.com\/wp-content\/uploads\/2025\/07\/IMG_6295-510x382.jpeg 510w, https:\/\/voxsahel.com\/wp-content\/uploads\/2025\/07\/IMG_6295-1080x810.jpeg 1080w, https:\/\/voxsahel.com\/wp-content\/uploads\/2025\/07\/IMG_6295-610x458.jpeg 610w, https:\/\/voxsahel.com\/wp-content\/uploads\/2025\/07\/IMG_6295-720x540.jpeg 720w\" sizes=\"(max-width: 640px) 100vw, 640px\" \/><\/p>\n<p class=\"p1\"><span class=\"s2\">Le SYNATRAD a \u00e9galement tenu \u00e0 exprimer sa gratitude envers le Ministre de l\u2019\u00c9conomie et des Finances ainsi qu\u2019au Directeur g\u00e9n\u00e9ral des Douanes pour leurs encouragements et leur accompagnement dans la r\u00e9alisation de cette initiative.<\/span><\/p>\n<p class=\"p1\"><span class=\"s2\">Par ce geste citoyen, le SYNATRAD r\u00e9affirme son engagement aux c\u00f4t\u00e9s des acteurs de terrain, convaincu que la mobilisation collective est indispensable pour am\u00e9liorer le cadre de vie et l\u2019environnement des populations.<\/span><\/p>\n","protected":false},"excerpt":{"rendered":"<p>Le Syndicat National des Travailleurs de l\u2019Administration des Douanes (SYNATRAD), conduit par son secr\u00e9taire g\u00e9n\u00e9ral<\/p>\n","protected":false},"author":2,"featured_media":2426,"comment_status":"open","ping_status":"open","sticky":false,"template":"","format":"standard","meta":{"_et_pb_use_builder":"","_et_pb_old_content":"","_et_gb_content_width":"","footnotes":""},"categories":[5],"tags":[822,746,142,146,370,310,821,678],"class_list":["post-2425","post","type-post","status-publish","format-standard","has-post-thumbnail","hentry","category-societe","tag-blaise-nebie","tag-direction-generale-des-douanes","tag-douane","tag-douanes-du-burkina-faso","tag-observatoire-pour-la-celerite-des-operations-douanieres-au-burkina-faso","tag-organisation-mondiale-des-douanes","tag-synatrad","tag-taxes-douanieres"],"yoast_head":"<!-- This site is optimized with the Yoast SEO plugin v27.5 - https:\/\/yoast.com\/product\/yoast-seo-wordpress\/ -->\n<title>Initiative Faso M\u00eabo : Le SYNATRAD offre une b\u00e9tonni\u00e8re et un bon de carburant de 2 millions F CFA - Vox Sahel<\/title>\n<meta name=\"robots\" content=\"index, follow, max-snippet:-1, max-image-preview:large, max-video-preview:-1\" \/>\n<link rel=\"canonical\" href=\"https:\/\/voxsahel.com\/?p=2425\" \/>\n<meta property=\"og:locale\" content=\"fr_FR\" \/>\n<meta property=\"og:type\" content=\"article\" \/>\n<meta property=\"og:title\" content=\"Initiative Faso M\u00eabo : Le SYNATRAD offre une b\u00e9tonni\u00e8re et un bon de carburant de 2 millions F CFA - Vox Sahel\" \/>\n<meta property=\"og:description\" content=\"Le Syndicat National des Travailleurs de l\u2019Administration des Douanes (SYNATRAD), conduit par son secr\u00e9taire g\u00e9n\u00e9ral\" \/>\n<meta property=\"og:url\" content=\"https:\/\/voxsahel.com\/?p=2425\" \/>\n<meta property=\"og:site_name\" content=\"Vox Sahel\" \/>\n<meta property=\"article:publisher\" content=\"https:\/\/www.facebook.com\/journal.voxsahel\" \/>\n<meta property=\"article:published_time\" content=\"2025-07-27T16:27:51+00:00\" \/>\n<meta property=\"article:modified_time\" content=\"2025-07-28T14:01:32+00:00\" \/>\n<meta property=\"og:image\" content=\"https:\/\/voxsahel.com\/wp-content\/uploads\/2025\/07\/74218971-6c79-485a-92da-4b6540c5849d.jpeg\" \/>\n\t<meta property=\"og:image:width\" content=\"936\" \/>\n\t<meta property=\"og:image:height\" content=\"583\" \/>\n\t<meta property=\"og:image:type\" content=\"image\/jpeg\" \/>\n<meta name=\"author\" content=\"Vox Sahel\" \/>\n<meta name=\"twitter:card\" content=\"summary_large_image\" \/>\n<meta name=\"twitter:label1\" content=\"\u00c9crit par\" \/>\n\t<meta name=\"twitter:data1\" content=\"Vox Sahel\" \/>\n\t<meta name=\"twitter:label2\" content=\"Dur\u00e9e de lecture estim\u00e9e\" \/>\n\t<meta name=\"twitter:data2\" content=\"3 minutes\" \/>\n<script type=\"application\/ld+json\" class=\"yoast-schema-graph\">{\"@context\":\"https:\\\/\\\/schema.org\",\"@graph\":[{\"@type\":\"Article\",\"@id\":\"https:\\\/\\\/voxsahel.com\\\/?p=2425#article\",\"isPartOf\":{\"@id\":\"https:\\\/\\\/voxsahel.com\\\/?p=2425\"},\"author\":{\"name\":\"Vox Sahel\",\"@id\":\"https:\\\/\\\/voxsahel.com\\\/#\\\/schema\\\/person\\\/b4043608248f8fa227cd760e7ff1e19e\"},\"headline\":\"Initiative Faso M\u00eabo : Le SYNATRAD offre une b\u00e9tonni\u00e8re et un bon de carburant de 2 millions F CFA\",\"datePublished\":\"2025-07-27T16:27:51+00:00\",\"dateModified\":\"2025-07-28T14:01:32+00:00\",\"mainEntityOfPage\":{\"@id\":\"https:\\\/\\\/voxsahel.com\\\/?p=2425\"},\"wordCount\":352,\"commentCount\":0,\"publisher\":{\"@id\":\"https:\\\/\\\/voxsahel.com\\\/#organization\"},\"image\":{\"@id\":\"https:\\\/\\\/voxsahel.com\\\/?p=2425#primaryimage\"},\"thumbnailUrl\":\"https:\\\/\\\/voxsahel.com\\\/wp-content\\\/uploads\\\/2025\\\/07\\\/74218971-6c79-485a-92da-4b6540c5849d.jpeg\",\"keywords\":[\"Blaise NEBIE\",\"Direction g\u00e9n\u00e9rale des Douanes\",\"Douane\",\"Douanes du Burkina Faso\",\"Observatoire pour la c\u00e9l\u00e9rit\u00e9 des op\u00e9rations douani\u00e8res au Burkina Faso\",\"Organisation mondiale des Douanes\",\"SYNATRAD\",\"Taxes douani\u00e8res\"],\"articleSection\":[\"SOCIETE\"],\"inLanguage\":\"fr-FR\",\"potentialAction\":[{\"@type\":\"CommentAction\",\"name\":\"Comment\",\"target\":[\"https:\\\/\\\/voxsahel.com\\\/?p=2425#respond\"]}]},{\"@type\":\"WebPage\",\"@id\":\"https:\\\/\\\/voxsahel.com\\\/?p=2425\",\"url\":\"https:\\\/\\\/voxsahel.com\\\/?p=2425\",\"name\":\"Initiative Faso M\u00eabo : Le SYNATRAD offre une b\u00e9tonni\u00e8re et un bon de carburant de 2 millions F CFA - Vox Sahel\",\"isPartOf\":{\"@id\":\"https:\\\/\\\/voxsahel.com\\\/#website\"},\"primaryImageOfPage\":{\"@id\":\"https:\\\/\\\/voxsahel.com\\\/?p=2425#primaryimage\"},\"image\":{\"@id\":\"https:\\\/\\\/voxsahel.com\\\/?p=2425#primaryimage\"},\"thumbnailUrl\":\"https:\\\/\\\/voxsahel.com\\\/wp-content\\\/uploads\\\/2025\\\/07\\\/74218971-6c79-485a-92da-4b6540c5849d.jpeg\",\"datePublished\":\"2025-07-27T16:27:51+00:00\",\"dateModified\":\"2025-07-28T14:01:32+00:00\",\"breadcrumb\":{\"@id\":\"https:\\\/\\\/voxsahel.com\\\/?p=2425#breadcrumb\"},\"inLanguage\":\"fr-FR\",\"potentialAction\":[{\"@type\":\"ReadAction\",\"target\":[\"https:\\\/\\\/voxsahel.com\\\/?p=2425\"]}]},{\"@type\":\"ImageObject\",\"inLanguage\":\"fr-FR\",\"@id\":\"https:\\\/\\\/voxsahel.com\\\/?p=2425#primaryimage\",\"url\":\"https:\\\/\\\/voxsahel.com\\\/wp-content\\\/uploads\\\/2025\\\/07\\\/74218971-6c79-485a-92da-4b6540c5849d.jpeg\",\"contentUrl\":\"https:\\\/\\\/voxsahel.com\\\/wp-content\\\/uploads\\\/2025\\\/07\\\/74218971-6c79-485a-92da-4b6540c5849d.jpeg\",\"width\":936,\"height\":583},{\"@type\":\"BreadcrumbList\",\"@id\":\"https:\\\/\\\/voxsahel.com\\\/?p=2425#breadcrumb\",\"itemListElement\":[{\"@type\":\"ListItem\",\"position\":1,\"name\":\"Home\",\"item\":\"https:\\\/\\\/voxsahel.com\\\/\"},{\"@type\":\"ListItem\",\"position\":2,\"name\":\"Initiative Faso M\u00eabo : Le SYNATRAD offre une b\u00e9tonni\u00e8re et un bon de carburant de 2 millions F CFA\"}]},{\"@type\":\"WebSite\",\"@id\":\"https:\\\/\\\/voxsahel.com\\\/#website\",\"url\":\"https:\\\/\\\/voxsahel.com\\\/\",\"name\":\"Vox Sahel\",\"description\":\"Informez-vous sur le Sahel en un clic\",\"publisher\":{\"@id\":\"https:\\\/\\\/voxsahel.com\\\/#organization\"},\"potentialAction\":[{\"@type\":\"SearchAction\",\"target\":{\"@type\":\"EntryPoint\",\"urlTemplate\":\"https:\\\/\\\/voxsahel.com\\\/?s={search_term_string}\"},\"query-input\":{\"@type\":\"PropertyValueSpecification\",\"valueRequired\":true,\"valueName\":\"search_term_string\"}}],\"inLanguage\":\"fr-FR\"},{\"@type\":\"Organization\",\"@id\":\"https:\\\/\\\/voxsahel.com\\\/#organization\",\"name\":\"Vox Sahel\",\"url\":\"https:\\\/\\\/voxsahel.com\\\/\",\"logo\":{\"@type\":\"ImageObject\",\"inLanguage\":\"fr-FR\",\"@id\":\"https:\\\/\\\/voxsahel.com\\\/#\\\/schema\\\/logo\\\/image\\\/\",\"url\":\"https:\\\/\\\/voxsahel.com\\\/wp-content\\\/uploads\\\/2024\\\/09\\\/Logo-Vox-Sahel.jpg\",\"contentUrl\":\"https:\\\/\\\/voxsahel.com\\\/wp-content\\\/uploads\\\/2024\\\/09\\\/Logo-Vox-Sahel.jpg\",\"width\":1181,\"height\":848,\"caption\":\"Vox Sahel\"},\"image\":{\"@id\":\"https:\\\/\\\/voxsahel.com\\\/#\\\/schema\\\/logo\\\/image\\\/\"},\"sameAs\":[\"https:\\\/\\\/www.facebook.com\\\/journal.voxsahel\"]},{\"@type\":\"Person\",\"@id\":\"https:\\\/\\\/voxsahel.com\\\/#\\\/schema\\\/person\\\/b4043608248f8fa227cd760e7ff1e19e\",\"name\":\"Vox Sahel\",\"image\":{\"@type\":\"ImageObject\",\"inLanguage\":\"fr-FR\",\"@id\":\"https:\\\/\\\/secure.gravatar.com\\\/avatar\\\/f70e7fa0cb9b29d4a7c5788d6eb2e9ab4d3135cbae1c9161810fdf77a8964699?s=96&d=mm&r=g\",\"url\":\"https:\\\/\\\/secure.gravatar.com\\\/avatar\\\/f70e7fa0cb9b29d4a7c5788d6eb2e9ab4d3135cbae1c9161810fdf77a8964699?s=96&d=mm&r=g\",\"contentUrl\":\"https:\\\/\\\/secure.gravatar.com\\\/avatar\\\/f70e7fa0cb9b29d4a7c5788d6eb2e9ab4d3135cbae1c9161810fdf77a8964699?s=96&d=mm&r=g\",\"caption\":\"Vox Sahel\"},\"sameAs\":[\"http:\\\/\\\/www.voxsahel.com\"],\"url\":\"https:\\\/\\\/voxsahel.com\\\/?author=2\"}]}<\/script>\n<!-- \/ Yoast SEO plugin. -->","yoast_head_json":{"title":"Initiative Faso M\u00eabo : Le SYNATRAD offre une b\u00e9tonni\u00e8re et un bon de carburant de 2 millions F CFA - Vox Sahel","robots":{"index":"index","follow":"follow","max-snippet":"max-snippet:-1","max-image-preview":"max-image-preview:large","max-video-preview":"max-video-preview:-1"},"canonical":"https:\/\/voxsahel.com\/?p=2425","og_locale":"fr_FR","og_type":"article","og_title":"Initiative Faso M\u00eabo : Le SYNATRAD offre une b\u00e9tonni\u00e8re et un bon de carburant de 2 millions F CFA - Vox Sahel","og_description":"Le Syndicat National des Travailleurs de l\u2019Administration des Douanes (SYNATRAD), conduit par son secr\u00e9taire g\u00e9n\u00e9ral","og_url":"https:\/\/voxsahel.com\/?p=2425","og_site_name":"Vox Sahel","article_publisher":"https:\/\/www.facebook.com\/journal.voxsahel","article_published_time":"2025-07-27T16:27:51+00:00","article_modified_time":"2025-07-28T14:01:32+00:00","og_image":[{"width":936,"height":583,"url":"https:\/\/voxsahel.com\/wp-content\/uploads\/2025\/07\/74218971-6c79-485a-92da-4b6540c5849d.jpeg","type":"image\/jpeg"}],"author":"Vox Sahel","twitter_card":"summary_large_image","twitter_misc":{"\u00c9crit par":"Vox Sahel","Dur\u00e9e de lecture estim\u00e9e":"3 minutes"},"schema":{"@context":"https:\/\/schema.org","@graph":[{"@type":"Article","@id":"https:\/\/voxsahel.com\/?p=2425#article","isPartOf":{"@id":"https:\/\/voxsahel.com\/?p=2425"},"author":{"name":"Vox Sahel","@id":"https:\/\/voxsahel.com\/#\/schema\/person\/b4043608248f8fa227cd760e7ff1e19e"},"headline":"Initiative Faso M\u00eabo : Le SYNATRAD offre une b\u00e9tonni\u00e8re et un bon de carburant de 2 millions F CFA","datePublished":"2025-07-27T16:27:51+00:00","dateModified":"2025-07-28T14:01:32+00:00","mainEntityOfPage":{"@id":"https:\/\/voxsahel.com\/?p=2425"},"wordCount":352,"commentCount":0,"publisher":{"@id":"https:\/\/voxsahel.com\/#organization"},"image":{"@id":"https:\/\/voxsahel.com\/?p=2425#primaryimage"},"thumbnailUrl":"https:\/\/voxsahel.com\/wp-content\/uploads\/2025\/07\/74218971-6c79-485a-92da-4b6540c5849d.jpeg","keywords":["Blaise NEBIE","Direction g\u00e9n\u00e9rale des Douanes","Douane","Douanes du Burkina Faso","Observatoire pour la c\u00e9l\u00e9rit\u00e9 des op\u00e9rations douani\u00e8res au Burkina Faso","Organisation mondiale des Douanes","SYNATRAD","Taxes douani\u00e8res"],"articleSection":["SOCIETE"],"inLanguage":"fr-FR","potentialAction":[{"@type":"CommentAction","name":"Comment","target":["https:\/\/voxsahel.com\/?p=2425#respond"]}]},{"@type":"WebPage","@id":"https:\/\/voxsahel.com\/?p=2425","url":"https:\/\/voxsahel.com\/?p=2425","name":"Initiative Faso M\u00eabo : Le SYNATRAD offre une b\u00e9tonni\u00e8re et un bon de carburant de 2 millions F CFA - Vox Sahel","isPartOf":{"@id":"https:\/\/voxsahel.com\/#website"},"primaryImageOfPage":{"@id":"https:\/\/voxsahel.com\/?p=2425#primaryimage"},"image":{"@id":"https:\/\/voxsahel.com\/?p=2425#primaryimage"},"thumbnailUrl":"https:\/\/voxsahel.com\/wp-content\/uploads\/2025\/07\/74218971-6c79-485a-92da-4b6540c5849d.jpeg","datePublished":"2025-07-27T16:27:51+00:00","dateModified":"2025-07-28T14:01:32+00:00","breadcrumb":{"@id":"https:\/\/voxsahel.com\/?p=2425#breadcrumb"},"inLanguage":"fr-FR","potentialAction":[{"@type":"ReadAction","target":["https:\/\/voxsahel.com\/?p=2425"]}]},{"@type":"ImageObject","inLanguage":"fr-FR","@id":"https:\/\/voxsahel.com\/?p=2425#primaryimage","url":"https:\/\/voxsahel.com\/wp-content\/uploads\/2025\/07\/74218971-6c79-485a-92da-4b6540c5849d.jpeg","contentUrl":"https:\/\/voxsahel.com\/wp-content\/uploads\/2025\/07\/74218971-6c79-485a-92da-4b6540c5849d.jpeg","width":936,"height":583},{"@type":"BreadcrumbList","@id":"https:\/\/voxsahel.com\/?p=2425#breadcrumb","itemListElement":[{"@type":"ListItem","position":1,"name":"Home","item":"https:\/\/voxsahel.com\/"},{"@type":"ListItem","position":2,"name":"Initiative Faso M\u00eabo : Le SYNATRAD offre une b\u00e9tonni\u00e8re et un bon de carburant de 2 millions F CFA"}]},{"@type":"WebSite","@id":"https:\/\/voxsahel.com\/#website","url":"https:\/\/voxsahel.com\/","name":"Vox Sahel","description":"Informez-vous sur le Sahel en un clic","publisher":{"@id":"https:\/\/voxsahel.com\/#organization"},"potentialAction":[{"@type":"SearchAction","target":{"@type":"EntryPoint","urlTemplate":"https:\/\/voxsahel.com\/?s={search_term_string}"},"query-input":{"@type":"PropertyValueSpecification","valueRequired":true,"valueName":"search_term_string"}}],"inLanguage":"fr-FR"},{"@type":"Organization","@id":"https:\/\/voxsahel.com\/#organization","name":"Vox Sahel","url":"https:\/\/voxsahel.com\/","logo":{"@type":"ImageObject","inLanguage":"fr-FR","@id":"https:\/\/voxsahel.com\/#\/schema\/logo\/image\/","url":"https:\/\/voxsahel.com\/wp-content\/uploads\/2024\/09\/Logo-Vox-Sahel.jpg","contentUrl":"https:\/\/voxsahel.com\/wp-content\/uploads\/2024\/09\/Logo-Vox-Sahel.jpg","width":1181,"height":848,"caption":"Vox Sahel"},"image":{"@id":"https:\/\/voxsahel.com\/#\/schema\/logo\/image\/"},"sameAs":["https:\/\/www.facebook.com\/journal.voxsahel"]},{"@type":"Person","@id":"https:\/\/voxsahel.com\/#\/schema\/person\/b4043608248f8fa227cd760e7ff1e19e","name":"Vox Sahel","image":{"@type":"ImageObject","inLanguage":"fr-FR","@id":"https:\/\/secure.gravatar.com\/avatar\/f70e7fa0cb9b29d4a7c5788d6eb2e9ab4d3135cbae1c9161810fdf77a8964699?s=96&d=mm&r=g","url":"https:\/\/secure.gravatar.com\/avatar\/f70e7fa0cb9b29d4a7c5788d6eb2e9ab4d3135cbae1c9161810fdf77a8964699?s=96&d=mm&r=g","contentUrl":"https:\/\/secure.gravatar.com\/avatar\/f70e7fa0cb9b29d4a7c5788d6eb2e9ab4d3135cbae1c9161810fdf77a8964699?s=96&d=mm&r=g","caption":"Vox Sahel"},"sameAs":["http:\/\/www.voxsahel.com"],"url":"https:\/\/voxsahel.com\/?author=2"}]}},"_links":{"self":[{"href":"https:\/\/voxsahel.com\/index.php?rest_route=\/wp\/v2\/posts\/2425","targetHints":{"allow":["GET"]}}],"collection":[{"href":"https:\/\/voxsahel.com\/index.php?rest_route=\/wp\/v2\/posts"}],"about":[{"href":"https:\/\/voxsahel.com\/index.php?rest_route=\/wp\/v2\/types\/post"}],"author":[{"embeddable":true,"href":"https:\/\/voxsahel.com\/index.php?rest_route=\/wp\/v2\/users\/2"}],"replies":[{"embeddable":true,"href":"https:\/\/voxsahel.com\/index.php?rest_route=%2Fwp%2Fv2%2Fcomments&post=2425"}],"version-history":[{"count":5,"href":"https:\/\/voxsahel.com\/index.php?rest_route=\/wp\/v2\/posts\/2425\/revisions"}],"predecessor-version":[{"id":2434,"href":"https:\/\/voxsahel.com\/index.php?rest_route=\/wp\/v2\/posts\/2425\/revisions\/2434"}],"wp:featuredmedia":[{"embeddable":true,"href":"https:\/\/voxsahel.com\/index.php?rest_route=\/wp\/v2\/media\/2426"}],"wp:attachment":[{"href":"https:\/\/voxsahel.com\/index.php?rest_route=%2Fwp%2Fv2%2Fmedia&parent=2425"}],"wp:term":[{"taxonomy":"category","embeddable":true,"href":"https:\/\/voxsahel.com\/index.php?rest_route=%2Fwp%2Fv2%2Fcategories&post=2425"},{"taxonomy":"post_tag","embeddable":true,"href":"https:\/\/voxsahel.com\/index.php?rest_route=%2Fwp%2Fv2%2Ftags&post=2425"}],"curies":[{"name":"wp","href":"https:\/\/api.w.org\/{rel}","templated":true}]}}