{"id":242,"date":"2024-09-18T06:31:42","date_gmt":"2024-09-18T06:31:42","guid":{"rendered":"https:\/\/voxsahel.com\/?p=242"},"modified":"2024-09-18T06:31:42","modified_gmt":"2024-09-18T06:31:42","slug":"tour-de-cote-divoire-souleymane-kone-se-hisse-sur-la-2e-marche-du-podium-lors-de-la-3e-etape","status":"publish","type":"post","link":"https:\/\/voxsahel.com\/?p=242","title":{"rendered":"Tour de C\u00f4te d&rsquo;Ivoire : Souleymane Kon\u00e9 se hisse sur la 2e marche du podium lors de la 3e \u00e9tape"},"content":{"rendered":"<p class=\"p1\">La 3e \u00e9tape du Tour de C\u00f4te d&rsquo;Ivoire, courue entre Konefla et Sinfra, a offert un spectacle palpitant ce mardi 17 septembre. Rodrigue Nounawe, soci\u00e9taire de la SNH Cameroun et d\u00e9tenteur du maillot vert du Tour du Cameroun, s&rsquo;est distingu\u00e9 en remportant cette \u00e9tape au terme d&rsquo;un sprint serr\u00e9. Il a boucl\u00e9 les 90 km en 2h 12mn 35s, avec une vitesse moyenne impressionnante de 40,73 km\/h.<\/p>\n<p class=\"p1\"><span class=\"s2\">Le Burkinab\u00e8 Souleymane Kon\u00e9, auteur d&rsquo;une performance remarquable, s&rsquo;est adjug\u00e9 la deuxi\u00e8me place. Bien qu&rsquo;il n&rsquo;ait pas pu arracher la victoire \u00e0 Nounawe, il confirme sa mont\u00e9e en puissance dans cette comp\u00e9tition, offrant ainsi de belles perspectives pour la suite du Tour.<\/span><\/p>\n<p class=\"p1\"><span class=\"s2\">C\u00f4t\u00e9 classement g\u00e9n\u00e9ral, le Camerounais Kamzong Abessolo conserve son maillot jaune, solidifiant ainsi sa place de leader de la comp\u00e9tition. De son c\u00f4t\u00e9, Mouni Vincent continue de r\u00e9gner sur les sprints interm\u00e9diaires, restant le meilleur dans cette cat\u00e9gorie. \u00c0 noter que l&rsquo;\u00e9quipe burkinab\u00e8 s&rsquo;est illustr\u00e9e en tant que meilleure formation de l&rsquo;\u00e9tape, consolidant ainsi son statut de s\u00e9rieux pr\u00e9tendant pour le titre par \u00e9quipe.<\/span><\/p>\n<p class=\"p1\" style=\"text-align: center;\"><strong><span class=\"s1\">Cap sur la 4e \u00e9tape : un d\u00e9fi de 126 km \u00e0 Yamoussoukro<\/span><\/strong><\/p>\n<p class=\"p1\"><span class=\"s2\">Le Tour de C\u00f4te d&rsquo;Ivoire se poursuit ce mercredi 18 septembre avec la 4e \u00e9tape, qui promet d&rsquo;\u00eatre intense. Les coureurs \u00e9voluent sur un circuit ferm\u00e9 dans les rues de la capitale politique, Yamoussoukro, sur une distance de 126 km. Un parcours exigeant qui pourrait bien redistribuer les cartes et offrir de nouveaux rebondissements dans cette \u00e9dition 2024 du Tour.<\/span><\/p>\n<p style=\"text-align: right;\"><strong>Par Vox Sahel<\/strong><\/p>\n","protected":false},"excerpt":{"rendered":"<p>La 3e \u00e9tape du Tour de C\u00f4te d&rsquo;Ivoire, courue entre Konefla et Sinfra, a offert<\/p>\n","protected":false},"author":2,"featured_media":243,"comment_status":"open","ping_status":"open","sticky":false,"template":"","format":"standard","meta":{"_et_pb_use_builder":"","_et_pb_old_content":"","_et_gb_content_width":"","footnotes":""},"categories":[12],"tags":[18,80,77,78,34,79,122],"class_list":["post-242","post","type-post","status-publish","format-standard","has-post-thumbnail","hentry","category-sports","tag-burkina-faso","tag-cote-divoire","tag-cyclisme","tag-etalon","tag-sport","tag-tour-cycliste-de-cote-divoire","tag-tour-du-faso"],"yoast_head":"<!-- This site is optimized with the Yoast SEO plugin v27.5 - https:\/\/yoast.com\/product\/yoast-seo-wordpress\/ -->\n<title>Tour de C\u00f4te d&#039;Ivoire : Souleymane Kon\u00e9 se hisse sur la 2e marche du podium lors de la 3e \u00e9tape - Vox Sahel<\/title>\n<meta name=\"robots\" content=\"index, follow, max-snippet:-1, max-image-preview:large, max-video-preview:-1\" \/>\n<link rel=\"canonical\" href=\"https:\/\/voxsahel.com\/?p=242\" \/>\n<meta property=\"og:locale\" content=\"fr_FR\" \/>\n<meta property=\"og:type\" content=\"article\" \/>\n<meta property=\"og:title\" content=\"Tour de C\u00f4te d&#039;Ivoire : Souleymane Kon\u00e9 se hisse sur la 2e marche du podium lors de la 3e \u00e9tape - Vox Sahel\" \/>\n<meta property=\"og:description\" content=\"La 3e \u00e9tape du Tour de C\u00f4te d&rsquo;Ivoire, courue entre Konefla et Sinfra, a offert\" \/>\n<meta property=\"og:url\" content=\"https:\/\/voxsahel.com\/?p=242\" \/>\n<meta property=\"og:site_name\" content=\"Vox Sahel\" \/>\n<meta property=\"article:publisher\" content=\"https:\/\/www.facebook.com\/journal.voxsahel\" \/>\n<meta property=\"article:published_time\" content=\"2024-09-18T06:31:42+00:00\" \/>\n<meta property=\"og:image\" content=\"https:\/\/voxsahel.com\/wp-content\/uploads\/2024\/09\/IMG_9245.jpeg\" \/>\n\t<meta property=\"og:image:width\" content=\"576\" \/>\n\t<meta property=\"og:image:height\" content=\"689\" \/>\n\t<meta property=\"og:image:type\" content=\"image\/jpeg\" \/>\n<meta name=\"author\" content=\"Vox Sahel\" \/>\n<meta name=\"twitter:card\" content=\"summary_large_image\" \/>\n<meta name=\"twitter:label1\" content=\"\u00c9crit par\" \/>\n\t<meta name=\"twitter:data1\" content=\"Vox Sahel\" \/>\n\t<meta name=\"twitter:label2\" content=\"Dur\u00e9e de lecture estim\u00e9e\" \/>\n\t<meta name=\"twitter:data2\" content=\"2 minutes\" \/>\n<script type=\"application\/ld+json\" class=\"yoast-schema-graph\">{\"@context\":\"https:\\\/\\\/schema.org\",\"@graph\":[{\"@type\":\"Article\",\"@id\":\"https:\\\/\\\/voxsahel.com\\\/?p=242#article\",\"isPartOf\":{\"@id\":\"https:\\\/\\\/voxsahel.com\\\/?p=242\"},\"author\":{\"name\":\"Vox Sahel\",\"@id\":\"https:\\\/\\\/voxsahel.com\\\/#\\\/schema\\\/person\\\/b4043608248f8fa227cd760e7ff1e19e\"},\"headline\":\"Tour de C\u00f4te d&rsquo;Ivoire : Souleymane Kon\u00e9 se hisse sur la 2e marche du podium lors de la 3e \u00e9tape\",\"datePublished\":\"2024-09-18T06:31:42+00:00\",\"mainEntityOfPage\":{\"@id\":\"https:\\\/\\\/voxsahel.com\\\/?p=242\"},\"wordCount\":291,\"commentCount\":0,\"publisher\":{\"@id\":\"https:\\\/\\\/voxsahel.com\\\/#organization\"},\"image\":{\"@id\":\"https:\\\/\\\/voxsahel.com\\\/?p=242#primaryimage\"},\"thumbnailUrl\":\"https:\\\/\\\/voxsahel.com\\\/wp-content\\\/uploads\\\/2024\\\/09\\\/IMG_9245.jpeg\",\"keywords\":[\"Burkina Faso\",\"C\u00f4te d\u2019Ivoire\",\"cyclisme\",\"Etalon\",\"Sport\",\"Tour cycliste de C\u00f4te d'Ivoire\",\"Tour du Faso\"],\"articleSection\":[\"SPORTS\"],\"inLanguage\":\"fr-FR\",\"potentialAction\":[{\"@type\":\"CommentAction\",\"name\":\"Comment\",\"target\":[\"https:\\\/\\\/voxsahel.com\\\/?p=242#respond\"]}]},{\"@type\":\"WebPage\",\"@id\":\"https:\\\/\\\/voxsahel.com\\\/?p=242\",\"url\":\"https:\\\/\\\/voxsahel.com\\\/?p=242\",\"name\":\"Tour de C\u00f4te d'Ivoire : Souleymane Kon\u00e9 se hisse sur la 2e marche du podium lors de la 3e \u00e9tape - Vox Sahel\",\"isPartOf\":{\"@id\":\"https:\\\/\\\/voxsahel.com\\\/#website\"},\"primaryImageOfPage\":{\"@id\":\"https:\\\/\\\/voxsahel.com\\\/?p=242#primaryimage\"},\"image\":{\"@id\":\"https:\\\/\\\/voxsahel.com\\\/?p=242#primaryimage\"},\"thumbnailUrl\":\"https:\\\/\\\/voxsahel.com\\\/wp-content\\\/uploads\\\/2024\\\/09\\\/IMG_9245.jpeg\",\"datePublished\":\"2024-09-18T06:31:42+00:00\",\"breadcrumb\":{\"@id\":\"https:\\\/\\\/voxsahel.com\\\/?p=242#breadcrumb\"},\"inLanguage\":\"fr-FR\",\"potentialAction\":[{\"@type\":\"ReadAction\",\"target\":[\"https:\\\/\\\/voxsahel.com\\\/?p=242\"]}]},{\"@type\":\"ImageObject\",\"inLanguage\":\"fr-FR\",\"@id\":\"https:\\\/\\\/voxsahel.com\\\/?p=242#primaryimage\",\"url\":\"https:\\\/\\\/voxsahel.com\\\/wp-content\\\/uploads\\\/2024\\\/09\\\/IMG_9245.jpeg\",\"contentUrl\":\"https:\\\/\\\/voxsahel.com\\\/wp-content\\\/uploads\\\/2024\\\/09\\\/IMG_9245.jpeg\",\"width\":576,\"height\":689},{\"@type\":\"BreadcrumbList\",\"@id\":\"https:\\\/\\\/voxsahel.com\\\/?p=242#breadcrumb\",\"itemListElement\":[{\"@type\":\"ListItem\",\"position\":1,\"name\":\"Home\",\"item\":\"https:\\\/\\\/voxsahel.com\\\/\"},{\"@type\":\"ListItem\",\"position\":2,\"name\":\"Tour de C\u00f4te d&rsquo;Ivoire : Souleymane Kon\u00e9 se hisse sur la 2e marche du podium lors de la 3e \u00e9tape\"}]},{\"@type\":\"WebSite\",\"@id\":\"https:\\\/\\\/voxsahel.com\\\/#website\",\"url\":\"https:\\\/\\\/voxsahel.com\\\/\",\"name\":\"Vox Sahel\",\"description\":\"Informez-vous sur le Sahel en un clic\",\"publisher\":{\"@id\":\"https:\\\/\\\/voxsahel.com\\\/#organization\"},\"potentialAction\":[{\"@type\":\"SearchAction\",\"target\":{\"@type\":\"EntryPoint\",\"urlTemplate\":\"https:\\\/\\\/voxsahel.com\\\/?s={search_term_string}\"},\"query-input\":{\"@type\":\"PropertyValueSpecification\",\"valueRequired\":true,\"valueName\":\"search_term_string\"}}],\"inLanguage\":\"fr-FR\"},{\"@type\":\"Organization\",\"@id\":\"https:\\\/\\\/voxsahel.com\\\/#organization\",\"name\":\"Vox Sahel\",\"url\":\"https:\\\/\\\/voxsahel.com\\\/\",\"logo\":{\"@type\":\"ImageObject\",\"inLanguage\":\"fr-FR\",\"@id\":\"https:\\\/\\\/voxsahel.com\\\/#\\\/schema\\\/logo\\\/image\\\/\",\"url\":\"https:\\\/\\\/voxsahel.com\\\/wp-content\\\/uploads\\\/2024\\\/09\\\/Logo-Vox-Sahel.jpg\",\"contentUrl\":\"https:\\\/\\\/voxsahel.com\\\/wp-content\\\/uploads\\\/2024\\\/09\\\/Logo-Vox-Sahel.jpg\",\"width\":1181,\"height\":848,\"caption\":\"Vox Sahel\"},\"image\":{\"@id\":\"https:\\\/\\\/voxsahel.com\\\/#\\\/schema\\\/logo\\\/image\\\/\"},\"sameAs\":[\"https:\\\/\\\/www.facebook.com\\\/journal.voxsahel\"]},{\"@type\":\"Person\",\"@id\":\"https:\\\/\\\/voxsahel.com\\\/#\\\/schema\\\/person\\\/b4043608248f8fa227cd760e7ff1e19e\",\"name\":\"Vox Sahel\",\"image\":{\"@type\":\"ImageObject\",\"inLanguage\":\"fr-FR\",\"@id\":\"https:\\\/\\\/secure.gravatar.com\\\/avatar\\\/f70e7fa0cb9b29d4a7c5788d6eb2e9ab4d3135cbae1c9161810fdf77a8964699?s=96&d=mm&r=g\",\"url\":\"https:\\\/\\\/secure.gravatar.com\\\/avatar\\\/f70e7fa0cb9b29d4a7c5788d6eb2e9ab4d3135cbae1c9161810fdf77a8964699?s=96&d=mm&r=g\",\"contentUrl\":\"https:\\\/\\\/secure.gravatar.com\\\/avatar\\\/f70e7fa0cb9b29d4a7c5788d6eb2e9ab4d3135cbae1c9161810fdf77a8964699?s=96&d=mm&r=g\",\"caption\":\"Vox Sahel\"},\"sameAs\":[\"http:\\\/\\\/www.voxsahel.com\"],\"url\":\"https:\\\/\\\/voxsahel.com\\\/?author=2\"}]}<\/script>\n<!-- \/ Yoast SEO plugin. -->","yoast_head_json":{"title":"Tour de C\u00f4te d'Ivoire : Souleymane Kon\u00e9 se hisse sur la 2e marche du podium lors de la 3e \u00e9tape - Vox Sahel","robots":{"index":"index","follow":"follow","max-snippet":"max-snippet:-1","max-image-preview":"max-image-preview:large","max-video-preview":"max-video-preview:-1"},"canonical":"https:\/\/voxsahel.com\/?p=242","og_locale":"fr_FR","og_type":"article","og_title":"Tour de C\u00f4te d'Ivoire : Souleymane Kon\u00e9 se hisse sur la 2e marche du podium lors de la 3e \u00e9tape - Vox Sahel","og_description":"La 3e \u00e9tape du Tour de C\u00f4te d&rsquo;Ivoire, courue entre Konefla et Sinfra, a offert","og_url":"https:\/\/voxsahel.com\/?p=242","og_site_name":"Vox Sahel","article_publisher":"https:\/\/www.facebook.com\/journal.voxsahel","article_published_time":"2024-09-18T06:31:42+00:00","og_image":[{"width":576,"height":689,"url":"https:\/\/voxsahel.com\/wp-content\/uploads\/2024\/09\/IMG_9245.jpeg","type":"image\/jpeg"}],"author":"Vox Sahel","twitter_card":"summary_large_image","twitter_misc":{"\u00c9crit par":"Vox Sahel","Dur\u00e9e de lecture estim\u00e9e":"2 minutes"},"schema":{"@context":"https:\/\/schema.org","@graph":[{"@type":"Article","@id":"https:\/\/voxsahel.com\/?p=242#article","isPartOf":{"@id":"https:\/\/voxsahel.com\/?p=242"},"author":{"name":"Vox Sahel","@id":"https:\/\/voxsahel.com\/#\/schema\/person\/b4043608248f8fa227cd760e7ff1e19e"},"headline":"Tour de C\u00f4te d&rsquo;Ivoire : Souleymane Kon\u00e9 se hisse sur la 2e marche du podium lors de la 3e \u00e9tape","datePublished":"2024-09-18T06:31:42+00:00","mainEntityOfPage":{"@id":"https:\/\/voxsahel.com\/?p=242"},"wordCount":291,"commentCount":0,"publisher":{"@id":"https:\/\/voxsahel.com\/#organization"},"image":{"@id":"https:\/\/voxsahel.com\/?p=242#primaryimage"},"thumbnailUrl":"https:\/\/voxsahel.com\/wp-content\/uploads\/2024\/09\/IMG_9245.jpeg","keywords":["Burkina Faso","C\u00f4te d\u2019Ivoire","cyclisme","Etalon","Sport","Tour cycliste de C\u00f4te d'Ivoire","Tour du Faso"],"articleSection":["SPORTS"],"inLanguage":"fr-FR","potentialAction":[{"@type":"CommentAction","name":"Comment","target":["https:\/\/voxsahel.com\/?p=242#respond"]}]},{"@type":"WebPage","@id":"https:\/\/voxsahel.com\/?p=242","url":"https:\/\/voxsahel.com\/?p=242","name":"Tour de C\u00f4te d'Ivoire : Souleymane Kon\u00e9 se hisse sur la 2e marche du podium lors de la 3e \u00e9tape - Vox Sahel","isPartOf":{"@id":"https:\/\/voxsahel.com\/#website"},"primaryImageOfPage":{"@id":"https:\/\/voxsahel.com\/?p=242#primaryimage"},"image":{"@id":"https:\/\/voxsahel.com\/?p=242#primaryimage"},"thumbnailUrl":"https:\/\/voxsahel.com\/wp-content\/uploads\/2024\/09\/IMG_9245.jpeg","datePublished":"2024-09-18T06:31:42+00:00","breadcrumb":{"@id":"https:\/\/voxsahel.com\/?p=242#breadcrumb"},"inLanguage":"fr-FR","potentialAction":[{"@type":"ReadAction","target":["https:\/\/voxsahel.com\/?p=242"]}]},{"@type":"ImageObject","inLanguage":"fr-FR","@id":"https:\/\/voxsahel.com\/?p=242#primaryimage","url":"https:\/\/voxsahel.com\/wp-content\/uploads\/2024\/09\/IMG_9245.jpeg","contentUrl":"https:\/\/voxsahel.com\/wp-content\/uploads\/2024\/09\/IMG_9245.jpeg","width":576,"height":689},{"@type":"BreadcrumbList","@id":"https:\/\/voxsahel.com\/?p=242#breadcrumb","itemListElement":[{"@type":"ListItem","position":1,"name":"Home","item":"https:\/\/voxsahel.com\/"},{"@type":"ListItem","position":2,"name":"Tour de C\u00f4te d&rsquo;Ivoire : Souleymane Kon\u00e9 se hisse sur la 2e marche du podium lors de la 3e \u00e9tape"}]},{"@type":"WebSite","@id":"https:\/\/voxsahel.com\/#website","url":"https:\/\/voxsahel.com\/","name":"Vox Sahel","description":"Informez-vous sur le Sahel en un clic","publisher":{"@id":"https:\/\/voxsahel.com\/#organization"},"potentialAction":[{"@type":"SearchAction","target":{"@type":"EntryPoint","urlTemplate":"https:\/\/voxsahel.com\/?s={search_term_string}"},"query-input":{"@type":"PropertyValueSpecification","valueRequired":true,"valueName":"search_term_string"}}],"inLanguage":"fr-FR"},{"@type":"Organization","@id":"https:\/\/voxsahel.com\/#organization","name":"Vox Sahel","url":"https:\/\/voxsahel.com\/","logo":{"@type":"ImageObject","inLanguage":"fr-FR","@id":"https:\/\/voxsahel.com\/#\/schema\/logo\/image\/","url":"https:\/\/voxsahel.com\/wp-content\/uploads\/2024\/09\/Logo-Vox-Sahel.jpg","contentUrl":"https:\/\/voxsahel.com\/wp-content\/uploads\/2024\/09\/Logo-Vox-Sahel.jpg","width":1181,"height":848,"caption":"Vox Sahel"},"image":{"@id":"https:\/\/voxsahel.com\/#\/schema\/logo\/image\/"},"sameAs":["https:\/\/www.facebook.com\/journal.voxsahel"]},{"@type":"Person","@id":"https:\/\/voxsahel.com\/#\/schema\/person\/b4043608248f8fa227cd760e7ff1e19e","name":"Vox Sahel","image":{"@type":"ImageObject","inLanguage":"fr-FR","@id":"https:\/\/secure.gravatar.com\/avatar\/f70e7fa0cb9b29d4a7c5788d6eb2e9ab4d3135cbae1c9161810fdf77a8964699?s=96&d=mm&r=g","url":"https:\/\/secure.gravatar.com\/avatar\/f70e7fa0cb9b29d4a7c5788d6eb2e9ab4d3135cbae1c9161810fdf77a8964699?s=96&d=mm&r=g","contentUrl":"https:\/\/secure.gravatar.com\/avatar\/f70e7fa0cb9b29d4a7c5788d6eb2e9ab4d3135cbae1c9161810fdf77a8964699?s=96&d=mm&r=g","caption":"Vox Sahel"},"sameAs":["http:\/\/www.voxsahel.com"],"url":"https:\/\/voxsahel.com\/?author=2"}]}},"_links":{"self":[{"href":"https:\/\/voxsahel.com\/index.php?rest_route=\/wp\/v2\/posts\/242","targetHints":{"allow":["GET"]}}],"collection":[{"href":"https:\/\/voxsahel.com\/index.php?rest_route=\/wp\/v2\/posts"}],"about":[{"href":"https:\/\/voxsahel.com\/index.php?rest_route=\/wp\/v2\/types\/post"}],"author":[{"embeddable":true,"href":"https:\/\/voxsahel.com\/index.php?rest_route=\/wp\/v2\/users\/2"}],"replies":[{"embeddable":true,"href":"https:\/\/voxsahel.com\/index.php?rest_route=%2Fwp%2Fv2%2Fcomments&post=242"}],"version-history":[{"count":1,"href":"https:\/\/voxsahel.com\/index.php?rest_route=\/wp\/v2\/posts\/242\/revisions"}],"predecessor-version":[{"id":244,"href":"https:\/\/voxsahel.com\/index.php?rest_route=\/wp\/v2\/posts\/242\/revisions\/244"}],"wp:featuredmedia":[{"embeddable":true,"href":"https:\/\/voxsahel.com\/index.php?rest_route=\/wp\/v2\/media\/243"}],"wp:attachment":[{"href":"https:\/\/voxsahel.com\/index.php?rest_route=%2Fwp%2Fv2%2Fmedia&parent=242"}],"wp:term":[{"taxonomy":"category","embeddable":true,"href":"https:\/\/voxsahel.com\/index.php?rest_route=%2Fwp%2Fv2%2Fcategories&post=242"},{"taxonomy":"post_tag","embeddable":true,"href":"https:\/\/voxsahel.com\/index.php?rest_route=%2Fwp%2Fv2%2Ftags&post=242"}],"curies":[{"name":"wp","href":"https:\/\/api.w.org\/{rel}","templated":true}]}}