{"id":2406,"date":"2025-07-24T23:30:52","date_gmt":"2025-07-24T23:30:52","guid":{"rendered":"https:\/\/voxsahel.com\/?p=2406"},"modified":"2025-07-24T23:30:52","modified_gmt":"2025-07-24T23:30:52","slug":"douane-burkinabe-renforcement-des-capacites-sur-lutilisation-du-logiciel-sygicod","status":"publish","type":"post","link":"https:\/\/voxsahel.com\/?p=2406","title":{"rendered":"Douane burkinab\u00e8 : Renforcement des capacit\u00e9s sur l\u2019utilisation du logiciel SYGICOD"},"content":{"rendered":"<p>\ud835\udc03\ud835\udc28\ud835\udc2e\ud835\udc1a\ud835\udc27\ud835\udc1e \ud835\udc1b\ud835\udc2e\ud835\udc2b\ud835\udc24\ud835\udc22\ud835\udc27\ud835\udc1a\ud835\udc1b\ud835\udc1e\u0300 : \ud835\udc11\ud835\udc1e\ud835\udc27\ud835\udc1f\ud835\udc28\ud835\udc2b\ud835\udc1c\ud835\udc1e\ud835\udc26\ud835\udc1e\ud835\udc27\ud835\udc2d \ud835\udc1d\ud835\udc1e\ud835\udc2c \ud835\udc1c\ud835\udc1a\ud835\udc29\ud835\udc1a\ud835\udc1c\ud835\udc22\ud835\udc2d\ud835\udc1e\u0301\ud835\udc2c \ud835\udc2c\ud835\udc2e\ud835\udc2b \ud835\udc25\u2019\ud835\udc2e\ud835\udc2d\ud835\udc22\ud835\udc25\ud835\udc22\ud835\udc2c\ud835\udc1a\ud835\udc2d\ud835\udc22\ud835\udc28\ud835\udc27 \ud835\udc1d\ud835\udc2e \ud835\udc25\ud835\udc28\ud835\udc20\ud835\udc22\ud835\udc1c\ud835\udc22\ud835\udc1e\ud835\udc25 \ud835\udc12\ud835\udc18\ud835\udc06\ud835\udc08\ud835\udc02\ud835\udc0e\ud835\udc03<\/p>\n<p>Dans le cadre de la modernisation et de l\u2019optimisation de la gestion du contentieux douanier, la Direction G\u00e9n\u00e9rale des Douanes (DGD) a lanc\u00e9 une s\u00e9rie de formations \u00e0 l\u2019intention de ses agents sur l\u2019utilisation du Syst\u00e8me de gestion informatis\u00e9 du contentieux douanier (SYGICOD).<\/p>\n<p>Cette initiative, qui se d\u00e9roule en plusieurs \u00e9tapes, a d\u00e9j\u00e0 permis de former un premier groupe d\u2019agents du 8 au 11 juillet 2025 \u00e0 Ouagadougou. Elle se poursuit actuellement \u00e0 Tenkodogo du 21 au 24 juillet 2025 et se cl\u00f4turera avec une session pr\u00e9vue \u00e0 Bobo-Dioulasso du 11 au 15 ao\u00fbt 2025. Au total, 130 agents douaniers b\u00e9n\u00e9ficieront de ce renforcement de capacit\u00e9s.<\/p>\n<p>L\u2019objectif principal de cette formation est de doter les participants de comp\u00e9tences avanc\u00e9es pour la gestion informatis\u00e9e du contentieux douanier, afin de rendre les proc\u00e9dures plus efficaces, transparentes et fiables.<\/p>\n<p>\ud835\udc14\ud835\udc27 \ud835\udc28\ud835\udc2e\ud835\udc2d\ud835\udc22\ud835\udc25 \ud835\udc26\ud835\udc28\ud835\udc1d\ud835\udc1e\ud835\udc2b\ud835\udc27\ud835\udc1e \ud835\udc29\ud835\udc28\ud835\udc2e\ud835\udc2b \ud835\udc26\ud835\udc22\ud835\udc1e\ud835\udc2e\ud835\udc31 \ud835\udc20\ud835\udc1e\u0301\ud835\udc2b\ud835\udc1e\ud835\udc2b \ud835\udc25\ud835\udc1e \ud835\udc1c\ud835\udc28\ud835\udc27\ud835\udc2d\ud835\udc1e\ud835\udc27\ud835\udc2d\ud835\udc22\ud835\udc1e\ud835\udc2e\ud835\udc31 \ud835\udc1d\ud835\udc28\ud835\udc2e\ud835\udc1a\ud835\udc27\ud835\udc22\ud835\udc1e\ud835\udc2b<\/p>\n<p>Le logiciel SYGICOD se pr\u00e9sente comme une solution technologique modulaire qui offre une gestion compl\u00e8te du contentieux douanier, depuis la constatation de l\u2019infraction jusqu\u2019\u00e0 la ratification du dossier. Il permet \u00e9galement une meilleure analyse des risques, gr\u00e2ce \u00e0 l\u2019exploitation d\u2019une base de donn\u00e9es fiable sur la fraude douani\u00e8re.<\/p>\n<p>\ud835\udc0e\ud835\udc1b\ud835\udc23\ud835\udc1e\ud835\udc1c\ud835\udc2d\ud835\udc22\ud835\udc1f\ud835\udc2c \ud835\udc2c\ud835\udc29\ud835\udc1e\u0301\ud835\udc1c\ud835\udc22\ud835\udc1f\ud835\udc22\ud835\udc2a\ud835\udc2e\ud835\udc1e\ud835\udc2c \ud835\udc1d\ud835\udc1e \ud835\udc25\ud835\udc1a \ud835\udc1f\ud835\udc28\ud835\udc2b\ud835\udc26\ud835\udc1a\ud835\udc2d\ud835\udc22\ud835\udc28\ud835\udc27<\/p>\n<p>De mani\u00e8re concr\u00e8te, les participants sont form\u00e9s \u00e0 :<br \/>\n&#8211; La pr\u00e9sentation du contentieux douanier et de ses enjeux ;<br \/>\n&#8211; La d\u00e9couverte et la ma\u00eetrise des fonctionnalit\u00e9s de SYGICOD ;<br \/>\n&#8211; La cr\u00e9ation de nouveaux utilisateurs ;<br \/>\n&#8211; La mise \u00e0 jour des profils et droits d\u2019acc\u00e8s des utilisateurs.<\/p>\n<p>En misant sur cette digitalisation du contentieux, la Douane burkinab\u00e8 entend renforcer la lutte contre la fraude et am\u00e9liorer la performance de ses services.<\/p>\n<p>\ud835\udc0b\ud835\udc1a \ud835\udc03\ud835\udc28\ud835\udc2e\ud835\udc1a\ud835\udc27\ud835\udc1e : \ud835\udc07\ud835\udc28\ud835\udc27\ud835\udc27\ud835\udc1e\ud835\udc2e\ud835\udc2b-\ud835\udc03\ud835\udc1e\u0301\ud835\udc2f\ud835\udc28\ud835\udc2e\ud835\udc1e\ud835\udc26\ud835\udc1e\ud835\udc27\ud835\udc2d-\ud835\udc15\ud835\udc22\ud835\udc20\ud835\udc22\ud835\udc25\ud835\udc1a\ud835\udc27\ud835\udc1c\ud835\udc1e<br \/>\n\ud835\udc12\ud835\udc02\ud835\udc11\ud835\udc0f-\ud835\udc03\ud835\udc06\ud835\udc03<\/p>\n","protected":false},"excerpt":{"rendered":"<p>\ud835\udc03\ud835\udc28\ud835\udc2e\ud835\udc1a\ud835\udc27\ud835\udc1e \ud835\udc1b\ud835\udc2e\ud835\udc2b\ud835\udc24\ud835\udc22\ud835\udc27\ud835\udc1a\ud835\udc1b\ud835\udc1e\u0300 : \ud835\udc11\ud835\udc1e\ud835\udc27\ud835\udc1f\ud835\udc28\ud835\udc2b\ud835\udc1c\ud835\udc1e\ud835\udc26\ud835\udc1e\ud835\udc27\ud835\udc2d \ud835\udc1d\ud835\udc1e\ud835\udc2c \ud835\udc1c\ud835\udc1a\ud835\udc29\ud835\udc1a\ud835\udc1c\ud835\udc22\ud835\udc2d\ud835\udc1e\u0301\ud835\udc2c \ud835\udc2c\ud835\udc2e\ud835\udc2b \ud835\udc25\u2019\ud835\udc2e\ud835\udc2d\ud835\udc22\ud835\udc25\ud835\udc22\ud835\udc2c\ud835\udc1a\ud835\udc2d\ud835\udc22\ud835\udc28\ud835\udc27 \ud835\udc1d\ud835\udc2e \ud835\udc25\ud835\udc28\ud835\udc20\ud835\udc22\ud835\udc1c\ud835\udc22\ud835\udc1e\ud835\udc25 \ud835\udc12\ud835\udc18\ud835\udc06\ud835\udc08\ud835\udc02\ud835\udc0e\ud835\udc03 Dans le cadre de<\/p>\n","protected":false},"author":2,"featured_media":2408,"comment_status":"open","ping_status":"open","sticky":false,"template":"","format":"standard","meta":{"_et_pb_use_builder":"","_et_pb_old_content":"","_et_gb_content_width":"","footnotes":""},"categories":[9],"tags":[746,142,146,370,310],"class_list":["post-2406","post","type-post","status-publish","format-standard","has-post-thumbnail","hentry","category-education","tag-direction-generale-des-douanes","tag-douane","tag-douanes-du-burkina-faso","tag-observatoire-pour-la-celerite-des-operations-douanieres-au-burkina-faso","tag-organisation-mondiale-des-douanes"],"yoast_head":"<!-- This site is optimized with the Yoast SEO plugin v27.5 - https:\/\/yoast.com\/product\/yoast-seo-wordpress\/ -->\n<title>Douane burkinab\u00e8 : Renforcement des capacit\u00e9s sur l\u2019utilisation du logiciel SYGICOD - Vox Sahel<\/title>\n<meta name=\"robots\" content=\"index, follow, max-snippet:-1, max-image-preview:large, max-video-preview:-1\" \/>\n<link rel=\"canonical\" href=\"https:\/\/voxsahel.com\/?p=2406\" \/>\n<meta property=\"og:locale\" content=\"fr_FR\" \/>\n<meta property=\"og:type\" content=\"article\" \/>\n<meta property=\"og:title\" content=\"Douane burkinab\u00e8 : Renforcement des capacit\u00e9s sur l\u2019utilisation du logiciel SYGICOD - Vox Sahel\" \/>\n<meta property=\"og:description\" content=\"\ud835\udc03\ud835\udc28\ud835\udc2e\ud835\udc1a\ud835\udc27\ud835\udc1e \ud835\udc1b\ud835\udc2e\ud835\udc2b\ud835\udc24\ud835\udc22\ud835\udc27\ud835\udc1a\ud835\udc1b\ud835\udc1e\u0300 : \ud835\udc11\ud835\udc1e\ud835\udc27\ud835\udc1f\ud835\udc28\ud835\udc2b\ud835\udc1c\ud835\udc1e\ud835\udc26\ud835\udc1e\ud835\udc27\ud835\udc2d \ud835\udc1d\ud835\udc1e\ud835\udc2c \ud835\udc1c\ud835\udc1a\ud835\udc29\ud835\udc1a\ud835\udc1c\ud835\udc22\ud835\udc2d\ud835\udc1e\u0301\ud835\udc2c \ud835\udc2c\ud835\udc2e\ud835\udc2b \ud835\udc25\u2019\ud835\udc2e\ud835\udc2d\ud835\udc22\ud835\udc25\ud835\udc22\ud835\udc2c\ud835\udc1a\ud835\udc2d\ud835\udc22\ud835\udc28\ud835\udc27 \ud835\udc1d\ud835\udc2e \ud835\udc25\ud835\udc28\ud835\udc20\ud835\udc22\ud835\udc1c\ud835\udc22\ud835\udc1e\ud835\udc25 \ud835\udc12\ud835\udc18\ud835\udc06\ud835\udc08\ud835\udc02\ud835\udc0e\ud835\udc03 Dans le cadre de\" \/>\n<meta property=\"og:url\" content=\"https:\/\/voxsahel.com\/?p=2406\" \/>\n<meta property=\"og:site_name\" content=\"Vox Sahel\" \/>\n<meta property=\"article:publisher\" content=\"https:\/\/www.facebook.com\/journal.voxsahel\" \/>\n<meta property=\"article:published_time\" content=\"2025-07-24T23:30:52+00:00\" \/>\n<meta property=\"og:image\" content=\"https:\/\/voxsahel.com\/wp-content\/uploads\/2025\/07\/IMG_5920.jpeg\" \/>\n\t<meta property=\"og:image:width\" content=\"936\" \/>\n\t<meta property=\"og:image:height\" content=\"624\" \/>\n\t<meta property=\"og:image:type\" content=\"image\/jpeg\" \/>\n<meta name=\"author\" content=\"Vox Sahel\" \/>\n<meta name=\"twitter:card\" content=\"summary_large_image\" \/>\n<meta name=\"twitter:label1\" content=\"\u00c9crit par\" \/>\n\t<meta name=\"twitter:data1\" content=\"Vox Sahel\" \/>\n\t<meta name=\"twitter:label2\" content=\"Dur\u00e9e de lecture estim\u00e9e\" \/>\n\t<meta name=\"twitter:data2\" content=\"2 minutes\" \/>\n<script type=\"application\/ld+json\" class=\"yoast-schema-graph\">{\"@context\":\"https:\\\/\\\/schema.org\",\"@graph\":[{\"@type\":\"Article\",\"@id\":\"https:\\\/\\\/voxsahel.com\\\/?p=2406#article\",\"isPartOf\":{\"@id\":\"https:\\\/\\\/voxsahel.com\\\/?p=2406\"},\"author\":{\"name\":\"Vox Sahel\",\"@id\":\"https:\\\/\\\/voxsahel.com\\\/#\\\/schema\\\/person\\\/b4043608248f8fa227cd760e7ff1e19e\"},\"headline\":\"Douane burkinab\u00e8 : Renforcement des capacit\u00e9s sur l\u2019utilisation du logiciel SYGICOD\",\"datePublished\":\"2025-07-24T23:30:52+00:00\",\"mainEntityOfPage\":{\"@id\":\"https:\\\/\\\/voxsahel.com\\\/?p=2406\"},\"wordCount\":292,\"commentCount\":0,\"publisher\":{\"@id\":\"https:\\\/\\\/voxsahel.com\\\/#organization\"},\"image\":{\"@id\":\"https:\\\/\\\/voxsahel.com\\\/?p=2406#primaryimage\"},\"thumbnailUrl\":\"https:\\\/\\\/voxsahel.com\\\/wp-content\\\/uploads\\\/2025\\\/07\\\/IMG_5920.jpeg\",\"keywords\":[\"Direction g\u00e9n\u00e9rale des Douanes\",\"Douane\",\"Douanes du Burkina Faso\",\"Observatoire pour la c\u00e9l\u00e9rit\u00e9 des op\u00e9rations douani\u00e8res au Burkina Faso\",\"Organisation mondiale des Douanes\"],\"articleSection\":[\"EDUCATION\"],\"inLanguage\":\"fr-FR\",\"potentialAction\":[{\"@type\":\"CommentAction\",\"name\":\"Comment\",\"target\":[\"https:\\\/\\\/voxsahel.com\\\/?p=2406#respond\"]}]},{\"@type\":\"WebPage\",\"@id\":\"https:\\\/\\\/voxsahel.com\\\/?p=2406\",\"url\":\"https:\\\/\\\/voxsahel.com\\\/?p=2406\",\"name\":\"Douane burkinab\u00e8 : Renforcement des capacit\u00e9s sur l\u2019utilisation du logiciel SYGICOD - Vox Sahel\",\"isPartOf\":{\"@id\":\"https:\\\/\\\/voxsahel.com\\\/#website\"},\"primaryImageOfPage\":{\"@id\":\"https:\\\/\\\/voxsahel.com\\\/?p=2406#primaryimage\"},\"image\":{\"@id\":\"https:\\\/\\\/voxsahel.com\\\/?p=2406#primaryimage\"},\"thumbnailUrl\":\"https:\\\/\\\/voxsahel.com\\\/wp-content\\\/uploads\\\/2025\\\/07\\\/IMG_5920.jpeg\",\"datePublished\":\"2025-07-24T23:30:52+00:00\",\"breadcrumb\":{\"@id\":\"https:\\\/\\\/voxsahel.com\\\/?p=2406#breadcrumb\"},\"inLanguage\":\"fr-FR\",\"potentialAction\":[{\"@type\":\"ReadAction\",\"target\":[\"https:\\\/\\\/voxsahel.com\\\/?p=2406\"]}]},{\"@type\":\"ImageObject\",\"inLanguage\":\"fr-FR\",\"@id\":\"https:\\\/\\\/voxsahel.com\\\/?p=2406#primaryimage\",\"url\":\"https:\\\/\\\/voxsahel.com\\\/wp-content\\\/uploads\\\/2025\\\/07\\\/IMG_5920.jpeg\",\"contentUrl\":\"https:\\\/\\\/voxsahel.com\\\/wp-content\\\/uploads\\\/2025\\\/07\\\/IMG_5920.jpeg\",\"width\":936,\"height\":624},{\"@type\":\"BreadcrumbList\",\"@id\":\"https:\\\/\\\/voxsahel.com\\\/?p=2406#breadcrumb\",\"itemListElement\":[{\"@type\":\"ListItem\",\"position\":1,\"name\":\"Home\",\"item\":\"https:\\\/\\\/voxsahel.com\\\/\"},{\"@type\":\"ListItem\",\"position\":2,\"name\":\"Douane burkinab\u00e8 : Renforcement des capacit\u00e9s sur l\u2019utilisation du logiciel SYGICOD\"}]},{\"@type\":\"WebSite\",\"@id\":\"https:\\\/\\\/voxsahel.com\\\/#website\",\"url\":\"https:\\\/\\\/voxsahel.com\\\/\",\"name\":\"Vox Sahel\",\"description\":\"Informez-vous sur le Sahel en un clic\",\"publisher\":{\"@id\":\"https:\\\/\\\/voxsahel.com\\\/#organization\"},\"potentialAction\":[{\"@type\":\"SearchAction\",\"target\":{\"@type\":\"EntryPoint\",\"urlTemplate\":\"https:\\\/\\\/voxsahel.com\\\/?s={search_term_string}\"},\"query-input\":{\"@type\":\"PropertyValueSpecification\",\"valueRequired\":true,\"valueName\":\"search_term_string\"}}],\"inLanguage\":\"fr-FR\"},{\"@type\":\"Organization\",\"@id\":\"https:\\\/\\\/voxsahel.com\\\/#organization\",\"name\":\"Vox Sahel\",\"url\":\"https:\\\/\\\/voxsahel.com\\\/\",\"logo\":{\"@type\":\"ImageObject\",\"inLanguage\":\"fr-FR\",\"@id\":\"https:\\\/\\\/voxsahel.com\\\/#\\\/schema\\\/logo\\\/image\\\/\",\"url\":\"https:\\\/\\\/voxsahel.com\\\/wp-content\\\/uploads\\\/2024\\\/09\\\/Logo-Vox-Sahel.jpg\",\"contentUrl\":\"https:\\\/\\\/voxsahel.com\\\/wp-content\\\/uploads\\\/2024\\\/09\\\/Logo-Vox-Sahel.jpg\",\"width\":1181,\"height\":848,\"caption\":\"Vox Sahel\"},\"image\":{\"@id\":\"https:\\\/\\\/voxsahel.com\\\/#\\\/schema\\\/logo\\\/image\\\/\"},\"sameAs\":[\"https:\\\/\\\/www.facebook.com\\\/journal.voxsahel\"]},{\"@type\":\"Person\",\"@id\":\"https:\\\/\\\/voxsahel.com\\\/#\\\/schema\\\/person\\\/b4043608248f8fa227cd760e7ff1e19e\",\"name\":\"Vox Sahel\",\"image\":{\"@type\":\"ImageObject\",\"inLanguage\":\"fr-FR\",\"@id\":\"https:\\\/\\\/secure.gravatar.com\\\/avatar\\\/f70e7fa0cb9b29d4a7c5788d6eb2e9ab4d3135cbae1c9161810fdf77a8964699?s=96&d=mm&r=g\",\"url\":\"https:\\\/\\\/secure.gravatar.com\\\/avatar\\\/f70e7fa0cb9b29d4a7c5788d6eb2e9ab4d3135cbae1c9161810fdf77a8964699?s=96&d=mm&r=g\",\"contentUrl\":\"https:\\\/\\\/secure.gravatar.com\\\/avatar\\\/f70e7fa0cb9b29d4a7c5788d6eb2e9ab4d3135cbae1c9161810fdf77a8964699?s=96&d=mm&r=g\",\"caption\":\"Vox Sahel\"},\"sameAs\":[\"http:\\\/\\\/www.voxsahel.com\"],\"url\":\"https:\\\/\\\/voxsahel.com\\\/?author=2\"}]}<\/script>\n<!-- \/ Yoast SEO plugin. -->","yoast_head_json":{"title":"Douane burkinab\u00e8 : Renforcement des capacit\u00e9s sur l\u2019utilisation du logiciel SYGICOD - Vox Sahel","robots":{"index":"index","follow":"follow","max-snippet":"max-snippet:-1","max-image-preview":"max-image-preview:large","max-video-preview":"max-video-preview:-1"},"canonical":"https:\/\/voxsahel.com\/?p=2406","og_locale":"fr_FR","og_type":"article","og_title":"Douane burkinab\u00e8 : Renforcement des capacit\u00e9s sur l\u2019utilisation du logiciel SYGICOD - Vox Sahel","og_description":"\ud835\udc03\ud835\udc28\ud835\udc2e\ud835\udc1a\ud835\udc27\ud835\udc1e \ud835\udc1b\ud835\udc2e\ud835\udc2b\ud835\udc24\ud835\udc22\ud835\udc27\ud835\udc1a\ud835\udc1b\ud835\udc1e\u0300 : \ud835\udc11\ud835\udc1e\ud835\udc27\ud835\udc1f\ud835\udc28\ud835\udc2b\ud835\udc1c\ud835\udc1e\ud835\udc26\ud835\udc1e\ud835\udc27\ud835\udc2d \ud835\udc1d\ud835\udc1e\ud835\udc2c \ud835\udc1c\ud835\udc1a\ud835\udc29\ud835\udc1a\ud835\udc1c\ud835\udc22\ud835\udc2d\ud835\udc1e\u0301\ud835\udc2c \ud835\udc2c\ud835\udc2e\ud835\udc2b \ud835\udc25\u2019\ud835\udc2e\ud835\udc2d\ud835\udc22\ud835\udc25\ud835\udc22\ud835\udc2c\ud835\udc1a\ud835\udc2d\ud835\udc22\ud835\udc28\ud835\udc27 \ud835\udc1d\ud835\udc2e \ud835\udc25\ud835\udc28\ud835\udc20\ud835\udc22\ud835\udc1c\ud835\udc22\ud835\udc1e\ud835\udc25 \ud835\udc12\ud835\udc18\ud835\udc06\ud835\udc08\ud835\udc02\ud835\udc0e\ud835\udc03 Dans le cadre de","og_url":"https:\/\/voxsahel.com\/?p=2406","og_site_name":"Vox Sahel","article_publisher":"https:\/\/www.facebook.com\/journal.voxsahel","article_published_time":"2025-07-24T23:30:52+00:00","og_image":[{"width":936,"height":624,"url":"https:\/\/voxsahel.com\/wp-content\/uploads\/2025\/07\/IMG_5920.jpeg","type":"image\/jpeg"}],"author":"Vox Sahel","twitter_card":"summary_large_image","twitter_misc":{"\u00c9crit par":"Vox Sahel","Dur\u00e9e de lecture estim\u00e9e":"2 minutes"},"schema":{"@context":"https:\/\/schema.org","@graph":[{"@type":"Article","@id":"https:\/\/voxsahel.com\/?p=2406#article","isPartOf":{"@id":"https:\/\/voxsahel.com\/?p=2406"},"author":{"name":"Vox Sahel","@id":"https:\/\/voxsahel.com\/#\/schema\/person\/b4043608248f8fa227cd760e7ff1e19e"},"headline":"Douane burkinab\u00e8 : Renforcement des capacit\u00e9s sur l\u2019utilisation du logiciel SYGICOD","datePublished":"2025-07-24T23:30:52+00:00","mainEntityOfPage":{"@id":"https:\/\/voxsahel.com\/?p=2406"},"wordCount":292,"commentCount":0,"publisher":{"@id":"https:\/\/voxsahel.com\/#organization"},"image":{"@id":"https:\/\/voxsahel.com\/?p=2406#primaryimage"},"thumbnailUrl":"https:\/\/voxsahel.com\/wp-content\/uploads\/2025\/07\/IMG_5920.jpeg","keywords":["Direction g\u00e9n\u00e9rale des Douanes","Douane","Douanes du Burkina Faso","Observatoire pour la c\u00e9l\u00e9rit\u00e9 des op\u00e9rations douani\u00e8res au Burkina Faso","Organisation mondiale des Douanes"],"articleSection":["EDUCATION"],"inLanguage":"fr-FR","potentialAction":[{"@type":"CommentAction","name":"Comment","target":["https:\/\/voxsahel.com\/?p=2406#respond"]}]},{"@type":"WebPage","@id":"https:\/\/voxsahel.com\/?p=2406","url":"https:\/\/voxsahel.com\/?p=2406","name":"Douane burkinab\u00e8 : Renforcement des capacit\u00e9s sur l\u2019utilisation du logiciel SYGICOD - Vox Sahel","isPartOf":{"@id":"https:\/\/voxsahel.com\/#website"},"primaryImageOfPage":{"@id":"https:\/\/voxsahel.com\/?p=2406#primaryimage"},"image":{"@id":"https:\/\/voxsahel.com\/?p=2406#primaryimage"},"thumbnailUrl":"https:\/\/voxsahel.com\/wp-content\/uploads\/2025\/07\/IMG_5920.jpeg","datePublished":"2025-07-24T23:30:52+00:00","breadcrumb":{"@id":"https:\/\/voxsahel.com\/?p=2406#breadcrumb"},"inLanguage":"fr-FR","potentialAction":[{"@type":"ReadAction","target":["https:\/\/voxsahel.com\/?p=2406"]}]},{"@type":"ImageObject","inLanguage":"fr-FR","@id":"https:\/\/voxsahel.com\/?p=2406#primaryimage","url":"https:\/\/voxsahel.com\/wp-content\/uploads\/2025\/07\/IMG_5920.jpeg","contentUrl":"https:\/\/voxsahel.com\/wp-content\/uploads\/2025\/07\/IMG_5920.jpeg","width":936,"height":624},{"@type":"BreadcrumbList","@id":"https:\/\/voxsahel.com\/?p=2406#breadcrumb","itemListElement":[{"@type":"ListItem","position":1,"name":"Home","item":"https:\/\/voxsahel.com\/"},{"@type":"ListItem","position":2,"name":"Douane burkinab\u00e8 : Renforcement des capacit\u00e9s sur l\u2019utilisation du logiciel SYGICOD"}]},{"@type":"WebSite","@id":"https:\/\/voxsahel.com\/#website","url":"https:\/\/voxsahel.com\/","name":"Vox Sahel","description":"Informez-vous sur le Sahel en un clic","publisher":{"@id":"https:\/\/voxsahel.com\/#organization"},"potentialAction":[{"@type":"SearchAction","target":{"@type":"EntryPoint","urlTemplate":"https:\/\/voxsahel.com\/?s={search_term_string}"},"query-input":{"@type":"PropertyValueSpecification","valueRequired":true,"valueName":"search_term_string"}}],"inLanguage":"fr-FR"},{"@type":"Organization","@id":"https:\/\/voxsahel.com\/#organization","name":"Vox Sahel","url":"https:\/\/voxsahel.com\/","logo":{"@type":"ImageObject","inLanguage":"fr-FR","@id":"https:\/\/voxsahel.com\/#\/schema\/logo\/image\/","url":"https:\/\/voxsahel.com\/wp-content\/uploads\/2024\/09\/Logo-Vox-Sahel.jpg","contentUrl":"https:\/\/voxsahel.com\/wp-content\/uploads\/2024\/09\/Logo-Vox-Sahel.jpg","width":1181,"height":848,"caption":"Vox Sahel"},"image":{"@id":"https:\/\/voxsahel.com\/#\/schema\/logo\/image\/"},"sameAs":["https:\/\/www.facebook.com\/journal.voxsahel"]},{"@type":"Person","@id":"https:\/\/voxsahel.com\/#\/schema\/person\/b4043608248f8fa227cd760e7ff1e19e","name":"Vox Sahel","image":{"@type":"ImageObject","inLanguage":"fr-FR","@id":"https:\/\/secure.gravatar.com\/avatar\/f70e7fa0cb9b29d4a7c5788d6eb2e9ab4d3135cbae1c9161810fdf77a8964699?s=96&d=mm&r=g","url":"https:\/\/secure.gravatar.com\/avatar\/f70e7fa0cb9b29d4a7c5788d6eb2e9ab4d3135cbae1c9161810fdf77a8964699?s=96&d=mm&r=g","contentUrl":"https:\/\/secure.gravatar.com\/avatar\/f70e7fa0cb9b29d4a7c5788d6eb2e9ab4d3135cbae1c9161810fdf77a8964699?s=96&d=mm&r=g","caption":"Vox Sahel"},"sameAs":["http:\/\/www.voxsahel.com"],"url":"https:\/\/voxsahel.com\/?author=2"}]}},"_links":{"self":[{"href":"https:\/\/voxsahel.com\/index.php?rest_route=\/wp\/v2\/posts\/2406","targetHints":{"allow":["GET"]}}],"collection":[{"href":"https:\/\/voxsahel.com\/index.php?rest_route=\/wp\/v2\/posts"}],"about":[{"href":"https:\/\/voxsahel.com\/index.php?rest_route=\/wp\/v2\/types\/post"}],"author":[{"embeddable":true,"href":"https:\/\/voxsahel.com\/index.php?rest_route=\/wp\/v2\/users\/2"}],"replies":[{"embeddable":true,"href":"https:\/\/voxsahel.com\/index.php?rest_route=%2Fwp%2Fv2%2Fcomments&post=2406"}],"version-history":[{"count":1,"href":"https:\/\/voxsahel.com\/index.php?rest_route=\/wp\/v2\/posts\/2406\/revisions"}],"predecessor-version":[{"id":2409,"href":"https:\/\/voxsahel.com\/index.php?rest_route=\/wp\/v2\/posts\/2406\/revisions\/2409"}],"wp:featuredmedia":[{"embeddable":true,"href":"https:\/\/voxsahel.com\/index.php?rest_route=\/wp\/v2\/media\/2408"}],"wp:attachment":[{"href":"https:\/\/voxsahel.com\/index.php?rest_route=%2Fwp%2Fv2%2Fmedia&parent=2406"}],"wp:term":[{"taxonomy":"category","embeddable":true,"href":"https:\/\/voxsahel.com\/index.php?rest_route=%2Fwp%2Fv2%2Fcategories&post=2406"},{"taxonomy":"post_tag","embeddable":true,"href":"https:\/\/voxsahel.com\/index.php?rest_route=%2Fwp%2Fv2%2Ftags&post=2406"}],"curies":[{"name":"wp","href":"https:\/\/api.w.org\/{rel}","templated":true}]}}