{"id":2403,"date":"2025-07-24T23:25:00","date_gmt":"2025-07-24T23:25:00","guid":{"rendered":"https:\/\/voxsahel.com\/?p=2403"},"modified":"2025-07-24T23:25:00","modified_gmt":"2025-07-24T23:25:00","slug":"soutien-et-solidarite-la-douane-burkinabe-au-chevet-de-lassistant-des-douanes-hamidou-zongo","status":"publish","type":"post","link":"https:\/\/voxsahel.com\/?p=2403","title":{"rendered":"Soutien et solidarit\u00e9 : La Douane Burkinab\u00e8 au chevet de l\u2019assistant des douanes Hamidou Zongo"},"content":{"rendered":"<p class=\"p1\"><span class=\"s1\">Ce mardi 15 juillet 2025, le Directeur g\u00e9n\u00e9ral des Douanes, l\u2019Inspecteur divisionnaire Yves KAFANDO accompagn\u00e9 de membres du Conseil de direction, a rendu visite \u00e0 l\u2019assistant des douanes ZONGO Hamidou, gri\u00e8vement bless\u00e9 en service \u00e0 la Brigade mobile des douanes de Di\u00e9bougou.<\/span><\/p>\n<p class=\"p1\"><span class=\"s1\">Cette d\u00e9marche de solidarit\u00e9 visait \u00e0 exprimer tout le soutien de la hi\u00e9rarchie douani\u00e8re \u00e0 l\u2019endroit de cet agent, victime d\u2019un accident survenu le 18 novembre 2024. Ce jour-l\u00e0, un conducteur ayant perdu le contr\u00f4le de son v\u00e9hicule avait violemment percut\u00e9 le portail de la Brigade, projetant l\u2019agent ZONGO Hamidou, qui se trouvait en faction \u00e0 l\u2019entr\u00e9e.<\/span><\/p>\n<p class=\"p1\"><span class=\"s1\">L\u2019accident a caus\u00e9 de graves blessures, dont plusieurs fractures. Gr\u00e2ce \u00e0 la r\u00e9activit\u00e9 de ses coll\u00e8gues et \u00e0 la promptitude de la cha\u00eene hi\u00e9rarchique, il a pu \u00eatre pris en charge rapidement et b\u00e9n\u00e9ficier de soins appropri\u00e9s.<\/span><\/p>\n<p class=\"p1\"><span class=\"s1\">Tr\u00e8s \u00e9mu par cette visite, l\u2019agent ZONGO a exprim\u00e9 sa profonde gratitude envers l\u2019administration douani\u00e8re pour son accompagnement constant, tant sur le plan m\u00e9dical que moral.<\/span><\/p>\n<p class=\"p1\"><span class=\"s1\">\ud835\udc0b\ud835\udc1a \ud835\udc03\ud835\udc28\ud835\udc2e\ud835\udc1a\ud835\udc27\ud835\udc1e : \ud835\udc07\ud835\udc28\ud835\udc27\ud835\udc27\ud835\udc1e\ud835\udc2e\ud835\udc2b-\ud835\udc03\ud835\udc1e\u0301\ud835\udc2f\ud835\udc28\ud835\udc2e\ud835\udc1e\ud835\udc26\ud835\udc1e\ud835\udc27\ud835\udc2d-\ud835\udc15\ud835\udc22\ud835\udc20\ud835\udc22\ud835\udc25\ud835\udc1a\ud835\udc27\ud835\udc1c\ud835\udc1e<\/span><\/p>\n<p class=\"p1\"><span class=\"s1\">\ud835\udc12\ud835\udc02\ud835\udc11\ud835\udc0f-\ud835\udc03\ud835\udc06\ud835\udc03<\/span><\/p>\n","protected":false},"excerpt":{"rendered":"<p>Ce mardi 15 juillet 2025, le Directeur g\u00e9n\u00e9ral des Douanes, l\u2019Inspecteur divisionnaire Yves KAFANDO accompagn\u00e9<\/p>\n","protected":false},"author":2,"featured_media":2404,"comment_status":"open","ping_status":"open","sticky":false,"template":"","format":"standard","meta":{"_et_pb_use_builder":"","_et_pb_old_content":"","_et_gb_content_width":"","footnotes":""},"categories":[5],"tags":[],"class_list":["post-2403","post","type-post","status-publish","format-standard","has-post-thumbnail","hentry","category-societe"],"yoast_head":"<!-- This site is optimized with the Yoast SEO plugin v27.5 - https:\/\/yoast.com\/product\/yoast-seo-wordpress\/ -->\n<title>Soutien et solidarit\u00e9 : La Douane Burkinab\u00e8 au chevet de l\u2019assistant des douanes Hamidou Zongo - Vox Sahel<\/title>\n<meta name=\"robots\" content=\"index, follow, max-snippet:-1, max-image-preview:large, max-video-preview:-1\" \/>\n<link rel=\"canonical\" href=\"https:\/\/voxsahel.com\/?p=2403\" \/>\n<meta property=\"og:locale\" content=\"fr_FR\" \/>\n<meta property=\"og:type\" content=\"article\" \/>\n<meta property=\"og:title\" content=\"Soutien et solidarit\u00e9 : La Douane Burkinab\u00e8 au chevet de l\u2019assistant des douanes Hamidou Zongo - Vox Sahel\" \/>\n<meta property=\"og:description\" content=\"Ce mardi 15 juillet 2025, le Directeur g\u00e9n\u00e9ral des Douanes, l\u2019Inspecteur divisionnaire Yves KAFANDO accompagn\u00e9\" \/>\n<meta property=\"og:url\" content=\"https:\/\/voxsahel.com\/?p=2403\" \/>\n<meta property=\"og:site_name\" content=\"Vox Sahel\" \/>\n<meta property=\"article:publisher\" content=\"https:\/\/www.facebook.com\/journal.voxsahel\" \/>\n<meta property=\"article:published_time\" content=\"2025-07-24T23:25:00+00:00\" \/>\n<meta property=\"og:image\" content=\"https:\/\/voxsahel.com\/wp-content\/uploads\/2025\/07\/IMG_5919.jpeg\" \/>\n\t<meta property=\"og:image:width\" content=\"1080\" \/>\n\t<meta property=\"og:image:height\" content=\"810\" \/>\n\t<meta property=\"og:image:type\" content=\"image\/jpeg\" \/>\n<meta name=\"author\" content=\"Vox Sahel\" \/>\n<meta name=\"twitter:card\" content=\"summary_large_image\" \/>\n<meta name=\"twitter:label1\" content=\"\u00c9crit par\" \/>\n\t<meta name=\"twitter:data1\" content=\"Vox Sahel\" \/>\n\t<meta name=\"twitter:label2\" content=\"Dur\u00e9e de lecture estim\u00e9e\" \/>\n\t<meta name=\"twitter:data2\" content=\"2 minutes\" \/>\n<script type=\"application\/ld+json\" class=\"yoast-schema-graph\">{\"@context\":\"https:\\\/\\\/schema.org\",\"@graph\":[{\"@type\":\"Article\",\"@id\":\"https:\\\/\\\/voxsahel.com\\\/?p=2403#article\",\"isPartOf\":{\"@id\":\"https:\\\/\\\/voxsahel.com\\\/?p=2403\"},\"author\":{\"name\":\"Vox Sahel\",\"@id\":\"https:\\\/\\\/voxsahel.com\\\/#\\\/schema\\\/person\\\/b4043608248f8fa227cd760e7ff1e19e\"},\"headline\":\"Soutien et solidarit\u00e9 : La Douane Burkinab\u00e8 au chevet de l\u2019assistant des douanes Hamidou Zongo\",\"datePublished\":\"2025-07-24T23:25:00+00:00\",\"mainEntityOfPage\":{\"@id\":\"https:\\\/\\\/voxsahel.com\\\/?p=2403\"},\"wordCount\":199,\"commentCount\":0,\"publisher\":{\"@id\":\"https:\\\/\\\/voxsahel.com\\\/#organization\"},\"image\":{\"@id\":\"https:\\\/\\\/voxsahel.com\\\/?p=2403#primaryimage\"},\"thumbnailUrl\":\"https:\\\/\\\/voxsahel.com\\\/wp-content\\\/uploads\\\/2025\\\/07\\\/IMG_5919.jpeg\",\"articleSection\":[\"SOCIETE\"],\"inLanguage\":\"fr-FR\",\"potentialAction\":[{\"@type\":\"CommentAction\",\"name\":\"Comment\",\"target\":[\"https:\\\/\\\/voxsahel.com\\\/?p=2403#respond\"]}]},{\"@type\":\"WebPage\",\"@id\":\"https:\\\/\\\/voxsahel.com\\\/?p=2403\",\"url\":\"https:\\\/\\\/voxsahel.com\\\/?p=2403\",\"name\":\"Soutien et solidarit\u00e9 : La Douane Burkinab\u00e8 au chevet de l\u2019assistant des douanes Hamidou Zongo - Vox Sahel\",\"isPartOf\":{\"@id\":\"https:\\\/\\\/voxsahel.com\\\/#website\"},\"primaryImageOfPage\":{\"@id\":\"https:\\\/\\\/voxsahel.com\\\/?p=2403#primaryimage\"},\"image\":{\"@id\":\"https:\\\/\\\/voxsahel.com\\\/?p=2403#primaryimage\"},\"thumbnailUrl\":\"https:\\\/\\\/voxsahel.com\\\/wp-content\\\/uploads\\\/2025\\\/07\\\/IMG_5919.jpeg\",\"datePublished\":\"2025-07-24T23:25:00+00:00\",\"breadcrumb\":{\"@id\":\"https:\\\/\\\/voxsahel.com\\\/?p=2403#breadcrumb\"},\"inLanguage\":\"fr-FR\",\"potentialAction\":[{\"@type\":\"ReadAction\",\"target\":[\"https:\\\/\\\/voxsahel.com\\\/?p=2403\"]}]},{\"@type\":\"ImageObject\",\"inLanguage\":\"fr-FR\",\"@id\":\"https:\\\/\\\/voxsahel.com\\\/?p=2403#primaryimage\",\"url\":\"https:\\\/\\\/voxsahel.com\\\/wp-content\\\/uploads\\\/2025\\\/07\\\/IMG_5919.jpeg\",\"contentUrl\":\"https:\\\/\\\/voxsahel.com\\\/wp-content\\\/uploads\\\/2025\\\/07\\\/IMG_5919.jpeg\",\"width\":1080,\"height\":810},{\"@type\":\"BreadcrumbList\",\"@id\":\"https:\\\/\\\/voxsahel.com\\\/?p=2403#breadcrumb\",\"itemListElement\":[{\"@type\":\"ListItem\",\"position\":1,\"name\":\"Home\",\"item\":\"https:\\\/\\\/voxsahel.com\\\/\"},{\"@type\":\"ListItem\",\"position\":2,\"name\":\"Soutien et solidarit\u00e9 : La Douane Burkinab\u00e8 au chevet de l\u2019assistant des douanes Hamidou Zongo\"}]},{\"@type\":\"WebSite\",\"@id\":\"https:\\\/\\\/voxsahel.com\\\/#website\",\"url\":\"https:\\\/\\\/voxsahel.com\\\/\",\"name\":\"Vox Sahel\",\"description\":\"Informez-vous sur le Sahel en un clic\",\"publisher\":{\"@id\":\"https:\\\/\\\/voxsahel.com\\\/#organization\"},\"potentialAction\":[{\"@type\":\"SearchAction\",\"target\":{\"@type\":\"EntryPoint\",\"urlTemplate\":\"https:\\\/\\\/voxsahel.com\\\/?s={search_term_string}\"},\"query-input\":{\"@type\":\"PropertyValueSpecification\",\"valueRequired\":true,\"valueName\":\"search_term_string\"}}],\"inLanguage\":\"fr-FR\"},{\"@type\":\"Organization\",\"@id\":\"https:\\\/\\\/voxsahel.com\\\/#organization\",\"name\":\"Vox Sahel\",\"url\":\"https:\\\/\\\/voxsahel.com\\\/\",\"logo\":{\"@type\":\"ImageObject\",\"inLanguage\":\"fr-FR\",\"@id\":\"https:\\\/\\\/voxsahel.com\\\/#\\\/schema\\\/logo\\\/image\\\/\",\"url\":\"https:\\\/\\\/voxsahel.com\\\/wp-content\\\/uploads\\\/2024\\\/09\\\/Logo-Vox-Sahel.jpg\",\"contentUrl\":\"https:\\\/\\\/voxsahel.com\\\/wp-content\\\/uploads\\\/2024\\\/09\\\/Logo-Vox-Sahel.jpg\",\"width\":1181,\"height\":848,\"caption\":\"Vox Sahel\"},\"image\":{\"@id\":\"https:\\\/\\\/voxsahel.com\\\/#\\\/schema\\\/logo\\\/image\\\/\"},\"sameAs\":[\"https:\\\/\\\/www.facebook.com\\\/journal.voxsahel\"]},{\"@type\":\"Person\",\"@id\":\"https:\\\/\\\/voxsahel.com\\\/#\\\/schema\\\/person\\\/b4043608248f8fa227cd760e7ff1e19e\",\"name\":\"Vox Sahel\",\"image\":{\"@type\":\"ImageObject\",\"inLanguage\":\"fr-FR\",\"@id\":\"https:\\\/\\\/secure.gravatar.com\\\/avatar\\\/f70e7fa0cb9b29d4a7c5788d6eb2e9ab4d3135cbae1c9161810fdf77a8964699?s=96&d=mm&r=g\",\"url\":\"https:\\\/\\\/secure.gravatar.com\\\/avatar\\\/f70e7fa0cb9b29d4a7c5788d6eb2e9ab4d3135cbae1c9161810fdf77a8964699?s=96&d=mm&r=g\",\"contentUrl\":\"https:\\\/\\\/secure.gravatar.com\\\/avatar\\\/f70e7fa0cb9b29d4a7c5788d6eb2e9ab4d3135cbae1c9161810fdf77a8964699?s=96&d=mm&r=g\",\"caption\":\"Vox Sahel\"},\"sameAs\":[\"http:\\\/\\\/www.voxsahel.com\"],\"url\":\"https:\\\/\\\/voxsahel.com\\\/?author=2\"}]}<\/script>\n<!-- \/ Yoast SEO plugin. -->","yoast_head_json":{"title":"Soutien et solidarit\u00e9 : La Douane Burkinab\u00e8 au chevet de l\u2019assistant des douanes Hamidou Zongo - Vox Sahel","robots":{"index":"index","follow":"follow","max-snippet":"max-snippet:-1","max-image-preview":"max-image-preview:large","max-video-preview":"max-video-preview:-1"},"canonical":"https:\/\/voxsahel.com\/?p=2403","og_locale":"fr_FR","og_type":"article","og_title":"Soutien et solidarit\u00e9 : La Douane Burkinab\u00e8 au chevet de l\u2019assistant des douanes Hamidou Zongo - Vox Sahel","og_description":"Ce mardi 15 juillet 2025, le Directeur g\u00e9n\u00e9ral des Douanes, l\u2019Inspecteur divisionnaire Yves KAFANDO accompagn\u00e9","og_url":"https:\/\/voxsahel.com\/?p=2403","og_site_name":"Vox Sahel","article_publisher":"https:\/\/www.facebook.com\/journal.voxsahel","article_published_time":"2025-07-24T23:25:00+00:00","og_image":[{"width":1080,"height":810,"url":"https:\/\/voxsahel.com\/wp-content\/uploads\/2025\/07\/IMG_5919.jpeg","type":"image\/jpeg"}],"author":"Vox Sahel","twitter_card":"summary_large_image","twitter_misc":{"\u00c9crit par":"Vox Sahel","Dur\u00e9e de lecture estim\u00e9e":"2 minutes"},"schema":{"@context":"https:\/\/schema.org","@graph":[{"@type":"Article","@id":"https:\/\/voxsahel.com\/?p=2403#article","isPartOf":{"@id":"https:\/\/voxsahel.com\/?p=2403"},"author":{"name":"Vox Sahel","@id":"https:\/\/voxsahel.com\/#\/schema\/person\/b4043608248f8fa227cd760e7ff1e19e"},"headline":"Soutien et solidarit\u00e9 : La Douane Burkinab\u00e8 au chevet de l\u2019assistant des douanes Hamidou Zongo","datePublished":"2025-07-24T23:25:00+00:00","mainEntityOfPage":{"@id":"https:\/\/voxsahel.com\/?p=2403"},"wordCount":199,"commentCount":0,"publisher":{"@id":"https:\/\/voxsahel.com\/#organization"},"image":{"@id":"https:\/\/voxsahel.com\/?p=2403#primaryimage"},"thumbnailUrl":"https:\/\/voxsahel.com\/wp-content\/uploads\/2025\/07\/IMG_5919.jpeg","articleSection":["SOCIETE"],"inLanguage":"fr-FR","potentialAction":[{"@type":"CommentAction","name":"Comment","target":["https:\/\/voxsahel.com\/?p=2403#respond"]}]},{"@type":"WebPage","@id":"https:\/\/voxsahel.com\/?p=2403","url":"https:\/\/voxsahel.com\/?p=2403","name":"Soutien et solidarit\u00e9 : La Douane Burkinab\u00e8 au chevet de l\u2019assistant des douanes Hamidou Zongo - Vox Sahel","isPartOf":{"@id":"https:\/\/voxsahel.com\/#website"},"primaryImageOfPage":{"@id":"https:\/\/voxsahel.com\/?p=2403#primaryimage"},"image":{"@id":"https:\/\/voxsahel.com\/?p=2403#primaryimage"},"thumbnailUrl":"https:\/\/voxsahel.com\/wp-content\/uploads\/2025\/07\/IMG_5919.jpeg","datePublished":"2025-07-24T23:25:00+00:00","breadcrumb":{"@id":"https:\/\/voxsahel.com\/?p=2403#breadcrumb"},"inLanguage":"fr-FR","potentialAction":[{"@type":"ReadAction","target":["https:\/\/voxsahel.com\/?p=2403"]}]},{"@type":"ImageObject","inLanguage":"fr-FR","@id":"https:\/\/voxsahel.com\/?p=2403#primaryimage","url":"https:\/\/voxsahel.com\/wp-content\/uploads\/2025\/07\/IMG_5919.jpeg","contentUrl":"https:\/\/voxsahel.com\/wp-content\/uploads\/2025\/07\/IMG_5919.jpeg","width":1080,"height":810},{"@type":"BreadcrumbList","@id":"https:\/\/voxsahel.com\/?p=2403#breadcrumb","itemListElement":[{"@type":"ListItem","position":1,"name":"Home","item":"https:\/\/voxsahel.com\/"},{"@type":"ListItem","position":2,"name":"Soutien et solidarit\u00e9 : La Douane Burkinab\u00e8 au chevet de l\u2019assistant des douanes Hamidou Zongo"}]},{"@type":"WebSite","@id":"https:\/\/voxsahel.com\/#website","url":"https:\/\/voxsahel.com\/","name":"Vox Sahel","description":"Informez-vous sur le Sahel en un clic","publisher":{"@id":"https:\/\/voxsahel.com\/#organization"},"potentialAction":[{"@type":"SearchAction","target":{"@type":"EntryPoint","urlTemplate":"https:\/\/voxsahel.com\/?s={search_term_string}"},"query-input":{"@type":"PropertyValueSpecification","valueRequired":true,"valueName":"search_term_string"}}],"inLanguage":"fr-FR"},{"@type":"Organization","@id":"https:\/\/voxsahel.com\/#organization","name":"Vox Sahel","url":"https:\/\/voxsahel.com\/","logo":{"@type":"ImageObject","inLanguage":"fr-FR","@id":"https:\/\/voxsahel.com\/#\/schema\/logo\/image\/","url":"https:\/\/voxsahel.com\/wp-content\/uploads\/2024\/09\/Logo-Vox-Sahel.jpg","contentUrl":"https:\/\/voxsahel.com\/wp-content\/uploads\/2024\/09\/Logo-Vox-Sahel.jpg","width":1181,"height":848,"caption":"Vox Sahel"},"image":{"@id":"https:\/\/voxsahel.com\/#\/schema\/logo\/image\/"},"sameAs":["https:\/\/www.facebook.com\/journal.voxsahel"]},{"@type":"Person","@id":"https:\/\/voxsahel.com\/#\/schema\/person\/b4043608248f8fa227cd760e7ff1e19e","name":"Vox Sahel","image":{"@type":"ImageObject","inLanguage":"fr-FR","@id":"https:\/\/secure.gravatar.com\/avatar\/f70e7fa0cb9b29d4a7c5788d6eb2e9ab4d3135cbae1c9161810fdf77a8964699?s=96&d=mm&r=g","url":"https:\/\/secure.gravatar.com\/avatar\/f70e7fa0cb9b29d4a7c5788d6eb2e9ab4d3135cbae1c9161810fdf77a8964699?s=96&d=mm&r=g","contentUrl":"https:\/\/secure.gravatar.com\/avatar\/f70e7fa0cb9b29d4a7c5788d6eb2e9ab4d3135cbae1c9161810fdf77a8964699?s=96&d=mm&r=g","caption":"Vox Sahel"},"sameAs":["http:\/\/www.voxsahel.com"],"url":"https:\/\/voxsahel.com\/?author=2"}]}},"_links":{"self":[{"href":"https:\/\/voxsahel.com\/index.php?rest_route=\/wp\/v2\/posts\/2403","targetHints":{"allow":["GET"]}}],"collection":[{"href":"https:\/\/voxsahel.com\/index.php?rest_route=\/wp\/v2\/posts"}],"about":[{"href":"https:\/\/voxsahel.com\/index.php?rest_route=\/wp\/v2\/types\/post"}],"author":[{"embeddable":true,"href":"https:\/\/voxsahel.com\/index.php?rest_route=\/wp\/v2\/users\/2"}],"replies":[{"embeddable":true,"href":"https:\/\/voxsahel.com\/index.php?rest_route=%2Fwp%2Fv2%2Fcomments&post=2403"}],"version-history":[{"count":1,"href":"https:\/\/voxsahel.com\/index.php?rest_route=\/wp\/v2\/posts\/2403\/revisions"}],"predecessor-version":[{"id":2405,"href":"https:\/\/voxsahel.com\/index.php?rest_route=\/wp\/v2\/posts\/2403\/revisions\/2405"}],"wp:featuredmedia":[{"embeddable":true,"href":"https:\/\/voxsahel.com\/index.php?rest_route=\/wp\/v2\/media\/2404"}],"wp:attachment":[{"href":"https:\/\/voxsahel.com\/index.php?rest_route=%2Fwp%2Fv2%2Fmedia&parent=2403"}],"wp:term":[{"taxonomy":"category","embeddable":true,"href":"https:\/\/voxsahel.com\/index.php?rest_route=%2Fwp%2Fv2%2Fcategories&post=2403"},{"taxonomy":"post_tag","embeddable":true,"href":"https:\/\/voxsahel.com\/index.php?rest_route=%2Fwp%2Fv2%2Ftags&post=2403"}],"curies":[{"name":"wp","href":"https:\/\/api.w.org\/{rel}","templated":true}]}}