{"id":2400,"date":"2025-07-24T23:22:47","date_gmt":"2025-07-24T23:22:47","guid":{"rendered":"https:\/\/voxsahel.com\/?p=2400"},"modified":"2025-07-24T23:22:47","modified_gmt":"2025-07-24T23:22:47","slug":"initiation-aux-metiers-de-la-douane-immersion-terrain-pour-les-bacheliers-du-pmk-et-les-officiers-de-lislo","status":"publish","type":"post","link":"https:\/\/voxsahel.com\/?p=2400","title":{"rendered":"Initiation aux m\u00e9tiers de la Douane : immersion terrain pour les bacheliers du PMK et les officiers de l\u2019ISLO"},"content":{"rendered":"<p class=\"p1\">Ce mercredi 16 juillet 2025, les \u00e9l\u00e8ves de la classe de Terminale du Prytan\u00e9e Militaire du Kadiogo (PMK), fra\u00eechement aur\u00e9ol\u00e9s de leur baccalaur\u00e9at, ainsi que les officiers en formation \u00e0 l\u2019Institut Sup\u00e9rieur de la Logistique de Ouagadougou (ISLO), ont effectu\u00e9 une visite immersive au bureau des douanes de Ouaga Route. Cette initiative p\u00e9dagogique est port\u00e9e par le commandement du PMK.<\/p>\n<p class=\"p1\"><span class=\"s2\">Objectif :<\/span><span class=\"s1\"> permettre \u00e0 ces futurs cadres de d\u00e9couvrir les r\u00e9alit\u00e9s du terrain, notamment les proc\u00e9dures de d\u00e9douanement en vigueur au sein de ce bureau strat\u00e9gique.<\/span><\/p>\n<p class=\"p1\"><span class=\"s1\">Accueillis par l&rsquo;Inspecteur principal des douanes, M. Ghislain SANON, Chef du bureau de Ouaga Route, ces jeunes bacheliers ont b\u00e9n\u00e9fici\u00e9 :<\/span><\/p>\n<ul class=\"ul1\">\n<li class=\"li1\"><span class=\"s1\">d\u2019une pr\u00e9sentation g\u00e9n\u00e9rale de la Direction G\u00e9n\u00e9rale des Douanes (DGD) et du fonctionnement du bureau de Ouaga Route ;<\/span><\/li>\n<li class=\"li1\"><span class=\"s1\">d\u2019une visite guid\u00e9e de la plateforme douani\u00e8re, avec des escales dans des sites cl\u00e9s :<\/span>\n<ul class=\"ul1\">\n<li class=\"li1\"><span class=\"s1\">le Terminal \u00e0 conteneurs du Burkina (TRCB), situ\u00e9 au sein du port sec Ouaga Inter ;<\/span><\/li>\n<li class=\"li1\"><span class=\"s1\">la Chambre de commerce et d\u2019industrie ;<\/span><\/li>\n<li class=\"li1\"><span class=\"s1\">le magasin sous douanes n\u00b039 ;<\/span><\/li>\n<li class=\"li1\"><span class=\"s1\">et le bureau des douanes de Ouaga Route.<\/span><\/li>\n<\/ul>\n<\/li>\n<\/ul>\n<p class=\"p1\"><span class=\"s1\">L\u2019inspecteur principal Ghislain SANON a salu\u00e9 cette belle initiative du commandement du PMK et des premiers responsables de l\u2019Institut Sup\u00e9rieur de la Logistique de Ouagadougou, soulignant l\u2019importance d\u2019un tel rapprochement entre institutions \u00e9ducatives et administrations publiques.<\/span><\/p>\n<p class=\"p1\"><span class=\"s1\">Cette activit\u00e9, riche en \u00e9changes et en apprentissages, a permis de semer des graines d\u2019int\u00e9r\u00eat pour les m\u00e9tiers de la douane, tout en mettant en lumi\u00e8re le r\u00f4le crucial que joue l\u2019administration douani\u00e8re dans l\u2019\u00e9conomie nationale.<\/span><\/p>\n","protected":false},"excerpt":{"rendered":"<p>Ce mercredi 16 juillet 2025, les \u00e9l\u00e8ves de la classe de Terminale du Prytan\u00e9e Militaire<\/p>\n","protected":false},"author":2,"featured_media":2401,"comment_status":"open","ping_status":"open","sticky":false,"template":"","format":"standard","meta":{"_et_pb_use_builder":"","_et_pb_old_content":"","_et_gb_content_width":"","footnotes":""},"categories":[9],"tags":[],"class_list":["post-2400","post","type-post","status-publish","format-standard","has-post-thumbnail","hentry","category-education"],"yoast_head":"<!-- This site is optimized with the Yoast SEO plugin v27.5 - https:\/\/yoast.com\/product\/yoast-seo-wordpress\/ -->\n<title>Initiation aux m\u00e9tiers de la Douane : immersion terrain pour les bacheliers du PMK et les officiers de l\u2019ISLO - Vox Sahel<\/title>\n<meta name=\"robots\" content=\"index, follow, max-snippet:-1, max-image-preview:large, max-video-preview:-1\" \/>\n<link rel=\"canonical\" href=\"https:\/\/voxsahel.com\/?p=2400\" \/>\n<meta property=\"og:locale\" content=\"fr_FR\" \/>\n<meta property=\"og:type\" content=\"article\" \/>\n<meta property=\"og:title\" content=\"Initiation aux m\u00e9tiers de la Douane : immersion terrain pour les bacheliers du PMK et les officiers de l\u2019ISLO - Vox Sahel\" \/>\n<meta property=\"og:description\" content=\"Ce mercredi 16 juillet 2025, les \u00e9l\u00e8ves de la classe de Terminale du Prytan\u00e9e Militaire\" \/>\n<meta property=\"og:url\" content=\"https:\/\/voxsahel.com\/?p=2400\" \/>\n<meta property=\"og:site_name\" content=\"Vox Sahel\" \/>\n<meta property=\"article:publisher\" content=\"https:\/\/www.facebook.com\/journal.voxsahel\" \/>\n<meta property=\"article:published_time\" content=\"2025-07-24T23:22:47+00:00\" \/>\n<meta property=\"og:image\" content=\"https:\/\/voxsahel.com\/wp-content\/uploads\/2025\/07\/IMG_5918.jpeg\" \/>\n\t<meta property=\"og:image:width\" content=\"1280\" \/>\n\t<meta property=\"og:image:height\" content=\"960\" \/>\n\t<meta property=\"og:image:type\" content=\"image\/jpeg\" \/>\n<meta name=\"author\" content=\"Vox Sahel\" \/>\n<meta name=\"twitter:card\" content=\"summary_large_image\" \/>\n<meta name=\"twitter:label1\" content=\"\u00c9crit par\" \/>\n\t<meta name=\"twitter:data1\" content=\"Vox Sahel\" \/>\n\t<meta name=\"twitter:label2\" content=\"Dur\u00e9e de lecture estim\u00e9e\" \/>\n\t<meta name=\"twitter:data2\" content=\"2 minutes\" \/>\n<script type=\"application\/ld+json\" class=\"yoast-schema-graph\">{\"@context\":\"https:\\\/\\\/schema.org\",\"@graph\":[{\"@type\":\"Article\",\"@id\":\"https:\\\/\\\/voxsahel.com\\\/?p=2400#article\",\"isPartOf\":{\"@id\":\"https:\\\/\\\/voxsahel.com\\\/?p=2400\"},\"author\":{\"name\":\"Vox Sahel\",\"@id\":\"https:\\\/\\\/voxsahel.com\\\/#\\\/schema\\\/person\\\/b4043608248f8fa227cd760e7ff1e19e\"},\"headline\":\"Initiation aux m\u00e9tiers de la Douane : immersion terrain pour les bacheliers du PMK et les officiers de l\u2019ISLO\",\"datePublished\":\"2025-07-24T23:22:47+00:00\",\"mainEntityOfPage\":{\"@id\":\"https:\\\/\\\/voxsahel.com\\\/?p=2400\"},\"wordCount\":302,\"commentCount\":0,\"publisher\":{\"@id\":\"https:\\\/\\\/voxsahel.com\\\/#organization\"},\"image\":{\"@id\":\"https:\\\/\\\/voxsahel.com\\\/?p=2400#primaryimage\"},\"thumbnailUrl\":\"https:\\\/\\\/voxsahel.com\\\/wp-content\\\/uploads\\\/2025\\\/07\\\/IMG_5918.jpeg\",\"articleSection\":[\"EDUCATION\"],\"inLanguage\":\"fr-FR\",\"potentialAction\":[{\"@type\":\"CommentAction\",\"name\":\"Comment\",\"target\":[\"https:\\\/\\\/voxsahel.com\\\/?p=2400#respond\"]}]},{\"@type\":\"WebPage\",\"@id\":\"https:\\\/\\\/voxsahel.com\\\/?p=2400\",\"url\":\"https:\\\/\\\/voxsahel.com\\\/?p=2400\",\"name\":\"Initiation aux m\u00e9tiers de la Douane : immersion terrain pour les bacheliers du PMK et les officiers de l\u2019ISLO - Vox Sahel\",\"isPartOf\":{\"@id\":\"https:\\\/\\\/voxsahel.com\\\/#website\"},\"primaryImageOfPage\":{\"@id\":\"https:\\\/\\\/voxsahel.com\\\/?p=2400#primaryimage\"},\"image\":{\"@id\":\"https:\\\/\\\/voxsahel.com\\\/?p=2400#primaryimage\"},\"thumbnailUrl\":\"https:\\\/\\\/voxsahel.com\\\/wp-content\\\/uploads\\\/2025\\\/07\\\/IMG_5918.jpeg\",\"datePublished\":\"2025-07-24T23:22:47+00:00\",\"breadcrumb\":{\"@id\":\"https:\\\/\\\/voxsahel.com\\\/?p=2400#breadcrumb\"},\"inLanguage\":\"fr-FR\",\"potentialAction\":[{\"@type\":\"ReadAction\",\"target\":[\"https:\\\/\\\/voxsahel.com\\\/?p=2400\"]}]},{\"@type\":\"ImageObject\",\"inLanguage\":\"fr-FR\",\"@id\":\"https:\\\/\\\/voxsahel.com\\\/?p=2400#primaryimage\",\"url\":\"https:\\\/\\\/voxsahel.com\\\/wp-content\\\/uploads\\\/2025\\\/07\\\/IMG_5918.jpeg\",\"contentUrl\":\"https:\\\/\\\/voxsahel.com\\\/wp-content\\\/uploads\\\/2025\\\/07\\\/IMG_5918.jpeg\",\"width\":1280,\"height\":960},{\"@type\":\"BreadcrumbList\",\"@id\":\"https:\\\/\\\/voxsahel.com\\\/?p=2400#breadcrumb\",\"itemListElement\":[{\"@type\":\"ListItem\",\"position\":1,\"name\":\"Home\",\"item\":\"https:\\\/\\\/voxsahel.com\\\/\"},{\"@type\":\"ListItem\",\"position\":2,\"name\":\"Initiation aux m\u00e9tiers de la Douane : immersion terrain pour les bacheliers du PMK et les officiers de l\u2019ISLO\"}]},{\"@type\":\"WebSite\",\"@id\":\"https:\\\/\\\/voxsahel.com\\\/#website\",\"url\":\"https:\\\/\\\/voxsahel.com\\\/\",\"name\":\"Vox Sahel\",\"description\":\"Informez-vous sur le Sahel en un clic\",\"publisher\":{\"@id\":\"https:\\\/\\\/voxsahel.com\\\/#organization\"},\"potentialAction\":[{\"@type\":\"SearchAction\",\"target\":{\"@type\":\"EntryPoint\",\"urlTemplate\":\"https:\\\/\\\/voxsahel.com\\\/?s={search_term_string}\"},\"query-input\":{\"@type\":\"PropertyValueSpecification\",\"valueRequired\":true,\"valueName\":\"search_term_string\"}}],\"inLanguage\":\"fr-FR\"},{\"@type\":\"Organization\",\"@id\":\"https:\\\/\\\/voxsahel.com\\\/#organization\",\"name\":\"Vox Sahel\",\"url\":\"https:\\\/\\\/voxsahel.com\\\/\",\"logo\":{\"@type\":\"ImageObject\",\"inLanguage\":\"fr-FR\",\"@id\":\"https:\\\/\\\/voxsahel.com\\\/#\\\/schema\\\/logo\\\/image\\\/\",\"url\":\"https:\\\/\\\/voxsahel.com\\\/wp-content\\\/uploads\\\/2024\\\/09\\\/Logo-Vox-Sahel.jpg\",\"contentUrl\":\"https:\\\/\\\/voxsahel.com\\\/wp-content\\\/uploads\\\/2024\\\/09\\\/Logo-Vox-Sahel.jpg\",\"width\":1181,\"height\":848,\"caption\":\"Vox Sahel\"},\"image\":{\"@id\":\"https:\\\/\\\/voxsahel.com\\\/#\\\/schema\\\/logo\\\/image\\\/\"},\"sameAs\":[\"https:\\\/\\\/www.facebook.com\\\/journal.voxsahel\"]},{\"@type\":\"Person\",\"@id\":\"https:\\\/\\\/voxsahel.com\\\/#\\\/schema\\\/person\\\/b4043608248f8fa227cd760e7ff1e19e\",\"name\":\"Vox Sahel\",\"image\":{\"@type\":\"ImageObject\",\"inLanguage\":\"fr-FR\",\"@id\":\"https:\\\/\\\/secure.gravatar.com\\\/avatar\\\/f70e7fa0cb9b29d4a7c5788d6eb2e9ab4d3135cbae1c9161810fdf77a8964699?s=96&d=mm&r=g\",\"url\":\"https:\\\/\\\/secure.gravatar.com\\\/avatar\\\/f70e7fa0cb9b29d4a7c5788d6eb2e9ab4d3135cbae1c9161810fdf77a8964699?s=96&d=mm&r=g\",\"contentUrl\":\"https:\\\/\\\/secure.gravatar.com\\\/avatar\\\/f70e7fa0cb9b29d4a7c5788d6eb2e9ab4d3135cbae1c9161810fdf77a8964699?s=96&d=mm&r=g\",\"caption\":\"Vox Sahel\"},\"sameAs\":[\"http:\\\/\\\/www.voxsahel.com\"],\"url\":\"https:\\\/\\\/voxsahel.com\\\/?author=2\"}]}<\/script>\n<!-- \/ Yoast SEO plugin. -->","yoast_head_json":{"title":"Initiation aux m\u00e9tiers de la Douane : immersion terrain pour les bacheliers du PMK et les officiers de l\u2019ISLO - Vox Sahel","robots":{"index":"index","follow":"follow","max-snippet":"max-snippet:-1","max-image-preview":"max-image-preview:large","max-video-preview":"max-video-preview:-1"},"canonical":"https:\/\/voxsahel.com\/?p=2400","og_locale":"fr_FR","og_type":"article","og_title":"Initiation aux m\u00e9tiers de la Douane : immersion terrain pour les bacheliers du PMK et les officiers de l\u2019ISLO - Vox Sahel","og_description":"Ce mercredi 16 juillet 2025, les \u00e9l\u00e8ves de la classe de Terminale du Prytan\u00e9e Militaire","og_url":"https:\/\/voxsahel.com\/?p=2400","og_site_name":"Vox Sahel","article_publisher":"https:\/\/www.facebook.com\/journal.voxsahel","article_published_time":"2025-07-24T23:22:47+00:00","og_image":[{"width":1280,"height":960,"url":"https:\/\/voxsahel.com\/wp-content\/uploads\/2025\/07\/IMG_5918.jpeg","type":"image\/jpeg"}],"author":"Vox Sahel","twitter_card":"summary_large_image","twitter_misc":{"\u00c9crit par":"Vox Sahel","Dur\u00e9e de lecture estim\u00e9e":"2 minutes"},"schema":{"@context":"https:\/\/schema.org","@graph":[{"@type":"Article","@id":"https:\/\/voxsahel.com\/?p=2400#article","isPartOf":{"@id":"https:\/\/voxsahel.com\/?p=2400"},"author":{"name":"Vox Sahel","@id":"https:\/\/voxsahel.com\/#\/schema\/person\/b4043608248f8fa227cd760e7ff1e19e"},"headline":"Initiation aux m\u00e9tiers de la Douane : immersion terrain pour les bacheliers du PMK et les officiers de l\u2019ISLO","datePublished":"2025-07-24T23:22:47+00:00","mainEntityOfPage":{"@id":"https:\/\/voxsahel.com\/?p=2400"},"wordCount":302,"commentCount":0,"publisher":{"@id":"https:\/\/voxsahel.com\/#organization"},"image":{"@id":"https:\/\/voxsahel.com\/?p=2400#primaryimage"},"thumbnailUrl":"https:\/\/voxsahel.com\/wp-content\/uploads\/2025\/07\/IMG_5918.jpeg","articleSection":["EDUCATION"],"inLanguage":"fr-FR","potentialAction":[{"@type":"CommentAction","name":"Comment","target":["https:\/\/voxsahel.com\/?p=2400#respond"]}]},{"@type":"WebPage","@id":"https:\/\/voxsahel.com\/?p=2400","url":"https:\/\/voxsahel.com\/?p=2400","name":"Initiation aux m\u00e9tiers de la Douane : immersion terrain pour les bacheliers du PMK et les officiers de l\u2019ISLO - Vox Sahel","isPartOf":{"@id":"https:\/\/voxsahel.com\/#website"},"primaryImageOfPage":{"@id":"https:\/\/voxsahel.com\/?p=2400#primaryimage"},"image":{"@id":"https:\/\/voxsahel.com\/?p=2400#primaryimage"},"thumbnailUrl":"https:\/\/voxsahel.com\/wp-content\/uploads\/2025\/07\/IMG_5918.jpeg","datePublished":"2025-07-24T23:22:47+00:00","breadcrumb":{"@id":"https:\/\/voxsahel.com\/?p=2400#breadcrumb"},"inLanguage":"fr-FR","potentialAction":[{"@type":"ReadAction","target":["https:\/\/voxsahel.com\/?p=2400"]}]},{"@type":"ImageObject","inLanguage":"fr-FR","@id":"https:\/\/voxsahel.com\/?p=2400#primaryimage","url":"https:\/\/voxsahel.com\/wp-content\/uploads\/2025\/07\/IMG_5918.jpeg","contentUrl":"https:\/\/voxsahel.com\/wp-content\/uploads\/2025\/07\/IMG_5918.jpeg","width":1280,"height":960},{"@type":"BreadcrumbList","@id":"https:\/\/voxsahel.com\/?p=2400#breadcrumb","itemListElement":[{"@type":"ListItem","position":1,"name":"Home","item":"https:\/\/voxsahel.com\/"},{"@type":"ListItem","position":2,"name":"Initiation aux m\u00e9tiers de la Douane : immersion terrain pour les bacheliers du PMK et les officiers de l\u2019ISLO"}]},{"@type":"WebSite","@id":"https:\/\/voxsahel.com\/#website","url":"https:\/\/voxsahel.com\/","name":"Vox Sahel","description":"Informez-vous sur le Sahel en un clic","publisher":{"@id":"https:\/\/voxsahel.com\/#organization"},"potentialAction":[{"@type":"SearchAction","target":{"@type":"EntryPoint","urlTemplate":"https:\/\/voxsahel.com\/?s={search_term_string}"},"query-input":{"@type":"PropertyValueSpecification","valueRequired":true,"valueName":"search_term_string"}}],"inLanguage":"fr-FR"},{"@type":"Organization","@id":"https:\/\/voxsahel.com\/#organization","name":"Vox Sahel","url":"https:\/\/voxsahel.com\/","logo":{"@type":"ImageObject","inLanguage":"fr-FR","@id":"https:\/\/voxsahel.com\/#\/schema\/logo\/image\/","url":"https:\/\/voxsahel.com\/wp-content\/uploads\/2024\/09\/Logo-Vox-Sahel.jpg","contentUrl":"https:\/\/voxsahel.com\/wp-content\/uploads\/2024\/09\/Logo-Vox-Sahel.jpg","width":1181,"height":848,"caption":"Vox Sahel"},"image":{"@id":"https:\/\/voxsahel.com\/#\/schema\/logo\/image\/"},"sameAs":["https:\/\/www.facebook.com\/journal.voxsahel"]},{"@type":"Person","@id":"https:\/\/voxsahel.com\/#\/schema\/person\/b4043608248f8fa227cd760e7ff1e19e","name":"Vox Sahel","image":{"@type":"ImageObject","inLanguage":"fr-FR","@id":"https:\/\/secure.gravatar.com\/avatar\/f70e7fa0cb9b29d4a7c5788d6eb2e9ab4d3135cbae1c9161810fdf77a8964699?s=96&d=mm&r=g","url":"https:\/\/secure.gravatar.com\/avatar\/f70e7fa0cb9b29d4a7c5788d6eb2e9ab4d3135cbae1c9161810fdf77a8964699?s=96&d=mm&r=g","contentUrl":"https:\/\/secure.gravatar.com\/avatar\/f70e7fa0cb9b29d4a7c5788d6eb2e9ab4d3135cbae1c9161810fdf77a8964699?s=96&d=mm&r=g","caption":"Vox Sahel"},"sameAs":["http:\/\/www.voxsahel.com"],"url":"https:\/\/voxsahel.com\/?author=2"}]}},"_links":{"self":[{"href":"https:\/\/voxsahel.com\/index.php?rest_route=\/wp\/v2\/posts\/2400","targetHints":{"allow":["GET"]}}],"collection":[{"href":"https:\/\/voxsahel.com\/index.php?rest_route=\/wp\/v2\/posts"}],"about":[{"href":"https:\/\/voxsahel.com\/index.php?rest_route=\/wp\/v2\/types\/post"}],"author":[{"embeddable":true,"href":"https:\/\/voxsahel.com\/index.php?rest_route=\/wp\/v2\/users\/2"}],"replies":[{"embeddable":true,"href":"https:\/\/voxsahel.com\/index.php?rest_route=%2Fwp%2Fv2%2Fcomments&post=2400"}],"version-history":[{"count":1,"href":"https:\/\/voxsahel.com\/index.php?rest_route=\/wp\/v2\/posts\/2400\/revisions"}],"predecessor-version":[{"id":2402,"href":"https:\/\/voxsahel.com\/index.php?rest_route=\/wp\/v2\/posts\/2400\/revisions\/2402"}],"wp:featuredmedia":[{"embeddable":true,"href":"https:\/\/voxsahel.com\/index.php?rest_route=\/wp\/v2\/media\/2401"}],"wp:attachment":[{"href":"https:\/\/voxsahel.com\/index.php?rest_route=%2Fwp%2Fv2%2Fmedia&parent=2400"}],"wp:term":[{"taxonomy":"category","embeddable":true,"href":"https:\/\/voxsahel.com\/index.php?rest_route=%2Fwp%2Fv2%2Fcategories&post=2400"},{"taxonomy":"post_tag","embeddable":true,"href":"https:\/\/voxsahel.com\/index.php?rest_route=%2Fwp%2Fv2%2Ftags&post=2400"}],"curies":[{"name":"wp","href":"https:\/\/api.w.org\/{rel}","templated":true}]}}