{"id":2397,"date":"2025-07-24T23:19:02","date_gmt":"2025-07-24T23:19:02","guid":{"rendered":"https:\/\/voxsahel.com\/?p=2397"},"modified":"2025-07-24T23:19:02","modified_gmt":"2025-07-24T23:19:02","slug":"carnet-daudience-du-directeur-general-des-douanes-renforcement-des-synergies-avec-labnorm-et-le-cnlf","status":"publish","type":"post","link":"https:\/\/voxsahel.com\/?p=2397","title":{"rendered":"Carnet d\u2019audience du Directeur g\u00e9n\u00e9ral des Douanes : Renforcement des synergies avec l\u2019ABNORM et le CNLF"},"content":{"rendered":"<p class=\"p1\"><span class=\"s1\">Ce mardi 22 juillet 2025, le Directeur G\u00e9n\u00e9ral des Douanes, l\u2019Inspecteur divisionnaire Yves KAFANDO, a accord\u00e9 deux importantes audiences, marqu\u00e9es par des \u00e9changes constructifs avec ses h\u00f4tes du jour.<\/span><\/p>\n<p class=\"p1\"><span class=\"s1\">Il a d\u2019abord re\u00e7u le Directeur G\u00e9n\u00e9ral de l\u2019Agence Burkinab\u00e8 de Normalisation, de M\u00e9trologie et de la Qualit\u00e9 (ABNORM), M. Habraham SOMDA. Cette rencontre, plac\u00e9e sous le sceau de la courtoisie, a permis de faire le point sur la collaboration d\u00e9j\u00e0 existante entre les deux institutions et d\u2019envisager son renforcement.<\/span><\/p>\n<p class=\"p1\"><span class=\"s1\">M. SOMDA a sollicit\u00e9 l\u2019accompagnement de la douane pour la mise en \u0153uvre du d\u00e9cret n\u00b02025-0807\/PRES\/PM\/MICA\/MEF, qui instaure un certificat national de conformit\u00e9 des produits destin\u00e9s \u00e0 la consommation au Burkina Faso. Ce dispositif vise \u00e0 garantir la qualit\u00e9 des produits et \u00e0 renforcer la protection des consommateurs. L\u2019ABNORM a \u00e9galement sollicit\u00e9 l\u2019expertise de la douane pour l\u2019\u00e9laboration de la liste des produits concern\u00e9s par ce certificat.<\/span><\/p>\n<p class=\"p1\"><span class=\"s1\">Le Directeur G\u00e9n\u00e9ral des Douanes a salu\u00e9 cette initiative et a r\u00e9affirm\u00e9 le soutien et l\u2019engagement de son institution pour une mise en \u0153uvre r\u00e9ussie du d\u00e9cret.<\/span><\/p>\n<p class=\"p1\"><span class=\"s1\">Dans la foul\u00e9e, le Directeur G\u00e9n\u00e9ral des Douanes a re\u00e7u l\u2019Inspecteur principal des douanes Mohamadi COMPAOR\u00c9, Coordonnateur national de lutte contre la fraude (CNLF). \u00c0 travers cette visite de courtoisie,<span class=\"Apple-converted-space\">\u00a0 <\/span>M.COMPAOR\u00c9, r\u00e9cemment install\u00e9 dans ses fonctions le 11 juillet 2025, a exprim\u00e9 son d\u00e9sir de renforcer la coop\u00e9ration entre les deux structures, qui partagent la m\u00eame mission de r\u00e9pression de la fraude. Il a insist\u00e9 sur la n\u00e9cessit\u00e9 de conjuguer les efforts pour des r\u00e9sultats concrets et durables.<\/span><\/p>\n<p class=\"p1\"><span class=\"s1\">En r\u00e9ponse, le Directeur G\u00e9n\u00e9ral des Douanes a salu\u00e9 cette d\u00e9marche et promis une collaboration \u00e9troite et fructueuse.<\/span><\/p>\n<p class=\"p1\"><span class=\"s1\">Les \u00e9changes se sont achev\u00e9s sur une note de satisfaction, traduisant la volont\u00e9 commune des acteurs de travailler en synergie au service de l\u2019\u00e9conomie nationale et de la protection des consommateurs.<\/span><\/p>\n<p class=\"p1\"><span class=\"s1\"> \ud835\udc0b\ud835\udc1a \ud835\udc03\ud835\udc28\ud835\udc2e\ud835\udc1a\ud835\udc27\ud835\udc1e : \ud835\udc07\ud835\udc28\ud835\udc27\ud835\udc27\ud835\udc1e\ud835\udc2e\ud835\udc2b-\ud835\udc03\ud835\udc1e\u0301\ud835\udc2f\ud835\udc28\ud835\udc2e\ud835\udc1e\ud835\udc26\ud835\udc1e\ud835\udc27\ud835\udc2d-\ud835\udc15\ud835\udc22\ud835\udc20\ud835\udc22\ud835\udc25\ud835\udc1a\ud835\udc27\ud835\udc1c\ud835\udc1e<\/span><\/p>\n<p class=\"p1\"><span class=\"s1\">\ud835\udc12\ud835\udc02\ud835\udc11\ud835\udc0f-\ud835\udc03\ud835\udc06\ud835\udc03<\/span><\/p>\n","protected":false},"excerpt":{"rendered":"<p>Ce mardi 22 juillet 2025, le Directeur G\u00e9n\u00e9ral des Douanes, l\u2019Inspecteur divisionnaire Yves KAFANDO, a<\/p>\n","protected":false},"author":2,"featured_media":2398,"comment_status":"open","ping_status":"open","sticky":false,"template":"","format":"standard","meta":{"_et_pb_use_builder":"","_et_pb_old_content":"","_et_gb_content_width":"","footnotes":""},"categories":[1],"tags":[703,130,170,746,142,146,129,370,310],"class_list":["post-2397","post","type-post","status-publish","format-standard","has-post-thumbnail","hentry","category-faits-divers","tag-asce-lc","tag-brigade-mobile-de-controle-economique-et-de-la-repression-des-fraudes","tag-coordination-nationale-de-lutte-contre-la-fraude","tag-direction-generale-des-douanes","tag-douane","tag-douanes-du-burkina-faso","tag-fraude","tag-observatoire-pour-la-celerite-des-operations-douanieres-au-burkina-faso","tag-organisation-mondiale-des-douanes"],"yoast_head":"<!-- This site is optimized with the Yoast SEO plugin v27.5 - https:\/\/yoast.com\/product\/yoast-seo-wordpress\/ -->\n<title>Carnet d\u2019audience du Directeur g\u00e9n\u00e9ral des Douanes : Renforcement des synergies avec l\u2019ABNORM et le CNLF - Vox Sahel<\/title>\n<meta name=\"robots\" content=\"index, follow, max-snippet:-1, max-image-preview:large, max-video-preview:-1\" \/>\n<link rel=\"canonical\" href=\"https:\/\/voxsahel.com\/?p=2397\" \/>\n<meta property=\"og:locale\" content=\"fr_FR\" \/>\n<meta property=\"og:type\" content=\"article\" \/>\n<meta property=\"og:title\" content=\"Carnet d\u2019audience du Directeur g\u00e9n\u00e9ral des Douanes : Renforcement des synergies avec l\u2019ABNORM et le CNLF - Vox Sahel\" \/>\n<meta property=\"og:description\" content=\"Ce mardi 22 juillet 2025, le Directeur G\u00e9n\u00e9ral des Douanes, l\u2019Inspecteur divisionnaire Yves KAFANDO, a\" \/>\n<meta property=\"og:url\" content=\"https:\/\/voxsahel.com\/?p=2397\" \/>\n<meta property=\"og:site_name\" content=\"Vox Sahel\" \/>\n<meta property=\"article:publisher\" content=\"https:\/\/www.facebook.com\/journal.voxsahel\" \/>\n<meta property=\"article:published_time\" content=\"2025-07-24T23:19:02+00:00\" \/>\n<meta property=\"og:image\" content=\"https:\/\/voxsahel.com\/wp-content\/uploads\/2025\/07\/b6bd91af-7d50-4620-a12e-1df2770ca2fa.jpeg\" \/>\n\t<meta property=\"og:image:width\" content=\"1080\" \/>\n\t<meta property=\"og:image:height\" content=\"620\" \/>\n\t<meta property=\"og:image:type\" content=\"image\/jpeg\" \/>\n<meta name=\"author\" content=\"Vox Sahel\" \/>\n<meta name=\"twitter:card\" content=\"summary_large_image\" \/>\n<meta name=\"twitter:label1\" content=\"\u00c9crit par\" \/>\n\t<meta name=\"twitter:data1\" content=\"Vox Sahel\" \/>\n\t<meta name=\"twitter:label2\" content=\"Dur\u00e9e de lecture estim\u00e9e\" \/>\n\t<meta name=\"twitter:data2\" content=\"2 minutes\" \/>\n<script type=\"application\/ld+json\" class=\"yoast-schema-graph\">{\"@context\":\"https:\\\/\\\/schema.org\",\"@graph\":[{\"@type\":\"Article\",\"@id\":\"https:\\\/\\\/voxsahel.com\\\/?p=2397#article\",\"isPartOf\":{\"@id\":\"https:\\\/\\\/voxsahel.com\\\/?p=2397\"},\"author\":{\"name\":\"Vox Sahel\",\"@id\":\"https:\\\/\\\/voxsahel.com\\\/#\\\/schema\\\/person\\\/b4043608248f8fa227cd760e7ff1e19e\"},\"headline\":\"Carnet d\u2019audience du Directeur g\u00e9n\u00e9ral des Douanes : Renforcement des synergies avec l\u2019ABNORM et le CNLF\",\"datePublished\":\"2025-07-24T23:19:02+00:00\",\"mainEntityOfPage\":{\"@id\":\"https:\\\/\\\/voxsahel.com\\\/?p=2397\"},\"wordCount\":365,\"commentCount\":0,\"publisher\":{\"@id\":\"https:\\\/\\\/voxsahel.com\\\/#organization\"},\"image\":{\"@id\":\"https:\\\/\\\/voxsahel.com\\\/?p=2397#primaryimage\"},\"thumbnailUrl\":\"https:\\\/\\\/voxsahel.com\\\/wp-content\\\/uploads\\\/2025\\\/07\\\/b6bd91af-7d50-4620-a12e-1df2770ca2fa.jpeg\",\"keywords\":[\"ASCE-LC\",\"Brigade Mobile de Contr\u00f4le \u00c9conomique et de la R\u00e9pression des Fraudes\",\"Coordination Nationale de Lutte contre la Fraude\",\"Direction g\u00e9n\u00e9rale des Douanes\",\"Douane\",\"Douanes du Burkina Faso\",\"Fraude\",\"Observatoire pour la c\u00e9l\u00e9rit\u00e9 des op\u00e9rations douani\u00e8res au Burkina Faso\",\"Organisation mondiale des Douanes\"],\"articleSection\":[\"FAITS DIVERS\"],\"inLanguage\":\"fr-FR\",\"potentialAction\":[{\"@type\":\"CommentAction\",\"name\":\"Comment\",\"target\":[\"https:\\\/\\\/voxsahel.com\\\/?p=2397#respond\"]}]},{\"@type\":\"WebPage\",\"@id\":\"https:\\\/\\\/voxsahel.com\\\/?p=2397\",\"url\":\"https:\\\/\\\/voxsahel.com\\\/?p=2397\",\"name\":\"Carnet d\u2019audience du Directeur g\u00e9n\u00e9ral des Douanes : Renforcement des synergies avec l\u2019ABNORM et le CNLF - Vox Sahel\",\"isPartOf\":{\"@id\":\"https:\\\/\\\/voxsahel.com\\\/#website\"},\"primaryImageOfPage\":{\"@id\":\"https:\\\/\\\/voxsahel.com\\\/?p=2397#primaryimage\"},\"image\":{\"@id\":\"https:\\\/\\\/voxsahel.com\\\/?p=2397#primaryimage\"},\"thumbnailUrl\":\"https:\\\/\\\/voxsahel.com\\\/wp-content\\\/uploads\\\/2025\\\/07\\\/b6bd91af-7d50-4620-a12e-1df2770ca2fa.jpeg\",\"datePublished\":\"2025-07-24T23:19:02+00:00\",\"breadcrumb\":{\"@id\":\"https:\\\/\\\/voxsahel.com\\\/?p=2397#breadcrumb\"},\"inLanguage\":\"fr-FR\",\"potentialAction\":[{\"@type\":\"ReadAction\",\"target\":[\"https:\\\/\\\/voxsahel.com\\\/?p=2397\"]}]},{\"@type\":\"ImageObject\",\"inLanguage\":\"fr-FR\",\"@id\":\"https:\\\/\\\/voxsahel.com\\\/?p=2397#primaryimage\",\"url\":\"https:\\\/\\\/voxsahel.com\\\/wp-content\\\/uploads\\\/2025\\\/07\\\/b6bd91af-7d50-4620-a12e-1df2770ca2fa.jpeg\",\"contentUrl\":\"https:\\\/\\\/voxsahel.com\\\/wp-content\\\/uploads\\\/2025\\\/07\\\/b6bd91af-7d50-4620-a12e-1df2770ca2fa.jpeg\",\"width\":1080,\"height\":620},{\"@type\":\"BreadcrumbList\",\"@id\":\"https:\\\/\\\/voxsahel.com\\\/?p=2397#breadcrumb\",\"itemListElement\":[{\"@type\":\"ListItem\",\"position\":1,\"name\":\"Home\",\"item\":\"https:\\\/\\\/voxsahel.com\\\/\"},{\"@type\":\"ListItem\",\"position\":2,\"name\":\"Carnet d\u2019audience du Directeur g\u00e9n\u00e9ral des Douanes : Renforcement des synergies avec l\u2019ABNORM et le CNLF\"}]},{\"@type\":\"WebSite\",\"@id\":\"https:\\\/\\\/voxsahel.com\\\/#website\",\"url\":\"https:\\\/\\\/voxsahel.com\\\/\",\"name\":\"Vox Sahel\",\"description\":\"Informez-vous sur le Sahel en un clic\",\"publisher\":{\"@id\":\"https:\\\/\\\/voxsahel.com\\\/#organization\"},\"potentialAction\":[{\"@type\":\"SearchAction\",\"target\":{\"@type\":\"EntryPoint\",\"urlTemplate\":\"https:\\\/\\\/voxsahel.com\\\/?s={search_term_string}\"},\"query-input\":{\"@type\":\"PropertyValueSpecification\",\"valueRequired\":true,\"valueName\":\"search_term_string\"}}],\"inLanguage\":\"fr-FR\"},{\"@type\":\"Organization\",\"@id\":\"https:\\\/\\\/voxsahel.com\\\/#organization\",\"name\":\"Vox Sahel\",\"url\":\"https:\\\/\\\/voxsahel.com\\\/\",\"logo\":{\"@type\":\"ImageObject\",\"inLanguage\":\"fr-FR\",\"@id\":\"https:\\\/\\\/voxsahel.com\\\/#\\\/schema\\\/logo\\\/image\\\/\",\"url\":\"https:\\\/\\\/voxsahel.com\\\/wp-content\\\/uploads\\\/2024\\\/09\\\/Logo-Vox-Sahel.jpg\",\"contentUrl\":\"https:\\\/\\\/voxsahel.com\\\/wp-content\\\/uploads\\\/2024\\\/09\\\/Logo-Vox-Sahel.jpg\",\"width\":1181,\"height\":848,\"caption\":\"Vox Sahel\"},\"image\":{\"@id\":\"https:\\\/\\\/voxsahel.com\\\/#\\\/schema\\\/logo\\\/image\\\/\"},\"sameAs\":[\"https:\\\/\\\/www.facebook.com\\\/journal.voxsahel\"]},{\"@type\":\"Person\",\"@id\":\"https:\\\/\\\/voxsahel.com\\\/#\\\/schema\\\/person\\\/b4043608248f8fa227cd760e7ff1e19e\",\"name\":\"Vox Sahel\",\"image\":{\"@type\":\"ImageObject\",\"inLanguage\":\"fr-FR\",\"@id\":\"https:\\\/\\\/secure.gravatar.com\\\/avatar\\\/f70e7fa0cb9b29d4a7c5788d6eb2e9ab4d3135cbae1c9161810fdf77a8964699?s=96&d=mm&r=g\",\"url\":\"https:\\\/\\\/secure.gravatar.com\\\/avatar\\\/f70e7fa0cb9b29d4a7c5788d6eb2e9ab4d3135cbae1c9161810fdf77a8964699?s=96&d=mm&r=g\",\"contentUrl\":\"https:\\\/\\\/secure.gravatar.com\\\/avatar\\\/f70e7fa0cb9b29d4a7c5788d6eb2e9ab4d3135cbae1c9161810fdf77a8964699?s=96&d=mm&r=g\",\"caption\":\"Vox Sahel\"},\"sameAs\":[\"http:\\\/\\\/www.voxsahel.com\"],\"url\":\"https:\\\/\\\/voxsahel.com\\\/?author=2\"}]}<\/script>\n<!-- \/ Yoast SEO plugin. -->","yoast_head_json":{"title":"Carnet d\u2019audience du Directeur g\u00e9n\u00e9ral des Douanes : Renforcement des synergies avec l\u2019ABNORM et le CNLF - Vox Sahel","robots":{"index":"index","follow":"follow","max-snippet":"max-snippet:-1","max-image-preview":"max-image-preview:large","max-video-preview":"max-video-preview:-1"},"canonical":"https:\/\/voxsahel.com\/?p=2397","og_locale":"fr_FR","og_type":"article","og_title":"Carnet d\u2019audience du Directeur g\u00e9n\u00e9ral des Douanes : Renforcement des synergies avec l\u2019ABNORM et le CNLF - Vox Sahel","og_description":"Ce mardi 22 juillet 2025, le Directeur G\u00e9n\u00e9ral des Douanes, l\u2019Inspecteur divisionnaire Yves KAFANDO, a","og_url":"https:\/\/voxsahel.com\/?p=2397","og_site_name":"Vox Sahel","article_publisher":"https:\/\/www.facebook.com\/journal.voxsahel","article_published_time":"2025-07-24T23:19:02+00:00","og_image":[{"width":1080,"height":620,"url":"https:\/\/voxsahel.com\/wp-content\/uploads\/2025\/07\/b6bd91af-7d50-4620-a12e-1df2770ca2fa.jpeg","type":"image\/jpeg"}],"author":"Vox Sahel","twitter_card":"summary_large_image","twitter_misc":{"\u00c9crit par":"Vox Sahel","Dur\u00e9e de lecture estim\u00e9e":"2 minutes"},"schema":{"@context":"https:\/\/schema.org","@graph":[{"@type":"Article","@id":"https:\/\/voxsahel.com\/?p=2397#article","isPartOf":{"@id":"https:\/\/voxsahel.com\/?p=2397"},"author":{"name":"Vox Sahel","@id":"https:\/\/voxsahel.com\/#\/schema\/person\/b4043608248f8fa227cd760e7ff1e19e"},"headline":"Carnet d\u2019audience du Directeur g\u00e9n\u00e9ral des Douanes : Renforcement des synergies avec l\u2019ABNORM et le CNLF","datePublished":"2025-07-24T23:19:02+00:00","mainEntityOfPage":{"@id":"https:\/\/voxsahel.com\/?p=2397"},"wordCount":365,"commentCount":0,"publisher":{"@id":"https:\/\/voxsahel.com\/#organization"},"image":{"@id":"https:\/\/voxsahel.com\/?p=2397#primaryimage"},"thumbnailUrl":"https:\/\/voxsahel.com\/wp-content\/uploads\/2025\/07\/b6bd91af-7d50-4620-a12e-1df2770ca2fa.jpeg","keywords":["ASCE-LC","Brigade Mobile de Contr\u00f4le \u00c9conomique et de la R\u00e9pression des Fraudes","Coordination Nationale de Lutte contre la Fraude","Direction g\u00e9n\u00e9rale des Douanes","Douane","Douanes du Burkina Faso","Fraude","Observatoire pour la c\u00e9l\u00e9rit\u00e9 des op\u00e9rations douani\u00e8res au Burkina Faso","Organisation mondiale des Douanes"],"articleSection":["FAITS DIVERS"],"inLanguage":"fr-FR","potentialAction":[{"@type":"CommentAction","name":"Comment","target":["https:\/\/voxsahel.com\/?p=2397#respond"]}]},{"@type":"WebPage","@id":"https:\/\/voxsahel.com\/?p=2397","url":"https:\/\/voxsahel.com\/?p=2397","name":"Carnet d\u2019audience du Directeur g\u00e9n\u00e9ral des Douanes : Renforcement des synergies avec l\u2019ABNORM et le CNLF - Vox Sahel","isPartOf":{"@id":"https:\/\/voxsahel.com\/#website"},"primaryImageOfPage":{"@id":"https:\/\/voxsahel.com\/?p=2397#primaryimage"},"image":{"@id":"https:\/\/voxsahel.com\/?p=2397#primaryimage"},"thumbnailUrl":"https:\/\/voxsahel.com\/wp-content\/uploads\/2025\/07\/b6bd91af-7d50-4620-a12e-1df2770ca2fa.jpeg","datePublished":"2025-07-24T23:19:02+00:00","breadcrumb":{"@id":"https:\/\/voxsahel.com\/?p=2397#breadcrumb"},"inLanguage":"fr-FR","potentialAction":[{"@type":"ReadAction","target":["https:\/\/voxsahel.com\/?p=2397"]}]},{"@type":"ImageObject","inLanguage":"fr-FR","@id":"https:\/\/voxsahel.com\/?p=2397#primaryimage","url":"https:\/\/voxsahel.com\/wp-content\/uploads\/2025\/07\/b6bd91af-7d50-4620-a12e-1df2770ca2fa.jpeg","contentUrl":"https:\/\/voxsahel.com\/wp-content\/uploads\/2025\/07\/b6bd91af-7d50-4620-a12e-1df2770ca2fa.jpeg","width":1080,"height":620},{"@type":"BreadcrumbList","@id":"https:\/\/voxsahel.com\/?p=2397#breadcrumb","itemListElement":[{"@type":"ListItem","position":1,"name":"Home","item":"https:\/\/voxsahel.com\/"},{"@type":"ListItem","position":2,"name":"Carnet d\u2019audience du Directeur g\u00e9n\u00e9ral des Douanes : Renforcement des synergies avec l\u2019ABNORM et le CNLF"}]},{"@type":"WebSite","@id":"https:\/\/voxsahel.com\/#website","url":"https:\/\/voxsahel.com\/","name":"Vox Sahel","description":"Informez-vous sur le Sahel en un clic","publisher":{"@id":"https:\/\/voxsahel.com\/#organization"},"potentialAction":[{"@type":"SearchAction","target":{"@type":"EntryPoint","urlTemplate":"https:\/\/voxsahel.com\/?s={search_term_string}"},"query-input":{"@type":"PropertyValueSpecification","valueRequired":true,"valueName":"search_term_string"}}],"inLanguage":"fr-FR"},{"@type":"Organization","@id":"https:\/\/voxsahel.com\/#organization","name":"Vox Sahel","url":"https:\/\/voxsahel.com\/","logo":{"@type":"ImageObject","inLanguage":"fr-FR","@id":"https:\/\/voxsahel.com\/#\/schema\/logo\/image\/","url":"https:\/\/voxsahel.com\/wp-content\/uploads\/2024\/09\/Logo-Vox-Sahel.jpg","contentUrl":"https:\/\/voxsahel.com\/wp-content\/uploads\/2024\/09\/Logo-Vox-Sahel.jpg","width":1181,"height":848,"caption":"Vox Sahel"},"image":{"@id":"https:\/\/voxsahel.com\/#\/schema\/logo\/image\/"},"sameAs":["https:\/\/www.facebook.com\/journal.voxsahel"]},{"@type":"Person","@id":"https:\/\/voxsahel.com\/#\/schema\/person\/b4043608248f8fa227cd760e7ff1e19e","name":"Vox Sahel","image":{"@type":"ImageObject","inLanguage":"fr-FR","@id":"https:\/\/secure.gravatar.com\/avatar\/f70e7fa0cb9b29d4a7c5788d6eb2e9ab4d3135cbae1c9161810fdf77a8964699?s=96&d=mm&r=g","url":"https:\/\/secure.gravatar.com\/avatar\/f70e7fa0cb9b29d4a7c5788d6eb2e9ab4d3135cbae1c9161810fdf77a8964699?s=96&d=mm&r=g","contentUrl":"https:\/\/secure.gravatar.com\/avatar\/f70e7fa0cb9b29d4a7c5788d6eb2e9ab4d3135cbae1c9161810fdf77a8964699?s=96&d=mm&r=g","caption":"Vox Sahel"},"sameAs":["http:\/\/www.voxsahel.com"],"url":"https:\/\/voxsahel.com\/?author=2"}]}},"_links":{"self":[{"href":"https:\/\/voxsahel.com\/index.php?rest_route=\/wp\/v2\/posts\/2397","targetHints":{"allow":["GET"]}}],"collection":[{"href":"https:\/\/voxsahel.com\/index.php?rest_route=\/wp\/v2\/posts"}],"about":[{"href":"https:\/\/voxsahel.com\/index.php?rest_route=\/wp\/v2\/types\/post"}],"author":[{"embeddable":true,"href":"https:\/\/voxsahel.com\/index.php?rest_route=\/wp\/v2\/users\/2"}],"replies":[{"embeddable":true,"href":"https:\/\/voxsahel.com\/index.php?rest_route=%2Fwp%2Fv2%2Fcomments&post=2397"}],"version-history":[{"count":1,"href":"https:\/\/voxsahel.com\/index.php?rest_route=\/wp\/v2\/posts\/2397\/revisions"}],"predecessor-version":[{"id":2399,"href":"https:\/\/voxsahel.com\/index.php?rest_route=\/wp\/v2\/posts\/2397\/revisions\/2399"}],"wp:featuredmedia":[{"embeddable":true,"href":"https:\/\/voxsahel.com\/index.php?rest_route=\/wp\/v2\/media\/2398"}],"wp:attachment":[{"href":"https:\/\/voxsahel.com\/index.php?rest_route=%2Fwp%2Fv2%2Fmedia&parent=2397"}],"wp:term":[{"taxonomy":"category","embeddable":true,"href":"https:\/\/voxsahel.com\/index.php?rest_route=%2Fwp%2Fv2%2Fcategories&post=2397"},{"taxonomy":"post_tag","embeddable":true,"href":"https:\/\/voxsahel.com\/index.php?rest_route=%2Fwp%2Fv2%2Ftags&post=2397"}],"curies":[{"name":"wp","href":"https:\/\/api.w.org\/{rel}","templated":true}]}}