{"id":2383,"date":"2025-07-21T18:13:02","date_gmt":"2025-07-21T18:13:02","guid":{"rendered":"https:\/\/voxsahel.com\/?p=2383"},"modified":"2025-07-21T18:13:02","modified_gmt":"2025-07-21T18:13:02","slug":"ibrahim-cisse-la-terre-qui-me-nourrit-cest-celle-a-laquelle-jappartiens","status":"publish","type":"post","link":"https:\/\/voxsahel.com\/?p=2383","title":{"rendered":"Ibrahim Ciss\u00e9 : \u00ab\u00a0La terre qui me nourrit, c\u2019est celle \u00e0 laquelle j\u2019appartiens\u00a0\u00bb"},"content":{"rendered":"<p><strong>Coiffeur professionnel \u00e0 Paris, ancien footballeur, promoteur de festivals et d\u00e9sormais \u00e9g\u00e9rie de la marque <em>Be Free<\/em>, Ibrahim Ciss\u00e9 incarne la polyvalence et la d\u00e9termination. Entre les salons, les terrains de football et les podiums, il partage son parcours atypique, son engagement pour la valorisation des m\u00e9tiers manuels et son attachement \u00e0 l\u2019Afrique, notamment au Burkina Faso, o\u00f9 il r\u00eave d\u2019organiser un festival de coiffure \u00e0 port\u00e9e \u00e9ducative. <\/strong><\/p>\n<p><strong>Pr\u00e9sentez-vous\u00a0 \u00e0 nos lecteurs <\/strong><\/p>\n<p><strong>Je suis Ibrahim Ciss\u00e9<\/strong>, coiffeur professionnel \u00e0 Paris, promoteur de festivals en C\u00f4te d&rsquo;Ivoire. J\u2019ai organis\u00e9 trois \u00e9ditions de festivals d\u00e9di\u00e9s \u00e0 la coiffure et \u00e0 l&rsquo;artisanat. Aujourd\u2019hui, une nouvelle corde s\u2019ajoute \u00e0 mon arc : je suis \u00e9g\u00e9rie pour ne pas dire mannequin de la marque <em>Be Free<\/em>.<\/p>\n<p><strong>Depuis combien de temps exercez-vous ce m\u00e9tier de coiffeur ?<\/strong><\/p>\n<p>Professionnellement, depuis 2017. Mais j\u2019ai commenc\u00e9 bien avant, sauf que ce n\u2019\u00e9tait pas encore dans un cadre professionnel. Aujourd\u2019hui, on parle de <em>coiffeur professionnel<\/em>, ce qui est diff\u00e9rent du simple fait de savoir coiffer.<\/p>\n<p><strong>Qu\u2019est-ce qui vous a pouss\u00e9 \u00e0 devenir coiffeur ?<\/strong><\/p>\n<p>Ce n\u2019\u00e9tait pas pr\u00e9vu. \u00c0 la base, je coiffais sans penser en faire un m\u00e9tier. J\u2019avais m\u00eame rejet\u00e9 l\u2019id\u00e9e d\u2019en faire une profession. Mais un jour, par hasard, j\u2019ai rencontr\u00e9 quelqu\u2019un qui m\u2019a fait entrer dans un <em>concept barbershop<\/em>. Et l\u00e0, c\u2019\u00e9tait une ambiance compl\u00e8tement diff\u00e9rente de celle des salons de coiffure classiques, souvent f\u00e9minins. Dans ce barbershop, il y avait une autre \u00e9nergie, une v\u00e9ritable comp\u00e9tition : 4 postes pour 6 coiffeurs. Il fallait \u00eatre dynamique pour s\u2019imposer. C\u2019est cette comp\u00e9tition qui m\u2019a accroch\u00e9. C\u2019est \u00e0 ce moment-l\u00e0 que je me suis reconnu comme coiffeur. Avant cela, j\u2019avais test\u00e9 d\u2019autres m\u00e9tiers.<\/p>\n<p><strong>Formation professionnelle ou autodidacte ?<\/strong><\/p>\n<p>Autodidacte.<\/p>\n<p><strong>Vous coiffez aujourd\u2019hui des footballeurs professionnels, notamment les \u00c9talons du Burkina Faso. Comment cela a-t-il commenc\u00e9 ?<\/strong><\/p>\n<p>J\u2019ai aussi une formation de footballeur. Je viens de l\u2019acad\u00e9mie Ivoire S-Acad\u00e9mie. J\u2019ai tent\u00e9 une carri\u00e8re en Europe, et j\u2019ai eu la chance de jouer dans un club professionnel en Hongrie. M\u00eame si \u00e7a n\u2019a pas dur\u00e9, j\u2019ai gard\u00e9 ce lien avec le monde du football. Par l\u2019interm\u00e9diaire de Checkier Photo \u00e0 Paris, j\u2019ai eu l\u2019occasion d\u2019aller coiffer les \u00c9talons pour la premi\u00e8re fois au Maroc. Une connexion s\u2019est \u00e9tablie au-del\u00e0 de la coiffure : on parlait aussi de football. Je pense que ce lien, cette attention que je leur porte, a jou\u00e9 en ma faveur. Certains me consid\u00e8rent m\u00eame comme un grand fr\u00e8re. Je joue un r\u00f4le moral aussi dans la s\u00e9lection.<\/p>\n<p><strong>Quel a \u00e9t\u00e9 le premier joueur professionnel que vous avez coiff\u00e9 ?<\/strong><\/p>\n<p>Harouna Kon\u00e9, un ancien international ivoirien de la g\u00e9n\u00e9ration de Didier Drogba.<\/p>\n<p><strong>Les joueurs viennent-ils naturellement \u00e0 vous ou est-ce vous qui allez vers eux ?<\/strong><\/p>\n<p>C\u2019est mon nom qui m\u2019a pr\u00e9c\u00e9d\u00e9. Je m\u2019\u00e9tais d\u00e9j\u00e0 fait un nom avant d\u2019entrer en s\u00e9lection. Je coiffe aussi des artistes. Je n\u2019attends pas d\u2019aller vers eux, je cr\u00e9e un univers qui les attire vers moi. J\u2019ai un concept atypique, une identit\u00e9 forte, et les gens viennent \u00e0 moi pour d\u00e9couvrir ce que je fais.<\/p>\n<p><strong>Pensez-vous que votre travail contribue \u00e0 renforcer la confiance des joueurs sur le terrain ?<\/strong><\/p>\n<p>Oui. Les footballeurs sont des artistes. Ils ont une image \u00e0 maintenir, une fanbase \u00e0 s\u00e9duire. Leur apparence compte, tout comme leur \u00e9tat d\u2019esprit. Et le coiffeur joue un r\u00f4le psychologique important. Certains voyagent m\u00eame avec leur coiffeur. Ils ont besoin de se sentir en confiance. Pour faire partie de leur univers priv\u00e9, il faut qu\u2019ils aient confiance en toi.<\/p>\n<p><strong>Avez-vous cr\u00e9\u00e9 une coupe qui a fait le tour du monde ?<\/strong><\/p>\n<p>Oui. Ma marque de v\u00eatements <em>Atypique<\/em> vient d\u2019une coupe de cheveux que j\u2019ai moi-m\u00eame cr\u00e9\u00e9e. Elle m\u2019a inspir\u00e9 le logo de la marque. <em>Atypique<\/em> circule aujourd\u2019hui entre l\u2019Europe et l\u2019Afrique. Chaque coupe a son histoire, donc je ne peux pas en d\u00e9signer une seule.<\/p>\n<p><strong>Vous \u00eates aussi promoteur de festivals ?<\/strong><\/p>\n<p>Oui. Mon p\u00e8re \u00e9tait instituteur et m\u2019a transmis l\u2019amour de la transmission. Mon objectif est de valoriser les m\u00e9tiers manuels comme la coiffure, la couture, souvent per\u00e7us comme des voies d\u2019\u00e9chec. \u00c0 travers ce festival, je veux \u00e9veiller la jeunesse et leur offrir une seconde chance.<\/p>\n<p><strong>Vous \u00eates \u00e0 quelle \u00e9dition ?<\/strong><\/p>\n<p>\u00c0 la troisi\u00e8me. J\u2019envisage une \u00e9dition \u00e0 Ouagadougou. Je suis panafricaniste avant d\u2019\u00eatre Ivoirien. Cette ann\u00e9e, j\u2019ai fait une pause \u00e0 cause de l\u2019\u00e9v\u00e9nement de <em>Be Free<\/em> et d\u2019un calendrier tr\u00e8s charg\u00e9. Je pr\u00e9vois une reprise en 2026. Les choses \u00e9voluent, la coiffure a chang\u00e9 de visage et commence \u00e0 \u00eatre valoris\u00e9e.<\/p>\n<p><strong>Comment vivez-vous ce m\u00e9lange culturel entre la C\u00f4te d\u2019Ivoire et le Burkina Faso ?<\/strong><\/p>\n<p>Je laisse la politique aux politiciens. Moi, je suis bien accueilli au Burkina Faso. Je vais l\u00e0 o\u00f9 mon m\u00e9tier m\u2019envoie. Je dis souvent que je n\u2019appartiens qu\u2019\u00e0 la terre qui me nourrit. Je me sens utile ici, et je profite de chaque instant.<\/p>\n<p><strong>Avez-vous des liens particuliers avec certains joueurs ?<\/strong><\/p>\n<p>C\u2019est une question de feeling. Certains viennent spontan\u00e9ment vers moi. J\u2019ai des coups de c\u0153ur comme Sacha Banss\u00e9, Mohamed Konat\u00e9, Steve Yago et Ibrahim Blati Tour\u00e9. Le plus proche de moi est Sacha Banss\u00e9.<\/p>\n<p><strong>\u00cates-vous pay\u00e9 au cachet ou par contrat ?<\/strong><\/p>\n<p>Je suis conscient de la chance que j\u2019ai. Parfois, je ne demande m\u00eame pas de r\u00e9mun\u00e9ration. Quand un match est perdu, on ne va pas r\u00e9clamer son argent. Et quand ils paient, ils le font g\u00e9n\u00e9reusement. Je veux juste \u00eatre utile, ne pas d\u00e9ranger. Le bilan est toujours positif.<\/p>\n<p><strong>Quel est votre plus gros cachet ?<\/strong><\/p>\n<p>Ce n\u2019\u00e9tait pas un cachet \u00e0 proprement parler, mais j\u2019ai d\u00e9j\u00e0 re\u00e7u 1 000 euros. Un geste honorable.<\/p>\n<p><strong>Comment \u00eates-vous devenu mannequin ?<\/strong><\/p>\n<p>J\u2019ai un concept fort. Je suis d\u00e9j\u00e0 mannequin dans mon salon. J\u2019aime les tenues \u00e9cossaises, les habits traditionnels. Cela attire le regard. Avec <em>Be Free<\/em>, nous avons trouv\u00e9 une belle connexion. Lors de son \u00e9v\u00e9nement, j\u2019ai coiff\u00e9 tous les mannequins pr\u00e9sents. Il m\u2019a propos\u00e9 de devenir l\u2019\u00e9g\u00e9rie de la marque. Ce fut une premi\u00e8re, et je l\u2019en remercie.<\/p>\n<p><strong>Comment g\u00e9rez-vous toutes vos activit\u00e9s ?<\/strong><\/p>\n<p>Avec de la passion. Quand on aime ce qu\u2019on fait, tout devient fluide. Il y a aussi une dimension spirituelle dans ce que je fais. C\u2019est divin.<\/p>\n<p><strong>Des projets ?<\/strong><\/p>\n<p>\u00c0 court terme, retourner en s\u00e9lection apr\u00e8s l\u2019\u00e9chec de 2024. J\u2019aimerais aussi organiser un festival de coiffure \u00e0 Ouaga, qui soit \u00e0 la fois p\u00e9dagogique et \u00e9ducatif. Mais pour cela, il nous faut des soutiens, des sponsors.<\/p>\n<p><strong>Y a-t-il un joueur que vous r\u00eavez de coiffer ?<\/strong><\/p>\n<p>Oui, je r\u00eave un jour d\u2019\u00eatre le coiffeur personnel d\u2019une grande c\u00e9l\u00e9brit\u00e9, qu\u2019elle soit politique ou sportive. Et pourquoi pas coiffer le pr\u00e9sident de la R\u00e9publique ? Ce serait une mani\u00e8re de prouver que tout est possible, m\u00eame en venant de la coiffure.<\/p>\n<p><strong>Quelle est la place du coiffeur dans l\u2019univers du football ?<\/strong><\/p>\n<p>Elle est essentielle, comme dans la vie quotidienne. Le coiffeur joue un r\u00f4le dans le bien-\u00eatre, la confiance en soi. C\u2019est presque un m\u00e9decin psychologique. Il \u00e9coute, il conseille. Il doit se rendre compte de sa valeur.<\/p>\n<p><strong>Un message \u00e0 la jeunesse burkinab\u00e8 ?<\/strong><\/p>\n<p>Formez-vous. Il ne faut pas r\u00eaver sans pr\u00e9paration. Choisissez un m\u00e9tier et apprenez-le avec des professionnels. Moi, je suis autodidacte, j\u2019avais un bon niveau scolaire et j\u2019ai voyag\u00e9, mais tout le monde n\u2019a pas le m\u00eame parcours. R\u00eaver, c\u2019est bien. Se pr\u00e9parer, c\u2019est mieux. La vie est juste : chacun r\u00e9colte ce qu\u2019il s\u00e8me.<\/p>\n<p><strong>Un dernier mot ?<\/strong><\/p>\n<p>Je veux dire aux jeunes Africains que l\u2019Europe n\u2019est pas synonyme de bonheur. Le bonheur peut commencer l\u00e0 o\u00f9 on est n\u00e9s. Le Burkina m\u2019a ouvert des portes. J\u2019ai \u00e9chou\u00e9, j\u2019ai pleur\u00e9, mais je n\u2019ai jamais abandonn\u00e9. Et aujourd\u2019hui, je rends gr\u00e2ce \u00e0 Dieu.<\/p>\n<p style=\"text-align: right;\"><strong>Vox Sahel<\/strong><\/p>\n","protected":false},"excerpt":{"rendered":"<p>Coiffeur professionnel \u00e0 Paris, ancien footballeur, promoteur de festivals et d\u00e9sormais \u00e9g\u00e9rie de la marque<\/p>\n","protected":false},"author":2,"featured_media":2279,"comment_status":"open","ping_status":"open","sticky":false,"template":"","format":"standard","meta":{"_et_pb_use_builder":"","_et_pb_old_content":"","_et_gb_content_width":"","footnotes":""},"categories":[13,11,12],"tags":[18,844,65,40,35,34],"class_list":["post-2383","post","type-post","status-publish","format-standard","has-post-thumbnail","hentry","category-culture","category-interview","category-sports","tag-burkina-faso","tag-checkier-photo-de-paris","tag-culture","tag-federation-burkinabe-de-football","tag-football","tag-sport"],"yoast_head":"<!-- This site is optimized with the Yoast SEO plugin v27.5 - https:\/\/yoast.com\/product\/yoast-seo-wordpress\/ -->\n<title>Ibrahim Ciss\u00e9 : \u00ab\u00a0La terre qui me nourrit, c\u2019est celle \u00e0 laquelle j\u2019appartiens\u00a0\u00bb - Vox Sahel<\/title>\n<meta name=\"robots\" content=\"index, follow, max-snippet:-1, max-image-preview:large, max-video-preview:-1\" \/>\n<link rel=\"canonical\" href=\"https:\/\/voxsahel.com\/?p=2383\" \/>\n<meta property=\"og:locale\" content=\"fr_FR\" \/>\n<meta property=\"og:type\" content=\"article\" \/>\n<meta property=\"og:title\" content=\"Ibrahim Ciss\u00e9 : \u00ab\u00a0La terre qui me nourrit, c\u2019est celle \u00e0 laquelle j\u2019appartiens\u00a0\u00bb - Vox Sahel\" \/>\n<meta property=\"og:description\" content=\"Coiffeur professionnel \u00e0 Paris, ancien footballeur, promoteur de festivals et d\u00e9sormais \u00e9g\u00e9rie de la marque\" \/>\n<meta property=\"og:url\" content=\"https:\/\/voxsahel.com\/?p=2383\" \/>\n<meta property=\"og:site_name\" content=\"Vox Sahel\" \/>\n<meta property=\"article:publisher\" content=\"https:\/\/www.facebook.com\/journal.voxsahel\" \/>\n<meta property=\"article:published_time\" content=\"2025-07-21T18:13:02+00:00\" \/>\n<meta property=\"og:image\" content=\"https:\/\/voxsahel.com\/wp-content\/uploads\/2025\/07\/IMG_1498.jpeg\" \/>\n\t<meta property=\"og:image:width\" content=\"1536\" \/>\n\t<meta property=\"og:image:height\" content=\"2048\" \/>\n\t<meta property=\"og:image:type\" content=\"image\/jpeg\" \/>\n<meta name=\"author\" content=\"Vox Sahel\" \/>\n<meta name=\"twitter:card\" content=\"summary_large_image\" \/>\n<meta name=\"twitter:label1\" content=\"\u00c9crit par\" \/>\n\t<meta name=\"twitter:data1\" content=\"Vox Sahel\" \/>\n\t<meta name=\"twitter:label2\" content=\"Dur\u00e9e de lecture estim\u00e9e\" \/>\n\t<meta name=\"twitter:data2\" content=\"7 minutes\" \/>\n<script type=\"application\/ld+json\" class=\"yoast-schema-graph\">{\"@context\":\"https:\\\/\\\/schema.org\",\"@graph\":[{\"@type\":\"Article\",\"@id\":\"https:\\\/\\\/voxsahel.com\\\/?p=2383#article\",\"isPartOf\":{\"@id\":\"https:\\\/\\\/voxsahel.com\\\/?p=2383\"},\"author\":{\"name\":\"Vox Sahel\",\"@id\":\"https:\\\/\\\/voxsahel.com\\\/#\\\/schema\\\/person\\\/b4043608248f8fa227cd760e7ff1e19e\"},\"headline\":\"Ibrahim Ciss\u00e9 : \u00ab\u00a0La terre qui me nourrit, c\u2019est celle \u00e0 laquelle j\u2019appartiens\u00a0\u00bb\",\"datePublished\":\"2025-07-21T18:13:02+00:00\",\"mainEntityOfPage\":{\"@id\":\"https:\\\/\\\/voxsahel.com\\\/?p=2383\"},\"wordCount\":1428,\"commentCount\":0,\"publisher\":{\"@id\":\"https:\\\/\\\/voxsahel.com\\\/#organization\"},\"image\":{\"@id\":\"https:\\\/\\\/voxsahel.com\\\/?p=2383#primaryimage\"},\"thumbnailUrl\":\"https:\\\/\\\/voxsahel.com\\\/wp-content\\\/uploads\\\/2025\\\/07\\\/IMG_1498.jpeg\",\"keywords\":[\"Burkina Faso\",\"Checkier Photo de Paris\",\"Culture\",\"F\u00e9d\u00e9ration Burkinab\u00e8 de Football\",\"Football\",\"Sport\"],\"articleSection\":[\"CULTURE\",\"INTERVIEW\",\"SPORTS\"],\"inLanguage\":\"fr-FR\",\"potentialAction\":[{\"@type\":\"CommentAction\",\"name\":\"Comment\",\"target\":[\"https:\\\/\\\/voxsahel.com\\\/?p=2383#respond\"]}]},{\"@type\":\"WebPage\",\"@id\":\"https:\\\/\\\/voxsahel.com\\\/?p=2383\",\"url\":\"https:\\\/\\\/voxsahel.com\\\/?p=2383\",\"name\":\"Ibrahim Ciss\u00e9 : \u00ab\u00a0La terre qui me nourrit, c\u2019est celle \u00e0 laquelle j\u2019appartiens\u00a0\u00bb - Vox Sahel\",\"isPartOf\":{\"@id\":\"https:\\\/\\\/voxsahel.com\\\/#website\"},\"primaryImageOfPage\":{\"@id\":\"https:\\\/\\\/voxsahel.com\\\/?p=2383#primaryimage\"},\"image\":{\"@id\":\"https:\\\/\\\/voxsahel.com\\\/?p=2383#primaryimage\"},\"thumbnailUrl\":\"https:\\\/\\\/voxsahel.com\\\/wp-content\\\/uploads\\\/2025\\\/07\\\/IMG_1498.jpeg\",\"datePublished\":\"2025-07-21T18:13:02+00:00\",\"breadcrumb\":{\"@id\":\"https:\\\/\\\/voxsahel.com\\\/?p=2383#breadcrumb\"},\"inLanguage\":\"fr-FR\",\"potentialAction\":[{\"@type\":\"ReadAction\",\"target\":[\"https:\\\/\\\/voxsahel.com\\\/?p=2383\"]}]},{\"@type\":\"ImageObject\",\"inLanguage\":\"fr-FR\",\"@id\":\"https:\\\/\\\/voxsahel.com\\\/?p=2383#primaryimage\",\"url\":\"https:\\\/\\\/voxsahel.com\\\/wp-content\\\/uploads\\\/2025\\\/07\\\/IMG_1498.jpeg\",\"contentUrl\":\"https:\\\/\\\/voxsahel.com\\\/wp-content\\\/uploads\\\/2025\\\/07\\\/IMG_1498.jpeg\",\"width\":1536,\"height\":2048},{\"@type\":\"BreadcrumbList\",\"@id\":\"https:\\\/\\\/voxsahel.com\\\/?p=2383#breadcrumb\",\"itemListElement\":[{\"@type\":\"ListItem\",\"position\":1,\"name\":\"Home\",\"item\":\"https:\\\/\\\/voxsahel.com\\\/\"},{\"@type\":\"ListItem\",\"position\":2,\"name\":\"Ibrahim Ciss\u00e9 : \u00ab\u00a0La terre qui me nourrit, c\u2019est celle \u00e0 laquelle j\u2019appartiens\u00a0\u00bb\"}]},{\"@type\":\"WebSite\",\"@id\":\"https:\\\/\\\/voxsahel.com\\\/#website\",\"url\":\"https:\\\/\\\/voxsahel.com\\\/\",\"name\":\"Vox Sahel\",\"description\":\"Informez-vous sur le Sahel en un clic\",\"publisher\":{\"@id\":\"https:\\\/\\\/voxsahel.com\\\/#organization\"},\"potentialAction\":[{\"@type\":\"SearchAction\",\"target\":{\"@type\":\"EntryPoint\",\"urlTemplate\":\"https:\\\/\\\/voxsahel.com\\\/?s={search_term_string}\"},\"query-input\":{\"@type\":\"PropertyValueSpecification\",\"valueRequired\":true,\"valueName\":\"search_term_string\"}}],\"inLanguage\":\"fr-FR\"},{\"@type\":\"Organization\",\"@id\":\"https:\\\/\\\/voxsahel.com\\\/#organization\",\"name\":\"Vox Sahel\",\"url\":\"https:\\\/\\\/voxsahel.com\\\/\",\"logo\":{\"@type\":\"ImageObject\",\"inLanguage\":\"fr-FR\",\"@id\":\"https:\\\/\\\/voxsahel.com\\\/#\\\/schema\\\/logo\\\/image\\\/\",\"url\":\"https:\\\/\\\/voxsahel.com\\\/wp-content\\\/uploads\\\/2024\\\/09\\\/Logo-Vox-Sahel.jpg\",\"contentUrl\":\"https:\\\/\\\/voxsahel.com\\\/wp-content\\\/uploads\\\/2024\\\/09\\\/Logo-Vox-Sahel.jpg\",\"width\":1181,\"height\":848,\"caption\":\"Vox Sahel\"},\"image\":{\"@id\":\"https:\\\/\\\/voxsahel.com\\\/#\\\/schema\\\/logo\\\/image\\\/\"},\"sameAs\":[\"https:\\\/\\\/www.facebook.com\\\/journal.voxsahel\"]},{\"@type\":\"Person\",\"@id\":\"https:\\\/\\\/voxsahel.com\\\/#\\\/schema\\\/person\\\/b4043608248f8fa227cd760e7ff1e19e\",\"name\":\"Vox Sahel\",\"image\":{\"@type\":\"ImageObject\",\"inLanguage\":\"fr-FR\",\"@id\":\"https:\\\/\\\/secure.gravatar.com\\\/avatar\\\/f70e7fa0cb9b29d4a7c5788d6eb2e9ab4d3135cbae1c9161810fdf77a8964699?s=96&d=mm&r=g\",\"url\":\"https:\\\/\\\/secure.gravatar.com\\\/avatar\\\/f70e7fa0cb9b29d4a7c5788d6eb2e9ab4d3135cbae1c9161810fdf77a8964699?s=96&d=mm&r=g\",\"contentUrl\":\"https:\\\/\\\/secure.gravatar.com\\\/avatar\\\/f70e7fa0cb9b29d4a7c5788d6eb2e9ab4d3135cbae1c9161810fdf77a8964699?s=96&d=mm&r=g\",\"caption\":\"Vox Sahel\"},\"sameAs\":[\"http:\\\/\\\/www.voxsahel.com\"],\"url\":\"https:\\\/\\\/voxsahel.com\\\/?author=2\"}]}<\/script>\n<!-- \/ Yoast SEO plugin. -->","yoast_head_json":{"title":"Ibrahim Ciss\u00e9 : \u00ab\u00a0La terre qui me nourrit, c\u2019est celle \u00e0 laquelle j\u2019appartiens\u00a0\u00bb - Vox Sahel","robots":{"index":"index","follow":"follow","max-snippet":"max-snippet:-1","max-image-preview":"max-image-preview:large","max-video-preview":"max-video-preview:-1"},"canonical":"https:\/\/voxsahel.com\/?p=2383","og_locale":"fr_FR","og_type":"article","og_title":"Ibrahim Ciss\u00e9 : \u00ab\u00a0La terre qui me nourrit, c\u2019est celle \u00e0 laquelle j\u2019appartiens\u00a0\u00bb - Vox Sahel","og_description":"Coiffeur professionnel \u00e0 Paris, ancien footballeur, promoteur de festivals et d\u00e9sormais \u00e9g\u00e9rie de la marque","og_url":"https:\/\/voxsahel.com\/?p=2383","og_site_name":"Vox Sahel","article_publisher":"https:\/\/www.facebook.com\/journal.voxsahel","article_published_time":"2025-07-21T18:13:02+00:00","og_image":[{"width":1536,"height":2048,"url":"https:\/\/voxsahel.com\/wp-content\/uploads\/2025\/07\/IMG_1498.jpeg","type":"image\/jpeg"}],"author":"Vox Sahel","twitter_card":"summary_large_image","twitter_misc":{"\u00c9crit par":"Vox Sahel","Dur\u00e9e de lecture estim\u00e9e":"7 minutes"},"schema":{"@context":"https:\/\/schema.org","@graph":[{"@type":"Article","@id":"https:\/\/voxsahel.com\/?p=2383#article","isPartOf":{"@id":"https:\/\/voxsahel.com\/?p=2383"},"author":{"name":"Vox Sahel","@id":"https:\/\/voxsahel.com\/#\/schema\/person\/b4043608248f8fa227cd760e7ff1e19e"},"headline":"Ibrahim Ciss\u00e9 : \u00ab\u00a0La terre qui me nourrit, c\u2019est celle \u00e0 laquelle j\u2019appartiens\u00a0\u00bb","datePublished":"2025-07-21T18:13:02+00:00","mainEntityOfPage":{"@id":"https:\/\/voxsahel.com\/?p=2383"},"wordCount":1428,"commentCount":0,"publisher":{"@id":"https:\/\/voxsahel.com\/#organization"},"image":{"@id":"https:\/\/voxsahel.com\/?p=2383#primaryimage"},"thumbnailUrl":"https:\/\/voxsahel.com\/wp-content\/uploads\/2025\/07\/IMG_1498.jpeg","keywords":["Burkina Faso","Checkier Photo de Paris","Culture","F\u00e9d\u00e9ration Burkinab\u00e8 de Football","Football","Sport"],"articleSection":["CULTURE","INTERVIEW","SPORTS"],"inLanguage":"fr-FR","potentialAction":[{"@type":"CommentAction","name":"Comment","target":["https:\/\/voxsahel.com\/?p=2383#respond"]}]},{"@type":"WebPage","@id":"https:\/\/voxsahel.com\/?p=2383","url":"https:\/\/voxsahel.com\/?p=2383","name":"Ibrahim Ciss\u00e9 : \u00ab\u00a0La terre qui me nourrit, c\u2019est celle \u00e0 laquelle j\u2019appartiens\u00a0\u00bb - Vox Sahel","isPartOf":{"@id":"https:\/\/voxsahel.com\/#website"},"primaryImageOfPage":{"@id":"https:\/\/voxsahel.com\/?p=2383#primaryimage"},"image":{"@id":"https:\/\/voxsahel.com\/?p=2383#primaryimage"},"thumbnailUrl":"https:\/\/voxsahel.com\/wp-content\/uploads\/2025\/07\/IMG_1498.jpeg","datePublished":"2025-07-21T18:13:02+00:00","breadcrumb":{"@id":"https:\/\/voxsahel.com\/?p=2383#breadcrumb"},"inLanguage":"fr-FR","potentialAction":[{"@type":"ReadAction","target":["https:\/\/voxsahel.com\/?p=2383"]}]},{"@type":"ImageObject","inLanguage":"fr-FR","@id":"https:\/\/voxsahel.com\/?p=2383#primaryimage","url":"https:\/\/voxsahel.com\/wp-content\/uploads\/2025\/07\/IMG_1498.jpeg","contentUrl":"https:\/\/voxsahel.com\/wp-content\/uploads\/2025\/07\/IMG_1498.jpeg","width":1536,"height":2048},{"@type":"BreadcrumbList","@id":"https:\/\/voxsahel.com\/?p=2383#breadcrumb","itemListElement":[{"@type":"ListItem","position":1,"name":"Home","item":"https:\/\/voxsahel.com\/"},{"@type":"ListItem","position":2,"name":"Ibrahim Ciss\u00e9 : \u00ab\u00a0La terre qui me nourrit, c\u2019est celle \u00e0 laquelle j\u2019appartiens\u00a0\u00bb"}]},{"@type":"WebSite","@id":"https:\/\/voxsahel.com\/#website","url":"https:\/\/voxsahel.com\/","name":"Vox Sahel","description":"Informez-vous sur le Sahel en un clic","publisher":{"@id":"https:\/\/voxsahel.com\/#organization"},"potentialAction":[{"@type":"SearchAction","target":{"@type":"EntryPoint","urlTemplate":"https:\/\/voxsahel.com\/?s={search_term_string}"},"query-input":{"@type":"PropertyValueSpecification","valueRequired":true,"valueName":"search_term_string"}}],"inLanguage":"fr-FR"},{"@type":"Organization","@id":"https:\/\/voxsahel.com\/#organization","name":"Vox Sahel","url":"https:\/\/voxsahel.com\/","logo":{"@type":"ImageObject","inLanguage":"fr-FR","@id":"https:\/\/voxsahel.com\/#\/schema\/logo\/image\/","url":"https:\/\/voxsahel.com\/wp-content\/uploads\/2024\/09\/Logo-Vox-Sahel.jpg","contentUrl":"https:\/\/voxsahel.com\/wp-content\/uploads\/2024\/09\/Logo-Vox-Sahel.jpg","width":1181,"height":848,"caption":"Vox Sahel"},"image":{"@id":"https:\/\/voxsahel.com\/#\/schema\/logo\/image\/"},"sameAs":["https:\/\/www.facebook.com\/journal.voxsahel"]},{"@type":"Person","@id":"https:\/\/voxsahel.com\/#\/schema\/person\/b4043608248f8fa227cd760e7ff1e19e","name":"Vox Sahel","image":{"@type":"ImageObject","inLanguage":"fr-FR","@id":"https:\/\/secure.gravatar.com\/avatar\/f70e7fa0cb9b29d4a7c5788d6eb2e9ab4d3135cbae1c9161810fdf77a8964699?s=96&d=mm&r=g","url":"https:\/\/secure.gravatar.com\/avatar\/f70e7fa0cb9b29d4a7c5788d6eb2e9ab4d3135cbae1c9161810fdf77a8964699?s=96&d=mm&r=g","contentUrl":"https:\/\/secure.gravatar.com\/avatar\/f70e7fa0cb9b29d4a7c5788d6eb2e9ab4d3135cbae1c9161810fdf77a8964699?s=96&d=mm&r=g","caption":"Vox Sahel"},"sameAs":["http:\/\/www.voxsahel.com"],"url":"https:\/\/voxsahel.com\/?author=2"}]}},"_links":{"self":[{"href":"https:\/\/voxsahel.com\/index.php?rest_route=\/wp\/v2\/posts\/2383","targetHints":{"allow":["GET"]}}],"collection":[{"href":"https:\/\/voxsahel.com\/index.php?rest_route=\/wp\/v2\/posts"}],"about":[{"href":"https:\/\/voxsahel.com\/index.php?rest_route=\/wp\/v2\/types\/post"}],"author":[{"embeddable":true,"href":"https:\/\/voxsahel.com\/index.php?rest_route=\/wp\/v2\/users\/2"}],"replies":[{"embeddable":true,"href":"https:\/\/voxsahel.com\/index.php?rest_route=%2Fwp%2Fv2%2Fcomments&post=2383"}],"version-history":[{"count":1,"href":"https:\/\/voxsahel.com\/index.php?rest_route=\/wp\/v2\/posts\/2383\/revisions"}],"predecessor-version":[{"id":2384,"href":"https:\/\/voxsahel.com\/index.php?rest_route=\/wp\/v2\/posts\/2383\/revisions\/2384"}],"wp:featuredmedia":[{"embeddable":true,"href":"https:\/\/voxsahel.com\/index.php?rest_route=\/wp\/v2\/media\/2279"}],"wp:attachment":[{"href":"https:\/\/voxsahel.com\/index.php?rest_route=%2Fwp%2Fv2%2Fmedia&parent=2383"}],"wp:term":[{"taxonomy":"category","embeddable":true,"href":"https:\/\/voxsahel.com\/index.php?rest_route=%2Fwp%2Fv2%2Fcategories&post=2383"},{"taxonomy":"post_tag","embeddable":true,"href":"https:\/\/voxsahel.com\/index.php?rest_route=%2Fwp%2Fv2%2Ftags&post=2383"}],"curies":[{"name":"wp","href":"https:\/\/api.w.org\/{rel}","templated":true}]}}