{"id":2379,"date":"2025-07-21T08:58:41","date_gmt":"2025-07-21T08:58:41","guid":{"rendered":"https:\/\/voxsahel.com\/?p=2379"},"modified":"2025-07-21T08:58:41","modified_gmt":"2025-07-21T08:58:41","slug":"athletisme-championnats-dafrique-u18-u20-le-burkina-faso-decroche-six-medailles-zalissa-zongo-en-or","status":"publish","type":"post","link":"https:\/\/voxsahel.com\/?p=2379","title":{"rendered":"Athl\u00e9tisme \u2013 Championnats d\u2019Afrique U18-U20 : Le Burkina Faso d\u00e9croche six m\u00e9dailles, Zalissa Zongo en or"},"content":{"rendered":"<p class=\"p1\">Le drapeau burkinab\u00e8 a brillamment flott\u00e9 lors des 3e Championnats d\u2019Afrique d\u2019athl\u00e9tisme combin\u00e9s U18-U20, o\u00f9 les jeunes \u00c9talons ont rafl\u00e9 six m\u00e9dailles, confirmant la mont\u00e9e en puissance de l\u2019athl\u00e9tisme national.<\/p>\n<p class=\"p1\"><span class=\"s1\">Figure de proue de la d\u00e9l\u00e9gation burkinab\u00e8, Zalissa ZONGO a sign\u00e9 une performance exceptionnelle en remportant la m\u00e9daille d\u2019or au triple saut chez les U18, apportant la plus haute distinction au pays lors de cette comp\u00e9tition continentale. Elle a \u00e9galement d\u00e9montr\u00e9 sa polyvalence en terminant vice-championne d\u2019Afrique en heptathlon, discipline reine des \u00e9preuves combin\u00e9es.<\/span><\/p>\n<p class=\"p1\"><span class=\"s1\">Aux c\u00f4t\u00e9s de Zalissa, Ali BERTHE s\u2019est illustr\u00e9 sur le 400 m\u00e8tres haies, s\u2019adjugeant la m\u00e9daille d\u2019argent apr\u00e8s une course tactique et engag\u00e9e. En cat\u00e9gorie U20, Awa ZONGO a \u00e9galement brill\u00e9 en remportant l\u2019argent au triple saut, et compl\u00e9tant sa moisson par une m\u00e9daille de bronze au saut en longueur.<\/span><\/p>\n<p class=\"p1\"><span class=\"s1\">Enfin, David ZELLA est mont\u00e9 sur la troisi\u00e8me marche du podium au saut en hauteur U20, concluant une belle moisson burkinab\u00e8 avec deux m\u00e9dailles de bronze.<\/span><\/p>\n<p class=\"p1\" style=\"text-align: center;\"><strong><span class=\"s1\">Une jeunesse prometteuse pour l\u2019athl\u00e9tisme burkinab\u00e8<\/span><\/strong><\/p>\n<p class=\"p1\"><span class=\"s1\">Avec six m\u00e9dailles au total (1 or, 3 argent, 2 bronze), le Burkina Faso signe une participation remarqu\u00e9e \u00e0 ces championnats. Ce bilan confirme les progr\u00e8s constants des jeunes athl\u00e8tes burkinab\u00e8 sur la sc\u00e8ne africaine et augure de belles perspectives pour les comp\u00e9titions internationales \u00e0 venir.<\/span><\/p>\n<p class=\"p1\"><span class=\"s1\">La F\u00e9d\u00e9ration burkinab\u00e8 d\u2019athl\u00e9tisme peut se f\u00e9liciter de ces r\u00e9sultats, fruits d\u2019un travail de fond en mati\u00e8re de d\u00e9tection, de formation et d\u2019accompagnement technique.<\/span><\/p>\n<p class=\"p1\"><span class=\"s1\">Le rendez-vous est d\u2019ores et d\u00e9j\u00e0 pris pour les prochains d\u00e9fis. Les regards sont d\u00e9sormais tourn\u00e9s vers les futurs championnats du monde juniors et les Jeux Africains, o\u00f9 ces talents en devenir pourraient une fois de plus faire parler d\u2019eux.<\/span><\/p>\n<p style=\"text-align: right;\"><b>Par Vox Sahel\u00a0<\/b><\/p>\n","protected":false},"excerpt":{"rendered":"<p>Le drapeau burkinab\u00e8 a brillamment flott\u00e9 lors des 3e Championnats d\u2019Afrique d\u2019athl\u00e9tisme combin\u00e9s U18-U20, o\u00f9<\/p>\n","protected":false},"author":2,"featured_media":2380,"comment_status":"open","ping_status":"open","sticky":false,"template":"","format":"standard","meta":{"_et_pb_use_builder":"","_et_pb_old_content":"","_et_gb_content_width":"","footnotes":""},"categories":[12],"tags":[565,18,34],"class_list":["post-2379","post","type-post","status-publish","format-standard","has-post-thumbnail","hentry","category-sports","tag-athletisme","tag-burkina-faso","tag-sport"],"yoast_head":"<!-- This site is optimized with the Yoast SEO plugin v27.5 - https:\/\/yoast.com\/product\/yoast-seo-wordpress\/ -->\n<title>Athl\u00e9tisme \u2013 Championnats d\u2019Afrique U18-U20 : Le Burkina Faso d\u00e9croche six m\u00e9dailles, Zalissa Zongo en or - Vox Sahel<\/title>\n<meta name=\"robots\" content=\"index, follow, max-snippet:-1, max-image-preview:large, max-video-preview:-1\" \/>\n<link rel=\"canonical\" href=\"https:\/\/voxsahel.com\/?p=2379\" \/>\n<meta property=\"og:locale\" content=\"fr_FR\" \/>\n<meta property=\"og:type\" content=\"article\" \/>\n<meta property=\"og:title\" content=\"Athl\u00e9tisme \u2013 Championnats d\u2019Afrique U18-U20 : Le Burkina Faso d\u00e9croche six m\u00e9dailles, Zalissa Zongo en or - Vox Sahel\" \/>\n<meta property=\"og:description\" content=\"Le drapeau burkinab\u00e8 a brillamment flott\u00e9 lors des 3e Championnats d\u2019Afrique d\u2019athl\u00e9tisme combin\u00e9s U18-U20, o\u00f9\" \/>\n<meta property=\"og:url\" content=\"https:\/\/voxsahel.com\/?p=2379\" \/>\n<meta property=\"og:site_name\" content=\"Vox Sahel\" \/>\n<meta property=\"article:publisher\" content=\"https:\/\/www.facebook.com\/journal.voxsahel\" \/>\n<meta property=\"article:published_time\" content=\"2025-07-21T08:58:41+00:00\" \/>\n<meta property=\"og:image\" content=\"https:\/\/voxsahel.com\/wp-content\/uploads\/2025\/07\/IMG_4472.jpeg\" \/>\n\t<meta property=\"og:image:width\" content=\"2048\" \/>\n\t<meta property=\"og:image:height\" content=\"2048\" \/>\n\t<meta property=\"og:image:type\" content=\"image\/jpeg\" \/>\n<meta name=\"author\" content=\"Vox Sahel\" \/>\n<meta name=\"twitter:card\" content=\"summary_large_image\" \/>\n<meta name=\"twitter:label1\" content=\"\u00c9crit par\" \/>\n\t<meta name=\"twitter:data1\" content=\"Vox Sahel\" \/>\n\t<meta name=\"twitter:label2\" content=\"Dur\u00e9e de lecture estim\u00e9e\" \/>\n\t<meta name=\"twitter:data2\" content=\"2 minutes\" \/>\n<script type=\"application\/ld+json\" class=\"yoast-schema-graph\">{\"@context\":\"https:\\\/\\\/schema.org\",\"@graph\":[{\"@type\":\"Article\",\"@id\":\"https:\\\/\\\/voxsahel.com\\\/?p=2379#article\",\"isPartOf\":{\"@id\":\"https:\\\/\\\/voxsahel.com\\\/?p=2379\"},\"author\":{\"name\":\"Vox Sahel\",\"@id\":\"https:\\\/\\\/voxsahel.com\\\/#\\\/schema\\\/person\\\/b4043608248f8fa227cd760e7ff1e19e\"},\"headline\":\"Athl\u00e9tisme \u2013 Championnats d\u2019Afrique U18-U20 : Le Burkina Faso d\u00e9croche six m\u00e9dailles, Zalissa Zongo en or\",\"datePublished\":\"2025-07-21T08:58:41+00:00\",\"mainEntityOfPage\":{\"@id\":\"https:\\\/\\\/voxsahel.com\\\/?p=2379\"},\"wordCount\":348,\"commentCount\":0,\"publisher\":{\"@id\":\"https:\\\/\\\/voxsahel.com\\\/#organization\"},\"image\":{\"@id\":\"https:\\\/\\\/voxsahel.com\\\/?p=2379#primaryimage\"},\"thumbnailUrl\":\"https:\\\/\\\/voxsahel.com\\\/wp-content\\\/uploads\\\/2025\\\/07\\\/IMG_4472.jpeg\",\"keywords\":[\"Athl\u00e9tisme\",\"Burkina Faso\",\"Sport\"],\"articleSection\":[\"SPORTS\"],\"inLanguage\":\"fr-FR\",\"potentialAction\":[{\"@type\":\"CommentAction\",\"name\":\"Comment\",\"target\":[\"https:\\\/\\\/voxsahel.com\\\/?p=2379#respond\"]}]},{\"@type\":\"WebPage\",\"@id\":\"https:\\\/\\\/voxsahel.com\\\/?p=2379\",\"url\":\"https:\\\/\\\/voxsahel.com\\\/?p=2379\",\"name\":\"Athl\u00e9tisme \u2013 Championnats d\u2019Afrique U18-U20 : Le Burkina Faso d\u00e9croche six m\u00e9dailles, Zalissa Zongo en or - Vox Sahel\",\"isPartOf\":{\"@id\":\"https:\\\/\\\/voxsahel.com\\\/#website\"},\"primaryImageOfPage\":{\"@id\":\"https:\\\/\\\/voxsahel.com\\\/?p=2379#primaryimage\"},\"image\":{\"@id\":\"https:\\\/\\\/voxsahel.com\\\/?p=2379#primaryimage\"},\"thumbnailUrl\":\"https:\\\/\\\/voxsahel.com\\\/wp-content\\\/uploads\\\/2025\\\/07\\\/IMG_4472.jpeg\",\"datePublished\":\"2025-07-21T08:58:41+00:00\",\"breadcrumb\":{\"@id\":\"https:\\\/\\\/voxsahel.com\\\/?p=2379#breadcrumb\"},\"inLanguage\":\"fr-FR\",\"potentialAction\":[{\"@type\":\"ReadAction\",\"target\":[\"https:\\\/\\\/voxsahel.com\\\/?p=2379\"]}]},{\"@type\":\"ImageObject\",\"inLanguage\":\"fr-FR\",\"@id\":\"https:\\\/\\\/voxsahel.com\\\/?p=2379#primaryimage\",\"url\":\"https:\\\/\\\/voxsahel.com\\\/wp-content\\\/uploads\\\/2025\\\/07\\\/IMG_4472.jpeg\",\"contentUrl\":\"https:\\\/\\\/voxsahel.com\\\/wp-content\\\/uploads\\\/2025\\\/07\\\/IMG_4472.jpeg\",\"width\":2048,\"height\":2048},{\"@type\":\"BreadcrumbList\",\"@id\":\"https:\\\/\\\/voxsahel.com\\\/?p=2379#breadcrumb\",\"itemListElement\":[{\"@type\":\"ListItem\",\"position\":1,\"name\":\"Home\",\"item\":\"https:\\\/\\\/voxsahel.com\\\/\"},{\"@type\":\"ListItem\",\"position\":2,\"name\":\"Athl\u00e9tisme \u2013 Championnats d\u2019Afrique U18-U20 : Le Burkina Faso d\u00e9croche six m\u00e9dailles, Zalissa Zongo en or\"}]},{\"@type\":\"WebSite\",\"@id\":\"https:\\\/\\\/voxsahel.com\\\/#website\",\"url\":\"https:\\\/\\\/voxsahel.com\\\/\",\"name\":\"Vox Sahel\",\"description\":\"Informez-vous sur le Sahel en un clic\",\"publisher\":{\"@id\":\"https:\\\/\\\/voxsahel.com\\\/#organization\"},\"potentialAction\":[{\"@type\":\"SearchAction\",\"target\":{\"@type\":\"EntryPoint\",\"urlTemplate\":\"https:\\\/\\\/voxsahel.com\\\/?s={search_term_string}\"},\"query-input\":{\"@type\":\"PropertyValueSpecification\",\"valueRequired\":true,\"valueName\":\"search_term_string\"}}],\"inLanguage\":\"fr-FR\"},{\"@type\":\"Organization\",\"@id\":\"https:\\\/\\\/voxsahel.com\\\/#organization\",\"name\":\"Vox Sahel\",\"url\":\"https:\\\/\\\/voxsahel.com\\\/\",\"logo\":{\"@type\":\"ImageObject\",\"inLanguage\":\"fr-FR\",\"@id\":\"https:\\\/\\\/voxsahel.com\\\/#\\\/schema\\\/logo\\\/image\\\/\",\"url\":\"https:\\\/\\\/voxsahel.com\\\/wp-content\\\/uploads\\\/2024\\\/09\\\/Logo-Vox-Sahel.jpg\",\"contentUrl\":\"https:\\\/\\\/voxsahel.com\\\/wp-content\\\/uploads\\\/2024\\\/09\\\/Logo-Vox-Sahel.jpg\",\"width\":1181,\"height\":848,\"caption\":\"Vox Sahel\"},\"image\":{\"@id\":\"https:\\\/\\\/voxsahel.com\\\/#\\\/schema\\\/logo\\\/image\\\/\"},\"sameAs\":[\"https:\\\/\\\/www.facebook.com\\\/journal.voxsahel\"]},{\"@type\":\"Person\",\"@id\":\"https:\\\/\\\/voxsahel.com\\\/#\\\/schema\\\/person\\\/b4043608248f8fa227cd760e7ff1e19e\",\"name\":\"Vox Sahel\",\"image\":{\"@type\":\"ImageObject\",\"inLanguage\":\"fr-FR\",\"@id\":\"https:\\\/\\\/secure.gravatar.com\\\/avatar\\\/f70e7fa0cb9b29d4a7c5788d6eb2e9ab4d3135cbae1c9161810fdf77a8964699?s=96&d=mm&r=g\",\"url\":\"https:\\\/\\\/secure.gravatar.com\\\/avatar\\\/f70e7fa0cb9b29d4a7c5788d6eb2e9ab4d3135cbae1c9161810fdf77a8964699?s=96&d=mm&r=g\",\"contentUrl\":\"https:\\\/\\\/secure.gravatar.com\\\/avatar\\\/f70e7fa0cb9b29d4a7c5788d6eb2e9ab4d3135cbae1c9161810fdf77a8964699?s=96&d=mm&r=g\",\"caption\":\"Vox Sahel\"},\"sameAs\":[\"http:\\\/\\\/www.voxsahel.com\"],\"url\":\"https:\\\/\\\/voxsahel.com\\\/?author=2\"}]}<\/script>\n<!-- \/ Yoast SEO plugin. -->","yoast_head_json":{"title":"Athl\u00e9tisme \u2013 Championnats d\u2019Afrique U18-U20 : Le Burkina Faso d\u00e9croche six m\u00e9dailles, Zalissa Zongo en or - Vox Sahel","robots":{"index":"index","follow":"follow","max-snippet":"max-snippet:-1","max-image-preview":"max-image-preview:large","max-video-preview":"max-video-preview:-1"},"canonical":"https:\/\/voxsahel.com\/?p=2379","og_locale":"fr_FR","og_type":"article","og_title":"Athl\u00e9tisme \u2013 Championnats d\u2019Afrique U18-U20 : Le Burkina Faso d\u00e9croche six m\u00e9dailles, Zalissa Zongo en or - Vox Sahel","og_description":"Le drapeau burkinab\u00e8 a brillamment flott\u00e9 lors des 3e Championnats d\u2019Afrique d\u2019athl\u00e9tisme combin\u00e9s U18-U20, o\u00f9","og_url":"https:\/\/voxsahel.com\/?p=2379","og_site_name":"Vox Sahel","article_publisher":"https:\/\/www.facebook.com\/journal.voxsahel","article_published_time":"2025-07-21T08:58:41+00:00","og_image":[{"width":2048,"height":2048,"url":"https:\/\/voxsahel.com\/wp-content\/uploads\/2025\/07\/IMG_4472.jpeg","type":"image\/jpeg"}],"author":"Vox Sahel","twitter_card":"summary_large_image","twitter_misc":{"\u00c9crit par":"Vox Sahel","Dur\u00e9e de lecture estim\u00e9e":"2 minutes"},"schema":{"@context":"https:\/\/schema.org","@graph":[{"@type":"Article","@id":"https:\/\/voxsahel.com\/?p=2379#article","isPartOf":{"@id":"https:\/\/voxsahel.com\/?p=2379"},"author":{"name":"Vox Sahel","@id":"https:\/\/voxsahel.com\/#\/schema\/person\/b4043608248f8fa227cd760e7ff1e19e"},"headline":"Athl\u00e9tisme \u2013 Championnats d\u2019Afrique U18-U20 : Le Burkina Faso d\u00e9croche six m\u00e9dailles, Zalissa Zongo en or","datePublished":"2025-07-21T08:58:41+00:00","mainEntityOfPage":{"@id":"https:\/\/voxsahel.com\/?p=2379"},"wordCount":348,"commentCount":0,"publisher":{"@id":"https:\/\/voxsahel.com\/#organization"},"image":{"@id":"https:\/\/voxsahel.com\/?p=2379#primaryimage"},"thumbnailUrl":"https:\/\/voxsahel.com\/wp-content\/uploads\/2025\/07\/IMG_4472.jpeg","keywords":["Athl\u00e9tisme","Burkina Faso","Sport"],"articleSection":["SPORTS"],"inLanguage":"fr-FR","potentialAction":[{"@type":"CommentAction","name":"Comment","target":["https:\/\/voxsahel.com\/?p=2379#respond"]}]},{"@type":"WebPage","@id":"https:\/\/voxsahel.com\/?p=2379","url":"https:\/\/voxsahel.com\/?p=2379","name":"Athl\u00e9tisme \u2013 Championnats d\u2019Afrique U18-U20 : Le Burkina Faso d\u00e9croche six m\u00e9dailles, Zalissa Zongo en or - Vox Sahel","isPartOf":{"@id":"https:\/\/voxsahel.com\/#website"},"primaryImageOfPage":{"@id":"https:\/\/voxsahel.com\/?p=2379#primaryimage"},"image":{"@id":"https:\/\/voxsahel.com\/?p=2379#primaryimage"},"thumbnailUrl":"https:\/\/voxsahel.com\/wp-content\/uploads\/2025\/07\/IMG_4472.jpeg","datePublished":"2025-07-21T08:58:41+00:00","breadcrumb":{"@id":"https:\/\/voxsahel.com\/?p=2379#breadcrumb"},"inLanguage":"fr-FR","potentialAction":[{"@type":"ReadAction","target":["https:\/\/voxsahel.com\/?p=2379"]}]},{"@type":"ImageObject","inLanguage":"fr-FR","@id":"https:\/\/voxsahel.com\/?p=2379#primaryimage","url":"https:\/\/voxsahel.com\/wp-content\/uploads\/2025\/07\/IMG_4472.jpeg","contentUrl":"https:\/\/voxsahel.com\/wp-content\/uploads\/2025\/07\/IMG_4472.jpeg","width":2048,"height":2048},{"@type":"BreadcrumbList","@id":"https:\/\/voxsahel.com\/?p=2379#breadcrumb","itemListElement":[{"@type":"ListItem","position":1,"name":"Home","item":"https:\/\/voxsahel.com\/"},{"@type":"ListItem","position":2,"name":"Athl\u00e9tisme \u2013 Championnats d\u2019Afrique U18-U20 : Le Burkina Faso d\u00e9croche six m\u00e9dailles, Zalissa Zongo en or"}]},{"@type":"WebSite","@id":"https:\/\/voxsahel.com\/#website","url":"https:\/\/voxsahel.com\/","name":"Vox Sahel","description":"Informez-vous sur le Sahel en un clic","publisher":{"@id":"https:\/\/voxsahel.com\/#organization"},"potentialAction":[{"@type":"SearchAction","target":{"@type":"EntryPoint","urlTemplate":"https:\/\/voxsahel.com\/?s={search_term_string}"},"query-input":{"@type":"PropertyValueSpecification","valueRequired":true,"valueName":"search_term_string"}}],"inLanguage":"fr-FR"},{"@type":"Organization","@id":"https:\/\/voxsahel.com\/#organization","name":"Vox Sahel","url":"https:\/\/voxsahel.com\/","logo":{"@type":"ImageObject","inLanguage":"fr-FR","@id":"https:\/\/voxsahel.com\/#\/schema\/logo\/image\/","url":"https:\/\/voxsahel.com\/wp-content\/uploads\/2024\/09\/Logo-Vox-Sahel.jpg","contentUrl":"https:\/\/voxsahel.com\/wp-content\/uploads\/2024\/09\/Logo-Vox-Sahel.jpg","width":1181,"height":848,"caption":"Vox Sahel"},"image":{"@id":"https:\/\/voxsahel.com\/#\/schema\/logo\/image\/"},"sameAs":["https:\/\/www.facebook.com\/journal.voxsahel"]},{"@type":"Person","@id":"https:\/\/voxsahel.com\/#\/schema\/person\/b4043608248f8fa227cd760e7ff1e19e","name":"Vox Sahel","image":{"@type":"ImageObject","inLanguage":"fr-FR","@id":"https:\/\/secure.gravatar.com\/avatar\/f70e7fa0cb9b29d4a7c5788d6eb2e9ab4d3135cbae1c9161810fdf77a8964699?s=96&d=mm&r=g","url":"https:\/\/secure.gravatar.com\/avatar\/f70e7fa0cb9b29d4a7c5788d6eb2e9ab4d3135cbae1c9161810fdf77a8964699?s=96&d=mm&r=g","contentUrl":"https:\/\/secure.gravatar.com\/avatar\/f70e7fa0cb9b29d4a7c5788d6eb2e9ab4d3135cbae1c9161810fdf77a8964699?s=96&d=mm&r=g","caption":"Vox Sahel"},"sameAs":["http:\/\/www.voxsahel.com"],"url":"https:\/\/voxsahel.com\/?author=2"}]}},"_links":{"self":[{"href":"https:\/\/voxsahel.com\/index.php?rest_route=\/wp\/v2\/posts\/2379","targetHints":{"allow":["GET"]}}],"collection":[{"href":"https:\/\/voxsahel.com\/index.php?rest_route=\/wp\/v2\/posts"}],"about":[{"href":"https:\/\/voxsahel.com\/index.php?rest_route=\/wp\/v2\/types\/post"}],"author":[{"embeddable":true,"href":"https:\/\/voxsahel.com\/index.php?rest_route=\/wp\/v2\/users\/2"}],"replies":[{"embeddable":true,"href":"https:\/\/voxsahel.com\/index.php?rest_route=%2Fwp%2Fv2%2Fcomments&post=2379"}],"version-history":[{"count":1,"href":"https:\/\/voxsahel.com\/index.php?rest_route=\/wp\/v2\/posts\/2379\/revisions"}],"predecessor-version":[{"id":2381,"href":"https:\/\/voxsahel.com\/index.php?rest_route=\/wp\/v2\/posts\/2379\/revisions\/2381"}],"wp:featuredmedia":[{"embeddable":true,"href":"https:\/\/voxsahel.com\/index.php?rest_route=\/wp\/v2\/media\/2380"}],"wp:attachment":[{"href":"https:\/\/voxsahel.com\/index.php?rest_route=%2Fwp%2Fv2%2Fmedia&parent=2379"}],"wp:term":[{"taxonomy":"category","embeddable":true,"href":"https:\/\/voxsahel.com\/index.php?rest_route=%2Fwp%2Fv2%2Fcategories&post=2379"},{"taxonomy":"post_tag","embeddable":true,"href":"https:\/\/voxsahel.com\/index.php?rest_route=%2Fwp%2Fv2%2Ftags&post=2379"}],"curies":[{"name":"wp","href":"https:\/\/api.w.org\/{rel}","templated":true}]}}