{"id":2364,"date":"2025-07-20T14:43:11","date_gmt":"2025-07-20T14:43:11","guid":{"rendered":"https:\/\/voxsahel.com\/?p=2364"},"modified":"2025-07-20T14:46:15","modified_gmt":"2025-07-20T14:46:15","slug":"burkina-faso-cyclisme-distinction-academique-le-dr-abdoul-rahamane-cisse-promu-maitre-assistant-en-medecine-du-sport","status":"publish","type":"post","link":"https:\/\/voxsahel.com\/?p=2364","title":{"rendered":"Burkina Faso \/ Cyclisme \u2013 Distinction acad\u00e9mique : Le Dr Abdoul Rahamane Ciss\u00e9 promu Ma\u00eetre assistant en m\u00e9decine du sport"},"content":{"rendered":"<p class=\"p1\"><span class=\"s1\">La F\u00e9d\u00e9ration Burkinab\u00e8 de Cyclisme a annonc\u00e9 avec fiert\u00e9 la promotion du Dr Abdoul Rahamane Ciss\u00e9, pr\u00e9sident de sa Commission Sant\u00e9, au rang de Ma\u00eetre Assistant en M\u00e9decine du Sport \u00e0 l\u2019Universit\u00e9 Joseph Ki-Zerbo de Ouagadougou.<\/span><\/p>\n<p class=\"p1\"><span class=\"s1\">Cette distinction acad\u00e9mique vient couronner l\u2019engagement, la comp\u00e9tence et le d\u00e9vouement du Dr Ciss\u00e9 au service de la sant\u00e9 des sportifs burkinab\u00e8. M\u00e9decin reconnu pour son expertise dans le domaine du sport, il a jou\u00e9 un r\u00f4le cl\u00e9 dans l\u2019accompagnement sanitaire des cyclistes et dans la promotion du sport sain au Burkina Faso.<\/span><\/p>\n<p><span style=\"color: #ff0000;\"><a style=\"color: #ff0000;\" href=\"https:\/\/voxsahel.com\/?p=1361\"><b>A LIRE AUSSI : Abdoul Rahamane Ciss\u00e9, m\u00e9decin f\u00e9d\u00e9ral de la f\u00e9d\u00e9ration burkinab\u00e8 de cyclisme : \u00ab Depuis quelques ann\u00e9es, le cyclisme burkinab\u00e8 semble avoir lev\u00e9 le pied de la p\u00e9dale \u00bb<\/b><\/a><\/span><\/p>\n<p class=\"p1\"><span class=\"s1\">Dans un message officiel, le pr\u00e9sident de la F\u00e9d\u00e9ration Burkinab\u00e8 de Cyclisme et son \u00e9quipe ont adress\u00e9 leurs f\u00e9licitations les plus chaleureuses \u00e0 l\u2019endroit du Dr Ciss\u00e9. Ils saluent une reconnaissance \u00ab bien m\u00e9rit\u00e9e \u00bb et expriment l\u2019espoir que cette nouvelle \u00e9tape renforcera encore davantage son engagement au sein du mouvement sportif national.<\/span><\/p>\n<p class=\"p1\"><span class=\"s1\">Cette promotion marque un signal fort pour l\u2019int\u00e9gration de la recherche et de la science m\u00e9dicale dans le d\u00e9veloppement du sport au Burkina Faso.<\/span><\/p>\n<p style=\"text-align: right;\"><b>Par Vox Sahel\u00a0<\/b><\/p>\n","protected":false},"excerpt":{"rendered":"<p>La F\u00e9d\u00e9ration Burkinab\u00e8 de Cyclisme a annonc\u00e9 avec fiert\u00e9 la promotion du Dr Abdoul Rahamane<\/p>\n","protected":false},"author":2,"featured_media":2365,"comment_status":"open","ping_status":"open","sticky":false,"template":"","format":"standard","meta":{"_et_pb_use_builder":"","_et_pb_old_content":"","_et_gb_content_width":"","footnotes":""},"categories":[12],"tags":[18,77,120,34],"class_list":["post-2364","post","type-post","status-publish","format-standard","has-post-thumbnail","hentry","category-sports","tag-burkina-faso","tag-cyclisme","tag-sante","tag-sport"],"yoast_head":"<!-- This site is optimized with the Yoast SEO plugin v27.5 - https:\/\/yoast.com\/product\/yoast-seo-wordpress\/ -->\n<title>Burkina Faso \/ Cyclisme \u2013 Distinction acad\u00e9mique : Le Dr Abdoul Rahamane Ciss\u00e9 promu Ma\u00eetre assistant en m\u00e9decine du sport - Vox Sahel<\/title>\n<meta name=\"robots\" content=\"index, follow, max-snippet:-1, max-image-preview:large, max-video-preview:-1\" \/>\n<link rel=\"canonical\" href=\"https:\/\/voxsahel.com\/?p=2364\" \/>\n<meta property=\"og:locale\" content=\"fr_FR\" \/>\n<meta property=\"og:type\" content=\"article\" \/>\n<meta property=\"og:title\" content=\"Burkina Faso \/ Cyclisme \u2013 Distinction acad\u00e9mique : Le Dr Abdoul Rahamane Ciss\u00e9 promu Ma\u00eetre assistant en m\u00e9decine du sport - Vox Sahel\" \/>\n<meta property=\"og:description\" content=\"La F\u00e9d\u00e9ration Burkinab\u00e8 de Cyclisme a annonc\u00e9 avec fiert\u00e9 la promotion du Dr Abdoul Rahamane\" \/>\n<meta property=\"og:url\" content=\"https:\/\/voxsahel.com\/?p=2364\" \/>\n<meta property=\"og:site_name\" content=\"Vox Sahel\" \/>\n<meta property=\"article:publisher\" content=\"https:\/\/www.facebook.com\/journal.voxsahel\" \/>\n<meta property=\"article:published_time\" content=\"2025-07-20T14:43:11+00:00\" \/>\n<meta property=\"article:modified_time\" content=\"2025-07-20T14:46:15+00:00\" \/>\n<meta property=\"og:image\" content=\"https:\/\/voxsahel.com\/wp-content\/uploads\/2025\/07\/IMG_4403.jpeg\" \/>\n\t<meta property=\"og:image:width\" content=\"720\" \/>\n\t<meta property=\"og:image:height\" content=\"394\" \/>\n\t<meta property=\"og:image:type\" content=\"image\/jpeg\" \/>\n<meta name=\"author\" content=\"Vox Sahel\" \/>\n<meta name=\"twitter:card\" content=\"summary_large_image\" \/>\n<meta name=\"twitter:label1\" content=\"\u00c9crit par\" \/>\n\t<meta name=\"twitter:data1\" content=\"Vox Sahel\" \/>\n\t<meta name=\"twitter:label2\" content=\"Dur\u00e9e de lecture estim\u00e9e\" \/>\n\t<meta name=\"twitter:data2\" content=\"2 minutes\" \/>\n<script type=\"application\/ld+json\" class=\"yoast-schema-graph\">{\"@context\":\"https:\\\/\\\/schema.org\",\"@graph\":[{\"@type\":\"Article\",\"@id\":\"https:\\\/\\\/voxsahel.com\\\/?p=2364#article\",\"isPartOf\":{\"@id\":\"https:\\\/\\\/voxsahel.com\\\/?p=2364\"},\"author\":{\"name\":\"Vox Sahel\",\"@id\":\"https:\\\/\\\/voxsahel.com\\\/#\\\/schema\\\/person\\\/b4043608248f8fa227cd760e7ff1e19e\"},\"headline\":\"Burkina Faso \\\/ Cyclisme \u2013 Distinction acad\u00e9mique : Le Dr Abdoul Rahamane Ciss\u00e9 promu Ma\u00eetre assistant en m\u00e9decine du sport\",\"datePublished\":\"2025-07-20T14:43:11+00:00\",\"dateModified\":\"2025-07-20T14:46:15+00:00\",\"mainEntityOfPage\":{\"@id\":\"https:\\\/\\\/voxsahel.com\\\/?p=2364\"},\"wordCount\":245,\"commentCount\":0,\"publisher\":{\"@id\":\"https:\\\/\\\/voxsahel.com\\\/#organization\"},\"image\":{\"@id\":\"https:\\\/\\\/voxsahel.com\\\/?p=2364#primaryimage\"},\"thumbnailUrl\":\"https:\\\/\\\/voxsahel.com\\\/wp-content\\\/uploads\\\/2025\\\/07\\\/IMG_4403.jpeg\",\"keywords\":[\"Burkina Faso\",\"cyclisme\",\"Sant\u00e9\",\"Sport\"],\"articleSection\":[\"SPORTS\"],\"inLanguage\":\"fr-FR\",\"potentialAction\":[{\"@type\":\"CommentAction\",\"name\":\"Comment\",\"target\":[\"https:\\\/\\\/voxsahel.com\\\/?p=2364#respond\"]}]},{\"@type\":\"WebPage\",\"@id\":\"https:\\\/\\\/voxsahel.com\\\/?p=2364\",\"url\":\"https:\\\/\\\/voxsahel.com\\\/?p=2364\",\"name\":\"Burkina Faso \\\/ Cyclisme \u2013 Distinction acad\u00e9mique : Le Dr Abdoul Rahamane Ciss\u00e9 promu Ma\u00eetre assistant en m\u00e9decine du sport - Vox Sahel\",\"isPartOf\":{\"@id\":\"https:\\\/\\\/voxsahel.com\\\/#website\"},\"primaryImageOfPage\":{\"@id\":\"https:\\\/\\\/voxsahel.com\\\/?p=2364#primaryimage\"},\"image\":{\"@id\":\"https:\\\/\\\/voxsahel.com\\\/?p=2364#primaryimage\"},\"thumbnailUrl\":\"https:\\\/\\\/voxsahel.com\\\/wp-content\\\/uploads\\\/2025\\\/07\\\/IMG_4403.jpeg\",\"datePublished\":\"2025-07-20T14:43:11+00:00\",\"dateModified\":\"2025-07-20T14:46:15+00:00\",\"breadcrumb\":{\"@id\":\"https:\\\/\\\/voxsahel.com\\\/?p=2364#breadcrumb\"},\"inLanguage\":\"fr-FR\",\"potentialAction\":[{\"@type\":\"ReadAction\",\"target\":[\"https:\\\/\\\/voxsahel.com\\\/?p=2364\"]}]},{\"@type\":\"ImageObject\",\"inLanguage\":\"fr-FR\",\"@id\":\"https:\\\/\\\/voxsahel.com\\\/?p=2364#primaryimage\",\"url\":\"https:\\\/\\\/voxsahel.com\\\/wp-content\\\/uploads\\\/2025\\\/07\\\/IMG_4403.jpeg\",\"contentUrl\":\"https:\\\/\\\/voxsahel.com\\\/wp-content\\\/uploads\\\/2025\\\/07\\\/IMG_4403.jpeg\",\"width\":720,\"height\":394},{\"@type\":\"BreadcrumbList\",\"@id\":\"https:\\\/\\\/voxsahel.com\\\/?p=2364#breadcrumb\",\"itemListElement\":[{\"@type\":\"ListItem\",\"position\":1,\"name\":\"Home\",\"item\":\"https:\\\/\\\/voxsahel.com\\\/\"},{\"@type\":\"ListItem\",\"position\":2,\"name\":\"Burkina Faso \\\/ Cyclisme \u2013 Distinction acad\u00e9mique : Le Dr Abdoul Rahamane Ciss\u00e9 promu Ma\u00eetre assistant en m\u00e9decine du sport\"}]},{\"@type\":\"WebSite\",\"@id\":\"https:\\\/\\\/voxsahel.com\\\/#website\",\"url\":\"https:\\\/\\\/voxsahel.com\\\/\",\"name\":\"Vox Sahel\",\"description\":\"Informez-vous sur le Sahel en un clic\",\"publisher\":{\"@id\":\"https:\\\/\\\/voxsahel.com\\\/#organization\"},\"potentialAction\":[{\"@type\":\"SearchAction\",\"target\":{\"@type\":\"EntryPoint\",\"urlTemplate\":\"https:\\\/\\\/voxsahel.com\\\/?s={search_term_string}\"},\"query-input\":{\"@type\":\"PropertyValueSpecification\",\"valueRequired\":true,\"valueName\":\"search_term_string\"}}],\"inLanguage\":\"fr-FR\"},{\"@type\":\"Organization\",\"@id\":\"https:\\\/\\\/voxsahel.com\\\/#organization\",\"name\":\"Vox Sahel\",\"url\":\"https:\\\/\\\/voxsahel.com\\\/\",\"logo\":{\"@type\":\"ImageObject\",\"inLanguage\":\"fr-FR\",\"@id\":\"https:\\\/\\\/voxsahel.com\\\/#\\\/schema\\\/logo\\\/image\\\/\",\"url\":\"https:\\\/\\\/voxsahel.com\\\/wp-content\\\/uploads\\\/2024\\\/09\\\/Logo-Vox-Sahel.jpg\",\"contentUrl\":\"https:\\\/\\\/voxsahel.com\\\/wp-content\\\/uploads\\\/2024\\\/09\\\/Logo-Vox-Sahel.jpg\",\"width\":1181,\"height\":848,\"caption\":\"Vox Sahel\"},\"image\":{\"@id\":\"https:\\\/\\\/voxsahel.com\\\/#\\\/schema\\\/logo\\\/image\\\/\"},\"sameAs\":[\"https:\\\/\\\/www.facebook.com\\\/journal.voxsahel\"]},{\"@type\":\"Person\",\"@id\":\"https:\\\/\\\/voxsahel.com\\\/#\\\/schema\\\/person\\\/b4043608248f8fa227cd760e7ff1e19e\",\"name\":\"Vox Sahel\",\"image\":{\"@type\":\"ImageObject\",\"inLanguage\":\"fr-FR\",\"@id\":\"https:\\\/\\\/secure.gravatar.com\\\/avatar\\\/f70e7fa0cb9b29d4a7c5788d6eb2e9ab4d3135cbae1c9161810fdf77a8964699?s=96&d=mm&r=g\",\"url\":\"https:\\\/\\\/secure.gravatar.com\\\/avatar\\\/f70e7fa0cb9b29d4a7c5788d6eb2e9ab4d3135cbae1c9161810fdf77a8964699?s=96&d=mm&r=g\",\"contentUrl\":\"https:\\\/\\\/secure.gravatar.com\\\/avatar\\\/f70e7fa0cb9b29d4a7c5788d6eb2e9ab4d3135cbae1c9161810fdf77a8964699?s=96&d=mm&r=g\",\"caption\":\"Vox Sahel\"},\"sameAs\":[\"http:\\\/\\\/www.voxsahel.com\"],\"url\":\"https:\\\/\\\/voxsahel.com\\\/?author=2\"}]}<\/script>\n<!-- \/ Yoast SEO plugin. -->","yoast_head_json":{"title":"Burkina Faso \/ Cyclisme \u2013 Distinction acad\u00e9mique : Le Dr Abdoul Rahamane Ciss\u00e9 promu Ma\u00eetre assistant en m\u00e9decine du sport - Vox Sahel","robots":{"index":"index","follow":"follow","max-snippet":"max-snippet:-1","max-image-preview":"max-image-preview:large","max-video-preview":"max-video-preview:-1"},"canonical":"https:\/\/voxsahel.com\/?p=2364","og_locale":"fr_FR","og_type":"article","og_title":"Burkina Faso \/ Cyclisme \u2013 Distinction acad\u00e9mique : Le Dr Abdoul Rahamane Ciss\u00e9 promu Ma\u00eetre assistant en m\u00e9decine du sport - Vox Sahel","og_description":"La F\u00e9d\u00e9ration Burkinab\u00e8 de Cyclisme a annonc\u00e9 avec fiert\u00e9 la promotion du Dr Abdoul Rahamane","og_url":"https:\/\/voxsahel.com\/?p=2364","og_site_name":"Vox Sahel","article_publisher":"https:\/\/www.facebook.com\/journal.voxsahel","article_published_time":"2025-07-20T14:43:11+00:00","article_modified_time":"2025-07-20T14:46:15+00:00","og_image":[{"width":720,"height":394,"url":"https:\/\/voxsahel.com\/wp-content\/uploads\/2025\/07\/IMG_4403.jpeg","type":"image\/jpeg"}],"author":"Vox Sahel","twitter_card":"summary_large_image","twitter_misc":{"\u00c9crit par":"Vox Sahel","Dur\u00e9e de lecture estim\u00e9e":"2 minutes"},"schema":{"@context":"https:\/\/schema.org","@graph":[{"@type":"Article","@id":"https:\/\/voxsahel.com\/?p=2364#article","isPartOf":{"@id":"https:\/\/voxsahel.com\/?p=2364"},"author":{"name":"Vox Sahel","@id":"https:\/\/voxsahel.com\/#\/schema\/person\/b4043608248f8fa227cd760e7ff1e19e"},"headline":"Burkina Faso \/ Cyclisme \u2013 Distinction acad\u00e9mique : Le Dr Abdoul Rahamane Ciss\u00e9 promu Ma\u00eetre assistant en m\u00e9decine du sport","datePublished":"2025-07-20T14:43:11+00:00","dateModified":"2025-07-20T14:46:15+00:00","mainEntityOfPage":{"@id":"https:\/\/voxsahel.com\/?p=2364"},"wordCount":245,"commentCount":0,"publisher":{"@id":"https:\/\/voxsahel.com\/#organization"},"image":{"@id":"https:\/\/voxsahel.com\/?p=2364#primaryimage"},"thumbnailUrl":"https:\/\/voxsahel.com\/wp-content\/uploads\/2025\/07\/IMG_4403.jpeg","keywords":["Burkina Faso","cyclisme","Sant\u00e9","Sport"],"articleSection":["SPORTS"],"inLanguage":"fr-FR","potentialAction":[{"@type":"CommentAction","name":"Comment","target":["https:\/\/voxsahel.com\/?p=2364#respond"]}]},{"@type":"WebPage","@id":"https:\/\/voxsahel.com\/?p=2364","url":"https:\/\/voxsahel.com\/?p=2364","name":"Burkina Faso \/ Cyclisme \u2013 Distinction acad\u00e9mique : Le Dr Abdoul Rahamane Ciss\u00e9 promu Ma\u00eetre assistant en m\u00e9decine du sport - Vox Sahel","isPartOf":{"@id":"https:\/\/voxsahel.com\/#website"},"primaryImageOfPage":{"@id":"https:\/\/voxsahel.com\/?p=2364#primaryimage"},"image":{"@id":"https:\/\/voxsahel.com\/?p=2364#primaryimage"},"thumbnailUrl":"https:\/\/voxsahel.com\/wp-content\/uploads\/2025\/07\/IMG_4403.jpeg","datePublished":"2025-07-20T14:43:11+00:00","dateModified":"2025-07-20T14:46:15+00:00","breadcrumb":{"@id":"https:\/\/voxsahel.com\/?p=2364#breadcrumb"},"inLanguage":"fr-FR","potentialAction":[{"@type":"ReadAction","target":["https:\/\/voxsahel.com\/?p=2364"]}]},{"@type":"ImageObject","inLanguage":"fr-FR","@id":"https:\/\/voxsahel.com\/?p=2364#primaryimage","url":"https:\/\/voxsahel.com\/wp-content\/uploads\/2025\/07\/IMG_4403.jpeg","contentUrl":"https:\/\/voxsahel.com\/wp-content\/uploads\/2025\/07\/IMG_4403.jpeg","width":720,"height":394},{"@type":"BreadcrumbList","@id":"https:\/\/voxsahel.com\/?p=2364#breadcrumb","itemListElement":[{"@type":"ListItem","position":1,"name":"Home","item":"https:\/\/voxsahel.com\/"},{"@type":"ListItem","position":2,"name":"Burkina Faso \/ Cyclisme \u2013 Distinction acad\u00e9mique : Le Dr Abdoul Rahamane Ciss\u00e9 promu Ma\u00eetre assistant en m\u00e9decine du sport"}]},{"@type":"WebSite","@id":"https:\/\/voxsahel.com\/#website","url":"https:\/\/voxsahel.com\/","name":"Vox Sahel","description":"Informez-vous sur le Sahel en un clic","publisher":{"@id":"https:\/\/voxsahel.com\/#organization"},"potentialAction":[{"@type":"SearchAction","target":{"@type":"EntryPoint","urlTemplate":"https:\/\/voxsahel.com\/?s={search_term_string}"},"query-input":{"@type":"PropertyValueSpecification","valueRequired":true,"valueName":"search_term_string"}}],"inLanguage":"fr-FR"},{"@type":"Organization","@id":"https:\/\/voxsahel.com\/#organization","name":"Vox Sahel","url":"https:\/\/voxsahel.com\/","logo":{"@type":"ImageObject","inLanguage":"fr-FR","@id":"https:\/\/voxsahel.com\/#\/schema\/logo\/image\/","url":"https:\/\/voxsahel.com\/wp-content\/uploads\/2024\/09\/Logo-Vox-Sahel.jpg","contentUrl":"https:\/\/voxsahel.com\/wp-content\/uploads\/2024\/09\/Logo-Vox-Sahel.jpg","width":1181,"height":848,"caption":"Vox Sahel"},"image":{"@id":"https:\/\/voxsahel.com\/#\/schema\/logo\/image\/"},"sameAs":["https:\/\/www.facebook.com\/journal.voxsahel"]},{"@type":"Person","@id":"https:\/\/voxsahel.com\/#\/schema\/person\/b4043608248f8fa227cd760e7ff1e19e","name":"Vox Sahel","image":{"@type":"ImageObject","inLanguage":"fr-FR","@id":"https:\/\/secure.gravatar.com\/avatar\/f70e7fa0cb9b29d4a7c5788d6eb2e9ab4d3135cbae1c9161810fdf77a8964699?s=96&d=mm&r=g","url":"https:\/\/secure.gravatar.com\/avatar\/f70e7fa0cb9b29d4a7c5788d6eb2e9ab4d3135cbae1c9161810fdf77a8964699?s=96&d=mm&r=g","contentUrl":"https:\/\/secure.gravatar.com\/avatar\/f70e7fa0cb9b29d4a7c5788d6eb2e9ab4d3135cbae1c9161810fdf77a8964699?s=96&d=mm&r=g","caption":"Vox Sahel"},"sameAs":["http:\/\/www.voxsahel.com"],"url":"https:\/\/voxsahel.com\/?author=2"}]}},"_links":{"self":[{"href":"https:\/\/voxsahel.com\/index.php?rest_route=\/wp\/v2\/posts\/2364","targetHints":{"allow":["GET"]}}],"collection":[{"href":"https:\/\/voxsahel.com\/index.php?rest_route=\/wp\/v2\/posts"}],"about":[{"href":"https:\/\/voxsahel.com\/index.php?rest_route=\/wp\/v2\/types\/post"}],"author":[{"embeddable":true,"href":"https:\/\/voxsahel.com\/index.php?rest_route=\/wp\/v2\/users\/2"}],"replies":[{"embeddable":true,"href":"https:\/\/voxsahel.com\/index.php?rest_route=%2Fwp%2Fv2%2Fcomments&post=2364"}],"version-history":[{"count":3,"href":"https:\/\/voxsahel.com\/index.php?rest_route=\/wp\/v2\/posts\/2364\/revisions"}],"predecessor-version":[{"id":2368,"href":"https:\/\/voxsahel.com\/index.php?rest_route=\/wp\/v2\/posts\/2364\/revisions\/2368"}],"wp:featuredmedia":[{"embeddable":true,"href":"https:\/\/voxsahel.com\/index.php?rest_route=\/wp\/v2\/media\/2365"}],"wp:attachment":[{"href":"https:\/\/voxsahel.com\/index.php?rest_route=%2Fwp%2Fv2%2Fmedia&parent=2364"}],"wp:term":[{"taxonomy":"category","embeddable":true,"href":"https:\/\/voxsahel.com\/index.php?rest_route=%2Fwp%2Fv2%2Fcategories&post=2364"},{"taxonomy":"post_tag","embeddable":true,"href":"https:\/\/voxsahel.com\/index.php?rest_route=%2Fwp%2Fv2%2Ftags&post=2364"}],"curies":[{"name":"wp","href":"https:\/\/api.w.org\/{rel}","templated":true}]}}