{"id":2357,"date":"2025-07-18T11:42:59","date_gmt":"2025-07-18T11:42:59","guid":{"rendered":"https:\/\/voxsahel.com\/?p=2357"},"modified":"2025-07-18T11:42:59","modified_gmt":"2025-07-18T11:42:59","slug":"burkina-faso-les-journalistes-luc-pagbelguem-et-boukari-ouoba-liberes","status":"publish","type":"post","link":"https:\/\/voxsahel.com\/?p=2357","title":{"rendered":"Burkina Faso : les journalistes Luc Pagbelguem et Boukari Ouoba lib\u00e9r\u00e9s"},"content":{"rendered":"<p class=\"p2\">Les journalistes burkinab\u00e8 Luc Pagbelguem et Boukari Ouoba ont recouvr\u00e9 la libert\u00e9, plusieurs mois apr\u00e8s leur interpellation dans des circonstances controvers\u00e9es.<\/p>\n<p class=\"p2\"><span class=\"s1\">La cha\u00eene priv\u00e9e BF1, employeur de Luc Pagbelguem, a confirm\u00e9 ce vendredi matin la lib\u00e9ration de son journaliste, affirmant qu\u2019il est \u00ab\u00a0de retour parmi nous depuis la nuit du jeudi 17 juillet\u00a0\u00bb, selon une publication sur ses r\u00e9seaux sociaux.<\/span><\/p>\n<p class=\"p2\"><span class=\"s1\">Luc Pagbelguem, journaliste reporter d\u2019images, avait \u00e9t\u00e9 enlev\u00e9 le 24 mars dernier par des individus se pr\u00e9sentant comme des agents des services de renseignement. Cette interpellation faisait suite \u00e0 la diffusion d\u2019un reportage sur l\u2019assembl\u00e9e g\u00e9n\u00e9rale de l\u2019Association des journalistes du Burkina (AJB).<\/span><\/p>\n<p class=\"p2\"><span class=\"s1\">Le pr\u00e9sident de l\u2019AJB, Guezouma Sanogo, ainsi que son vice-pr\u00e9sident, Boukari Ouoba, avaient eux aussi \u00e9t\u00e9 emmen\u00e9s dans des conditions similaires le m\u00eame jour. Une vid\u00e9o montrant les trois hommes en tenue militaire, attribu\u00e9e \u00e0 l\u2019arm\u00e9e burkinab\u00e8, avait alors circul\u00e9 massivement sur les r\u00e9seaux sociaux, suscitant une vive \u00e9motion au sein de la corporation journalistique et des d\u00e9fenseurs des droits humains.<\/span><\/p>\n<p class=\"p2\"><span class=\"s1\">Selon des sources concordantes, Boukari Ouoba serait lui aussi libre de ses mouvements \u00e0 ce jour. Aucun communiqu\u00e9 officiel des autorit\u00e9s n\u2019a encore \u00e9t\u00e9 publi\u00e9 \u00e0 propos des circonstances de ces lib\u00e9rations.<\/span><\/p>\n","protected":false},"excerpt":{"rendered":"<p>Les journalistes burkinab\u00e8 Luc Pagbelguem et Boukari Ouoba ont recouvr\u00e9 la libert\u00e9, plusieurs mois apr\u00e8s<\/p>\n","protected":false},"author":2,"featured_media":2358,"comment_status":"open","ping_status":"open","sticky":false,"template":"","format":"standard","meta":{"_et_pb_use_builder":"","_et_pb_old_content":"","_et_gb_content_width":"","footnotes":""},"categories":[5],"tags":[18,500,321],"class_list":["post-2357","post","type-post","status-publish","format-standard","has-post-thumbnail","hentry","category-societe","tag-burkina-faso","tag-journalisme","tag-media"],"yoast_head":"<!-- This site is optimized with the Yoast SEO plugin v27.5 - https:\/\/yoast.com\/product\/yoast-seo-wordpress\/ -->\n<title>Burkina Faso : les journalistes Luc Pagbelguem et Boukari Ouoba lib\u00e9r\u00e9s - Vox Sahel<\/title>\n<meta name=\"robots\" content=\"index, follow, max-snippet:-1, max-image-preview:large, max-video-preview:-1\" \/>\n<link rel=\"canonical\" href=\"https:\/\/voxsahel.com\/?p=2357\" \/>\n<meta property=\"og:locale\" content=\"fr_FR\" \/>\n<meta property=\"og:type\" content=\"article\" \/>\n<meta property=\"og:title\" content=\"Burkina Faso : les journalistes Luc Pagbelguem et Boukari Ouoba lib\u00e9r\u00e9s - Vox Sahel\" \/>\n<meta property=\"og:description\" content=\"Les journalistes burkinab\u00e8 Luc Pagbelguem et Boukari Ouoba ont recouvr\u00e9 la libert\u00e9, plusieurs mois apr\u00e8s\" \/>\n<meta property=\"og:url\" content=\"https:\/\/voxsahel.com\/?p=2357\" \/>\n<meta property=\"og:site_name\" content=\"Vox Sahel\" \/>\n<meta property=\"article:publisher\" content=\"https:\/\/www.facebook.com\/journal.voxsahel\" \/>\n<meta property=\"article:published_time\" content=\"2025-07-18T11:42:59+00:00\" \/>\n<meta property=\"og:image\" content=\"https:\/\/voxsahel.com\/wp-content\/uploads\/2025\/07\/IMG_3489.jpeg\" \/>\n\t<meta property=\"og:image:width\" content=\"2048\" \/>\n\t<meta property=\"og:image:height\" content=\"2048\" \/>\n\t<meta property=\"og:image:type\" content=\"image\/jpeg\" \/>\n<meta name=\"author\" content=\"Vox Sahel\" \/>\n<meta name=\"twitter:card\" content=\"summary_large_image\" \/>\n<meta name=\"twitter:label1\" content=\"\u00c9crit par\" \/>\n\t<meta name=\"twitter:data1\" content=\"Vox Sahel\" \/>\n\t<meta name=\"twitter:label2\" content=\"Dur\u00e9e de lecture estim\u00e9e\" \/>\n\t<meta name=\"twitter:data2\" content=\"2 minutes\" \/>\n<script type=\"application\/ld+json\" class=\"yoast-schema-graph\">{\"@context\":\"https:\\\/\\\/schema.org\",\"@graph\":[{\"@type\":\"Article\",\"@id\":\"https:\\\/\\\/voxsahel.com\\\/?p=2357#article\",\"isPartOf\":{\"@id\":\"https:\\\/\\\/voxsahel.com\\\/?p=2357\"},\"author\":{\"name\":\"Vox Sahel\",\"@id\":\"https:\\\/\\\/voxsahel.com\\\/#\\\/schema\\\/person\\\/b4043608248f8fa227cd760e7ff1e19e\"},\"headline\":\"Burkina Faso : les journalistes Luc Pagbelguem et Boukari Ouoba lib\u00e9r\u00e9s\",\"datePublished\":\"2025-07-18T11:42:59+00:00\",\"mainEntityOfPage\":{\"@id\":\"https:\\\/\\\/voxsahel.com\\\/?p=2357\"},\"wordCount\":231,\"commentCount\":0,\"publisher\":{\"@id\":\"https:\\\/\\\/voxsahel.com\\\/#organization\"},\"image\":{\"@id\":\"https:\\\/\\\/voxsahel.com\\\/?p=2357#primaryimage\"},\"thumbnailUrl\":\"https:\\\/\\\/voxsahel.com\\\/wp-content\\\/uploads\\\/2025\\\/07\\\/IMG_3489.jpeg\",\"keywords\":[\"Burkina Faso\",\"Journalisme\",\"M\u00e9dia\"],\"articleSection\":[\"SOCIETE\"],\"inLanguage\":\"fr-FR\",\"potentialAction\":[{\"@type\":\"CommentAction\",\"name\":\"Comment\",\"target\":[\"https:\\\/\\\/voxsahel.com\\\/?p=2357#respond\"]}]},{\"@type\":\"WebPage\",\"@id\":\"https:\\\/\\\/voxsahel.com\\\/?p=2357\",\"url\":\"https:\\\/\\\/voxsahel.com\\\/?p=2357\",\"name\":\"Burkina Faso : les journalistes Luc Pagbelguem et Boukari Ouoba lib\u00e9r\u00e9s - Vox Sahel\",\"isPartOf\":{\"@id\":\"https:\\\/\\\/voxsahel.com\\\/#website\"},\"primaryImageOfPage\":{\"@id\":\"https:\\\/\\\/voxsahel.com\\\/?p=2357#primaryimage\"},\"image\":{\"@id\":\"https:\\\/\\\/voxsahel.com\\\/?p=2357#primaryimage\"},\"thumbnailUrl\":\"https:\\\/\\\/voxsahel.com\\\/wp-content\\\/uploads\\\/2025\\\/07\\\/IMG_3489.jpeg\",\"datePublished\":\"2025-07-18T11:42:59+00:00\",\"breadcrumb\":{\"@id\":\"https:\\\/\\\/voxsahel.com\\\/?p=2357#breadcrumb\"},\"inLanguage\":\"fr-FR\",\"potentialAction\":[{\"@type\":\"ReadAction\",\"target\":[\"https:\\\/\\\/voxsahel.com\\\/?p=2357\"]}]},{\"@type\":\"ImageObject\",\"inLanguage\":\"fr-FR\",\"@id\":\"https:\\\/\\\/voxsahel.com\\\/?p=2357#primaryimage\",\"url\":\"https:\\\/\\\/voxsahel.com\\\/wp-content\\\/uploads\\\/2025\\\/07\\\/IMG_3489.jpeg\",\"contentUrl\":\"https:\\\/\\\/voxsahel.com\\\/wp-content\\\/uploads\\\/2025\\\/07\\\/IMG_3489.jpeg\",\"width\":2048,\"height\":2048},{\"@type\":\"BreadcrumbList\",\"@id\":\"https:\\\/\\\/voxsahel.com\\\/?p=2357#breadcrumb\",\"itemListElement\":[{\"@type\":\"ListItem\",\"position\":1,\"name\":\"Home\",\"item\":\"https:\\\/\\\/voxsahel.com\\\/\"},{\"@type\":\"ListItem\",\"position\":2,\"name\":\"Burkina Faso : les journalistes Luc Pagbelguem et Boukari Ouoba lib\u00e9r\u00e9s\"}]},{\"@type\":\"WebSite\",\"@id\":\"https:\\\/\\\/voxsahel.com\\\/#website\",\"url\":\"https:\\\/\\\/voxsahel.com\\\/\",\"name\":\"Vox Sahel\",\"description\":\"Informez-vous sur le Sahel en un clic\",\"publisher\":{\"@id\":\"https:\\\/\\\/voxsahel.com\\\/#organization\"},\"potentialAction\":[{\"@type\":\"SearchAction\",\"target\":{\"@type\":\"EntryPoint\",\"urlTemplate\":\"https:\\\/\\\/voxsahel.com\\\/?s={search_term_string}\"},\"query-input\":{\"@type\":\"PropertyValueSpecification\",\"valueRequired\":true,\"valueName\":\"search_term_string\"}}],\"inLanguage\":\"fr-FR\"},{\"@type\":\"Organization\",\"@id\":\"https:\\\/\\\/voxsahel.com\\\/#organization\",\"name\":\"Vox Sahel\",\"url\":\"https:\\\/\\\/voxsahel.com\\\/\",\"logo\":{\"@type\":\"ImageObject\",\"inLanguage\":\"fr-FR\",\"@id\":\"https:\\\/\\\/voxsahel.com\\\/#\\\/schema\\\/logo\\\/image\\\/\",\"url\":\"https:\\\/\\\/voxsahel.com\\\/wp-content\\\/uploads\\\/2024\\\/09\\\/Logo-Vox-Sahel.jpg\",\"contentUrl\":\"https:\\\/\\\/voxsahel.com\\\/wp-content\\\/uploads\\\/2024\\\/09\\\/Logo-Vox-Sahel.jpg\",\"width\":1181,\"height\":848,\"caption\":\"Vox Sahel\"},\"image\":{\"@id\":\"https:\\\/\\\/voxsahel.com\\\/#\\\/schema\\\/logo\\\/image\\\/\"},\"sameAs\":[\"https:\\\/\\\/www.facebook.com\\\/journal.voxsahel\"]},{\"@type\":\"Person\",\"@id\":\"https:\\\/\\\/voxsahel.com\\\/#\\\/schema\\\/person\\\/b4043608248f8fa227cd760e7ff1e19e\",\"name\":\"Vox Sahel\",\"image\":{\"@type\":\"ImageObject\",\"inLanguage\":\"fr-FR\",\"@id\":\"https:\\\/\\\/secure.gravatar.com\\\/avatar\\\/f70e7fa0cb9b29d4a7c5788d6eb2e9ab4d3135cbae1c9161810fdf77a8964699?s=96&d=mm&r=g\",\"url\":\"https:\\\/\\\/secure.gravatar.com\\\/avatar\\\/f70e7fa0cb9b29d4a7c5788d6eb2e9ab4d3135cbae1c9161810fdf77a8964699?s=96&d=mm&r=g\",\"contentUrl\":\"https:\\\/\\\/secure.gravatar.com\\\/avatar\\\/f70e7fa0cb9b29d4a7c5788d6eb2e9ab4d3135cbae1c9161810fdf77a8964699?s=96&d=mm&r=g\",\"caption\":\"Vox Sahel\"},\"sameAs\":[\"http:\\\/\\\/www.voxsahel.com\"],\"url\":\"https:\\\/\\\/voxsahel.com\\\/?author=2\"}]}<\/script>\n<!-- \/ Yoast SEO plugin. -->","yoast_head_json":{"title":"Burkina Faso : les journalistes Luc Pagbelguem et Boukari Ouoba lib\u00e9r\u00e9s - Vox Sahel","robots":{"index":"index","follow":"follow","max-snippet":"max-snippet:-1","max-image-preview":"max-image-preview:large","max-video-preview":"max-video-preview:-1"},"canonical":"https:\/\/voxsahel.com\/?p=2357","og_locale":"fr_FR","og_type":"article","og_title":"Burkina Faso : les journalistes Luc Pagbelguem et Boukari Ouoba lib\u00e9r\u00e9s - Vox Sahel","og_description":"Les journalistes burkinab\u00e8 Luc Pagbelguem et Boukari Ouoba ont recouvr\u00e9 la libert\u00e9, plusieurs mois apr\u00e8s","og_url":"https:\/\/voxsahel.com\/?p=2357","og_site_name":"Vox Sahel","article_publisher":"https:\/\/www.facebook.com\/journal.voxsahel","article_published_time":"2025-07-18T11:42:59+00:00","og_image":[{"width":2048,"height":2048,"url":"https:\/\/voxsahel.com\/wp-content\/uploads\/2025\/07\/IMG_3489.jpeg","type":"image\/jpeg"}],"author":"Vox Sahel","twitter_card":"summary_large_image","twitter_misc":{"\u00c9crit par":"Vox Sahel","Dur\u00e9e de lecture estim\u00e9e":"2 minutes"},"schema":{"@context":"https:\/\/schema.org","@graph":[{"@type":"Article","@id":"https:\/\/voxsahel.com\/?p=2357#article","isPartOf":{"@id":"https:\/\/voxsahel.com\/?p=2357"},"author":{"name":"Vox Sahel","@id":"https:\/\/voxsahel.com\/#\/schema\/person\/b4043608248f8fa227cd760e7ff1e19e"},"headline":"Burkina Faso : les journalistes Luc Pagbelguem et Boukari Ouoba lib\u00e9r\u00e9s","datePublished":"2025-07-18T11:42:59+00:00","mainEntityOfPage":{"@id":"https:\/\/voxsahel.com\/?p=2357"},"wordCount":231,"commentCount":0,"publisher":{"@id":"https:\/\/voxsahel.com\/#organization"},"image":{"@id":"https:\/\/voxsahel.com\/?p=2357#primaryimage"},"thumbnailUrl":"https:\/\/voxsahel.com\/wp-content\/uploads\/2025\/07\/IMG_3489.jpeg","keywords":["Burkina Faso","Journalisme","M\u00e9dia"],"articleSection":["SOCIETE"],"inLanguage":"fr-FR","potentialAction":[{"@type":"CommentAction","name":"Comment","target":["https:\/\/voxsahel.com\/?p=2357#respond"]}]},{"@type":"WebPage","@id":"https:\/\/voxsahel.com\/?p=2357","url":"https:\/\/voxsahel.com\/?p=2357","name":"Burkina Faso : les journalistes Luc Pagbelguem et Boukari Ouoba lib\u00e9r\u00e9s - Vox Sahel","isPartOf":{"@id":"https:\/\/voxsahel.com\/#website"},"primaryImageOfPage":{"@id":"https:\/\/voxsahel.com\/?p=2357#primaryimage"},"image":{"@id":"https:\/\/voxsahel.com\/?p=2357#primaryimage"},"thumbnailUrl":"https:\/\/voxsahel.com\/wp-content\/uploads\/2025\/07\/IMG_3489.jpeg","datePublished":"2025-07-18T11:42:59+00:00","breadcrumb":{"@id":"https:\/\/voxsahel.com\/?p=2357#breadcrumb"},"inLanguage":"fr-FR","potentialAction":[{"@type":"ReadAction","target":["https:\/\/voxsahel.com\/?p=2357"]}]},{"@type":"ImageObject","inLanguage":"fr-FR","@id":"https:\/\/voxsahel.com\/?p=2357#primaryimage","url":"https:\/\/voxsahel.com\/wp-content\/uploads\/2025\/07\/IMG_3489.jpeg","contentUrl":"https:\/\/voxsahel.com\/wp-content\/uploads\/2025\/07\/IMG_3489.jpeg","width":2048,"height":2048},{"@type":"BreadcrumbList","@id":"https:\/\/voxsahel.com\/?p=2357#breadcrumb","itemListElement":[{"@type":"ListItem","position":1,"name":"Home","item":"https:\/\/voxsahel.com\/"},{"@type":"ListItem","position":2,"name":"Burkina Faso : les journalistes Luc Pagbelguem et Boukari Ouoba lib\u00e9r\u00e9s"}]},{"@type":"WebSite","@id":"https:\/\/voxsahel.com\/#website","url":"https:\/\/voxsahel.com\/","name":"Vox Sahel","description":"Informez-vous sur le Sahel en un clic","publisher":{"@id":"https:\/\/voxsahel.com\/#organization"},"potentialAction":[{"@type":"SearchAction","target":{"@type":"EntryPoint","urlTemplate":"https:\/\/voxsahel.com\/?s={search_term_string}"},"query-input":{"@type":"PropertyValueSpecification","valueRequired":true,"valueName":"search_term_string"}}],"inLanguage":"fr-FR"},{"@type":"Organization","@id":"https:\/\/voxsahel.com\/#organization","name":"Vox Sahel","url":"https:\/\/voxsahel.com\/","logo":{"@type":"ImageObject","inLanguage":"fr-FR","@id":"https:\/\/voxsahel.com\/#\/schema\/logo\/image\/","url":"https:\/\/voxsahel.com\/wp-content\/uploads\/2024\/09\/Logo-Vox-Sahel.jpg","contentUrl":"https:\/\/voxsahel.com\/wp-content\/uploads\/2024\/09\/Logo-Vox-Sahel.jpg","width":1181,"height":848,"caption":"Vox Sahel"},"image":{"@id":"https:\/\/voxsahel.com\/#\/schema\/logo\/image\/"},"sameAs":["https:\/\/www.facebook.com\/journal.voxsahel"]},{"@type":"Person","@id":"https:\/\/voxsahel.com\/#\/schema\/person\/b4043608248f8fa227cd760e7ff1e19e","name":"Vox Sahel","image":{"@type":"ImageObject","inLanguage":"fr-FR","@id":"https:\/\/secure.gravatar.com\/avatar\/f70e7fa0cb9b29d4a7c5788d6eb2e9ab4d3135cbae1c9161810fdf77a8964699?s=96&d=mm&r=g","url":"https:\/\/secure.gravatar.com\/avatar\/f70e7fa0cb9b29d4a7c5788d6eb2e9ab4d3135cbae1c9161810fdf77a8964699?s=96&d=mm&r=g","contentUrl":"https:\/\/secure.gravatar.com\/avatar\/f70e7fa0cb9b29d4a7c5788d6eb2e9ab4d3135cbae1c9161810fdf77a8964699?s=96&d=mm&r=g","caption":"Vox Sahel"},"sameAs":["http:\/\/www.voxsahel.com"],"url":"https:\/\/voxsahel.com\/?author=2"}]}},"_links":{"self":[{"href":"https:\/\/voxsahel.com\/index.php?rest_route=\/wp\/v2\/posts\/2357","targetHints":{"allow":["GET"]}}],"collection":[{"href":"https:\/\/voxsahel.com\/index.php?rest_route=\/wp\/v2\/posts"}],"about":[{"href":"https:\/\/voxsahel.com\/index.php?rest_route=\/wp\/v2\/types\/post"}],"author":[{"embeddable":true,"href":"https:\/\/voxsahel.com\/index.php?rest_route=\/wp\/v2\/users\/2"}],"replies":[{"embeddable":true,"href":"https:\/\/voxsahel.com\/index.php?rest_route=%2Fwp%2Fv2%2Fcomments&post=2357"}],"version-history":[{"count":1,"href":"https:\/\/voxsahel.com\/index.php?rest_route=\/wp\/v2\/posts\/2357\/revisions"}],"predecessor-version":[{"id":2359,"href":"https:\/\/voxsahel.com\/index.php?rest_route=\/wp\/v2\/posts\/2357\/revisions\/2359"}],"wp:featuredmedia":[{"embeddable":true,"href":"https:\/\/voxsahel.com\/index.php?rest_route=\/wp\/v2\/media\/2358"}],"wp:attachment":[{"href":"https:\/\/voxsahel.com\/index.php?rest_route=%2Fwp%2Fv2%2Fmedia&parent=2357"}],"wp:term":[{"taxonomy":"category","embeddable":true,"href":"https:\/\/voxsahel.com\/index.php?rest_route=%2Fwp%2Fv2%2Fcategories&post=2357"},{"taxonomy":"post_tag","embeddable":true,"href":"https:\/\/voxsahel.com\/index.php?rest_route=%2Fwp%2Fv2%2Ftags&post=2357"}],"curies":[{"name":"wp","href":"https:\/\/api.w.org\/{rel}","templated":true}]}}