{"id":2350,"date":"2025-07-17T22:29:47","date_gmt":"2025-07-17T22:29:47","guid":{"rendered":"https:\/\/voxsahel.com\/?p=2350"},"modified":"2025-07-17T22:31:02","modified_gmt":"2025-07-17T22:31:02","slug":"pelerinage-a-la-mecque-le-comite-national-de-suivi-du-pelerinage-a-la-mecque-dresse-un-bilan-satisfaisant-du-hadj-2025","status":"publish","type":"post","link":"https:\/\/voxsahel.com\/?p=2350","title":{"rendered":"PELERINAGE A LA MECQUE : Le Comit\u00e9 national de suivi du p\u00e8lerinage \u00e0 la Mecque dresse un bilan satisfaisant du Hadj 2025"},"content":{"rendered":"<p class=\"p1\"><strong>Le jeudi 17 juillet 2025 \u00e0 Ouagadougou, le Comit\u00e9 national de suivi du p\u00e8lerinage \u00e0 la Mecque (CNSPM) a pr\u00e9sent\u00e9 le bilan du Hadj 2025. Un exercice que son pr\u00e9sident, Amadou Sidib\u00e9, a qualifi\u00e9 de globalement satisfaisant, tout en reconnaissant certaines insuffisances \u00e0 corriger.<\/strong><\/p>\n<p class=\"p1\"><span class=\"s1\"><img loading=\"lazy\" decoding=\"async\" class=\"aligncenter size-large wp-image-2352\" src=\"https:\/\/voxsahel.com\/wp-content\/uploads\/2025\/07\/IMG_3473-1024x768.jpeg\" alt=\"\" width=\"640\" height=\"480\" srcset=\"https:\/\/voxsahel.com\/wp-content\/uploads\/2025\/07\/IMG_3473-1024x768.jpeg 1024w, https:\/\/voxsahel.com\/wp-content\/uploads\/2025\/07\/IMG_3473-300x225.jpeg 300w, https:\/\/voxsahel.com\/wp-content\/uploads\/2025\/07\/IMG_3473-768x576.jpeg 768w, https:\/\/voxsahel.com\/wp-content\/uploads\/2025\/07\/IMG_3473-1536x1152.jpeg 1536w, https:\/\/voxsahel.com\/wp-content\/uploads\/2025\/07\/IMG_3473-510x382.jpeg 510w, https:\/\/voxsahel.com\/wp-content\/uploads\/2025\/07\/IMG_3473-1080x810.jpeg 1080w, https:\/\/voxsahel.com\/wp-content\/uploads\/2025\/07\/IMG_3473-610x458.jpeg 610w, https:\/\/voxsahel.com\/wp-content\/uploads\/2025\/07\/IMG_3473-720x540.jpeg 720w, https:\/\/voxsahel.com\/wp-content\/uploads\/2025\/07\/IMG_3473.jpeg 2048w\" sizes=\"(max-width: 640px) 100vw, 640px\" \/><br \/>\nLanc\u00e9 officiellement le 24 octobre 2024, le Hadj de cette ann\u00e9e a mobilis\u00e9 8\u202f143 fid\u00e8les musulmans burkinab\u00e8, r\u00e9partis entre 113 agences de voyages et de tourisme. Dans son allocution, Amadou Sidib\u00e9 a affirm\u00e9 que \u00ab\u202fle Hadj 2025 s\u2019est globalement bien d\u00e9roul\u00e9\u202f\u00bb. Il a rappel\u00e9 que les inscriptions s\u2019\u00e9taient d\u00e9roul\u00e9es en deux phases, les 8 et 22 d\u00e9cembre 2024, sur une plateforme nationale d\u00e9di\u00e9e, dans des conditions qu\u2019il a qualifi\u00e9es de transparentes.<\/span><\/p>\n<p class=\"p1\"><span class=\"s1\"> \u00ab\u202fToutes les dispositions r\u00e8glementaires ont \u00e9t\u00e9 prises pour une gestion transparente et \u00e9quitable de cette phase essentielle\u202f\u00bb, a-t-il d\u00e9clar\u00e9, ajoutant que \u00ab\u202ftous les recours d\u00e9pos\u00e9s par les agences ont \u00e9t\u00e9 trait\u00e9s en toute transparence\u202f\u00bb.Il est \u00e9galement revenu sur les pr\u00e9paratifs, pr\u00e9cisant que le ministre d\u2019\u00c9tat charg\u00e9 des cultes avait conduit une mission officielle en Arabie Saoudite d\u00e8s janvier 2025 pour la signature de la convention du Hadj et la s\u00e9lection des prestataires. \u00ab\u202fCette mission a jet\u00e9 les bases d\u2019un travail bien coordonn\u00e9 entre les diff\u00e9rents acteurs\u202f\u00bb, a-t-il fait savoir.<\/span><\/p>\n<p><img loading=\"lazy\" decoding=\"async\" class=\"aligncenter size-full wp-image-2353\" src=\"https:\/\/voxsahel.com\/wp-content\/uploads\/2025\/07\/IMG_3475.jpeg\" alt=\"\" width=\"439\" height=\"493\" srcset=\"https:\/\/voxsahel.com\/wp-content\/uploads\/2025\/07\/IMG_3475.jpeg 439w, https:\/\/voxsahel.com\/wp-content\/uploads\/2025\/07\/IMG_3475-267x300.jpeg 267w\" sizes=\"(max-width: 439px) 100vw, 439px\" \/><\/p>\n<p class=\"p1\"><span class=\"s1\">Sur le plan sanitaire, le pr\u00e9sident du CNSPM a salu\u00e9 le dispositif mis en place gr\u00e2ce \u00e0 l\u2019accompagnement du minist\u00e8re de la Sant\u00e9. \u00ab\u202fJe remercie le minist\u00e8re de la Sant\u00e9 pour l\u2019accompagnement exemplaire qui a permis de d\u00e9centraliser les visites m\u00e9dicales et la vaccination dans toutes les r\u00e9gions\u202f\u00bb, a-t-il d\u00e9clar\u00e9. <\/span><\/p>\n<p class=\"p1\"><span class=\"s1\">Une clinique conforme aux normes saoudiennes a \u00e9t\u00e9 install\u00e9e sur place, appuy\u00e9e par deux ambulances neuves. L\u2019\u00e9quipe m\u00e9dicale comprenait neuf m\u00e9decins, dont six sp\u00e9cialistes, onze infirmiers, une sage-femme, un pharmacien et plusieurs attach\u00e9s de sant\u00e9. <\/span><\/p>\n<p class=\"p1\"><span class=\"s1\">Selon lui, cette organisation a permis de r\u00e9aliser 10\u202f182 consultations, d\u2019\u00e9vacuer 94 cas vers des h\u00f4pitaux saoudiens, tandis que deux p\u00e8lerins sont toujours en soins. Il a toutefois annonc\u00e9 avec regret le d\u00e9c\u00e8s de huit p\u00e8lerins et pr\u00e9sent\u00e9 ses condol\u00e9ances aux familles.Le volet transport a \u00e9galement \u00e9t\u00e9 abord\u00e9.<\/span><\/p>\n<p class=\"p1\"><span class=\"s1\"> Cette ann\u00e9e, le choix s\u2019est port\u00e9 sur la compagnie nationale Air Burkina, en partenariat avec Ethiopian Airlines. \u00ab\u202fLe programme \u00e9tabli a \u00e9t\u00e9 respect\u00e9 et aucun retard significatif n\u2019a \u00e9t\u00e9 constat\u00e9 ni \u00e0 l\u2019aller ni au retour\u202f\u00bb, a affirm\u00e9 Amadou Sidib\u00e9. Vingt-trois vols aller et autant de vols retour ont \u00e9t\u00e9 assur\u00e9s entre le 16 mai et le 3 juillet 2025.<\/span><\/p>\n<p class=\"p1\"><span class=\"s1\">Concernant l\u2019h\u00e9bergement, les p\u00e8lerins ont \u00e9t\u00e9 log\u00e9s dans 24 h\u00f4tels situ\u00e9s \u00e0 La Mecque, \u00e0 des distances allant de moins de 1 km \u00e0 3,4 km de la mosqu\u00e9e sainte. \u00ab\u202fNos p\u00e8lerins ont \u00e9t\u00e9 log\u00e9s dans 24 h\u00f4tels \u00e0 La Mecque, avec des distances allant de moins de 1 km \u00e0 3,4 km de la mosqu\u00e9e sainte.\u202f\u00bb, a-t-il insist\u00e9. <\/span><\/p>\n<p class=\"p1\"><span class=\"s1\">La restauration, non incluse dans le co\u00fbt du Hadj, a \u00e9t\u00e9 laiss\u00e9e \u00e0 la charge des p\u00e8lerins. Au niveau de Mina-Arafat, des progr\u00e8s ont \u00e9t\u00e9 not\u00e9s, bien qu\u2019un retard dans le service des repas le 6 juin ait n\u00e9cessit\u00e9 une \u00ab\u202fr\u00e9union d\u2019interpellation\u202f\u00bb qui a permis de corriger rapidement l\u2019incident.<\/span><\/p>\n<p class=\"p1\"><span class=\"s1\"> <img loading=\"lazy\" decoding=\"async\" class=\"aligncenter size-large wp-image-2354\" src=\"https:\/\/voxsahel.com\/wp-content\/uploads\/2025\/07\/IMG_3474-1024x768.jpeg\" alt=\"\" width=\"640\" height=\"480\" srcset=\"https:\/\/voxsahel.com\/wp-content\/uploads\/2025\/07\/IMG_3474-1024x768.jpeg 1024w, https:\/\/voxsahel.com\/wp-content\/uploads\/2025\/07\/IMG_3474-300x225.jpeg 300w, https:\/\/voxsahel.com\/wp-content\/uploads\/2025\/07\/IMG_3474-768x576.jpeg 768w, https:\/\/voxsahel.com\/wp-content\/uploads\/2025\/07\/IMG_3474-1536x1152.jpeg 1536w, https:\/\/voxsahel.com\/wp-content\/uploads\/2025\/07\/IMG_3474-510x382.jpeg 510w, https:\/\/voxsahel.com\/wp-content\/uploads\/2025\/07\/IMG_3474-1080x810.jpeg 1080w, https:\/\/voxsahel.com\/wp-content\/uploads\/2025\/07\/IMG_3474-610x458.jpeg 610w, https:\/\/voxsahel.com\/wp-content\/uploads\/2025\/07\/IMG_3474-720x540.jpeg 720w, https:\/\/voxsahel.com\/wp-content\/uploads\/2025\/07\/IMG_3474.jpeg 2048w\" sizes=\"(max-width: 640px) 100vw, 640px\" \/><\/span><\/p>\n<p class=\"p1\"><span class=\"s1\">En dressant le bilan g\u00e9n\u00e9ral, Amadou Sidib\u00e9 a mis en avant les nombreux acquis : \u00ab\u202fla mise en place d\u2019une clinique m\u00e9dicale, l\u2019acquisition de deux ambulances et d\u2019un v\u00e9hicule utilitaire, le respect du calendrier organisationnel, et la bonne coordination avec les agences de voyages\u202f\u00bb. Il a aussi valoris\u00e9 \u00ab\u202fla strat\u00e9gie de gestion de Mina-Arafat et le choix judicieux des deux Mouassassa (NDLR prestataires) pour l\u2019encadrement des p\u00e8lerins\u202f\u00bb.<\/span><\/p>\n<p class=\"p1\"><span class=\"s1\">Cependant, tout n\u2019a pas \u00e9t\u00e9 parfait. Amadou Sidib\u00e9 a point\u00e9 certains axes d\u2019am\u00e9lioration. \u00ab\u202fMalgr\u00e9 les avanc\u00e9es, des d\u00e9fis restent \u00e0 relever\u202f\u00bb, a-t-il admis, \u00e9voquant la n\u00e9cessit\u00e9 de r\u00e9duire la dur\u00e9e du s\u00e9jour des p\u00e8lerins, de limiter le nombre de sites d\u2019h\u00e9bergement \u00e0 La Mecque, d\u2019int\u00e9grer la restauration dans le co\u00fbt global du Hadj, et de recruter le transporteur a\u00e9rien plus t\u00f4t.Il a tenu \u00e0 exprimer sa reconnaissance \u00e0 tous les acteurs impliqu\u00e9s : le gouvernement burkinab\u00e8, le ministre d\u2019\u00c9tat charg\u00e9 des cultes, les autorit\u00e9s saoudiennes, les repr\u00e9sentations diplomatiques du Burkina \u00e0 Riyad et Djeddah, la FAIB, les agences de voyages et les associations partenaires.<\/span><\/p>\n<p class=\"p1\"><span class=\"s1\">Quant \u00e0 la collaboration avec les agences de voyages, elle a \u00e9t\u00e9 salu\u00e9e comme exemplaire. \u00ab\u202fToutes les d\u00e9cisions importantes ont \u00e9t\u00e9 prises avec les agences. Ce qui fait qu\u2019il y a eu moins de bruit\u202f\u00bb, a not\u00e9 le pr\u00e9sident du CNSPM, louant l\u2019engagement des agences. Dans le m\u00eame esprit, Issa Dianda, repr\u00e9sentant des agences de voyage, a reconnu une \u00e9troite coop\u00e9ration avec le Comit\u00e9. Le pr\u00e9sident du pr\u00e9sidium de la FAIB, Aboubacar Yugo, a pour sa part f\u00e9licit\u00e9 le Comit\u00e9 pour la qualit\u00e9 de l\u2019organisation : \u00ab\u202faucune agence de voyage n\u2019est all\u00e9e se plaindre \u00e0 la FAIB pour une quelconque d\u00e9faillance\u202f\u00bb, a-t-il pr\u00e9cis\u00e9. <\/span><\/p>\n<p class=\"p1\"><span class=\"s1\">Il a \u00e9galement salu\u00e9 la mobilisation conjointe qui a permis d\u2019\u00e9viter les cas de p\u00e8lerinage clandestin.Pour les \u00e9ditions \u00e0 venir, l\u2019ambition est d\u2019atteindre un quota de 10\u202f000 p\u00e8lerins voire plus. Des recommandations ont \u00e9t\u00e9 formul\u00e9es, notamment sur la prise en compte de la diaspora burkinab\u00e8 et l\u2019am\u00e9lioration des conditions des encadreurs. L\u2019acquisition d\u2019ambulances suppl\u00e9mentaires a \u00e9t\u00e9 salu\u00e9e, tout comme l\u2019appel \u00e0 d\u00e9velopper les Oumrah afin qu\u2019ils impactent positivement la qualit\u00e9 du Hadj.<\/span><\/p>\n<p class=\"p1\" style=\"text-align: right;\"><span class=\"s1\"><b>Par Amir BAKO<\/b><\/span><\/p>\n","protected":false},"excerpt":{"rendered":"<p>Le jeudi 17 juillet 2025 \u00e0 Ouagadougou, le Comit\u00e9 national de suivi du p\u00e8lerinage \u00e0<\/p>\n","protected":false},"author":2,"featured_media":2355,"comment_status":"open","ping_status":"open","sticky":false,"template":"","format":"standard","meta":{"_et_pb_use_builder":"","_et_pb_old_content":"","_et_gb_content_width":"","footnotes":""},"categories":[5],"tags":[376,18,798,368,397,389,544,387],"class_list":["post-2350","post","type-post","status-publish","format-standard","has-post-thumbnail","hentry","category-societe","tag-arabie-saoudite","tag-burkina-faso","tag-comite-national-de-suivi-du-pelerinage-a-la-mecque","tag-communaute-musulmane-du-burkina-faso","tag-federation-des-associations-islamiques-du-burkina","tag-mecque","tag-pelerinage","tag-religion"],"yoast_head":"<!-- This site is optimized with the Yoast SEO plugin v27.5 - https:\/\/yoast.com\/product\/yoast-seo-wordpress\/ -->\n<title>PELERINAGE A LA MECQUE : Le Comit\u00e9 national de suivi du p\u00e8lerinage \u00e0 la Mecque dresse un bilan satisfaisant du Hadj 2025 - Vox Sahel<\/title>\n<meta name=\"robots\" content=\"index, follow, max-snippet:-1, max-image-preview:large, max-video-preview:-1\" \/>\n<link rel=\"canonical\" href=\"https:\/\/voxsahel.com\/?p=2350\" \/>\n<meta property=\"og:locale\" content=\"fr_FR\" \/>\n<meta property=\"og:type\" content=\"article\" \/>\n<meta property=\"og:title\" content=\"PELERINAGE A LA MECQUE : Le Comit\u00e9 national de suivi du p\u00e8lerinage \u00e0 la Mecque dresse un bilan satisfaisant du Hadj 2025 - Vox Sahel\" \/>\n<meta property=\"og:description\" content=\"Le jeudi 17 juillet 2025 \u00e0 Ouagadougou, le Comit\u00e9 national de suivi du p\u00e8lerinage \u00e0\" \/>\n<meta property=\"og:url\" content=\"https:\/\/voxsahel.com\/?p=2350\" \/>\n<meta property=\"og:site_name\" content=\"Vox Sahel\" \/>\n<meta property=\"article:publisher\" content=\"https:\/\/www.facebook.com\/journal.voxsahel\" \/>\n<meta property=\"article:published_time\" content=\"2025-07-17T22:29:47+00:00\" \/>\n<meta property=\"article:modified_time\" content=\"2025-07-17T22:31:02+00:00\" \/>\n<meta property=\"og:image\" content=\"https:\/\/voxsahel.com\/wp-content\/uploads\/2025\/07\/IMG_3472.jpeg\" \/>\n\t<meta property=\"og:image:width\" content=\"2048\" \/>\n\t<meta property=\"og:image:height\" content=\"1536\" \/>\n\t<meta property=\"og:image:type\" content=\"image\/jpeg\" \/>\n<meta name=\"author\" content=\"Vox Sahel\" \/>\n<meta name=\"twitter:card\" content=\"summary_large_image\" \/>\n<meta name=\"twitter:label1\" content=\"\u00c9crit par\" \/>\n\t<meta name=\"twitter:data1\" content=\"Vox Sahel\" \/>\n\t<meta name=\"twitter:label2\" content=\"Dur\u00e9e de lecture estim\u00e9e\" \/>\n\t<meta name=\"twitter:data2\" content=\"6 minutes\" \/>\n<script type=\"application\/ld+json\" class=\"yoast-schema-graph\">{\"@context\":\"https:\\\/\\\/schema.org\",\"@graph\":[{\"@type\":\"Article\",\"@id\":\"https:\\\/\\\/voxsahel.com\\\/?p=2350#article\",\"isPartOf\":{\"@id\":\"https:\\\/\\\/voxsahel.com\\\/?p=2350\"},\"author\":{\"name\":\"Vox Sahel\",\"@id\":\"https:\\\/\\\/voxsahel.com\\\/#\\\/schema\\\/person\\\/b4043608248f8fa227cd760e7ff1e19e\"},\"headline\":\"PELERINAGE A LA MECQUE : Le Comit\u00e9 national de suivi du p\u00e8lerinage \u00e0 la Mecque dresse un bilan satisfaisant du Hadj 2025\",\"datePublished\":\"2025-07-17T22:29:47+00:00\",\"dateModified\":\"2025-07-17T22:31:02+00:00\",\"mainEntityOfPage\":{\"@id\":\"https:\\\/\\\/voxsahel.com\\\/?p=2350\"},\"wordCount\":972,\"commentCount\":0,\"publisher\":{\"@id\":\"https:\\\/\\\/voxsahel.com\\\/#organization\"},\"image\":{\"@id\":\"https:\\\/\\\/voxsahel.com\\\/?p=2350#primaryimage\"},\"thumbnailUrl\":\"https:\\\/\\\/voxsahel.com\\\/wp-content\\\/uploads\\\/2025\\\/07\\\/IMG_3472.jpeg\",\"keywords\":[\"Arabie Saoudite\",\"Burkina Faso\",\"Comit\u00e9 national de suivi du p\u00e8lerinage \u00e0 la Mecque\",\"Communaut\u00e9 musulmane du Burkina Faso\",\"F\u00e9d\u00e9ration des associations islamiques du Burkina\",\"Mecque\",\"P\u00e8lerinage\",\"Religion\"],\"articleSection\":[\"SOCIETE\"],\"inLanguage\":\"fr-FR\",\"potentialAction\":[{\"@type\":\"CommentAction\",\"name\":\"Comment\",\"target\":[\"https:\\\/\\\/voxsahel.com\\\/?p=2350#respond\"]}]},{\"@type\":\"WebPage\",\"@id\":\"https:\\\/\\\/voxsahel.com\\\/?p=2350\",\"url\":\"https:\\\/\\\/voxsahel.com\\\/?p=2350\",\"name\":\"PELERINAGE A LA MECQUE : Le Comit\u00e9 national de suivi du p\u00e8lerinage \u00e0 la Mecque dresse un bilan satisfaisant du Hadj 2025 - Vox Sahel\",\"isPartOf\":{\"@id\":\"https:\\\/\\\/voxsahel.com\\\/#website\"},\"primaryImageOfPage\":{\"@id\":\"https:\\\/\\\/voxsahel.com\\\/?p=2350#primaryimage\"},\"image\":{\"@id\":\"https:\\\/\\\/voxsahel.com\\\/?p=2350#primaryimage\"},\"thumbnailUrl\":\"https:\\\/\\\/voxsahel.com\\\/wp-content\\\/uploads\\\/2025\\\/07\\\/IMG_3472.jpeg\",\"datePublished\":\"2025-07-17T22:29:47+00:00\",\"dateModified\":\"2025-07-17T22:31:02+00:00\",\"breadcrumb\":{\"@id\":\"https:\\\/\\\/voxsahel.com\\\/?p=2350#breadcrumb\"},\"inLanguage\":\"fr-FR\",\"potentialAction\":[{\"@type\":\"ReadAction\",\"target\":[\"https:\\\/\\\/voxsahel.com\\\/?p=2350\"]}]},{\"@type\":\"ImageObject\",\"inLanguage\":\"fr-FR\",\"@id\":\"https:\\\/\\\/voxsahel.com\\\/?p=2350#primaryimage\",\"url\":\"https:\\\/\\\/voxsahel.com\\\/wp-content\\\/uploads\\\/2025\\\/07\\\/IMG_3472.jpeg\",\"contentUrl\":\"https:\\\/\\\/voxsahel.com\\\/wp-content\\\/uploads\\\/2025\\\/07\\\/IMG_3472.jpeg\",\"width\":2048,\"height\":1536},{\"@type\":\"BreadcrumbList\",\"@id\":\"https:\\\/\\\/voxsahel.com\\\/?p=2350#breadcrumb\",\"itemListElement\":[{\"@type\":\"ListItem\",\"position\":1,\"name\":\"Home\",\"item\":\"https:\\\/\\\/voxsahel.com\\\/\"},{\"@type\":\"ListItem\",\"position\":2,\"name\":\"PELERINAGE A LA MECQUE : Le Comit\u00e9 national de suivi du p\u00e8lerinage \u00e0 la Mecque dresse un bilan satisfaisant du Hadj 2025\"}]},{\"@type\":\"WebSite\",\"@id\":\"https:\\\/\\\/voxsahel.com\\\/#website\",\"url\":\"https:\\\/\\\/voxsahel.com\\\/\",\"name\":\"Vox Sahel\",\"description\":\"Informez-vous sur le Sahel en un clic\",\"publisher\":{\"@id\":\"https:\\\/\\\/voxsahel.com\\\/#organization\"},\"potentialAction\":[{\"@type\":\"SearchAction\",\"target\":{\"@type\":\"EntryPoint\",\"urlTemplate\":\"https:\\\/\\\/voxsahel.com\\\/?s={search_term_string}\"},\"query-input\":{\"@type\":\"PropertyValueSpecification\",\"valueRequired\":true,\"valueName\":\"search_term_string\"}}],\"inLanguage\":\"fr-FR\"},{\"@type\":\"Organization\",\"@id\":\"https:\\\/\\\/voxsahel.com\\\/#organization\",\"name\":\"Vox Sahel\",\"url\":\"https:\\\/\\\/voxsahel.com\\\/\",\"logo\":{\"@type\":\"ImageObject\",\"inLanguage\":\"fr-FR\",\"@id\":\"https:\\\/\\\/voxsahel.com\\\/#\\\/schema\\\/logo\\\/image\\\/\",\"url\":\"https:\\\/\\\/voxsahel.com\\\/wp-content\\\/uploads\\\/2024\\\/09\\\/Logo-Vox-Sahel.jpg\",\"contentUrl\":\"https:\\\/\\\/voxsahel.com\\\/wp-content\\\/uploads\\\/2024\\\/09\\\/Logo-Vox-Sahel.jpg\",\"width\":1181,\"height\":848,\"caption\":\"Vox Sahel\"},\"image\":{\"@id\":\"https:\\\/\\\/voxsahel.com\\\/#\\\/schema\\\/logo\\\/image\\\/\"},\"sameAs\":[\"https:\\\/\\\/www.facebook.com\\\/journal.voxsahel\"]},{\"@type\":\"Person\",\"@id\":\"https:\\\/\\\/voxsahel.com\\\/#\\\/schema\\\/person\\\/b4043608248f8fa227cd760e7ff1e19e\",\"name\":\"Vox Sahel\",\"image\":{\"@type\":\"ImageObject\",\"inLanguage\":\"fr-FR\",\"@id\":\"https:\\\/\\\/secure.gravatar.com\\\/avatar\\\/f70e7fa0cb9b29d4a7c5788d6eb2e9ab4d3135cbae1c9161810fdf77a8964699?s=96&d=mm&r=g\",\"url\":\"https:\\\/\\\/secure.gravatar.com\\\/avatar\\\/f70e7fa0cb9b29d4a7c5788d6eb2e9ab4d3135cbae1c9161810fdf77a8964699?s=96&d=mm&r=g\",\"contentUrl\":\"https:\\\/\\\/secure.gravatar.com\\\/avatar\\\/f70e7fa0cb9b29d4a7c5788d6eb2e9ab4d3135cbae1c9161810fdf77a8964699?s=96&d=mm&r=g\",\"caption\":\"Vox Sahel\"},\"sameAs\":[\"http:\\\/\\\/www.voxsahel.com\"],\"url\":\"https:\\\/\\\/voxsahel.com\\\/?author=2\"}]}<\/script>\n<!-- \/ Yoast SEO plugin. -->","yoast_head_json":{"title":"PELERINAGE A LA MECQUE : Le Comit\u00e9 national de suivi du p\u00e8lerinage \u00e0 la Mecque dresse un bilan satisfaisant du Hadj 2025 - Vox Sahel","robots":{"index":"index","follow":"follow","max-snippet":"max-snippet:-1","max-image-preview":"max-image-preview:large","max-video-preview":"max-video-preview:-1"},"canonical":"https:\/\/voxsahel.com\/?p=2350","og_locale":"fr_FR","og_type":"article","og_title":"PELERINAGE A LA MECQUE : Le Comit\u00e9 national de suivi du p\u00e8lerinage \u00e0 la Mecque dresse un bilan satisfaisant du Hadj 2025 - Vox Sahel","og_description":"Le jeudi 17 juillet 2025 \u00e0 Ouagadougou, le Comit\u00e9 national de suivi du p\u00e8lerinage \u00e0","og_url":"https:\/\/voxsahel.com\/?p=2350","og_site_name":"Vox Sahel","article_publisher":"https:\/\/www.facebook.com\/journal.voxsahel","article_published_time":"2025-07-17T22:29:47+00:00","article_modified_time":"2025-07-17T22:31:02+00:00","og_image":[{"width":2048,"height":1536,"url":"https:\/\/voxsahel.com\/wp-content\/uploads\/2025\/07\/IMG_3472.jpeg","type":"image\/jpeg"}],"author":"Vox Sahel","twitter_card":"summary_large_image","twitter_misc":{"\u00c9crit par":"Vox Sahel","Dur\u00e9e de lecture estim\u00e9e":"6 minutes"},"schema":{"@context":"https:\/\/schema.org","@graph":[{"@type":"Article","@id":"https:\/\/voxsahel.com\/?p=2350#article","isPartOf":{"@id":"https:\/\/voxsahel.com\/?p=2350"},"author":{"name":"Vox Sahel","@id":"https:\/\/voxsahel.com\/#\/schema\/person\/b4043608248f8fa227cd760e7ff1e19e"},"headline":"PELERINAGE A LA MECQUE : Le Comit\u00e9 national de suivi du p\u00e8lerinage \u00e0 la Mecque dresse un bilan satisfaisant du Hadj 2025","datePublished":"2025-07-17T22:29:47+00:00","dateModified":"2025-07-17T22:31:02+00:00","mainEntityOfPage":{"@id":"https:\/\/voxsahel.com\/?p=2350"},"wordCount":972,"commentCount":0,"publisher":{"@id":"https:\/\/voxsahel.com\/#organization"},"image":{"@id":"https:\/\/voxsahel.com\/?p=2350#primaryimage"},"thumbnailUrl":"https:\/\/voxsahel.com\/wp-content\/uploads\/2025\/07\/IMG_3472.jpeg","keywords":["Arabie Saoudite","Burkina Faso","Comit\u00e9 national de suivi du p\u00e8lerinage \u00e0 la Mecque","Communaut\u00e9 musulmane du Burkina Faso","F\u00e9d\u00e9ration des associations islamiques du Burkina","Mecque","P\u00e8lerinage","Religion"],"articleSection":["SOCIETE"],"inLanguage":"fr-FR","potentialAction":[{"@type":"CommentAction","name":"Comment","target":["https:\/\/voxsahel.com\/?p=2350#respond"]}]},{"@type":"WebPage","@id":"https:\/\/voxsahel.com\/?p=2350","url":"https:\/\/voxsahel.com\/?p=2350","name":"PELERINAGE A LA MECQUE : Le Comit\u00e9 national de suivi du p\u00e8lerinage \u00e0 la Mecque dresse un bilan satisfaisant du Hadj 2025 - Vox Sahel","isPartOf":{"@id":"https:\/\/voxsahel.com\/#website"},"primaryImageOfPage":{"@id":"https:\/\/voxsahel.com\/?p=2350#primaryimage"},"image":{"@id":"https:\/\/voxsahel.com\/?p=2350#primaryimage"},"thumbnailUrl":"https:\/\/voxsahel.com\/wp-content\/uploads\/2025\/07\/IMG_3472.jpeg","datePublished":"2025-07-17T22:29:47+00:00","dateModified":"2025-07-17T22:31:02+00:00","breadcrumb":{"@id":"https:\/\/voxsahel.com\/?p=2350#breadcrumb"},"inLanguage":"fr-FR","potentialAction":[{"@type":"ReadAction","target":["https:\/\/voxsahel.com\/?p=2350"]}]},{"@type":"ImageObject","inLanguage":"fr-FR","@id":"https:\/\/voxsahel.com\/?p=2350#primaryimage","url":"https:\/\/voxsahel.com\/wp-content\/uploads\/2025\/07\/IMG_3472.jpeg","contentUrl":"https:\/\/voxsahel.com\/wp-content\/uploads\/2025\/07\/IMG_3472.jpeg","width":2048,"height":1536},{"@type":"BreadcrumbList","@id":"https:\/\/voxsahel.com\/?p=2350#breadcrumb","itemListElement":[{"@type":"ListItem","position":1,"name":"Home","item":"https:\/\/voxsahel.com\/"},{"@type":"ListItem","position":2,"name":"PELERINAGE A LA MECQUE : Le Comit\u00e9 national de suivi du p\u00e8lerinage \u00e0 la Mecque dresse un bilan satisfaisant du Hadj 2025"}]},{"@type":"WebSite","@id":"https:\/\/voxsahel.com\/#website","url":"https:\/\/voxsahel.com\/","name":"Vox Sahel","description":"Informez-vous sur le Sahel en un clic","publisher":{"@id":"https:\/\/voxsahel.com\/#organization"},"potentialAction":[{"@type":"SearchAction","target":{"@type":"EntryPoint","urlTemplate":"https:\/\/voxsahel.com\/?s={search_term_string}"},"query-input":{"@type":"PropertyValueSpecification","valueRequired":true,"valueName":"search_term_string"}}],"inLanguage":"fr-FR"},{"@type":"Organization","@id":"https:\/\/voxsahel.com\/#organization","name":"Vox Sahel","url":"https:\/\/voxsahel.com\/","logo":{"@type":"ImageObject","inLanguage":"fr-FR","@id":"https:\/\/voxsahel.com\/#\/schema\/logo\/image\/","url":"https:\/\/voxsahel.com\/wp-content\/uploads\/2024\/09\/Logo-Vox-Sahel.jpg","contentUrl":"https:\/\/voxsahel.com\/wp-content\/uploads\/2024\/09\/Logo-Vox-Sahel.jpg","width":1181,"height":848,"caption":"Vox Sahel"},"image":{"@id":"https:\/\/voxsahel.com\/#\/schema\/logo\/image\/"},"sameAs":["https:\/\/www.facebook.com\/journal.voxsahel"]},{"@type":"Person","@id":"https:\/\/voxsahel.com\/#\/schema\/person\/b4043608248f8fa227cd760e7ff1e19e","name":"Vox Sahel","image":{"@type":"ImageObject","inLanguage":"fr-FR","@id":"https:\/\/secure.gravatar.com\/avatar\/f70e7fa0cb9b29d4a7c5788d6eb2e9ab4d3135cbae1c9161810fdf77a8964699?s=96&d=mm&r=g","url":"https:\/\/secure.gravatar.com\/avatar\/f70e7fa0cb9b29d4a7c5788d6eb2e9ab4d3135cbae1c9161810fdf77a8964699?s=96&d=mm&r=g","contentUrl":"https:\/\/secure.gravatar.com\/avatar\/f70e7fa0cb9b29d4a7c5788d6eb2e9ab4d3135cbae1c9161810fdf77a8964699?s=96&d=mm&r=g","caption":"Vox Sahel"},"sameAs":["http:\/\/www.voxsahel.com"],"url":"https:\/\/voxsahel.com\/?author=2"}]}},"_links":{"self":[{"href":"https:\/\/voxsahel.com\/index.php?rest_route=\/wp\/v2\/posts\/2350","targetHints":{"allow":["GET"]}}],"collection":[{"href":"https:\/\/voxsahel.com\/index.php?rest_route=\/wp\/v2\/posts"}],"about":[{"href":"https:\/\/voxsahel.com\/index.php?rest_route=\/wp\/v2\/types\/post"}],"author":[{"embeddable":true,"href":"https:\/\/voxsahel.com\/index.php?rest_route=\/wp\/v2\/users\/2"}],"replies":[{"embeddable":true,"href":"https:\/\/voxsahel.com\/index.php?rest_route=%2Fwp%2Fv2%2Fcomments&post=2350"}],"version-history":[{"count":1,"href":"https:\/\/voxsahel.com\/index.php?rest_route=\/wp\/v2\/posts\/2350\/revisions"}],"predecessor-version":[{"id":2356,"href":"https:\/\/voxsahel.com\/index.php?rest_route=\/wp\/v2\/posts\/2350\/revisions\/2356"}],"wp:featuredmedia":[{"embeddable":true,"href":"https:\/\/voxsahel.com\/index.php?rest_route=\/wp\/v2\/media\/2355"}],"wp:attachment":[{"href":"https:\/\/voxsahel.com\/index.php?rest_route=%2Fwp%2Fv2%2Fmedia&parent=2350"}],"wp:term":[{"taxonomy":"category","embeddable":true,"href":"https:\/\/voxsahel.com\/index.php?rest_route=%2Fwp%2Fv2%2Fcategories&post=2350"},{"taxonomy":"post_tag","embeddable":true,"href":"https:\/\/voxsahel.com\/index.php?rest_route=%2Fwp%2Fv2%2Ftags&post=2350"}],"curies":[{"name":"wp","href":"https:\/\/api.w.org\/{rel}","templated":true}]}}