{"id":235,"date":"2024-09-17T09:37:42","date_gmt":"2024-09-17T09:37:42","guid":{"rendered":"https:\/\/voxsahel.com\/?p=235"},"modified":"2024-09-17T09:42:16","modified_gmt":"2024-09-17T09:42:16","slug":"mobilisation-des-ressources-domestiques-pour-lachat-des-produits-contraceptifs-le-ministere-de-la-sante-echange-avec-les-journalistes","status":"publish","type":"post","link":"https:\/\/voxsahel.com\/?p=235","title":{"rendered":"Mobilisation des ressources domestiques pour l\u2019achat des produits contraceptifs\u00a0: Le minist\u00e8re de la Sant\u00e9 \u00e9change avec les journalistes"},"content":{"rendered":"<p><strong>Le minist\u00e8re de la Sant\u00e9 et de l\u2019Hygi\u00e8ne publique a organis\u00e9 une rencontre d\u2019\u00e9change avec les acteurs des m\u00e9dias sur la probl\u00e9matique de la mobilisation des ressources domestiques pour l\u2019achat des produits contraceptifs. C\u2019\u00e9tait le vendredi 13 septembre 2024 \u00e0 Ouagadougou.<\/strong><\/p>\n<p>La planification familiale qui est gratuite au Burkina Faso depuis 2020 pourrait \u00eatre menac\u00e9e \u00e0 cause du manque de financement par les partenaires ext\u00e9rieurs. En effet, les d\u00e9penses en mati\u00e8re de planification familiale \u00e9taient g\u00e9n\u00e9ralement financ\u00e9es par les partenaires \u00e0 hauteur de 60% sur la p\u00e9riode de 2011 \u00e0 2018. La situation s\u00e9curitaire et politique a contraint plusieurs de ces partenaires a quitt\u00e9 le pays.<\/p>\n<p>Toute chose qui rend difficile la t\u00e2che \u00e0 l\u2019Etat qui finance de moins en moins la planification familiale \u00e9tant donn\u00e9 que la grande partie du budget est d\u00e9sormais orient\u00e9 vers l\u2019effort de paix. En 2023, les produits contraceptifs ont co\u00fbt\u00e9 plus de 3 milliards de F CFA dont 10% financ\u00e9 par l\u2019Etat. En 2020, les produits contraceptifs ont co\u00fbt\u00e9 plus de 2 milliards de F CFA dont 38% financ\u00e9 par le budget de l\u2019Etat. Cette part contributive de l\u2019Etat \u00e9tait de 23% en 2022. Ce qui signifie que la part contributive de l\u2019Etat est pass\u00e9e de 38% \u00e0 10% soit une baisse de 20%.<\/p>\n<p>Pour combler ce gap, il est n\u00e9cessaire pour l\u2019Etat de mobiliser les ressources domestiques aupr\u00e8s du priv\u00e9 pour financer la planification familiale. Selon le directeur de la Sant\u00e9 et de la famille par int\u00e9rim, Mahamadi Ciss\u00e9, la question de la planification familiale reste une priorit\u00e9 pour le Burkina Faso car elle r\u00e9duit \u00e0 30%, la mortalit\u00e9 maternelle. En ce qui concerne le financement de la planification familiale, il a indiqu\u00e9 que des efforts sont faits par l\u2019Etat pour l\u2019achat des produits contraceptifs.<\/p>\n<p>\u00ab\u00a0Une part importante du budget est allou\u00e9e \u00e0 l\u2019achat des produits contraceptifs. Nous avons aussi la part des partenaires mais nous avons des gaps qu\u2019il faut combler. Il faut savoir que l\u2019accompagnement des partenaires n\u2019est pas un acquis pour toujours. Nous pensons donc qu\u2019il faut que nous comptions sur nos forces. Nous avons du potentiel qu\u2019il faut que nous pouvons encore mobiliser, surtout si les gens ont une bonne compr\u00e9hension de la planification familiale. Nous pourrions m\u00eame avoir des particuliers qui acceptent accompagner le financement de la planification familiale\u00a0\u00bb, a fait savoir Mahamadi Ciss\u00e9.<\/p>\n<p>Par ailleurs, il a not\u00e9 que la planification familiale comprend plusieurs que sont notamment la sensibilisation, le renforcement de capacit\u00e9s des prestataires, le renforcement du plateau technique. Ces axes peuvent \u00e9galement \u00eatre financ\u00e9s par les ressources domestiques.<\/p>\n<p style=\"text-align: right;\"><strong>\u00a0Par Amir Bako<\/strong><\/p>\n","protected":false},"excerpt":{"rendered":"<p>Le minist\u00e8re de la Sant\u00e9 et de l\u2019Hygi\u00e8ne publique a organis\u00e9 une rencontre d\u2019\u00e9change avec<\/p>\n","protected":false},"author":2,"featured_media":236,"comment_status":"open","ping_status":"open","sticky":false,"template":"","format":"standard","meta":{"_et_pb_use_builder":"","_et_pb_old_content":"","_et_gb_content_width":"","footnotes":""},"categories":[7],"tags":[18,121,120],"class_list":["post-235","post","type-post","status-publish","format-standard","has-post-thumbnail","hentry","category-sante","tag-burkina-faso","tag-planification-familiale","tag-sante"],"yoast_head":"<!-- This site is optimized with the Yoast SEO plugin v27.5 - https:\/\/yoast.com\/product\/yoast-seo-wordpress\/ -->\n<title>Mobilisation des ressources domestiques pour l\u2019achat des produits contraceptifs\u00a0: Le minist\u00e8re de la Sant\u00e9 \u00e9change avec les journalistes - Vox Sahel<\/title>\n<meta name=\"robots\" content=\"index, follow, max-snippet:-1, max-image-preview:large, max-video-preview:-1\" \/>\n<link rel=\"canonical\" href=\"https:\/\/voxsahel.com\/?p=235\" \/>\n<meta property=\"og:locale\" content=\"fr_FR\" \/>\n<meta property=\"og:type\" content=\"article\" \/>\n<meta property=\"og:title\" content=\"Mobilisation des ressources domestiques pour l\u2019achat des produits contraceptifs\u00a0: Le minist\u00e8re de la Sant\u00e9 \u00e9change avec les journalistes - Vox Sahel\" \/>\n<meta property=\"og:description\" content=\"Le minist\u00e8re de la Sant\u00e9 et de l\u2019Hygi\u00e8ne publique a organis\u00e9 une rencontre d\u2019\u00e9change avec\" \/>\n<meta property=\"og:url\" content=\"https:\/\/voxsahel.com\/?p=235\" \/>\n<meta property=\"og:site_name\" content=\"Vox Sahel\" \/>\n<meta property=\"article:publisher\" content=\"https:\/\/www.facebook.com\/journal.voxsahel\" \/>\n<meta property=\"article:published_time\" content=\"2024-09-17T09:37:42+00:00\" \/>\n<meta property=\"article:modified_time\" content=\"2024-09-17T09:42:16+00:00\" \/>\n<meta property=\"og:image\" content=\"https:\/\/voxsahel.com\/wp-content\/uploads\/2024\/09\/Sante.jpg\" \/>\n\t<meta property=\"og:image:width\" content=\"1600\" \/>\n\t<meta property=\"og:image:height\" content=\"1066\" \/>\n\t<meta property=\"og:image:type\" content=\"image\/jpeg\" \/>\n<meta name=\"author\" content=\"Vox Sahel\" \/>\n<meta name=\"twitter:card\" content=\"summary_large_image\" \/>\n<meta name=\"twitter:label1\" content=\"\u00c9crit par\" \/>\n\t<meta name=\"twitter:data1\" content=\"Vox Sahel\" \/>\n\t<meta name=\"twitter:label2\" content=\"Dur\u00e9e de lecture estim\u00e9e\" \/>\n\t<meta name=\"twitter:data2\" content=\"3 minutes\" \/>\n<script type=\"application\/ld+json\" class=\"yoast-schema-graph\">{\"@context\":\"https:\\\/\\\/schema.org\",\"@graph\":[{\"@type\":\"Article\",\"@id\":\"https:\\\/\\\/voxsahel.com\\\/?p=235#article\",\"isPartOf\":{\"@id\":\"https:\\\/\\\/voxsahel.com\\\/?p=235\"},\"author\":{\"name\":\"Vox Sahel\",\"@id\":\"https:\\\/\\\/voxsahel.com\\\/#\\\/schema\\\/person\\\/b4043608248f8fa227cd760e7ff1e19e\"},\"headline\":\"Mobilisation des ressources domestiques pour l\u2019achat des produits contraceptifs\u00a0: Le minist\u00e8re de la Sant\u00e9 \u00e9change avec les journalistes\",\"datePublished\":\"2024-09-17T09:37:42+00:00\",\"dateModified\":\"2024-09-17T09:42:16+00:00\",\"mainEntityOfPage\":{\"@id\":\"https:\\\/\\\/voxsahel.com\\\/?p=235\"},\"wordCount\":466,\"commentCount\":0,\"publisher\":{\"@id\":\"https:\\\/\\\/voxsahel.com\\\/#organization\"},\"image\":{\"@id\":\"https:\\\/\\\/voxsahel.com\\\/?p=235#primaryimage\"},\"thumbnailUrl\":\"https:\\\/\\\/voxsahel.com\\\/wp-content\\\/uploads\\\/2024\\\/09\\\/Sante.jpg\",\"keywords\":[\"Burkina Faso\",\"Planification familiale\",\"Sant\u00e9\"],\"articleSection\":[\"SANTE\"],\"inLanguage\":\"fr-FR\",\"potentialAction\":[{\"@type\":\"CommentAction\",\"name\":\"Comment\",\"target\":[\"https:\\\/\\\/voxsahel.com\\\/?p=235#respond\"]}]},{\"@type\":\"WebPage\",\"@id\":\"https:\\\/\\\/voxsahel.com\\\/?p=235\",\"url\":\"https:\\\/\\\/voxsahel.com\\\/?p=235\",\"name\":\"Mobilisation des ressources domestiques pour l\u2019achat des produits contraceptifs\u00a0: Le minist\u00e8re de la Sant\u00e9 \u00e9change avec les journalistes - Vox Sahel\",\"isPartOf\":{\"@id\":\"https:\\\/\\\/voxsahel.com\\\/#website\"},\"primaryImageOfPage\":{\"@id\":\"https:\\\/\\\/voxsahel.com\\\/?p=235#primaryimage\"},\"image\":{\"@id\":\"https:\\\/\\\/voxsahel.com\\\/?p=235#primaryimage\"},\"thumbnailUrl\":\"https:\\\/\\\/voxsahel.com\\\/wp-content\\\/uploads\\\/2024\\\/09\\\/Sante.jpg\",\"datePublished\":\"2024-09-17T09:37:42+00:00\",\"dateModified\":\"2024-09-17T09:42:16+00:00\",\"breadcrumb\":{\"@id\":\"https:\\\/\\\/voxsahel.com\\\/?p=235#breadcrumb\"},\"inLanguage\":\"fr-FR\",\"potentialAction\":[{\"@type\":\"ReadAction\",\"target\":[\"https:\\\/\\\/voxsahel.com\\\/?p=235\"]}]},{\"@type\":\"ImageObject\",\"inLanguage\":\"fr-FR\",\"@id\":\"https:\\\/\\\/voxsahel.com\\\/?p=235#primaryimage\",\"url\":\"https:\\\/\\\/voxsahel.com\\\/wp-content\\\/uploads\\\/2024\\\/09\\\/Sante.jpg\",\"contentUrl\":\"https:\\\/\\\/voxsahel.com\\\/wp-content\\\/uploads\\\/2024\\\/09\\\/Sante.jpg\",\"width\":1600,\"height\":1066,\"caption\":\"Sant\u00e9\"},{\"@type\":\"BreadcrumbList\",\"@id\":\"https:\\\/\\\/voxsahel.com\\\/?p=235#breadcrumb\",\"itemListElement\":[{\"@type\":\"ListItem\",\"position\":1,\"name\":\"Home\",\"item\":\"https:\\\/\\\/voxsahel.com\\\/\"},{\"@type\":\"ListItem\",\"position\":2,\"name\":\"Mobilisation des ressources domestiques pour l\u2019achat des produits contraceptifs\u00a0: Le minist\u00e8re de la Sant\u00e9 \u00e9change avec les journalistes\"}]},{\"@type\":\"WebSite\",\"@id\":\"https:\\\/\\\/voxsahel.com\\\/#website\",\"url\":\"https:\\\/\\\/voxsahel.com\\\/\",\"name\":\"Vox Sahel\",\"description\":\"Informez-vous sur le Sahel en un clic\",\"publisher\":{\"@id\":\"https:\\\/\\\/voxsahel.com\\\/#organization\"},\"potentialAction\":[{\"@type\":\"SearchAction\",\"target\":{\"@type\":\"EntryPoint\",\"urlTemplate\":\"https:\\\/\\\/voxsahel.com\\\/?s={search_term_string}\"},\"query-input\":{\"@type\":\"PropertyValueSpecification\",\"valueRequired\":true,\"valueName\":\"search_term_string\"}}],\"inLanguage\":\"fr-FR\"},{\"@type\":\"Organization\",\"@id\":\"https:\\\/\\\/voxsahel.com\\\/#organization\",\"name\":\"Vox Sahel\",\"url\":\"https:\\\/\\\/voxsahel.com\\\/\",\"logo\":{\"@type\":\"ImageObject\",\"inLanguage\":\"fr-FR\",\"@id\":\"https:\\\/\\\/voxsahel.com\\\/#\\\/schema\\\/logo\\\/image\\\/\",\"url\":\"https:\\\/\\\/voxsahel.com\\\/wp-content\\\/uploads\\\/2024\\\/09\\\/Logo-Vox-Sahel.jpg\",\"contentUrl\":\"https:\\\/\\\/voxsahel.com\\\/wp-content\\\/uploads\\\/2024\\\/09\\\/Logo-Vox-Sahel.jpg\",\"width\":1181,\"height\":848,\"caption\":\"Vox Sahel\"},\"image\":{\"@id\":\"https:\\\/\\\/voxsahel.com\\\/#\\\/schema\\\/logo\\\/image\\\/\"},\"sameAs\":[\"https:\\\/\\\/www.facebook.com\\\/journal.voxsahel\"]},{\"@type\":\"Person\",\"@id\":\"https:\\\/\\\/voxsahel.com\\\/#\\\/schema\\\/person\\\/b4043608248f8fa227cd760e7ff1e19e\",\"name\":\"Vox Sahel\",\"image\":{\"@type\":\"ImageObject\",\"inLanguage\":\"fr-FR\",\"@id\":\"https:\\\/\\\/secure.gravatar.com\\\/avatar\\\/f70e7fa0cb9b29d4a7c5788d6eb2e9ab4d3135cbae1c9161810fdf77a8964699?s=96&d=mm&r=g\",\"url\":\"https:\\\/\\\/secure.gravatar.com\\\/avatar\\\/f70e7fa0cb9b29d4a7c5788d6eb2e9ab4d3135cbae1c9161810fdf77a8964699?s=96&d=mm&r=g\",\"contentUrl\":\"https:\\\/\\\/secure.gravatar.com\\\/avatar\\\/f70e7fa0cb9b29d4a7c5788d6eb2e9ab4d3135cbae1c9161810fdf77a8964699?s=96&d=mm&r=g\",\"caption\":\"Vox Sahel\"},\"sameAs\":[\"http:\\\/\\\/www.voxsahel.com\"],\"url\":\"https:\\\/\\\/voxsahel.com\\\/?author=2\"}]}<\/script>\n<!-- \/ Yoast SEO plugin. -->","yoast_head_json":{"title":"Mobilisation des ressources domestiques pour l\u2019achat des produits contraceptifs\u00a0: Le minist\u00e8re de la Sant\u00e9 \u00e9change avec les journalistes - Vox Sahel","robots":{"index":"index","follow":"follow","max-snippet":"max-snippet:-1","max-image-preview":"max-image-preview:large","max-video-preview":"max-video-preview:-1"},"canonical":"https:\/\/voxsahel.com\/?p=235","og_locale":"fr_FR","og_type":"article","og_title":"Mobilisation des ressources domestiques pour l\u2019achat des produits contraceptifs\u00a0: Le minist\u00e8re de la Sant\u00e9 \u00e9change avec les journalistes - Vox Sahel","og_description":"Le minist\u00e8re de la Sant\u00e9 et de l\u2019Hygi\u00e8ne publique a organis\u00e9 une rencontre d\u2019\u00e9change avec","og_url":"https:\/\/voxsahel.com\/?p=235","og_site_name":"Vox Sahel","article_publisher":"https:\/\/www.facebook.com\/journal.voxsahel","article_published_time":"2024-09-17T09:37:42+00:00","article_modified_time":"2024-09-17T09:42:16+00:00","og_image":[{"width":1600,"height":1066,"url":"https:\/\/voxsahel.com\/wp-content\/uploads\/2024\/09\/Sante.jpg","type":"image\/jpeg"}],"author":"Vox Sahel","twitter_card":"summary_large_image","twitter_misc":{"\u00c9crit par":"Vox Sahel","Dur\u00e9e de lecture estim\u00e9e":"3 minutes"},"schema":{"@context":"https:\/\/schema.org","@graph":[{"@type":"Article","@id":"https:\/\/voxsahel.com\/?p=235#article","isPartOf":{"@id":"https:\/\/voxsahel.com\/?p=235"},"author":{"name":"Vox Sahel","@id":"https:\/\/voxsahel.com\/#\/schema\/person\/b4043608248f8fa227cd760e7ff1e19e"},"headline":"Mobilisation des ressources domestiques pour l\u2019achat des produits contraceptifs\u00a0: Le minist\u00e8re de la Sant\u00e9 \u00e9change avec les journalistes","datePublished":"2024-09-17T09:37:42+00:00","dateModified":"2024-09-17T09:42:16+00:00","mainEntityOfPage":{"@id":"https:\/\/voxsahel.com\/?p=235"},"wordCount":466,"commentCount":0,"publisher":{"@id":"https:\/\/voxsahel.com\/#organization"},"image":{"@id":"https:\/\/voxsahel.com\/?p=235#primaryimage"},"thumbnailUrl":"https:\/\/voxsahel.com\/wp-content\/uploads\/2024\/09\/Sante.jpg","keywords":["Burkina Faso","Planification familiale","Sant\u00e9"],"articleSection":["SANTE"],"inLanguage":"fr-FR","potentialAction":[{"@type":"CommentAction","name":"Comment","target":["https:\/\/voxsahel.com\/?p=235#respond"]}]},{"@type":"WebPage","@id":"https:\/\/voxsahel.com\/?p=235","url":"https:\/\/voxsahel.com\/?p=235","name":"Mobilisation des ressources domestiques pour l\u2019achat des produits contraceptifs\u00a0: Le minist\u00e8re de la Sant\u00e9 \u00e9change avec les journalistes - Vox Sahel","isPartOf":{"@id":"https:\/\/voxsahel.com\/#website"},"primaryImageOfPage":{"@id":"https:\/\/voxsahel.com\/?p=235#primaryimage"},"image":{"@id":"https:\/\/voxsahel.com\/?p=235#primaryimage"},"thumbnailUrl":"https:\/\/voxsahel.com\/wp-content\/uploads\/2024\/09\/Sante.jpg","datePublished":"2024-09-17T09:37:42+00:00","dateModified":"2024-09-17T09:42:16+00:00","breadcrumb":{"@id":"https:\/\/voxsahel.com\/?p=235#breadcrumb"},"inLanguage":"fr-FR","potentialAction":[{"@type":"ReadAction","target":["https:\/\/voxsahel.com\/?p=235"]}]},{"@type":"ImageObject","inLanguage":"fr-FR","@id":"https:\/\/voxsahel.com\/?p=235#primaryimage","url":"https:\/\/voxsahel.com\/wp-content\/uploads\/2024\/09\/Sante.jpg","contentUrl":"https:\/\/voxsahel.com\/wp-content\/uploads\/2024\/09\/Sante.jpg","width":1600,"height":1066,"caption":"Sant\u00e9"},{"@type":"BreadcrumbList","@id":"https:\/\/voxsahel.com\/?p=235#breadcrumb","itemListElement":[{"@type":"ListItem","position":1,"name":"Home","item":"https:\/\/voxsahel.com\/"},{"@type":"ListItem","position":2,"name":"Mobilisation des ressources domestiques pour l\u2019achat des produits contraceptifs\u00a0: Le minist\u00e8re de la Sant\u00e9 \u00e9change avec les journalistes"}]},{"@type":"WebSite","@id":"https:\/\/voxsahel.com\/#website","url":"https:\/\/voxsahel.com\/","name":"Vox Sahel","description":"Informez-vous sur le Sahel en un clic","publisher":{"@id":"https:\/\/voxsahel.com\/#organization"},"potentialAction":[{"@type":"SearchAction","target":{"@type":"EntryPoint","urlTemplate":"https:\/\/voxsahel.com\/?s={search_term_string}"},"query-input":{"@type":"PropertyValueSpecification","valueRequired":true,"valueName":"search_term_string"}}],"inLanguage":"fr-FR"},{"@type":"Organization","@id":"https:\/\/voxsahel.com\/#organization","name":"Vox Sahel","url":"https:\/\/voxsahel.com\/","logo":{"@type":"ImageObject","inLanguage":"fr-FR","@id":"https:\/\/voxsahel.com\/#\/schema\/logo\/image\/","url":"https:\/\/voxsahel.com\/wp-content\/uploads\/2024\/09\/Logo-Vox-Sahel.jpg","contentUrl":"https:\/\/voxsahel.com\/wp-content\/uploads\/2024\/09\/Logo-Vox-Sahel.jpg","width":1181,"height":848,"caption":"Vox Sahel"},"image":{"@id":"https:\/\/voxsahel.com\/#\/schema\/logo\/image\/"},"sameAs":["https:\/\/www.facebook.com\/journal.voxsahel"]},{"@type":"Person","@id":"https:\/\/voxsahel.com\/#\/schema\/person\/b4043608248f8fa227cd760e7ff1e19e","name":"Vox Sahel","image":{"@type":"ImageObject","inLanguage":"fr-FR","@id":"https:\/\/secure.gravatar.com\/avatar\/f70e7fa0cb9b29d4a7c5788d6eb2e9ab4d3135cbae1c9161810fdf77a8964699?s=96&d=mm&r=g","url":"https:\/\/secure.gravatar.com\/avatar\/f70e7fa0cb9b29d4a7c5788d6eb2e9ab4d3135cbae1c9161810fdf77a8964699?s=96&d=mm&r=g","contentUrl":"https:\/\/secure.gravatar.com\/avatar\/f70e7fa0cb9b29d4a7c5788d6eb2e9ab4d3135cbae1c9161810fdf77a8964699?s=96&d=mm&r=g","caption":"Vox Sahel"},"sameAs":["http:\/\/www.voxsahel.com"],"url":"https:\/\/voxsahel.com\/?author=2"}]}},"_links":{"self":[{"href":"https:\/\/voxsahel.com\/index.php?rest_route=\/wp\/v2\/posts\/235","targetHints":{"allow":["GET"]}}],"collection":[{"href":"https:\/\/voxsahel.com\/index.php?rest_route=\/wp\/v2\/posts"}],"about":[{"href":"https:\/\/voxsahel.com\/index.php?rest_route=\/wp\/v2\/types\/post"}],"author":[{"embeddable":true,"href":"https:\/\/voxsahel.com\/index.php?rest_route=\/wp\/v2\/users\/2"}],"replies":[{"embeddable":true,"href":"https:\/\/voxsahel.com\/index.php?rest_route=%2Fwp%2Fv2%2Fcomments&post=235"}],"version-history":[{"count":1,"href":"https:\/\/voxsahel.com\/index.php?rest_route=\/wp\/v2\/posts\/235\/revisions"}],"predecessor-version":[{"id":238,"href":"https:\/\/voxsahel.com\/index.php?rest_route=\/wp\/v2\/posts\/235\/revisions\/238"}],"wp:featuredmedia":[{"embeddable":true,"href":"https:\/\/voxsahel.com\/index.php?rest_route=\/wp\/v2\/media\/236"}],"wp:attachment":[{"href":"https:\/\/voxsahel.com\/index.php?rest_route=%2Fwp%2Fv2%2Fmedia&parent=235"}],"wp:term":[{"taxonomy":"category","embeddable":true,"href":"https:\/\/voxsahel.com\/index.php?rest_route=%2Fwp%2Fv2%2Fcategories&post=235"},{"taxonomy":"post_tag","embeddable":true,"href":"https:\/\/voxsahel.com\/index.php?rest_route=%2Fwp%2Fv2%2Ftags&post=235"}],"curies":[{"name":"wp","href":"https:\/\/api.w.org\/{rel}","templated":true}]}}