{"id":2343,"date":"2025-07-17T22:13:33","date_gmt":"2025-07-17T22:13:33","guid":{"rendered":"https:\/\/voxsahel.com\/?p=2343"},"modified":"2025-07-17T22:13:33","modified_gmt":"2025-07-17T22:13:33","slug":"securite-et-gouvernance-la-direction-generale-des-douanes-en-quete-dune-coordination-renforcee","status":"publish","type":"post","link":"https:\/\/voxsahel.com\/?p=2343","title":{"rendered":"S\u00e9curit\u00e9 et gouvernance : La Direction g\u00e9n\u00e9rale des Douanes en qu\u00eate d\u2019une coordination renforc\u00e9e"},"content":{"rendered":"<p class=\"p1\">Le Directeur G\u00e9n\u00e9ral des Douanes, l&rsquo;Inspecteur divisionnaire Yves KAFANDO, a entam\u00e9 ce jour 17 juillet une s\u00e9rie de visites de courtoisie aupr\u00e8s de plusieurs institutions partenaires dans le cadre du renforcement des synergies interinstitutionnelles. Cette initiative vise \u00e0 consolider les m\u00e9canismes de collaboration dans un contexte marqu\u00e9 par des d\u00e9fis s\u00e9curitaires, \u00e9conomiques et environnementaux croissants.<\/p>\n<p class=\"p1\"><span class=\"s1\">Premi\u00e8re \u00e9tape de cette tourn\u00e9e : la Direction G\u00e9n\u00e9rale des Eaux et For\u00eats (DGEF), o\u00f9 le DG des douanes a \u00e9t\u00e9 accueilli par le Colonel Barnab\u00e9 Kabor\u00e9. Les \u00e9changes ont mis en lumi\u00e8re la coop\u00e9ration historique entre les deux structures, notamment dans la lutte contre la criminalit\u00e9 environnementale et la mise en \u0153uvre de la Convention CITES. Les deux responsables ont convenu de renforcer les op\u00e9rations conjointes et les dispositifs de surveillance du territoire.<\/span><\/p>\n<p class=\"p1\"><span class=\"s1\">La deuxi\u00e8me visite a conduit le Directeur G\u00e9n\u00e9ral des Douanes \u00e0 la Direction G\u00e9n\u00e9rale de l\u2019Administration P\u00e9nitentiaire (DGAP), o\u00f9 il a \u00e9t\u00e9 re\u00e7u par l\u2019Inspecteur divisionnaire Sabila Sawadogo. Ce dernier a salu\u00e9 l\u2019initiative et r\u00e9affirm\u00e9 l\u2019engagement de son administration \u00e0 soutenir les actions de la Douane, en particulier dans les domaines n\u00e9cessitant une mutualisation des efforts pour la s\u00e9curit\u00e9 nationale.<\/span><\/p>\n<p class=\"p1\"><span class=\"s1\">Enfin, la tourn\u00e9e s\u2019est achev\u00e9e \u00e0 la Direction G\u00e9n\u00e9rale de la Police Municipale de Ouagadougou. M. Paulin KABOR\u00c9, Directeur G\u00e9n\u00e9ral, a \u00e9chang\u00e9 avec le DGD sur la lutte contre les fl\u00e9aux urbains et la n\u00e9cessit\u00e9 de renforcer les capacit\u00e9s de d\u00e9tection des produits illicites sur le march\u00e9 local.<\/span><\/p>\n<p class=\"p1\"><span class=\"s1\">\u00c0 l\u2019issue de chaque \u00e9tape, le Directeur g\u00e9n\u00e9ral des Douanes a rappel\u00e9 l\u2019importance d\u2019une coop\u00e9ration \u00e9troite entre institutions nationales. Selon lui, seule une solidarit\u00e9 renforc\u00e9e permettra d\u2019atteindre des r\u00e9sultats durables face aux menaces actuelles.<\/span><\/p>\n","protected":false},"excerpt":{"rendered":"<p>Le Directeur G\u00e9n\u00e9ral des Douanes, l&rsquo;Inspecteur divisionnaire Yves KAFANDO, a entam\u00e9 ce jour 17 juillet<\/p>\n","protected":false},"author":2,"featured_media":2345,"comment_status":"open","ping_status":"open","sticky":false,"template":"","format":"standard","meta":{"_et_pb_use_builder":"","_et_pb_old_content":"","_et_gb_content_width":"","footnotes":""},"categories":[8],"tags":[],"class_list":["post-2343","post","type-post","status-publish","format-standard","has-post-thumbnail","hentry","category-developpement"],"yoast_head":"<!-- This site is optimized with the Yoast SEO plugin v27.5 - https:\/\/yoast.com\/product\/yoast-seo-wordpress\/ -->\n<title>S\u00e9curit\u00e9 et gouvernance : La Direction g\u00e9n\u00e9rale des Douanes en qu\u00eate d\u2019une coordination renforc\u00e9e - Vox Sahel<\/title>\n<meta name=\"robots\" content=\"index, follow, max-snippet:-1, max-image-preview:large, max-video-preview:-1\" \/>\n<link rel=\"canonical\" href=\"https:\/\/voxsahel.com\/?p=2343\" \/>\n<meta property=\"og:locale\" content=\"fr_FR\" \/>\n<meta property=\"og:type\" content=\"article\" \/>\n<meta property=\"og:title\" content=\"S\u00e9curit\u00e9 et gouvernance : La Direction g\u00e9n\u00e9rale des Douanes en qu\u00eate d\u2019une coordination renforc\u00e9e - Vox Sahel\" \/>\n<meta property=\"og:description\" content=\"Le Directeur G\u00e9n\u00e9ral des Douanes, l&rsquo;Inspecteur divisionnaire Yves KAFANDO, a entam\u00e9 ce jour 17 juillet\" \/>\n<meta property=\"og:url\" content=\"https:\/\/voxsahel.com\/?p=2343\" \/>\n<meta property=\"og:site_name\" content=\"Vox Sahel\" \/>\n<meta property=\"article:publisher\" content=\"https:\/\/www.facebook.com\/journal.voxsahel\" \/>\n<meta property=\"article:published_time\" content=\"2025-07-17T22:13:33+00:00\" \/>\n<meta property=\"og:image\" content=\"https:\/\/voxsahel.com\/wp-content\/uploads\/2025\/07\/IMG_3470-1.jpeg\" \/>\n\t<meta property=\"og:image:width\" content=\"2048\" \/>\n\t<meta property=\"og:image:height\" content=\"2048\" \/>\n\t<meta property=\"og:image:type\" content=\"image\/jpeg\" \/>\n<meta name=\"author\" content=\"Vox Sahel\" \/>\n<meta name=\"twitter:card\" content=\"summary_large_image\" \/>\n<meta name=\"twitter:label1\" content=\"\u00c9crit par\" \/>\n\t<meta name=\"twitter:data1\" content=\"Vox Sahel\" \/>\n\t<meta name=\"twitter:label2\" content=\"Dur\u00e9e de lecture estim\u00e9e\" \/>\n\t<meta name=\"twitter:data2\" content=\"2 minutes\" \/>\n<script type=\"application\/ld+json\" class=\"yoast-schema-graph\">{\"@context\":\"https:\\\/\\\/schema.org\",\"@graph\":[{\"@type\":\"Article\",\"@id\":\"https:\\\/\\\/voxsahel.com\\\/?p=2343#article\",\"isPartOf\":{\"@id\":\"https:\\\/\\\/voxsahel.com\\\/?p=2343\"},\"author\":{\"name\":\"Vox Sahel\",\"@id\":\"https:\\\/\\\/voxsahel.com\\\/#\\\/schema\\\/person\\\/b4043608248f8fa227cd760e7ff1e19e\"},\"headline\":\"S\u00e9curit\u00e9 et gouvernance : La Direction g\u00e9n\u00e9rale des Douanes en qu\u00eate d\u2019une coordination renforc\u00e9e\",\"datePublished\":\"2025-07-17T22:13:33+00:00\",\"mainEntityOfPage\":{\"@id\":\"https:\\\/\\\/voxsahel.com\\\/?p=2343\"},\"wordCount\":333,\"commentCount\":0,\"publisher\":{\"@id\":\"https:\\\/\\\/voxsahel.com\\\/#organization\"},\"image\":{\"@id\":\"https:\\\/\\\/voxsahel.com\\\/?p=2343#primaryimage\"},\"thumbnailUrl\":\"https:\\\/\\\/voxsahel.com\\\/wp-content\\\/uploads\\\/2025\\\/07\\\/IMG_3470-1.jpeg\",\"articleSection\":[\"DEVELOPPEMENT\"],\"inLanguage\":\"fr-FR\",\"potentialAction\":[{\"@type\":\"CommentAction\",\"name\":\"Comment\",\"target\":[\"https:\\\/\\\/voxsahel.com\\\/?p=2343#respond\"]}]},{\"@type\":\"WebPage\",\"@id\":\"https:\\\/\\\/voxsahel.com\\\/?p=2343\",\"url\":\"https:\\\/\\\/voxsahel.com\\\/?p=2343\",\"name\":\"S\u00e9curit\u00e9 et gouvernance : La Direction g\u00e9n\u00e9rale des Douanes en qu\u00eate d\u2019une coordination renforc\u00e9e - Vox Sahel\",\"isPartOf\":{\"@id\":\"https:\\\/\\\/voxsahel.com\\\/#website\"},\"primaryImageOfPage\":{\"@id\":\"https:\\\/\\\/voxsahel.com\\\/?p=2343#primaryimage\"},\"image\":{\"@id\":\"https:\\\/\\\/voxsahel.com\\\/?p=2343#primaryimage\"},\"thumbnailUrl\":\"https:\\\/\\\/voxsahel.com\\\/wp-content\\\/uploads\\\/2025\\\/07\\\/IMG_3470-1.jpeg\",\"datePublished\":\"2025-07-17T22:13:33+00:00\",\"breadcrumb\":{\"@id\":\"https:\\\/\\\/voxsahel.com\\\/?p=2343#breadcrumb\"},\"inLanguage\":\"fr-FR\",\"potentialAction\":[{\"@type\":\"ReadAction\",\"target\":[\"https:\\\/\\\/voxsahel.com\\\/?p=2343\"]}]},{\"@type\":\"ImageObject\",\"inLanguage\":\"fr-FR\",\"@id\":\"https:\\\/\\\/voxsahel.com\\\/?p=2343#primaryimage\",\"url\":\"https:\\\/\\\/voxsahel.com\\\/wp-content\\\/uploads\\\/2025\\\/07\\\/IMG_3470-1.jpeg\",\"contentUrl\":\"https:\\\/\\\/voxsahel.com\\\/wp-content\\\/uploads\\\/2025\\\/07\\\/IMG_3470-1.jpeg\",\"width\":2048,\"height\":2048},{\"@type\":\"BreadcrumbList\",\"@id\":\"https:\\\/\\\/voxsahel.com\\\/?p=2343#breadcrumb\",\"itemListElement\":[{\"@type\":\"ListItem\",\"position\":1,\"name\":\"Home\",\"item\":\"https:\\\/\\\/voxsahel.com\\\/\"},{\"@type\":\"ListItem\",\"position\":2,\"name\":\"S\u00e9curit\u00e9 et gouvernance : La Direction g\u00e9n\u00e9rale des Douanes en qu\u00eate d\u2019une coordination renforc\u00e9e\"}]},{\"@type\":\"WebSite\",\"@id\":\"https:\\\/\\\/voxsahel.com\\\/#website\",\"url\":\"https:\\\/\\\/voxsahel.com\\\/\",\"name\":\"Vox Sahel\",\"description\":\"Informez-vous sur le Sahel en un clic\",\"publisher\":{\"@id\":\"https:\\\/\\\/voxsahel.com\\\/#organization\"},\"potentialAction\":[{\"@type\":\"SearchAction\",\"target\":{\"@type\":\"EntryPoint\",\"urlTemplate\":\"https:\\\/\\\/voxsahel.com\\\/?s={search_term_string}\"},\"query-input\":{\"@type\":\"PropertyValueSpecification\",\"valueRequired\":true,\"valueName\":\"search_term_string\"}}],\"inLanguage\":\"fr-FR\"},{\"@type\":\"Organization\",\"@id\":\"https:\\\/\\\/voxsahel.com\\\/#organization\",\"name\":\"Vox Sahel\",\"url\":\"https:\\\/\\\/voxsahel.com\\\/\",\"logo\":{\"@type\":\"ImageObject\",\"inLanguage\":\"fr-FR\",\"@id\":\"https:\\\/\\\/voxsahel.com\\\/#\\\/schema\\\/logo\\\/image\\\/\",\"url\":\"https:\\\/\\\/voxsahel.com\\\/wp-content\\\/uploads\\\/2024\\\/09\\\/Logo-Vox-Sahel.jpg\",\"contentUrl\":\"https:\\\/\\\/voxsahel.com\\\/wp-content\\\/uploads\\\/2024\\\/09\\\/Logo-Vox-Sahel.jpg\",\"width\":1181,\"height\":848,\"caption\":\"Vox Sahel\"},\"image\":{\"@id\":\"https:\\\/\\\/voxsahel.com\\\/#\\\/schema\\\/logo\\\/image\\\/\"},\"sameAs\":[\"https:\\\/\\\/www.facebook.com\\\/journal.voxsahel\"]},{\"@type\":\"Person\",\"@id\":\"https:\\\/\\\/voxsahel.com\\\/#\\\/schema\\\/person\\\/b4043608248f8fa227cd760e7ff1e19e\",\"name\":\"Vox Sahel\",\"image\":{\"@type\":\"ImageObject\",\"inLanguage\":\"fr-FR\",\"@id\":\"https:\\\/\\\/secure.gravatar.com\\\/avatar\\\/f70e7fa0cb9b29d4a7c5788d6eb2e9ab4d3135cbae1c9161810fdf77a8964699?s=96&d=mm&r=g\",\"url\":\"https:\\\/\\\/secure.gravatar.com\\\/avatar\\\/f70e7fa0cb9b29d4a7c5788d6eb2e9ab4d3135cbae1c9161810fdf77a8964699?s=96&d=mm&r=g\",\"contentUrl\":\"https:\\\/\\\/secure.gravatar.com\\\/avatar\\\/f70e7fa0cb9b29d4a7c5788d6eb2e9ab4d3135cbae1c9161810fdf77a8964699?s=96&d=mm&r=g\",\"caption\":\"Vox Sahel\"},\"sameAs\":[\"http:\\\/\\\/www.voxsahel.com\"],\"url\":\"https:\\\/\\\/voxsahel.com\\\/?author=2\"}]}<\/script>\n<!-- \/ Yoast SEO plugin. -->","yoast_head_json":{"title":"S\u00e9curit\u00e9 et gouvernance : La Direction g\u00e9n\u00e9rale des Douanes en qu\u00eate d\u2019une coordination renforc\u00e9e - Vox Sahel","robots":{"index":"index","follow":"follow","max-snippet":"max-snippet:-1","max-image-preview":"max-image-preview:large","max-video-preview":"max-video-preview:-1"},"canonical":"https:\/\/voxsahel.com\/?p=2343","og_locale":"fr_FR","og_type":"article","og_title":"S\u00e9curit\u00e9 et gouvernance : La Direction g\u00e9n\u00e9rale des Douanes en qu\u00eate d\u2019une coordination renforc\u00e9e - Vox Sahel","og_description":"Le Directeur G\u00e9n\u00e9ral des Douanes, l&rsquo;Inspecteur divisionnaire Yves KAFANDO, a entam\u00e9 ce jour 17 juillet","og_url":"https:\/\/voxsahel.com\/?p=2343","og_site_name":"Vox Sahel","article_publisher":"https:\/\/www.facebook.com\/journal.voxsahel","article_published_time":"2025-07-17T22:13:33+00:00","og_image":[{"width":2048,"height":2048,"url":"https:\/\/voxsahel.com\/wp-content\/uploads\/2025\/07\/IMG_3470-1.jpeg","type":"image\/jpeg"}],"author":"Vox Sahel","twitter_card":"summary_large_image","twitter_misc":{"\u00c9crit par":"Vox Sahel","Dur\u00e9e de lecture estim\u00e9e":"2 minutes"},"schema":{"@context":"https:\/\/schema.org","@graph":[{"@type":"Article","@id":"https:\/\/voxsahel.com\/?p=2343#article","isPartOf":{"@id":"https:\/\/voxsahel.com\/?p=2343"},"author":{"name":"Vox Sahel","@id":"https:\/\/voxsahel.com\/#\/schema\/person\/b4043608248f8fa227cd760e7ff1e19e"},"headline":"S\u00e9curit\u00e9 et gouvernance : La Direction g\u00e9n\u00e9rale des Douanes en qu\u00eate d\u2019une coordination renforc\u00e9e","datePublished":"2025-07-17T22:13:33+00:00","mainEntityOfPage":{"@id":"https:\/\/voxsahel.com\/?p=2343"},"wordCount":333,"commentCount":0,"publisher":{"@id":"https:\/\/voxsahel.com\/#organization"},"image":{"@id":"https:\/\/voxsahel.com\/?p=2343#primaryimage"},"thumbnailUrl":"https:\/\/voxsahel.com\/wp-content\/uploads\/2025\/07\/IMG_3470-1.jpeg","articleSection":["DEVELOPPEMENT"],"inLanguage":"fr-FR","potentialAction":[{"@type":"CommentAction","name":"Comment","target":["https:\/\/voxsahel.com\/?p=2343#respond"]}]},{"@type":"WebPage","@id":"https:\/\/voxsahel.com\/?p=2343","url":"https:\/\/voxsahel.com\/?p=2343","name":"S\u00e9curit\u00e9 et gouvernance : La Direction g\u00e9n\u00e9rale des Douanes en qu\u00eate d\u2019une coordination renforc\u00e9e - Vox Sahel","isPartOf":{"@id":"https:\/\/voxsahel.com\/#website"},"primaryImageOfPage":{"@id":"https:\/\/voxsahel.com\/?p=2343#primaryimage"},"image":{"@id":"https:\/\/voxsahel.com\/?p=2343#primaryimage"},"thumbnailUrl":"https:\/\/voxsahel.com\/wp-content\/uploads\/2025\/07\/IMG_3470-1.jpeg","datePublished":"2025-07-17T22:13:33+00:00","breadcrumb":{"@id":"https:\/\/voxsahel.com\/?p=2343#breadcrumb"},"inLanguage":"fr-FR","potentialAction":[{"@type":"ReadAction","target":["https:\/\/voxsahel.com\/?p=2343"]}]},{"@type":"ImageObject","inLanguage":"fr-FR","@id":"https:\/\/voxsahel.com\/?p=2343#primaryimage","url":"https:\/\/voxsahel.com\/wp-content\/uploads\/2025\/07\/IMG_3470-1.jpeg","contentUrl":"https:\/\/voxsahel.com\/wp-content\/uploads\/2025\/07\/IMG_3470-1.jpeg","width":2048,"height":2048},{"@type":"BreadcrumbList","@id":"https:\/\/voxsahel.com\/?p=2343#breadcrumb","itemListElement":[{"@type":"ListItem","position":1,"name":"Home","item":"https:\/\/voxsahel.com\/"},{"@type":"ListItem","position":2,"name":"S\u00e9curit\u00e9 et gouvernance : La Direction g\u00e9n\u00e9rale des Douanes en qu\u00eate d\u2019une coordination renforc\u00e9e"}]},{"@type":"WebSite","@id":"https:\/\/voxsahel.com\/#website","url":"https:\/\/voxsahel.com\/","name":"Vox Sahel","description":"Informez-vous sur le Sahel en un clic","publisher":{"@id":"https:\/\/voxsahel.com\/#organization"},"potentialAction":[{"@type":"SearchAction","target":{"@type":"EntryPoint","urlTemplate":"https:\/\/voxsahel.com\/?s={search_term_string}"},"query-input":{"@type":"PropertyValueSpecification","valueRequired":true,"valueName":"search_term_string"}}],"inLanguage":"fr-FR"},{"@type":"Organization","@id":"https:\/\/voxsahel.com\/#organization","name":"Vox Sahel","url":"https:\/\/voxsahel.com\/","logo":{"@type":"ImageObject","inLanguage":"fr-FR","@id":"https:\/\/voxsahel.com\/#\/schema\/logo\/image\/","url":"https:\/\/voxsahel.com\/wp-content\/uploads\/2024\/09\/Logo-Vox-Sahel.jpg","contentUrl":"https:\/\/voxsahel.com\/wp-content\/uploads\/2024\/09\/Logo-Vox-Sahel.jpg","width":1181,"height":848,"caption":"Vox Sahel"},"image":{"@id":"https:\/\/voxsahel.com\/#\/schema\/logo\/image\/"},"sameAs":["https:\/\/www.facebook.com\/journal.voxsahel"]},{"@type":"Person","@id":"https:\/\/voxsahel.com\/#\/schema\/person\/b4043608248f8fa227cd760e7ff1e19e","name":"Vox Sahel","image":{"@type":"ImageObject","inLanguage":"fr-FR","@id":"https:\/\/secure.gravatar.com\/avatar\/f70e7fa0cb9b29d4a7c5788d6eb2e9ab4d3135cbae1c9161810fdf77a8964699?s=96&d=mm&r=g","url":"https:\/\/secure.gravatar.com\/avatar\/f70e7fa0cb9b29d4a7c5788d6eb2e9ab4d3135cbae1c9161810fdf77a8964699?s=96&d=mm&r=g","contentUrl":"https:\/\/secure.gravatar.com\/avatar\/f70e7fa0cb9b29d4a7c5788d6eb2e9ab4d3135cbae1c9161810fdf77a8964699?s=96&d=mm&r=g","caption":"Vox Sahel"},"sameAs":["http:\/\/www.voxsahel.com"],"url":"https:\/\/voxsahel.com\/?author=2"}]}},"_links":{"self":[{"href":"https:\/\/voxsahel.com\/index.php?rest_route=\/wp\/v2\/posts\/2343","targetHints":{"allow":["GET"]}}],"collection":[{"href":"https:\/\/voxsahel.com\/index.php?rest_route=\/wp\/v2\/posts"}],"about":[{"href":"https:\/\/voxsahel.com\/index.php?rest_route=\/wp\/v2\/types\/post"}],"author":[{"embeddable":true,"href":"https:\/\/voxsahel.com\/index.php?rest_route=\/wp\/v2\/users\/2"}],"replies":[{"embeddable":true,"href":"https:\/\/voxsahel.com\/index.php?rest_route=%2Fwp%2Fv2%2Fcomments&post=2343"}],"version-history":[{"count":1,"href":"https:\/\/voxsahel.com\/index.php?rest_route=\/wp\/v2\/posts\/2343\/revisions"}],"predecessor-version":[{"id":2348,"href":"https:\/\/voxsahel.com\/index.php?rest_route=\/wp\/v2\/posts\/2343\/revisions\/2348"}],"wp:featuredmedia":[{"embeddable":true,"href":"https:\/\/voxsahel.com\/index.php?rest_route=\/wp\/v2\/media\/2345"}],"wp:attachment":[{"href":"https:\/\/voxsahel.com\/index.php?rest_route=%2Fwp%2Fv2%2Fmedia&parent=2343"}],"wp:term":[{"taxonomy":"category","embeddable":true,"href":"https:\/\/voxsahel.com\/index.php?rest_route=%2Fwp%2Fv2%2Fcategories&post=2343"},{"taxonomy":"post_tag","embeddable":true,"href":"https:\/\/voxsahel.com\/index.php?rest_route=%2Fwp%2Fv2%2Ftags&post=2343"}],"curies":[{"name":"wp","href":"https:\/\/api.w.org\/{rel}","templated":true}]}}