{"id":2340,"date":"2025-07-17T19:43:08","date_gmt":"2025-07-17T19:43:08","guid":{"rendered":"https:\/\/voxsahel.com\/?p=2340"},"modified":"2025-07-17T19:43:08","modified_gmt":"2025-07-17T19:43:08","slug":"retour-sur-le-hadj-2025-les-precisions-sur-lincident-de-restauration-a-mina","status":"publish","type":"post","link":"https:\/\/voxsahel.com\/?p=2340","title":{"rendered":"RETOUR SUR LE HADJ 2025 : Les pr\u00e9cisions sur l&rsquo;incident de restauration \u00e0 Mina"},"content":{"rendered":"<p class=\"p1\"><strong><span class=\"s1\">Au cours de la conf\u00e9rence de presse du 17 juillet 2025 consacr\u00e9e au bilan du Hadj, le pr\u00e9sident du Comit\u00e9 national de suivi du p\u00e8lerinage \u00e0 la Mecque (CNSPM), Amadou Sidib\u00e9, est revenu sur un incident survenu \u00e0 Mina, le jour de la Tabaski. Cet \u00e9pisode a suscit\u00e9 des commentaires et rumeurs, que le Comit\u00e9 a tenu \u00e0 \u00e9claircir.<\/span><\/strong><\/p>\n<p class=\"p1\"><span class=\"s1\">\u00a0<\/span><span class=\"s1\">\u00ab Le jour de la Tabaski, un retard de 2 heures a \u00e9t\u00e9 constat\u00e9 pour la restauration des p\u00e8lerins, qui \u00e9tait pr\u00e9vue \u00e0 13h. Le repas a \u00e9t\u00e9 servi entre 15h et 16h \u00bb, a expliqu\u00e9 Amadou Sidib\u00e9. Il a pr\u00e9cis\u00e9 que le Comit\u00e9 avait rapidement interpell\u00e9 le service charg\u00e9 de la restauration. <\/span><\/p>\n<p class=\"p1\"><span class=\"s1\">\u00ab On avait 2 sites et sur un de nos sites, on a constat\u00e9 un retard \u00bb, a-t-il d\u00e9clar\u00e9, ajoutant que \u00ab nous les avons interpell\u00e9s. Nous avons tenu une r\u00e9union avec les diff\u00e9rentes agences de voyages et leur avons dit que cette situation est inacceptable pour notre part \u00bb.<\/span><\/p>\n<p class=\"p1\"><span class=\"s1\">Le pr\u00e9sident du CNSPM a assur\u00e9 que les prestataires concern\u00e9s ont reconnu leurs torts et pris des mesures correctives. \u00ab Les prestataires ont pr\u00e9sent\u00e9 leurs excuses et corrig\u00e9 les imperfections durant tout le s\u00e9jour et ont am\u00e9lior\u00e9 la qualit\u00e9 de leur travail \u00bb, a-t-il affirm\u00e9.<\/span><\/p>\n<p class=\"p1\"><span class=\"s1\">R\u00e9agissant \u00e0 une rumeur laissant entendre que les p\u00e8lerins n\u2019auraient pas \u00e9t\u00e9 nourris pendant tout leur s\u00e9jour, Amadou Sidib\u00e9 a coup\u00e9 court : \u00ab Ce qui est totalement faux \u00bb, a-t-il insist\u00e9. Il a pr\u00e9cis\u00e9 que \u00ab chaque p\u00e8lerin a re\u00e7u son repas et \u00e0 temps durant tout le s\u00e9jour \u00bb.<\/span><\/p>\n<p class=\"p1\"><span class=\"s1\">Concernant l\u2019origine du dysfonctionnement, il a \u00e9t\u00e9 indiqu\u00e9 qu\u2019une panne en cuisine serait \u00e0 l\u2019origine du retard. Un repr\u00e9sentant d\u2019une agence de voyage a confirm\u00e9 qu\u2019il s\u2019agissait d\u2019un \u00ab souci de gaz dans la cuisine \u00bb.<\/span><\/p>\n<p class=\"p1\"><span class=\"s1\">En d\u00e9pit de cet incident isol\u00e9, le Comit\u00e9 a tenu \u00e0 rassurer que la gestion de Mina-Arafat a connu une nette am\u00e9lioration par rapport aux \u00e9ditions pr\u00e9c\u00e9dentes, notamment gr\u00e2ce \u00e0 une meilleure coordination entre les parties impliqu\u00e9es.<\/span><\/p>\n<p class=\"p1\" style=\"text-align: right;\"><strong><span class=\"s1\">Par Amir BAKO<\/span><\/strong><\/p>\n","protected":false},"excerpt":{"rendered":"<p>Au cours de la conf\u00e9rence de presse du 17 juillet 2025 consacr\u00e9e au bilan du<\/p>\n","protected":false},"author":2,"featured_media":2341,"comment_status":"open","ping_status":"open","sticky":false,"template":"","format":"standard","meta":{"_et_pb_use_builder":"","_et_pb_old_content":"","_et_gb_content_width":"","footnotes":""},"categories":[1],"tags":[18,798,388,551,387],"class_list":["post-2340","post","type-post","status-publish","format-standard","has-post-thumbnail","hentry","category-faits-divers","tag-burkina-faso","tag-comite-national-de-suivi-du-pelerinage-a-la-mecque","tag-hadj","tag-hadj2025","tag-religion"],"yoast_head":"<!-- This site is optimized with the Yoast SEO plugin v27.5 - https:\/\/yoast.com\/product\/yoast-seo-wordpress\/ -->\n<title>RETOUR SUR LE HADJ 2025 : Les pr\u00e9cisions sur l&#039;incident de restauration \u00e0 Mina - Vox Sahel<\/title>\n<meta name=\"robots\" content=\"index, follow, max-snippet:-1, max-image-preview:large, max-video-preview:-1\" \/>\n<link rel=\"canonical\" href=\"https:\/\/voxsahel.com\/?p=2340\" \/>\n<meta property=\"og:locale\" content=\"fr_FR\" \/>\n<meta property=\"og:type\" content=\"article\" \/>\n<meta property=\"og:title\" content=\"RETOUR SUR LE HADJ 2025 : Les pr\u00e9cisions sur l&#039;incident de restauration \u00e0 Mina - Vox Sahel\" \/>\n<meta property=\"og:description\" content=\"Au cours de la conf\u00e9rence de presse du 17 juillet 2025 consacr\u00e9e au bilan du\" \/>\n<meta property=\"og:url\" content=\"https:\/\/voxsahel.com\/?p=2340\" \/>\n<meta property=\"og:site_name\" content=\"Vox Sahel\" \/>\n<meta property=\"article:publisher\" content=\"https:\/\/www.facebook.com\/journal.voxsahel\" \/>\n<meta property=\"article:published_time\" content=\"2025-07-17T19:43:08+00:00\" \/>\n<meta property=\"og:image\" content=\"https:\/\/voxsahel.com\/wp-content\/uploads\/2025\/07\/IMG_3466.jpeg\" \/>\n\t<meta property=\"og:image:width\" content=\"780\" \/>\n\t<meta property=\"og:image:height\" content=\"470\" \/>\n\t<meta property=\"og:image:type\" content=\"image\/jpeg\" \/>\n<meta name=\"author\" content=\"Vox Sahel\" \/>\n<meta name=\"twitter:card\" content=\"summary_large_image\" \/>\n<meta name=\"twitter:label1\" content=\"\u00c9crit par\" \/>\n\t<meta name=\"twitter:data1\" content=\"Vox Sahel\" \/>\n\t<meta name=\"twitter:label2\" content=\"Dur\u00e9e de lecture estim\u00e9e\" \/>\n\t<meta name=\"twitter:data2\" content=\"2 minutes\" \/>\n<script type=\"application\/ld+json\" class=\"yoast-schema-graph\">{\"@context\":\"https:\\\/\\\/schema.org\",\"@graph\":[{\"@type\":\"Article\",\"@id\":\"https:\\\/\\\/voxsahel.com\\\/?p=2340#article\",\"isPartOf\":{\"@id\":\"https:\\\/\\\/voxsahel.com\\\/?p=2340\"},\"author\":{\"name\":\"Vox Sahel\",\"@id\":\"https:\\\/\\\/voxsahel.com\\\/#\\\/schema\\\/person\\\/b4043608248f8fa227cd760e7ff1e19e\"},\"headline\":\"RETOUR SUR LE HADJ 2025 : Les pr\u00e9cisions sur l&rsquo;incident de restauration \u00e0 Mina\",\"datePublished\":\"2025-07-17T19:43:08+00:00\",\"mainEntityOfPage\":{\"@id\":\"https:\\\/\\\/voxsahel.com\\\/?p=2340\"},\"wordCount\":357,\"commentCount\":0,\"publisher\":{\"@id\":\"https:\\\/\\\/voxsahel.com\\\/#organization\"},\"image\":{\"@id\":\"https:\\\/\\\/voxsahel.com\\\/?p=2340#primaryimage\"},\"thumbnailUrl\":\"https:\\\/\\\/voxsahel.com\\\/wp-content\\\/uploads\\\/2025\\\/07\\\/IMG_3466.jpeg\",\"keywords\":[\"Burkina Faso\",\"Comit\u00e9 national de suivi du p\u00e8lerinage \u00e0 la Mecque\",\"Hadj\",\"Hadj2025\",\"Religion\"],\"articleSection\":[\"FAITS DIVERS\"],\"inLanguage\":\"fr-FR\",\"potentialAction\":[{\"@type\":\"CommentAction\",\"name\":\"Comment\",\"target\":[\"https:\\\/\\\/voxsahel.com\\\/?p=2340#respond\"]}]},{\"@type\":\"WebPage\",\"@id\":\"https:\\\/\\\/voxsahel.com\\\/?p=2340\",\"url\":\"https:\\\/\\\/voxsahel.com\\\/?p=2340\",\"name\":\"RETOUR SUR LE HADJ 2025 : Les pr\u00e9cisions sur l'incident de restauration \u00e0 Mina - Vox Sahel\",\"isPartOf\":{\"@id\":\"https:\\\/\\\/voxsahel.com\\\/#website\"},\"primaryImageOfPage\":{\"@id\":\"https:\\\/\\\/voxsahel.com\\\/?p=2340#primaryimage\"},\"image\":{\"@id\":\"https:\\\/\\\/voxsahel.com\\\/?p=2340#primaryimage\"},\"thumbnailUrl\":\"https:\\\/\\\/voxsahel.com\\\/wp-content\\\/uploads\\\/2025\\\/07\\\/IMG_3466.jpeg\",\"datePublished\":\"2025-07-17T19:43:08+00:00\",\"breadcrumb\":{\"@id\":\"https:\\\/\\\/voxsahel.com\\\/?p=2340#breadcrumb\"},\"inLanguage\":\"fr-FR\",\"potentialAction\":[{\"@type\":\"ReadAction\",\"target\":[\"https:\\\/\\\/voxsahel.com\\\/?p=2340\"]}]},{\"@type\":\"ImageObject\",\"inLanguage\":\"fr-FR\",\"@id\":\"https:\\\/\\\/voxsahel.com\\\/?p=2340#primaryimage\",\"url\":\"https:\\\/\\\/voxsahel.com\\\/wp-content\\\/uploads\\\/2025\\\/07\\\/IMG_3466.jpeg\",\"contentUrl\":\"https:\\\/\\\/voxsahel.com\\\/wp-content\\\/uploads\\\/2025\\\/07\\\/IMG_3466.jpeg\",\"width\":780,\"height\":470},{\"@type\":\"BreadcrumbList\",\"@id\":\"https:\\\/\\\/voxsahel.com\\\/?p=2340#breadcrumb\",\"itemListElement\":[{\"@type\":\"ListItem\",\"position\":1,\"name\":\"Home\",\"item\":\"https:\\\/\\\/voxsahel.com\\\/\"},{\"@type\":\"ListItem\",\"position\":2,\"name\":\"RETOUR SUR LE HADJ 2025 : Les pr\u00e9cisions sur l&rsquo;incident de restauration \u00e0 Mina\"}]},{\"@type\":\"WebSite\",\"@id\":\"https:\\\/\\\/voxsahel.com\\\/#website\",\"url\":\"https:\\\/\\\/voxsahel.com\\\/\",\"name\":\"Vox Sahel\",\"description\":\"Informez-vous sur le Sahel en un clic\",\"publisher\":{\"@id\":\"https:\\\/\\\/voxsahel.com\\\/#organization\"},\"potentialAction\":[{\"@type\":\"SearchAction\",\"target\":{\"@type\":\"EntryPoint\",\"urlTemplate\":\"https:\\\/\\\/voxsahel.com\\\/?s={search_term_string}\"},\"query-input\":{\"@type\":\"PropertyValueSpecification\",\"valueRequired\":true,\"valueName\":\"search_term_string\"}}],\"inLanguage\":\"fr-FR\"},{\"@type\":\"Organization\",\"@id\":\"https:\\\/\\\/voxsahel.com\\\/#organization\",\"name\":\"Vox Sahel\",\"url\":\"https:\\\/\\\/voxsahel.com\\\/\",\"logo\":{\"@type\":\"ImageObject\",\"inLanguage\":\"fr-FR\",\"@id\":\"https:\\\/\\\/voxsahel.com\\\/#\\\/schema\\\/logo\\\/image\\\/\",\"url\":\"https:\\\/\\\/voxsahel.com\\\/wp-content\\\/uploads\\\/2024\\\/09\\\/Logo-Vox-Sahel.jpg\",\"contentUrl\":\"https:\\\/\\\/voxsahel.com\\\/wp-content\\\/uploads\\\/2024\\\/09\\\/Logo-Vox-Sahel.jpg\",\"width\":1181,\"height\":848,\"caption\":\"Vox Sahel\"},\"image\":{\"@id\":\"https:\\\/\\\/voxsahel.com\\\/#\\\/schema\\\/logo\\\/image\\\/\"},\"sameAs\":[\"https:\\\/\\\/www.facebook.com\\\/journal.voxsahel\"]},{\"@type\":\"Person\",\"@id\":\"https:\\\/\\\/voxsahel.com\\\/#\\\/schema\\\/person\\\/b4043608248f8fa227cd760e7ff1e19e\",\"name\":\"Vox Sahel\",\"image\":{\"@type\":\"ImageObject\",\"inLanguage\":\"fr-FR\",\"@id\":\"https:\\\/\\\/secure.gravatar.com\\\/avatar\\\/f70e7fa0cb9b29d4a7c5788d6eb2e9ab4d3135cbae1c9161810fdf77a8964699?s=96&d=mm&r=g\",\"url\":\"https:\\\/\\\/secure.gravatar.com\\\/avatar\\\/f70e7fa0cb9b29d4a7c5788d6eb2e9ab4d3135cbae1c9161810fdf77a8964699?s=96&d=mm&r=g\",\"contentUrl\":\"https:\\\/\\\/secure.gravatar.com\\\/avatar\\\/f70e7fa0cb9b29d4a7c5788d6eb2e9ab4d3135cbae1c9161810fdf77a8964699?s=96&d=mm&r=g\",\"caption\":\"Vox Sahel\"},\"sameAs\":[\"http:\\\/\\\/www.voxsahel.com\"],\"url\":\"https:\\\/\\\/voxsahel.com\\\/?author=2\"}]}<\/script>\n<!-- \/ Yoast SEO plugin. -->","yoast_head_json":{"title":"RETOUR SUR LE HADJ 2025 : Les pr\u00e9cisions sur l'incident de restauration \u00e0 Mina - Vox Sahel","robots":{"index":"index","follow":"follow","max-snippet":"max-snippet:-1","max-image-preview":"max-image-preview:large","max-video-preview":"max-video-preview:-1"},"canonical":"https:\/\/voxsahel.com\/?p=2340","og_locale":"fr_FR","og_type":"article","og_title":"RETOUR SUR LE HADJ 2025 : Les pr\u00e9cisions sur l'incident de restauration \u00e0 Mina - Vox Sahel","og_description":"Au cours de la conf\u00e9rence de presse du 17 juillet 2025 consacr\u00e9e au bilan du","og_url":"https:\/\/voxsahel.com\/?p=2340","og_site_name":"Vox Sahel","article_publisher":"https:\/\/www.facebook.com\/journal.voxsahel","article_published_time":"2025-07-17T19:43:08+00:00","og_image":[{"width":780,"height":470,"url":"https:\/\/voxsahel.com\/wp-content\/uploads\/2025\/07\/IMG_3466.jpeg","type":"image\/jpeg"}],"author":"Vox Sahel","twitter_card":"summary_large_image","twitter_misc":{"\u00c9crit par":"Vox Sahel","Dur\u00e9e de lecture estim\u00e9e":"2 minutes"},"schema":{"@context":"https:\/\/schema.org","@graph":[{"@type":"Article","@id":"https:\/\/voxsahel.com\/?p=2340#article","isPartOf":{"@id":"https:\/\/voxsahel.com\/?p=2340"},"author":{"name":"Vox Sahel","@id":"https:\/\/voxsahel.com\/#\/schema\/person\/b4043608248f8fa227cd760e7ff1e19e"},"headline":"RETOUR SUR LE HADJ 2025 : Les pr\u00e9cisions sur l&rsquo;incident de restauration \u00e0 Mina","datePublished":"2025-07-17T19:43:08+00:00","mainEntityOfPage":{"@id":"https:\/\/voxsahel.com\/?p=2340"},"wordCount":357,"commentCount":0,"publisher":{"@id":"https:\/\/voxsahel.com\/#organization"},"image":{"@id":"https:\/\/voxsahel.com\/?p=2340#primaryimage"},"thumbnailUrl":"https:\/\/voxsahel.com\/wp-content\/uploads\/2025\/07\/IMG_3466.jpeg","keywords":["Burkina Faso","Comit\u00e9 national de suivi du p\u00e8lerinage \u00e0 la Mecque","Hadj","Hadj2025","Religion"],"articleSection":["FAITS DIVERS"],"inLanguage":"fr-FR","potentialAction":[{"@type":"CommentAction","name":"Comment","target":["https:\/\/voxsahel.com\/?p=2340#respond"]}]},{"@type":"WebPage","@id":"https:\/\/voxsahel.com\/?p=2340","url":"https:\/\/voxsahel.com\/?p=2340","name":"RETOUR SUR LE HADJ 2025 : Les pr\u00e9cisions sur l'incident de restauration \u00e0 Mina - Vox Sahel","isPartOf":{"@id":"https:\/\/voxsahel.com\/#website"},"primaryImageOfPage":{"@id":"https:\/\/voxsahel.com\/?p=2340#primaryimage"},"image":{"@id":"https:\/\/voxsahel.com\/?p=2340#primaryimage"},"thumbnailUrl":"https:\/\/voxsahel.com\/wp-content\/uploads\/2025\/07\/IMG_3466.jpeg","datePublished":"2025-07-17T19:43:08+00:00","breadcrumb":{"@id":"https:\/\/voxsahel.com\/?p=2340#breadcrumb"},"inLanguage":"fr-FR","potentialAction":[{"@type":"ReadAction","target":["https:\/\/voxsahel.com\/?p=2340"]}]},{"@type":"ImageObject","inLanguage":"fr-FR","@id":"https:\/\/voxsahel.com\/?p=2340#primaryimage","url":"https:\/\/voxsahel.com\/wp-content\/uploads\/2025\/07\/IMG_3466.jpeg","contentUrl":"https:\/\/voxsahel.com\/wp-content\/uploads\/2025\/07\/IMG_3466.jpeg","width":780,"height":470},{"@type":"BreadcrumbList","@id":"https:\/\/voxsahel.com\/?p=2340#breadcrumb","itemListElement":[{"@type":"ListItem","position":1,"name":"Home","item":"https:\/\/voxsahel.com\/"},{"@type":"ListItem","position":2,"name":"RETOUR SUR LE HADJ 2025 : Les pr\u00e9cisions sur l&rsquo;incident de restauration \u00e0 Mina"}]},{"@type":"WebSite","@id":"https:\/\/voxsahel.com\/#website","url":"https:\/\/voxsahel.com\/","name":"Vox Sahel","description":"Informez-vous sur le Sahel en un clic","publisher":{"@id":"https:\/\/voxsahel.com\/#organization"},"potentialAction":[{"@type":"SearchAction","target":{"@type":"EntryPoint","urlTemplate":"https:\/\/voxsahel.com\/?s={search_term_string}"},"query-input":{"@type":"PropertyValueSpecification","valueRequired":true,"valueName":"search_term_string"}}],"inLanguage":"fr-FR"},{"@type":"Organization","@id":"https:\/\/voxsahel.com\/#organization","name":"Vox Sahel","url":"https:\/\/voxsahel.com\/","logo":{"@type":"ImageObject","inLanguage":"fr-FR","@id":"https:\/\/voxsahel.com\/#\/schema\/logo\/image\/","url":"https:\/\/voxsahel.com\/wp-content\/uploads\/2024\/09\/Logo-Vox-Sahel.jpg","contentUrl":"https:\/\/voxsahel.com\/wp-content\/uploads\/2024\/09\/Logo-Vox-Sahel.jpg","width":1181,"height":848,"caption":"Vox Sahel"},"image":{"@id":"https:\/\/voxsahel.com\/#\/schema\/logo\/image\/"},"sameAs":["https:\/\/www.facebook.com\/journal.voxsahel"]},{"@type":"Person","@id":"https:\/\/voxsahel.com\/#\/schema\/person\/b4043608248f8fa227cd760e7ff1e19e","name":"Vox Sahel","image":{"@type":"ImageObject","inLanguage":"fr-FR","@id":"https:\/\/secure.gravatar.com\/avatar\/f70e7fa0cb9b29d4a7c5788d6eb2e9ab4d3135cbae1c9161810fdf77a8964699?s=96&d=mm&r=g","url":"https:\/\/secure.gravatar.com\/avatar\/f70e7fa0cb9b29d4a7c5788d6eb2e9ab4d3135cbae1c9161810fdf77a8964699?s=96&d=mm&r=g","contentUrl":"https:\/\/secure.gravatar.com\/avatar\/f70e7fa0cb9b29d4a7c5788d6eb2e9ab4d3135cbae1c9161810fdf77a8964699?s=96&d=mm&r=g","caption":"Vox Sahel"},"sameAs":["http:\/\/www.voxsahel.com"],"url":"https:\/\/voxsahel.com\/?author=2"}]}},"_links":{"self":[{"href":"https:\/\/voxsahel.com\/index.php?rest_route=\/wp\/v2\/posts\/2340","targetHints":{"allow":["GET"]}}],"collection":[{"href":"https:\/\/voxsahel.com\/index.php?rest_route=\/wp\/v2\/posts"}],"about":[{"href":"https:\/\/voxsahel.com\/index.php?rest_route=\/wp\/v2\/types\/post"}],"author":[{"embeddable":true,"href":"https:\/\/voxsahel.com\/index.php?rest_route=\/wp\/v2\/users\/2"}],"replies":[{"embeddable":true,"href":"https:\/\/voxsahel.com\/index.php?rest_route=%2Fwp%2Fv2%2Fcomments&post=2340"}],"version-history":[{"count":1,"href":"https:\/\/voxsahel.com\/index.php?rest_route=\/wp\/v2\/posts\/2340\/revisions"}],"predecessor-version":[{"id":2342,"href":"https:\/\/voxsahel.com\/index.php?rest_route=\/wp\/v2\/posts\/2340\/revisions\/2342"}],"wp:featuredmedia":[{"embeddable":true,"href":"https:\/\/voxsahel.com\/index.php?rest_route=\/wp\/v2\/media\/2341"}],"wp:attachment":[{"href":"https:\/\/voxsahel.com\/index.php?rest_route=%2Fwp%2Fv2%2Fmedia&parent=2340"}],"wp:term":[{"taxonomy":"category","embeddable":true,"href":"https:\/\/voxsahel.com\/index.php?rest_route=%2Fwp%2Fv2%2Fcategories&post=2340"},{"taxonomy":"post_tag","embeddable":true,"href":"https:\/\/voxsahel.com\/index.php?rest_route=%2Fwp%2Fv2%2Ftags&post=2340"}],"curies":[{"name":"wp","href":"https:\/\/api.w.org\/{rel}","templated":true}]}}