{"id":2334,"date":"2025-07-16T20:18:19","date_gmt":"2025-07-16T20:18:19","guid":{"rendered":"https:\/\/voxsahel.com\/?p=2334"},"modified":"2025-07-16T20:18:19","modified_gmt":"2025-07-16T20:18:19","slug":"burkina-faso-la-ceni-dissoute-lenseignement-superieur-reorganise-pour-une-meilleure-insertion-des-diplomes","status":"publish","type":"post","link":"https:\/\/voxsahel.com\/?p=2334","title":{"rendered":"Burkina Faso : La CENI dissoute, l\u2019enseignement sup\u00e9rieur r\u00e9organis\u00e9 pour une meilleure insertion des dipl\u00f4m\u00e9s"},"content":{"rendered":"<p class=\"p1\"><span class=\"s2\"><b>Le Pr\u00e9sident du Faso, Capitaine Ibrahim Traor\u00e9, a pr\u00e9sid\u00e9 ce mercredi 16 juillet 2025, l\u2019hebdomadaire Conseil des ministres \u00e0 Ouagadougou. Plusieurs dossiers importants ont \u00e9t\u00e9 examin\u00e9s et adopt\u00e9s, t\u00e9moignant de la volont\u00e9 de l\u2019ex\u00e9cutif de renforcer la gouvernance et d\u2019am\u00e9liorer le fonctionnement des institutions nationales, a indiqu\u00e9 le Porte-parole du Gouvernement, Gilbert Ou\u00e9draogo.<\/b><\/span><\/p>\n<p class=\"p1\"><span class=\"s1\">Parmi les mesures phares adopt\u00e9es, figure la dissolution de la Commission \u00e9lectorale nationale ind\u00e9pendante (CENI). Cette d\u00e9cision, port\u00e9e par le minist\u00e8re de l\u2019Administration territoriale et de la Mobilit\u00e9, s\u2019inscrit dans le cadre de la refondation de l\u2019\u00c9tat et des r\u00e9formes institutionnelles engag\u00e9es pour rationaliser les charges de fonctionnement. Selon le Ministre d\u2019\u00c9tat \u00c9mile Zerbo, la CENI, subventionn\u00e9e \u00e0 hauteur de pr\u00e8s d\u2019un demi-milliard de francs CFA chaque ann\u00e9e, est d\u00e9sormais jug\u00e9e incompatible avec les dispositions de la Charte de la transition, en plus d\u2019\u00eatre un poste budg\u00e9taire lourd.<\/span><\/p>\n<p class=\"p1\"><span class=\"s1\">Le projet de loi autoris\u00e9 par le Conseil des ministres pr\u00e9voit ainsi la dissolution de cette institution et la d\u00e9volution de ses attributions \u00e9lectorales au minist\u00e8re de l\u2019Administration territoriale, comme cela \u00e9tait le cas auparavant.<\/span><\/p>\n<p class=\"p1\"><span class=\"s1\">Sur un autre volet, le minist\u00e8re de l\u2019Enseignement sup\u00e9rieur, de la Recherche et de l\u2019Innovation a pr\u00e9sent\u00e9 au Conseil dix d\u00e9crets portant approbation des nouveaux statuts de dix Institutions d\u2019Enseignement sup\u00e9rieur et de Recherche (IESR). Cette r\u00e9forme fait suite \u00e0 la recommandation de la 25e session annuelle de l\u2019Assembl\u00e9e g\u00e9n\u00e9rale des \u00c9tablissements publics de l\u2019\u00c9tat (AG\/EPE) appelant \u00e0 une relecture des textes organisationnels.<\/span><\/p>\n<p class=\"p1\"><span class=\"s1\">Le Professeur Adjima Thiombiano a soulign\u00e9 que ces ajustements visaient \u00e0 corriger les disparit\u00e9s constat\u00e9es dans les statuts, qui entravaient l\u2019atteinte des objectifs d\u2019insertion professionnelle des dipl\u00f4m\u00e9s. Une attention particuli\u00e8re est d\u00e9sormais port\u00e9e \u00e0 la professionnalisation et \u00e0 l\u2019entrepreneuriat dans les cursus de formation.<\/span><\/p>\n<p class=\"p1\"><span class=\"s1\">Parmi les innovations majeures introduites figurent la cr\u00e9ation d\u2019un Bureau Comptable Mati\u00e8res Principal (BCMP) dans chaque IESR, la fixation \u00e0 quinze du nombre des administrateurs des conseils d\u2019administration, ainsi que l\u2019institution d\u2019une propri\u00e9t\u00e9 exclusive des r\u00e9sultats de recherche au sein de ces \u00e9tablissements.<\/span><\/p>\n<p class=\"p1\"><span class=\"s1\">Ces r\u00e9formes t\u00e9moignent de la volont\u00e9 du gouvernement d\u2019adapter le cadre institutionnel et organisationnel des IESR aux exigences actuelles de formation, de recherche et d\u2019innovation, en vue d\u2019une meilleure insertion des jeunes dipl\u00f4m\u00e9s sur le march\u00e9 du travail.\u00a0<\/span><\/p>\n<p style=\"text-align: right;\"><strong>Par Vox Sahel<\/strong><\/p>\n","protected":false},"excerpt":{"rendered":"<p>Le Pr\u00e9sident du Faso, Capitaine Ibrahim Traor\u00e9, a pr\u00e9sid\u00e9 ce mercredi 16 juillet 2025, l\u2019hebdomadaire<\/p>\n","protected":false},"author":2,"featured_media":2335,"comment_status":"open","ping_status":"open","sticky":false,"template":"","format":"standard","meta":{"_et_pb_use_builder":"","_et_pb_old_content":"","_et_gb_content_width":"","footnotes":""},"categories":[1],"tags":[18,841,842],"class_list":["post-2334","post","type-post","status-publish","format-standard","has-post-thumbnail","hentry","category-faits-divers","tag-burkina-faso","tag-ceni","tag-commission-electorale-nationale-independante"],"yoast_head":"<!-- This site is optimized with the Yoast SEO plugin v27.5 - https:\/\/yoast.com\/product\/yoast-seo-wordpress\/ -->\n<title>Burkina Faso : La CENI dissoute, l\u2019enseignement sup\u00e9rieur r\u00e9organis\u00e9 pour une meilleure insertion des dipl\u00f4m\u00e9s - Vox Sahel<\/title>\n<meta name=\"robots\" content=\"index, follow, max-snippet:-1, max-image-preview:large, max-video-preview:-1\" \/>\n<link rel=\"canonical\" href=\"https:\/\/voxsahel.com\/?p=2334\" \/>\n<meta property=\"og:locale\" content=\"fr_FR\" \/>\n<meta property=\"og:type\" content=\"article\" \/>\n<meta property=\"og:title\" content=\"Burkina Faso : La CENI dissoute, l\u2019enseignement sup\u00e9rieur r\u00e9organis\u00e9 pour une meilleure insertion des dipl\u00f4m\u00e9s - Vox Sahel\" \/>\n<meta property=\"og:description\" content=\"Le Pr\u00e9sident du Faso, Capitaine Ibrahim Traor\u00e9, a pr\u00e9sid\u00e9 ce mercredi 16 juillet 2025, l\u2019hebdomadaire\" \/>\n<meta property=\"og:url\" content=\"https:\/\/voxsahel.com\/?p=2334\" \/>\n<meta property=\"og:site_name\" content=\"Vox Sahel\" \/>\n<meta property=\"article:publisher\" content=\"https:\/\/www.facebook.com\/journal.voxsahel\" \/>\n<meta property=\"article:published_time\" content=\"2025-07-16T20:18:19+00:00\" \/>\n<meta property=\"og:image\" content=\"https:\/\/voxsahel.com\/wp-content\/uploads\/2025\/07\/IMG_3412.jpeg\" \/>\n\t<meta property=\"og:image:width\" content=\"1600\" \/>\n\t<meta property=\"og:image:height\" content=\"1066\" \/>\n\t<meta property=\"og:image:type\" content=\"image\/jpeg\" \/>\n<meta name=\"author\" content=\"Vox Sahel\" \/>\n<meta name=\"twitter:card\" content=\"summary_large_image\" \/>\n<meta name=\"twitter:label1\" content=\"\u00c9crit par\" \/>\n\t<meta name=\"twitter:data1\" content=\"Vox Sahel\" \/>\n\t<meta name=\"twitter:label2\" content=\"Dur\u00e9e de lecture estim\u00e9e\" \/>\n\t<meta name=\"twitter:data2\" content=\"3 minutes\" \/>\n<script type=\"application\/ld+json\" class=\"yoast-schema-graph\">{\"@context\":\"https:\\\/\\\/schema.org\",\"@graph\":[{\"@type\":\"Article\",\"@id\":\"https:\\\/\\\/voxsahel.com\\\/?p=2334#article\",\"isPartOf\":{\"@id\":\"https:\\\/\\\/voxsahel.com\\\/?p=2334\"},\"author\":{\"name\":\"Vox Sahel\",\"@id\":\"https:\\\/\\\/voxsahel.com\\\/#\\\/schema\\\/person\\\/b4043608248f8fa227cd760e7ff1e19e\"},\"headline\":\"Burkina Faso : La CENI dissoute, l\u2019enseignement sup\u00e9rieur r\u00e9organis\u00e9 pour une meilleure insertion des dipl\u00f4m\u00e9s\",\"datePublished\":\"2025-07-16T20:18:19+00:00\",\"mainEntityOfPage\":{\"@id\":\"https:\\\/\\\/voxsahel.com\\\/?p=2334\"},\"wordCount\":450,\"commentCount\":0,\"publisher\":{\"@id\":\"https:\\\/\\\/voxsahel.com\\\/#organization\"},\"image\":{\"@id\":\"https:\\\/\\\/voxsahel.com\\\/?p=2334#primaryimage\"},\"thumbnailUrl\":\"https:\\\/\\\/voxsahel.com\\\/wp-content\\\/uploads\\\/2025\\\/07\\\/IMG_3412.jpeg\",\"keywords\":[\"Burkina Faso\",\"CENI\",\"Commission \u00e9lectorale nationale ind\u00e9pendante\"],\"articleSection\":[\"FAITS DIVERS\"],\"inLanguage\":\"fr-FR\",\"potentialAction\":[{\"@type\":\"CommentAction\",\"name\":\"Comment\",\"target\":[\"https:\\\/\\\/voxsahel.com\\\/?p=2334#respond\"]}]},{\"@type\":\"WebPage\",\"@id\":\"https:\\\/\\\/voxsahel.com\\\/?p=2334\",\"url\":\"https:\\\/\\\/voxsahel.com\\\/?p=2334\",\"name\":\"Burkina Faso : La CENI dissoute, l\u2019enseignement sup\u00e9rieur r\u00e9organis\u00e9 pour une meilleure insertion des dipl\u00f4m\u00e9s - Vox Sahel\",\"isPartOf\":{\"@id\":\"https:\\\/\\\/voxsahel.com\\\/#website\"},\"primaryImageOfPage\":{\"@id\":\"https:\\\/\\\/voxsahel.com\\\/?p=2334#primaryimage\"},\"image\":{\"@id\":\"https:\\\/\\\/voxsahel.com\\\/?p=2334#primaryimage\"},\"thumbnailUrl\":\"https:\\\/\\\/voxsahel.com\\\/wp-content\\\/uploads\\\/2025\\\/07\\\/IMG_3412.jpeg\",\"datePublished\":\"2025-07-16T20:18:19+00:00\",\"breadcrumb\":{\"@id\":\"https:\\\/\\\/voxsahel.com\\\/?p=2334#breadcrumb\"},\"inLanguage\":\"fr-FR\",\"potentialAction\":[{\"@type\":\"ReadAction\",\"target\":[\"https:\\\/\\\/voxsahel.com\\\/?p=2334\"]}]},{\"@type\":\"ImageObject\",\"inLanguage\":\"fr-FR\",\"@id\":\"https:\\\/\\\/voxsahel.com\\\/?p=2334#primaryimage\",\"url\":\"https:\\\/\\\/voxsahel.com\\\/wp-content\\\/uploads\\\/2025\\\/07\\\/IMG_3412.jpeg\",\"contentUrl\":\"https:\\\/\\\/voxsahel.com\\\/wp-content\\\/uploads\\\/2025\\\/07\\\/IMG_3412.jpeg\",\"width\":1600,\"height\":1066},{\"@type\":\"BreadcrumbList\",\"@id\":\"https:\\\/\\\/voxsahel.com\\\/?p=2334#breadcrumb\",\"itemListElement\":[{\"@type\":\"ListItem\",\"position\":1,\"name\":\"Home\",\"item\":\"https:\\\/\\\/voxsahel.com\\\/\"},{\"@type\":\"ListItem\",\"position\":2,\"name\":\"Burkina Faso : La CENI dissoute, l\u2019enseignement sup\u00e9rieur r\u00e9organis\u00e9 pour une meilleure insertion des dipl\u00f4m\u00e9s\"}]},{\"@type\":\"WebSite\",\"@id\":\"https:\\\/\\\/voxsahel.com\\\/#website\",\"url\":\"https:\\\/\\\/voxsahel.com\\\/\",\"name\":\"Vox Sahel\",\"description\":\"Informez-vous sur le Sahel en un clic\",\"publisher\":{\"@id\":\"https:\\\/\\\/voxsahel.com\\\/#organization\"},\"potentialAction\":[{\"@type\":\"SearchAction\",\"target\":{\"@type\":\"EntryPoint\",\"urlTemplate\":\"https:\\\/\\\/voxsahel.com\\\/?s={search_term_string}\"},\"query-input\":{\"@type\":\"PropertyValueSpecification\",\"valueRequired\":true,\"valueName\":\"search_term_string\"}}],\"inLanguage\":\"fr-FR\"},{\"@type\":\"Organization\",\"@id\":\"https:\\\/\\\/voxsahel.com\\\/#organization\",\"name\":\"Vox Sahel\",\"url\":\"https:\\\/\\\/voxsahel.com\\\/\",\"logo\":{\"@type\":\"ImageObject\",\"inLanguage\":\"fr-FR\",\"@id\":\"https:\\\/\\\/voxsahel.com\\\/#\\\/schema\\\/logo\\\/image\\\/\",\"url\":\"https:\\\/\\\/voxsahel.com\\\/wp-content\\\/uploads\\\/2024\\\/09\\\/Logo-Vox-Sahel.jpg\",\"contentUrl\":\"https:\\\/\\\/voxsahel.com\\\/wp-content\\\/uploads\\\/2024\\\/09\\\/Logo-Vox-Sahel.jpg\",\"width\":1181,\"height\":848,\"caption\":\"Vox Sahel\"},\"image\":{\"@id\":\"https:\\\/\\\/voxsahel.com\\\/#\\\/schema\\\/logo\\\/image\\\/\"},\"sameAs\":[\"https:\\\/\\\/www.facebook.com\\\/journal.voxsahel\"]},{\"@type\":\"Person\",\"@id\":\"https:\\\/\\\/voxsahel.com\\\/#\\\/schema\\\/person\\\/b4043608248f8fa227cd760e7ff1e19e\",\"name\":\"Vox Sahel\",\"image\":{\"@type\":\"ImageObject\",\"inLanguage\":\"fr-FR\",\"@id\":\"https:\\\/\\\/secure.gravatar.com\\\/avatar\\\/f70e7fa0cb9b29d4a7c5788d6eb2e9ab4d3135cbae1c9161810fdf77a8964699?s=96&d=mm&r=g\",\"url\":\"https:\\\/\\\/secure.gravatar.com\\\/avatar\\\/f70e7fa0cb9b29d4a7c5788d6eb2e9ab4d3135cbae1c9161810fdf77a8964699?s=96&d=mm&r=g\",\"contentUrl\":\"https:\\\/\\\/secure.gravatar.com\\\/avatar\\\/f70e7fa0cb9b29d4a7c5788d6eb2e9ab4d3135cbae1c9161810fdf77a8964699?s=96&d=mm&r=g\",\"caption\":\"Vox Sahel\"},\"sameAs\":[\"http:\\\/\\\/www.voxsahel.com\"],\"url\":\"https:\\\/\\\/voxsahel.com\\\/?author=2\"}]}<\/script>\n<!-- \/ Yoast SEO plugin. -->","yoast_head_json":{"title":"Burkina Faso : La CENI dissoute, l\u2019enseignement sup\u00e9rieur r\u00e9organis\u00e9 pour une meilleure insertion des dipl\u00f4m\u00e9s - Vox Sahel","robots":{"index":"index","follow":"follow","max-snippet":"max-snippet:-1","max-image-preview":"max-image-preview:large","max-video-preview":"max-video-preview:-1"},"canonical":"https:\/\/voxsahel.com\/?p=2334","og_locale":"fr_FR","og_type":"article","og_title":"Burkina Faso : La CENI dissoute, l\u2019enseignement sup\u00e9rieur r\u00e9organis\u00e9 pour une meilleure insertion des dipl\u00f4m\u00e9s - Vox Sahel","og_description":"Le Pr\u00e9sident du Faso, Capitaine Ibrahim Traor\u00e9, a pr\u00e9sid\u00e9 ce mercredi 16 juillet 2025, l\u2019hebdomadaire","og_url":"https:\/\/voxsahel.com\/?p=2334","og_site_name":"Vox Sahel","article_publisher":"https:\/\/www.facebook.com\/journal.voxsahel","article_published_time":"2025-07-16T20:18:19+00:00","og_image":[{"width":1600,"height":1066,"url":"https:\/\/voxsahel.com\/wp-content\/uploads\/2025\/07\/IMG_3412.jpeg","type":"image\/jpeg"}],"author":"Vox Sahel","twitter_card":"summary_large_image","twitter_misc":{"\u00c9crit par":"Vox Sahel","Dur\u00e9e de lecture estim\u00e9e":"3 minutes"},"schema":{"@context":"https:\/\/schema.org","@graph":[{"@type":"Article","@id":"https:\/\/voxsahel.com\/?p=2334#article","isPartOf":{"@id":"https:\/\/voxsahel.com\/?p=2334"},"author":{"name":"Vox Sahel","@id":"https:\/\/voxsahel.com\/#\/schema\/person\/b4043608248f8fa227cd760e7ff1e19e"},"headline":"Burkina Faso : La CENI dissoute, l\u2019enseignement sup\u00e9rieur r\u00e9organis\u00e9 pour une meilleure insertion des dipl\u00f4m\u00e9s","datePublished":"2025-07-16T20:18:19+00:00","mainEntityOfPage":{"@id":"https:\/\/voxsahel.com\/?p=2334"},"wordCount":450,"commentCount":0,"publisher":{"@id":"https:\/\/voxsahel.com\/#organization"},"image":{"@id":"https:\/\/voxsahel.com\/?p=2334#primaryimage"},"thumbnailUrl":"https:\/\/voxsahel.com\/wp-content\/uploads\/2025\/07\/IMG_3412.jpeg","keywords":["Burkina Faso","CENI","Commission \u00e9lectorale nationale ind\u00e9pendante"],"articleSection":["FAITS DIVERS"],"inLanguage":"fr-FR","potentialAction":[{"@type":"CommentAction","name":"Comment","target":["https:\/\/voxsahel.com\/?p=2334#respond"]}]},{"@type":"WebPage","@id":"https:\/\/voxsahel.com\/?p=2334","url":"https:\/\/voxsahel.com\/?p=2334","name":"Burkina Faso : La CENI dissoute, l\u2019enseignement sup\u00e9rieur r\u00e9organis\u00e9 pour une meilleure insertion des dipl\u00f4m\u00e9s - Vox Sahel","isPartOf":{"@id":"https:\/\/voxsahel.com\/#website"},"primaryImageOfPage":{"@id":"https:\/\/voxsahel.com\/?p=2334#primaryimage"},"image":{"@id":"https:\/\/voxsahel.com\/?p=2334#primaryimage"},"thumbnailUrl":"https:\/\/voxsahel.com\/wp-content\/uploads\/2025\/07\/IMG_3412.jpeg","datePublished":"2025-07-16T20:18:19+00:00","breadcrumb":{"@id":"https:\/\/voxsahel.com\/?p=2334#breadcrumb"},"inLanguage":"fr-FR","potentialAction":[{"@type":"ReadAction","target":["https:\/\/voxsahel.com\/?p=2334"]}]},{"@type":"ImageObject","inLanguage":"fr-FR","@id":"https:\/\/voxsahel.com\/?p=2334#primaryimage","url":"https:\/\/voxsahel.com\/wp-content\/uploads\/2025\/07\/IMG_3412.jpeg","contentUrl":"https:\/\/voxsahel.com\/wp-content\/uploads\/2025\/07\/IMG_3412.jpeg","width":1600,"height":1066},{"@type":"BreadcrumbList","@id":"https:\/\/voxsahel.com\/?p=2334#breadcrumb","itemListElement":[{"@type":"ListItem","position":1,"name":"Home","item":"https:\/\/voxsahel.com\/"},{"@type":"ListItem","position":2,"name":"Burkina Faso : La CENI dissoute, l\u2019enseignement sup\u00e9rieur r\u00e9organis\u00e9 pour une meilleure insertion des dipl\u00f4m\u00e9s"}]},{"@type":"WebSite","@id":"https:\/\/voxsahel.com\/#website","url":"https:\/\/voxsahel.com\/","name":"Vox Sahel","description":"Informez-vous sur le Sahel en un clic","publisher":{"@id":"https:\/\/voxsahel.com\/#organization"},"potentialAction":[{"@type":"SearchAction","target":{"@type":"EntryPoint","urlTemplate":"https:\/\/voxsahel.com\/?s={search_term_string}"},"query-input":{"@type":"PropertyValueSpecification","valueRequired":true,"valueName":"search_term_string"}}],"inLanguage":"fr-FR"},{"@type":"Organization","@id":"https:\/\/voxsahel.com\/#organization","name":"Vox Sahel","url":"https:\/\/voxsahel.com\/","logo":{"@type":"ImageObject","inLanguage":"fr-FR","@id":"https:\/\/voxsahel.com\/#\/schema\/logo\/image\/","url":"https:\/\/voxsahel.com\/wp-content\/uploads\/2024\/09\/Logo-Vox-Sahel.jpg","contentUrl":"https:\/\/voxsahel.com\/wp-content\/uploads\/2024\/09\/Logo-Vox-Sahel.jpg","width":1181,"height":848,"caption":"Vox Sahel"},"image":{"@id":"https:\/\/voxsahel.com\/#\/schema\/logo\/image\/"},"sameAs":["https:\/\/www.facebook.com\/journal.voxsahel"]},{"@type":"Person","@id":"https:\/\/voxsahel.com\/#\/schema\/person\/b4043608248f8fa227cd760e7ff1e19e","name":"Vox Sahel","image":{"@type":"ImageObject","inLanguage":"fr-FR","@id":"https:\/\/secure.gravatar.com\/avatar\/f70e7fa0cb9b29d4a7c5788d6eb2e9ab4d3135cbae1c9161810fdf77a8964699?s=96&d=mm&r=g","url":"https:\/\/secure.gravatar.com\/avatar\/f70e7fa0cb9b29d4a7c5788d6eb2e9ab4d3135cbae1c9161810fdf77a8964699?s=96&d=mm&r=g","contentUrl":"https:\/\/secure.gravatar.com\/avatar\/f70e7fa0cb9b29d4a7c5788d6eb2e9ab4d3135cbae1c9161810fdf77a8964699?s=96&d=mm&r=g","caption":"Vox Sahel"},"sameAs":["http:\/\/www.voxsahel.com"],"url":"https:\/\/voxsahel.com\/?author=2"}]}},"_links":{"self":[{"href":"https:\/\/voxsahel.com\/index.php?rest_route=\/wp\/v2\/posts\/2334","targetHints":{"allow":["GET"]}}],"collection":[{"href":"https:\/\/voxsahel.com\/index.php?rest_route=\/wp\/v2\/posts"}],"about":[{"href":"https:\/\/voxsahel.com\/index.php?rest_route=\/wp\/v2\/types\/post"}],"author":[{"embeddable":true,"href":"https:\/\/voxsahel.com\/index.php?rest_route=\/wp\/v2\/users\/2"}],"replies":[{"embeddable":true,"href":"https:\/\/voxsahel.com\/index.php?rest_route=%2Fwp%2Fv2%2Fcomments&post=2334"}],"version-history":[{"count":1,"href":"https:\/\/voxsahel.com\/index.php?rest_route=\/wp\/v2\/posts\/2334\/revisions"}],"predecessor-version":[{"id":2336,"href":"https:\/\/voxsahel.com\/index.php?rest_route=\/wp\/v2\/posts\/2334\/revisions\/2336"}],"wp:featuredmedia":[{"embeddable":true,"href":"https:\/\/voxsahel.com\/index.php?rest_route=\/wp\/v2\/media\/2335"}],"wp:attachment":[{"href":"https:\/\/voxsahel.com\/index.php?rest_route=%2Fwp%2Fv2%2Fmedia&parent=2334"}],"wp:term":[{"taxonomy":"category","embeddable":true,"href":"https:\/\/voxsahel.com\/index.php?rest_route=%2Fwp%2Fv2%2Fcategories&post=2334"},{"taxonomy":"post_tag","embeddable":true,"href":"https:\/\/voxsahel.com\/index.php?rest_route=%2Fwp%2Fv2%2Ftags&post=2334"}],"curies":[{"name":"wp","href":"https:\/\/api.w.org\/{rel}","templated":true}]}}