{"id":2324,"date":"2025-07-15T11:04:29","date_gmt":"2025-07-15T11:04:29","guid":{"rendered":"https:\/\/voxsahel.com\/?p=2324"},"modified":"2025-07-15T11:04:29","modified_gmt":"2025-07-15T11:04:29","slug":"mondial-u19-feminin-de-basket-le-mali-prive-de-competition-pour-cause-de-refus-de-visas","status":"publish","type":"post","link":"https:\/\/voxsahel.com\/?p=2324","title":{"rendered":"Mondial U19 F\u00e9minin de Basket : Le Mali priv\u00e9 de comp\u00e9tition pour cause de refus de visas"},"content":{"rendered":"<p class=\"p2\">MC\u2019est une onde de choc dans le monde du basketball africain et une immense d\u00e9sillusion pour le Mali. L\u2019\u00e9quipe nationale f\u00e9minine U19, championne d\u2019Afrique en titre, ne participera pas \u00e0 la Coupe du Monde U19 pr\u00e9vue du 12 au 20 juillet en R\u00e9publique Tch\u00e8que. En cause : un refus de visas par les autorit\u00e9s tch\u00e8ques.<\/p>\n<p class=\"p2\"><span class=\"s2\">Malgr\u00e9 toutes les d\u00e9marches entreprises par le <\/span><span class=\"s1\">Minist\u00e8re de la Jeunesse et des Sports<\/span><span class=\"s2\"> du Mali et la <\/span><span class=\"s1\">F\u00e9d\u00e9ration Malienne de Basketball (FMBB)<\/span><span class=\"s2\">, y compris une tentative via l\u2019Ambassade d\u2019Espagne \u00e0 Bamako (pays repr\u00e9sentant les int\u00e9r\u00eats tch\u00e8ques au Mali), les visas n\u2019ont pas \u00e9t\u00e9 d\u00e9livr\u00e9s \u00e0 temps pour permettre aux jeunes basketteuses de s\u2019envoler vers l\u2019Europe.<\/span><\/p>\n<p class=\"p2\"><span class=\"s2\">Cette situation a suscit\u00e9 une <\/span><span class=\"s1\">vive indignation<\/span><span class=\"s2\"> au sein des autorit\u00e9s maliennes. Le gouvernement d\u00e9nonce un acte <\/span><span class=\"s1\">\u00ab injuste et perfide \u00bb<\/span><span class=\"s2\">, y voyant une volont\u00e9 manifeste d\u2019exclusion d\u2019un pays africain du concert mondial du basketball. Le <\/span><span class=\"s1\">Minist\u00e8re des Affaires \u00c9trang\u00e8res<\/span><span class=\"s2\"> a annonc\u00e9 qu\u2019une protestation officielle serait adress\u00e9e \u00e0 la R\u00e9publique Tch\u00e8que. Par ailleurs, le Mali entend <\/span><span class=\"s1\">saisir la F\u00e9d\u00e9ration Internationale de Basketball (FIBA)<\/span><span class=\"s2\"> pour d\u00e9noncer cette situation qu\u2019il juge discriminatoire.<\/span><\/p>\n<p class=\"p2\"><span class=\"s2\">\u00ab Ces jeunes filles se sont battues sur le terrain pour obtenir leur place. Ce refus de visas n\u2019est pas seulement une affaire administrative. C\u2019est une attaque contre l\u2019\u00e9quit\u00e9 sportive et l\u2019esprit du sport \u00bb, a d\u00e9clar\u00e9 un responsable de la FMBB.<\/span><\/p>\n<p class=\"p2\"><span class=\"s2\">Ce forfait contraint, qui survient alors que les <\/span><span class=\"s1\">championnes d\u2019Afrique 2024<\/span><span class=\"s2\">\u00e9taient attendues comme l\u2019une des r\u00e9v\u00e9lations du tournoi, provoque une vague de solidarit\u00e9 \u00e0 travers les r\u00e9seaux sociaux, o\u00f9 de nombreux fans, athl\u00e8tes et f\u00e9d\u00e9rations africaines expriment leur soutien au Mali.<\/span><\/p>\n<p class=\"p2\"><span class=\"s2\">La FIBA, de son c\u00f4t\u00e9, n\u2019a pas encore officiellement r\u00e9agi \u00e0 cette affaire qui jette une ombre sur l\u2019organisation de cette \u00e9dition tch\u00e8que de la Coupe du Monde U19.<\/span><\/p>\n","protected":false},"excerpt":{"rendered":"<p>MC\u2019est une onde de choc dans le monde du basketball africain et une immense d\u00e9sillusion<\/p>\n","protected":false},"author":2,"featured_media":2325,"comment_status":"open","ping_status":"open","sticky":false,"template":"","format":"standard","meta":{"_et_pb_use_builder":"","_et_pb_old_content":"","_et_gb_content_width":"","footnotes":""},"categories":[12],"tags":[836,837,838,31,34],"class_list":["post-2324","post","type-post","status-publish","format-standard","has-post-thumbnail","hentry","category-sports","tag-basketball","tag-federation-malienne-de-basketball","tag-fiba","tag-mali","tag-sport"],"yoast_head":"<!-- This site is optimized with the Yoast SEO plugin v27.5 - https:\/\/yoast.com\/product\/yoast-seo-wordpress\/ -->\n<title>Mondial U19 F\u00e9minin de Basket : Le Mali priv\u00e9 de comp\u00e9tition pour cause de refus de visas - Vox Sahel<\/title>\n<meta name=\"robots\" content=\"index, follow, max-snippet:-1, max-image-preview:large, max-video-preview:-1\" \/>\n<link rel=\"canonical\" href=\"https:\/\/voxsahel.com\/?p=2324\" \/>\n<meta property=\"og:locale\" content=\"fr_FR\" \/>\n<meta property=\"og:type\" content=\"article\" \/>\n<meta property=\"og:title\" content=\"Mondial U19 F\u00e9minin de Basket : Le Mali priv\u00e9 de comp\u00e9tition pour cause de refus de visas - Vox Sahel\" \/>\n<meta property=\"og:description\" content=\"MC\u2019est une onde de choc dans le monde du basketball africain et une immense d\u00e9sillusion\" \/>\n<meta property=\"og:url\" content=\"https:\/\/voxsahel.com\/?p=2324\" \/>\n<meta property=\"og:site_name\" content=\"Vox Sahel\" \/>\n<meta property=\"article:publisher\" content=\"https:\/\/www.facebook.com\/journal.voxsahel\" \/>\n<meta property=\"article:published_time\" content=\"2025-07-15T11:04:29+00:00\" \/>\n<meta property=\"og:image\" content=\"https:\/\/voxsahel.com\/wp-content\/uploads\/2025\/07\/IMG_2963.jpeg\" \/>\n\t<meta property=\"og:image:width\" content=\"870\" \/>\n\t<meta property=\"og:image:height\" content=\"490\" \/>\n\t<meta property=\"og:image:type\" content=\"image\/jpeg\" \/>\n<meta name=\"author\" content=\"Vox Sahel\" \/>\n<meta name=\"twitter:card\" content=\"summary_large_image\" \/>\n<meta name=\"twitter:label1\" content=\"\u00c9crit par\" \/>\n\t<meta name=\"twitter:data1\" content=\"Vox Sahel\" \/>\n\t<meta name=\"twitter:label2\" content=\"Dur\u00e9e de lecture estim\u00e9e\" \/>\n\t<meta name=\"twitter:data2\" content=\"2 minutes\" \/>\n<script type=\"application\/ld+json\" class=\"yoast-schema-graph\">{\"@context\":\"https:\\\/\\\/schema.org\",\"@graph\":[{\"@type\":\"Article\",\"@id\":\"https:\\\/\\\/voxsahel.com\\\/?p=2324#article\",\"isPartOf\":{\"@id\":\"https:\\\/\\\/voxsahel.com\\\/?p=2324\"},\"author\":{\"name\":\"Vox Sahel\",\"@id\":\"https:\\\/\\\/voxsahel.com\\\/#\\\/schema\\\/person\\\/b4043608248f8fa227cd760e7ff1e19e\"},\"headline\":\"Mondial U19 F\u00e9minin de Basket : Le Mali priv\u00e9 de comp\u00e9tition pour cause de refus de visas\",\"datePublished\":\"2025-07-15T11:04:29+00:00\",\"mainEntityOfPage\":{\"@id\":\"https:\\\/\\\/voxsahel.com\\\/?p=2324\"},\"wordCount\":356,\"commentCount\":0,\"publisher\":{\"@id\":\"https:\\\/\\\/voxsahel.com\\\/#organization\"},\"image\":{\"@id\":\"https:\\\/\\\/voxsahel.com\\\/?p=2324#primaryimage\"},\"thumbnailUrl\":\"https:\\\/\\\/voxsahel.com\\\/wp-content\\\/uploads\\\/2025\\\/07\\\/IMG_2963.jpeg\",\"keywords\":[\"Basketball\",\"F\u00e9d\u00e9ration Malienne de Basketball\",\"FIBA\",\"Mali\",\"Sport\"],\"articleSection\":[\"SPORTS\"],\"inLanguage\":\"fr-FR\",\"potentialAction\":[{\"@type\":\"CommentAction\",\"name\":\"Comment\",\"target\":[\"https:\\\/\\\/voxsahel.com\\\/?p=2324#respond\"]}]},{\"@type\":\"WebPage\",\"@id\":\"https:\\\/\\\/voxsahel.com\\\/?p=2324\",\"url\":\"https:\\\/\\\/voxsahel.com\\\/?p=2324\",\"name\":\"Mondial U19 F\u00e9minin de Basket : Le Mali priv\u00e9 de comp\u00e9tition pour cause de refus de visas - Vox Sahel\",\"isPartOf\":{\"@id\":\"https:\\\/\\\/voxsahel.com\\\/#website\"},\"primaryImageOfPage\":{\"@id\":\"https:\\\/\\\/voxsahel.com\\\/?p=2324#primaryimage\"},\"image\":{\"@id\":\"https:\\\/\\\/voxsahel.com\\\/?p=2324#primaryimage\"},\"thumbnailUrl\":\"https:\\\/\\\/voxsahel.com\\\/wp-content\\\/uploads\\\/2025\\\/07\\\/IMG_2963.jpeg\",\"datePublished\":\"2025-07-15T11:04:29+00:00\",\"breadcrumb\":{\"@id\":\"https:\\\/\\\/voxsahel.com\\\/?p=2324#breadcrumb\"},\"inLanguage\":\"fr-FR\",\"potentialAction\":[{\"@type\":\"ReadAction\",\"target\":[\"https:\\\/\\\/voxsahel.com\\\/?p=2324\"]}]},{\"@type\":\"ImageObject\",\"inLanguage\":\"fr-FR\",\"@id\":\"https:\\\/\\\/voxsahel.com\\\/?p=2324#primaryimage\",\"url\":\"https:\\\/\\\/voxsahel.com\\\/wp-content\\\/uploads\\\/2025\\\/07\\\/IMG_2963.jpeg\",\"contentUrl\":\"https:\\\/\\\/voxsahel.com\\\/wp-content\\\/uploads\\\/2025\\\/07\\\/IMG_2963.jpeg\",\"width\":870,\"height\":490},{\"@type\":\"BreadcrumbList\",\"@id\":\"https:\\\/\\\/voxsahel.com\\\/?p=2324#breadcrumb\",\"itemListElement\":[{\"@type\":\"ListItem\",\"position\":1,\"name\":\"Home\",\"item\":\"https:\\\/\\\/voxsahel.com\\\/\"},{\"@type\":\"ListItem\",\"position\":2,\"name\":\"Mondial U19 F\u00e9minin de Basket : Le Mali priv\u00e9 de comp\u00e9tition pour cause de refus de visas\"}]},{\"@type\":\"WebSite\",\"@id\":\"https:\\\/\\\/voxsahel.com\\\/#website\",\"url\":\"https:\\\/\\\/voxsahel.com\\\/\",\"name\":\"Vox Sahel\",\"description\":\"Informez-vous sur le Sahel en un clic\",\"publisher\":{\"@id\":\"https:\\\/\\\/voxsahel.com\\\/#organization\"},\"potentialAction\":[{\"@type\":\"SearchAction\",\"target\":{\"@type\":\"EntryPoint\",\"urlTemplate\":\"https:\\\/\\\/voxsahel.com\\\/?s={search_term_string}\"},\"query-input\":{\"@type\":\"PropertyValueSpecification\",\"valueRequired\":true,\"valueName\":\"search_term_string\"}}],\"inLanguage\":\"fr-FR\"},{\"@type\":\"Organization\",\"@id\":\"https:\\\/\\\/voxsahel.com\\\/#organization\",\"name\":\"Vox Sahel\",\"url\":\"https:\\\/\\\/voxsahel.com\\\/\",\"logo\":{\"@type\":\"ImageObject\",\"inLanguage\":\"fr-FR\",\"@id\":\"https:\\\/\\\/voxsahel.com\\\/#\\\/schema\\\/logo\\\/image\\\/\",\"url\":\"https:\\\/\\\/voxsahel.com\\\/wp-content\\\/uploads\\\/2024\\\/09\\\/Logo-Vox-Sahel.jpg\",\"contentUrl\":\"https:\\\/\\\/voxsahel.com\\\/wp-content\\\/uploads\\\/2024\\\/09\\\/Logo-Vox-Sahel.jpg\",\"width\":1181,\"height\":848,\"caption\":\"Vox Sahel\"},\"image\":{\"@id\":\"https:\\\/\\\/voxsahel.com\\\/#\\\/schema\\\/logo\\\/image\\\/\"},\"sameAs\":[\"https:\\\/\\\/www.facebook.com\\\/journal.voxsahel\"]},{\"@type\":\"Person\",\"@id\":\"https:\\\/\\\/voxsahel.com\\\/#\\\/schema\\\/person\\\/b4043608248f8fa227cd760e7ff1e19e\",\"name\":\"Vox Sahel\",\"image\":{\"@type\":\"ImageObject\",\"inLanguage\":\"fr-FR\",\"@id\":\"https:\\\/\\\/secure.gravatar.com\\\/avatar\\\/f70e7fa0cb9b29d4a7c5788d6eb2e9ab4d3135cbae1c9161810fdf77a8964699?s=96&d=mm&r=g\",\"url\":\"https:\\\/\\\/secure.gravatar.com\\\/avatar\\\/f70e7fa0cb9b29d4a7c5788d6eb2e9ab4d3135cbae1c9161810fdf77a8964699?s=96&d=mm&r=g\",\"contentUrl\":\"https:\\\/\\\/secure.gravatar.com\\\/avatar\\\/f70e7fa0cb9b29d4a7c5788d6eb2e9ab4d3135cbae1c9161810fdf77a8964699?s=96&d=mm&r=g\",\"caption\":\"Vox Sahel\"},\"sameAs\":[\"http:\\\/\\\/www.voxsahel.com\"],\"url\":\"https:\\\/\\\/voxsahel.com\\\/?author=2\"}]}<\/script>\n<!-- \/ Yoast SEO plugin. -->","yoast_head_json":{"title":"Mondial U19 F\u00e9minin de Basket : Le Mali priv\u00e9 de comp\u00e9tition pour cause de refus de visas - Vox Sahel","robots":{"index":"index","follow":"follow","max-snippet":"max-snippet:-1","max-image-preview":"max-image-preview:large","max-video-preview":"max-video-preview:-1"},"canonical":"https:\/\/voxsahel.com\/?p=2324","og_locale":"fr_FR","og_type":"article","og_title":"Mondial U19 F\u00e9minin de Basket : Le Mali priv\u00e9 de comp\u00e9tition pour cause de refus de visas - Vox Sahel","og_description":"MC\u2019est une onde de choc dans le monde du basketball africain et une immense d\u00e9sillusion","og_url":"https:\/\/voxsahel.com\/?p=2324","og_site_name":"Vox Sahel","article_publisher":"https:\/\/www.facebook.com\/journal.voxsahel","article_published_time":"2025-07-15T11:04:29+00:00","og_image":[{"width":870,"height":490,"url":"https:\/\/voxsahel.com\/wp-content\/uploads\/2025\/07\/IMG_2963.jpeg","type":"image\/jpeg"}],"author":"Vox Sahel","twitter_card":"summary_large_image","twitter_misc":{"\u00c9crit par":"Vox Sahel","Dur\u00e9e de lecture estim\u00e9e":"2 minutes"},"schema":{"@context":"https:\/\/schema.org","@graph":[{"@type":"Article","@id":"https:\/\/voxsahel.com\/?p=2324#article","isPartOf":{"@id":"https:\/\/voxsahel.com\/?p=2324"},"author":{"name":"Vox Sahel","@id":"https:\/\/voxsahel.com\/#\/schema\/person\/b4043608248f8fa227cd760e7ff1e19e"},"headline":"Mondial U19 F\u00e9minin de Basket : Le Mali priv\u00e9 de comp\u00e9tition pour cause de refus de visas","datePublished":"2025-07-15T11:04:29+00:00","mainEntityOfPage":{"@id":"https:\/\/voxsahel.com\/?p=2324"},"wordCount":356,"commentCount":0,"publisher":{"@id":"https:\/\/voxsahel.com\/#organization"},"image":{"@id":"https:\/\/voxsahel.com\/?p=2324#primaryimage"},"thumbnailUrl":"https:\/\/voxsahel.com\/wp-content\/uploads\/2025\/07\/IMG_2963.jpeg","keywords":["Basketball","F\u00e9d\u00e9ration Malienne de Basketball","FIBA","Mali","Sport"],"articleSection":["SPORTS"],"inLanguage":"fr-FR","potentialAction":[{"@type":"CommentAction","name":"Comment","target":["https:\/\/voxsahel.com\/?p=2324#respond"]}]},{"@type":"WebPage","@id":"https:\/\/voxsahel.com\/?p=2324","url":"https:\/\/voxsahel.com\/?p=2324","name":"Mondial U19 F\u00e9minin de Basket : Le Mali priv\u00e9 de comp\u00e9tition pour cause de refus de visas - Vox Sahel","isPartOf":{"@id":"https:\/\/voxsahel.com\/#website"},"primaryImageOfPage":{"@id":"https:\/\/voxsahel.com\/?p=2324#primaryimage"},"image":{"@id":"https:\/\/voxsahel.com\/?p=2324#primaryimage"},"thumbnailUrl":"https:\/\/voxsahel.com\/wp-content\/uploads\/2025\/07\/IMG_2963.jpeg","datePublished":"2025-07-15T11:04:29+00:00","breadcrumb":{"@id":"https:\/\/voxsahel.com\/?p=2324#breadcrumb"},"inLanguage":"fr-FR","potentialAction":[{"@type":"ReadAction","target":["https:\/\/voxsahel.com\/?p=2324"]}]},{"@type":"ImageObject","inLanguage":"fr-FR","@id":"https:\/\/voxsahel.com\/?p=2324#primaryimage","url":"https:\/\/voxsahel.com\/wp-content\/uploads\/2025\/07\/IMG_2963.jpeg","contentUrl":"https:\/\/voxsahel.com\/wp-content\/uploads\/2025\/07\/IMG_2963.jpeg","width":870,"height":490},{"@type":"BreadcrumbList","@id":"https:\/\/voxsahel.com\/?p=2324#breadcrumb","itemListElement":[{"@type":"ListItem","position":1,"name":"Home","item":"https:\/\/voxsahel.com\/"},{"@type":"ListItem","position":2,"name":"Mondial U19 F\u00e9minin de Basket : Le Mali priv\u00e9 de comp\u00e9tition pour cause de refus de visas"}]},{"@type":"WebSite","@id":"https:\/\/voxsahel.com\/#website","url":"https:\/\/voxsahel.com\/","name":"Vox Sahel","description":"Informez-vous sur le Sahel en un clic","publisher":{"@id":"https:\/\/voxsahel.com\/#organization"},"potentialAction":[{"@type":"SearchAction","target":{"@type":"EntryPoint","urlTemplate":"https:\/\/voxsahel.com\/?s={search_term_string}"},"query-input":{"@type":"PropertyValueSpecification","valueRequired":true,"valueName":"search_term_string"}}],"inLanguage":"fr-FR"},{"@type":"Organization","@id":"https:\/\/voxsahel.com\/#organization","name":"Vox Sahel","url":"https:\/\/voxsahel.com\/","logo":{"@type":"ImageObject","inLanguage":"fr-FR","@id":"https:\/\/voxsahel.com\/#\/schema\/logo\/image\/","url":"https:\/\/voxsahel.com\/wp-content\/uploads\/2024\/09\/Logo-Vox-Sahel.jpg","contentUrl":"https:\/\/voxsahel.com\/wp-content\/uploads\/2024\/09\/Logo-Vox-Sahel.jpg","width":1181,"height":848,"caption":"Vox Sahel"},"image":{"@id":"https:\/\/voxsahel.com\/#\/schema\/logo\/image\/"},"sameAs":["https:\/\/www.facebook.com\/journal.voxsahel"]},{"@type":"Person","@id":"https:\/\/voxsahel.com\/#\/schema\/person\/b4043608248f8fa227cd760e7ff1e19e","name":"Vox Sahel","image":{"@type":"ImageObject","inLanguage":"fr-FR","@id":"https:\/\/secure.gravatar.com\/avatar\/f70e7fa0cb9b29d4a7c5788d6eb2e9ab4d3135cbae1c9161810fdf77a8964699?s=96&d=mm&r=g","url":"https:\/\/secure.gravatar.com\/avatar\/f70e7fa0cb9b29d4a7c5788d6eb2e9ab4d3135cbae1c9161810fdf77a8964699?s=96&d=mm&r=g","contentUrl":"https:\/\/secure.gravatar.com\/avatar\/f70e7fa0cb9b29d4a7c5788d6eb2e9ab4d3135cbae1c9161810fdf77a8964699?s=96&d=mm&r=g","caption":"Vox Sahel"},"sameAs":["http:\/\/www.voxsahel.com"],"url":"https:\/\/voxsahel.com\/?author=2"}]}},"_links":{"self":[{"href":"https:\/\/voxsahel.com\/index.php?rest_route=\/wp\/v2\/posts\/2324","targetHints":{"allow":["GET"]}}],"collection":[{"href":"https:\/\/voxsahel.com\/index.php?rest_route=\/wp\/v2\/posts"}],"about":[{"href":"https:\/\/voxsahel.com\/index.php?rest_route=\/wp\/v2\/types\/post"}],"author":[{"embeddable":true,"href":"https:\/\/voxsahel.com\/index.php?rest_route=\/wp\/v2\/users\/2"}],"replies":[{"embeddable":true,"href":"https:\/\/voxsahel.com\/index.php?rest_route=%2Fwp%2Fv2%2Fcomments&post=2324"}],"version-history":[{"count":1,"href":"https:\/\/voxsahel.com\/index.php?rest_route=\/wp\/v2\/posts\/2324\/revisions"}],"predecessor-version":[{"id":2326,"href":"https:\/\/voxsahel.com\/index.php?rest_route=\/wp\/v2\/posts\/2324\/revisions\/2326"}],"wp:featuredmedia":[{"embeddable":true,"href":"https:\/\/voxsahel.com\/index.php?rest_route=\/wp\/v2\/media\/2325"}],"wp:attachment":[{"href":"https:\/\/voxsahel.com\/index.php?rest_route=%2Fwp%2Fv2%2Fmedia&parent=2324"}],"wp:term":[{"taxonomy":"category","embeddable":true,"href":"https:\/\/voxsahel.com\/index.php?rest_route=%2Fwp%2Fv2%2Fcategories&post=2324"},{"taxonomy":"post_tag","embeddable":true,"href":"https:\/\/voxsahel.com\/index.php?rest_route=%2Fwp%2Fv2%2Ftags&post=2324"}],"curies":[{"name":"wp","href":"https:\/\/api.w.org\/{rel}","templated":true}]}}