{"id":2318,"date":"2025-07-14T00:13:28","date_gmt":"2025-07-14T00:13:28","guid":{"rendered":"https:\/\/voxsahel.com\/?p=2318"},"modified":"2025-07-14T00:13:28","modified_gmt":"2025-07-14T00:13:28","slug":"edito-tension-a-luemoa-un-sursaut-simpose","status":"publish","type":"post","link":"https:\/\/voxsahel.com\/?p=2318","title":{"rendered":"\u00c9dito | Tension \u00e0 l&rsquo;UEMOA : Un sursaut s\u2019impose"},"content":{"rendered":"<p class=\"p1\">Le vendredi 11 juillet 2025 \u00e0 Lom\u00e9, un \u00e9pisode pr\u00e9occupant a marqu\u00e9 la 2e session ordinaire annuelle du Conseil des ministres de l\u2019UEMOA. Faute d\u2019accord sur la d\u00e9signation du Burkina Faso \u00e0 la pr\u00e9sidence du Conseil, les repr\u00e9sentants des \u00c9tats de l\u2019Alliance des \u00c9tats du Sahel (AES) ont quitt\u00e9 la salle. Un geste fort, r\u00e9v\u00e9lateur d\u2019un malaise profond au sein de l\u2019Union.<\/p>\n<p class=\"p1\"><span class=\"s1\">Au c\u0153ur de cette crise, un manquement au respect de l\u2019article 11 des statuts de l\u2019Union mon\u00e9taire ouest-africaine (UMOA), qui pr\u00e9voit une pr\u00e9sidence tournante entre les ministres des Finances des \u00c9tats membres. Le tour \u00e9tait venu pour le Burkina Faso, mais des blocages politiques, que d\u2019aucuns jugent arbitraires, ont fait obstacle \u00e0 cette alternance.<\/span><\/p>\n<p class=\"p1\"><span class=\"s1\">Nous ne devons pas minimiser la port\u00e9e d\u2019un tel incident. Il ne s\u2019agit pas simplement d\u2019un d\u00e9saccord protocolaire, mais d\u2019un signal alarmant d&rsquo;une cristallisation institutionnelle qui menace l\u2019esprit m\u00eame de l\u2019int\u00e9gration sous-r\u00e9gionale. L\u2019UEMOA, fond\u00e9e sur des principes de solidarit\u00e9, de justice et d\u2019\u00e9quit\u00e9 entre ses membres, ne peut devenir le th\u00e9\u00e2tre de calculs politiques ou de rapports de force malsains.<\/span><\/p>\n<p class=\"p1\"><span class=\"s1\">Il est urgent que chaque acteur, \u00e0 quelque niveau de responsabilit\u00e9 qu\u2019il se trouve, revoie sa copie. L\u2019int\u00e9r\u00eat g\u00e9n\u00e9ral doit pr\u00e9valoir sur les consid\u00e9rations conjoncturelles ou partisanes. On ne peut continuer \u00e0 faire primer les int\u00e9r\u00eats \u00e9go\u00efstes sur ceux des peuples. Ce sont les populations, d\u00e9j\u00e0 \u00e9prouv\u00e9es par des d\u00e9fis multiples, qui paient le prix fort de ces blocages institutionnels.<\/span><\/p>\n<p class=\"p1\"><span class=\"s1\">L\u2019UEMOA est un bien commun. Sa cr\u00e9dibilit\u00e9 d\u00e9pend du respect scrupuleux de ses textes, de la transparence de son fonctionnement et de la loyaut\u00e9 de ses membres. Les dirigeants ouest-africains se doivent de faire preuve de hauteur de vue et de responsabilit\u00e9. Car affaiblir cette union, c\u2019est fragiliser l\u2019unit\u00e9 r\u00e9gionale, c\u2019est hypoth\u00e9quer l\u2019avenir \u00e9conomique et social de millions de citoyens.<\/span><\/p>\n<p class=\"p1\"><span class=\"s1\">Il est encore temps de redresser la barre. Mais cela exige courage, dialogue et respect mutuel. Pour que jamais l\u2019institution communautaire ne soit prise en otage au d\u00e9triment des peuples qu\u2019elle est cens\u00e9e servir.<\/span><\/p>\n<p class=\"p1\"><span class=\"s1\">La R\u00e9daction<\/span><\/p>\n","protected":false},"excerpt":{"rendered":"<p>Le vendredi 11 juillet 2025 \u00e0 Lom\u00e9, un \u00e9pisode pr\u00e9occupant a marqu\u00e9 la 2e session<\/p>\n","protected":false},"author":2,"featured_media":2298,"comment_status":"open","ping_status":"open","sticky":false,"template":"","format":"standard","meta":{"_et_pb_use_builder":"","_et_pb_old_content":"","_et_gb_content_width":"","footnotes":""},"categories":[6],"tags":[61,18,290],"class_list":["post-2318","post","type-post","status-publish","format-standard","has-post-thumbnail","hentry","category-politique","tag-aes","tag-burkina-faso","tag-uemoa"],"yoast_head":"<!-- This site is optimized with the Yoast SEO plugin v27.5 - https:\/\/yoast.com\/product\/yoast-seo-wordpress\/ -->\n<title>\u00c9dito | Tension \u00e0 l&#039;UEMOA : Un sursaut s\u2019impose - Vox Sahel<\/title>\n<meta name=\"robots\" content=\"index, follow, max-snippet:-1, max-image-preview:large, max-video-preview:-1\" \/>\n<link rel=\"canonical\" href=\"https:\/\/voxsahel.com\/?p=2318\" \/>\n<meta property=\"og:locale\" content=\"fr_FR\" \/>\n<meta property=\"og:type\" content=\"article\" \/>\n<meta property=\"og:title\" content=\"\u00c9dito | Tension \u00e0 l&#039;UEMOA : Un sursaut s\u2019impose - Vox Sahel\" \/>\n<meta property=\"og:description\" content=\"Le vendredi 11 juillet 2025 \u00e0 Lom\u00e9, un \u00e9pisode pr\u00e9occupant a marqu\u00e9 la 2e session\" \/>\n<meta property=\"og:url\" content=\"https:\/\/voxsahel.com\/?p=2318\" \/>\n<meta property=\"og:site_name\" content=\"Vox Sahel\" \/>\n<meta property=\"article:publisher\" content=\"https:\/\/www.facebook.com\/journal.voxsahel\" \/>\n<meta property=\"article:published_time\" content=\"2025-07-14T00:13:28+00:00\" \/>\n<meta property=\"og:image\" content=\"https:\/\/voxsahel.com\/wp-content\/uploads\/2025\/07\/005c9f01-cfb3-481f-a645-b6849bc269b3.jpeg\" \/>\n\t<meta property=\"og:image:width\" content=\"653\" \/>\n\t<meta property=\"og:image:height\" content=\"900\" \/>\n\t<meta property=\"og:image:type\" content=\"image\/jpeg\" \/>\n<meta name=\"author\" content=\"Vox Sahel\" \/>\n<meta name=\"twitter:card\" content=\"summary_large_image\" \/>\n<meta name=\"twitter:label1\" content=\"\u00c9crit par\" \/>\n\t<meta name=\"twitter:data1\" content=\"Vox Sahel\" \/>\n\t<meta name=\"twitter:label2\" content=\"Dur\u00e9e de lecture estim\u00e9e\" \/>\n\t<meta name=\"twitter:data2\" content=\"2 minutes\" \/>\n<script type=\"application\/ld+json\" class=\"yoast-schema-graph\">{\"@context\":\"https:\\\/\\\/schema.org\",\"@graph\":[{\"@type\":\"Article\",\"@id\":\"https:\\\/\\\/voxsahel.com\\\/?p=2318#article\",\"isPartOf\":{\"@id\":\"https:\\\/\\\/voxsahel.com\\\/?p=2318\"},\"author\":{\"name\":\"Vox Sahel\",\"@id\":\"https:\\\/\\\/voxsahel.com\\\/#\\\/schema\\\/person\\\/b4043608248f8fa227cd760e7ff1e19e\"},\"headline\":\"\u00c9dito | Tension \u00e0 l&rsquo;UEMOA : Un sursaut s\u2019impose\",\"datePublished\":\"2025-07-14T00:13:28+00:00\",\"mainEntityOfPage\":{\"@id\":\"https:\\\/\\\/voxsahel.com\\\/?p=2318\"},\"wordCount\":394,\"commentCount\":0,\"publisher\":{\"@id\":\"https:\\\/\\\/voxsahel.com\\\/#organization\"},\"image\":{\"@id\":\"https:\\\/\\\/voxsahel.com\\\/?p=2318#primaryimage\"},\"thumbnailUrl\":\"https:\\\/\\\/voxsahel.com\\\/wp-content\\\/uploads\\\/2025\\\/07\\\/005c9f01-cfb3-481f-a645-b6849bc269b3.jpeg\",\"keywords\":[\"AES\",\"Burkina Faso\",\"UEMOA\"],\"articleSection\":[\"POLITIQUE\"],\"inLanguage\":\"fr-FR\",\"potentialAction\":[{\"@type\":\"CommentAction\",\"name\":\"Comment\",\"target\":[\"https:\\\/\\\/voxsahel.com\\\/?p=2318#respond\"]}]},{\"@type\":\"WebPage\",\"@id\":\"https:\\\/\\\/voxsahel.com\\\/?p=2318\",\"url\":\"https:\\\/\\\/voxsahel.com\\\/?p=2318\",\"name\":\"\u00c9dito | Tension \u00e0 l'UEMOA : Un sursaut s\u2019impose - Vox Sahel\",\"isPartOf\":{\"@id\":\"https:\\\/\\\/voxsahel.com\\\/#website\"},\"primaryImageOfPage\":{\"@id\":\"https:\\\/\\\/voxsahel.com\\\/?p=2318#primaryimage\"},\"image\":{\"@id\":\"https:\\\/\\\/voxsahel.com\\\/?p=2318#primaryimage\"},\"thumbnailUrl\":\"https:\\\/\\\/voxsahel.com\\\/wp-content\\\/uploads\\\/2025\\\/07\\\/005c9f01-cfb3-481f-a645-b6849bc269b3.jpeg\",\"datePublished\":\"2025-07-14T00:13:28+00:00\",\"breadcrumb\":{\"@id\":\"https:\\\/\\\/voxsahel.com\\\/?p=2318#breadcrumb\"},\"inLanguage\":\"fr-FR\",\"potentialAction\":[{\"@type\":\"ReadAction\",\"target\":[\"https:\\\/\\\/voxsahel.com\\\/?p=2318\"]}]},{\"@type\":\"ImageObject\",\"inLanguage\":\"fr-FR\",\"@id\":\"https:\\\/\\\/voxsahel.com\\\/?p=2318#primaryimage\",\"url\":\"https:\\\/\\\/voxsahel.com\\\/wp-content\\\/uploads\\\/2025\\\/07\\\/005c9f01-cfb3-481f-a645-b6849bc269b3.jpeg\",\"contentUrl\":\"https:\\\/\\\/voxsahel.com\\\/wp-content\\\/uploads\\\/2025\\\/07\\\/005c9f01-cfb3-481f-a645-b6849bc269b3.jpeg\",\"width\":653,\"height\":900},{\"@type\":\"BreadcrumbList\",\"@id\":\"https:\\\/\\\/voxsahel.com\\\/?p=2318#breadcrumb\",\"itemListElement\":[{\"@type\":\"ListItem\",\"position\":1,\"name\":\"Home\",\"item\":\"https:\\\/\\\/voxsahel.com\\\/\"},{\"@type\":\"ListItem\",\"position\":2,\"name\":\"\u00c9dito | Tension \u00e0 l&rsquo;UEMOA : Un sursaut s\u2019impose\"}]},{\"@type\":\"WebSite\",\"@id\":\"https:\\\/\\\/voxsahel.com\\\/#website\",\"url\":\"https:\\\/\\\/voxsahel.com\\\/\",\"name\":\"Vox Sahel\",\"description\":\"Informez-vous sur le Sahel en un clic\",\"publisher\":{\"@id\":\"https:\\\/\\\/voxsahel.com\\\/#organization\"},\"potentialAction\":[{\"@type\":\"SearchAction\",\"target\":{\"@type\":\"EntryPoint\",\"urlTemplate\":\"https:\\\/\\\/voxsahel.com\\\/?s={search_term_string}\"},\"query-input\":{\"@type\":\"PropertyValueSpecification\",\"valueRequired\":true,\"valueName\":\"search_term_string\"}}],\"inLanguage\":\"fr-FR\"},{\"@type\":\"Organization\",\"@id\":\"https:\\\/\\\/voxsahel.com\\\/#organization\",\"name\":\"Vox Sahel\",\"url\":\"https:\\\/\\\/voxsahel.com\\\/\",\"logo\":{\"@type\":\"ImageObject\",\"inLanguage\":\"fr-FR\",\"@id\":\"https:\\\/\\\/voxsahel.com\\\/#\\\/schema\\\/logo\\\/image\\\/\",\"url\":\"https:\\\/\\\/voxsahel.com\\\/wp-content\\\/uploads\\\/2024\\\/09\\\/Logo-Vox-Sahel.jpg\",\"contentUrl\":\"https:\\\/\\\/voxsahel.com\\\/wp-content\\\/uploads\\\/2024\\\/09\\\/Logo-Vox-Sahel.jpg\",\"width\":1181,\"height\":848,\"caption\":\"Vox Sahel\"},\"image\":{\"@id\":\"https:\\\/\\\/voxsahel.com\\\/#\\\/schema\\\/logo\\\/image\\\/\"},\"sameAs\":[\"https:\\\/\\\/www.facebook.com\\\/journal.voxsahel\"]},{\"@type\":\"Person\",\"@id\":\"https:\\\/\\\/voxsahel.com\\\/#\\\/schema\\\/person\\\/b4043608248f8fa227cd760e7ff1e19e\",\"name\":\"Vox Sahel\",\"image\":{\"@type\":\"ImageObject\",\"inLanguage\":\"fr-FR\",\"@id\":\"https:\\\/\\\/secure.gravatar.com\\\/avatar\\\/f70e7fa0cb9b29d4a7c5788d6eb2e9ab4d3135cbae1c9161810fdf77a8964699?s=96&d=mm&r=g\",\"url\":\"https:\\\/\\\/secure.gravatar.com\\\/avatar\\\/f70e7fa0cb9b29d4a7c5788d6eb2e9ab4d3135cbae1c9161810fdf77a8964699?s=96&d=mm&r=g\",\"contentUrl\":\"https:\\\/\\\/secure.gravatar.com\\\/avatar\\\/f70e7fa0cb9b29d4a7c5788d6eb2e9ab4d3135cbae1c9161810fdf77a8964699?s=96&d=mm&r=g\",\"caption\":\"Vox Sahel\"},\"sameAs\":[\"http:\\\/\\\/www.voxsahel.com\"],\"url\":\"https:\\\/\\\/voxsahel.com\\\/?author=2\"}]}<\/script>\n<!-- \/ Yoast SEO plugin. -->","yoast_head_json":{"title":"\u00c9dito | Tension \u00e0 l'UEMOA : Un sursaut s\u2019impose - Vox Sahel","robots":{"index":"index","follow":"follow","max-snippet":"max-snippet:-1","max-image-preview":"max-image-preview:large","max-video-preview":"max-video-preview:-1"},"canonical":"https:\/\/voxsahel.com\/?p=2318","og_locale":"fr_FR","og_type":"article","og_title":"\u00c9dito | Tension \u00e0 l'UEMOA : Un sursaut s\u2019impose - Vox Sahel","og_description":"Le vendredi 11 juillet 2025 \u00e0 Lom\u00e9, un \u00e9pisode pr\u00e9occupant a marqu\u00e9 la 2e session","og_url":"https:\/\/voxsahel.com\/?p=2318","og_site_name":"Vox Sahel","article_publisher":"https:\/\/www.facebook.com\/journal.voxsahel","article_published_time":"2025-07-14T00:13:28+00:00","og_image":[{"width":653,"height":900,"url":"https:\/\/voxsahel.com\/wp-content\/uploads\/2025\/07\/005c9f01-cfb3-481f-a645-b6849bc269b3.jpeg","type":"image\/jpeg"}],"author":"Vox Sahel","twitter_card":"summary_large_image","twitter_misc":{"\u00c9crit par":"Vox Sahel","Dur\u00e9e de lecture estim\u00e9e":"2 minutes"},"schema":{"@context":"https:\/\/schema.org","@graph":[{"@type":"Article","@id":"https:\/\/voxsahel.com\/?p=2318#article","isPartOf":{"@id":"https:\/\/voxsahel.com\/?p=2318"},"author":{"name":"Vox Sahel","@id":"https:\/\/voxsahel.com\/#\/schema\/person\/b4043608248f8fa227cd760e7ff1e19e"},"headline":"\u00c9dito | Tension \u00e0 l&rsquo;UEMOA : Un sursaut s\u2019impose","datePublished":"2025-07-14T00:13:28+00:00","mainEntityOfPage":{"@id":"https:\/\/voxsahel.com\/?p=2318"},"wordCount":394,"commentCount":0,"publisher":{"@id":"https:\/\/voxsahel.com\/#organization"},"image":{"@id":"https:\/\/voxsahel.com\/?p=2318#primaryimage"},"thumbnailUrl":"https:\/\/voxsahel.com\/wp-content\/uploads\/2025\/07\/005c9f01-cfb3-481f-a645-b6849bc269b3.jpeg","keywords":["AES","Burkina Faso","UEMOA"],"articleSection":["POLITIQUE"],"inLanguage":"fr-FR","potentialAction":[{"@type":"CommentAction","name":"Comment","target":["https:\/\/voxsahel.com\/?p=2318#respond"]}]},{"@type":"WebPage","@id":"https:\/\/voxsahel.com\/?p=2318","url":"https:\/\/voxsahel.com\/?p=2318","name":"\u00c9dito | Tension \u00e0 l'UEMOA : Un sursaut s\u2019impose - Vox Sahel","isPartOf":{"@id":"https:\/\/voxsahel.com\/#website"},"primaryImageOfPage":{"@id":"https:\/\/voxsahel.com\/?p=2318#primaryimage"},"image":{"@id":"https:\/\/voxsahel.com\/?p=2318#primaryimage"},"thumbnailUrl":"https:\/\/voxsahel.com\/wp-content\/uploads\/2025\/07\/005c9f01-cfb3-481f-a645-b6849bc269b3.jpeg","datePublished":"2025-07-14T00:13:28+00:00","breadcrumb":{"@id":"https:\/\/voxsahel.com\/?p=2318#breadcrumb"},"inLanguage":"fr-FR","potentialAction":[{"@type":"ReadAction","target":["https:\/\/voxsahel.com\/?p=2318"]}]},{"@type":"ImageObject","inLanguage":"fr-FR","@id":"https:\/\/voxsahel.com\/?p=2318#primaryimage","url":"https:\/\/voxsahel.com\/wp-content\/uploads\/2025\/07\/005c9f01-cfb3-481f-a645-b6849bc269b3.jpeg","contentUrl":"https:\/\/voxsahel.com\/wp-content\/uploads\/2025\/07\/005c9f01-cfb3-481f-a645-b6849bc269b3.jpeg","width":653,"height":900},{"@type":"BreadcrumbList","@id":"https:\/\/voxsahel.com\/?p=2318#breadcrumb","itemListElement":[{"@type":"ListItem","position":1,"name":"Home","item":"https:\/\/voxsahel.com\/"},{"@type":"ListItem","position":2,"name":"\u00c9dito | Tension \u00e0 l&rsquo;UEMOA : Un sursaut s\u2019impose"}]},{"@type":"WebSite","@id":"https:\/\/voxsahel.com\/#website","url":"https:\/\/voxsahel.com\/","name":"Vox Sahel","description":"Informez-vous sur le Sahel en un clic","publisher":{"@id":"https:\/\/voxsahel.com\/#organization"},"potentialAction":[{"@type":"SearchAction","target":{"@type":"EntryPoint","urlTemplate":"https:\/\/voxsahel.com\/?s={search_term_string}"},"query-input":{"@type":"PropertyValueSpecification","valueRequired":true,"valueName":"search_term_string"}}],"inLanguage":"fr-FR"},{"@type":"Organization","@id":"https:\/\/voxsahel.com\/#organization","name":"Vox Sahel","url":"https:\/\/voxsahel.com\/","logo":{"@type":"ImageObject","inLanguage":"fr-FR","@id":"https:\/\/voxsahel.com\/#\/schema\/logo\/image\/","url":"https:\/\/voxsahel.com\/wp-content\/uploads\/2024\/09\/Logo-Vox-Sahel.jpg","contentUrl":"https:\/\/voxsahel.com\/wp-content\/uploads\/2024\/09\/Logo-Vox-Sahel.jpg","width":1181,"height":848,"caption":"Vox Sahel"},"image":{"@id":"https:\/\/voxsahel.com\/#\/schema\/logo\/image\/"},"sameAs":["https:\/\/www.facebook.com\/journal.voxsahel"]},{"@type":"Person","@id":"https:\/\/voxsahel.com\/#\/schema\/person\/b4043608248f8fa227cd760e7ff1e19e","name":"Vox Sahel","image":{"@type":"ImageObject","inLanguage":"fr-FR","@id":"https:\/\/secure.gravatar.com\/avatar\/f70e7fa0cb9b29d4a7c5788d6eb2e9ab4d3135cbae1c9161810fdf77a8964699?s=96&d=mm&r=g","url":"https:\/\/secure.gravatar.com\/avatar\/f70e7fa0cb9b29d4a7c5788d6eb2e9ab4d3135cbae1c9161810fdf77a8964699?s=96&d=mm&r=g","contentUrl":"https:\/\/secure.gravatar.com\/avatar\/f70e7fa0cb9b29d4a7c5788d6eb2e9ab4d3135cbae1c9161810fdf77a8964699?s=96&d=mm&r=g","caption":"Vox Sahel"},"sameAs":["http:\/\/www.voxsahel.com"],"url":"https:\/\/voxsahel.com\/?author=2"}]}},"_links":{"self":[{"href":"https:\/\/voxsahel.com\/index.php?rest_route=\/wp\/v2\/posts\/2318","targetHints":{"allow":["GET"]}}],"collection":[{"href":"https:\/\/voxsahel.com\/index.php?rest_route=\/wp\/v2\/posts"}],"about":[{"href":"https:\/\/voxsahel.com\/index.php?rest_route=\/wp\/v2\/types\/post"}],"author":[{"embeddable":true,"href":"https:\/\/voxsahel.com\/index.php?rest_route=\/wp\/v2\/users\/2"}],"replies":[{"embeddable":true,"href":"https:\/\/voxsahel.com\/index.php?rest_route=%2Fwp%2Fv2%2Fcomments&post=2318"}],"version-history":[{"count":1,"href":"https:\/\/voxsahel.com\/index.php?rest_route=\/wp\/v2\/posts\/2318\/revisions"}],"predecessor-version":[{"id":2319,"href":"https:\/\/voxsahel.com\/index.php?rest_route=\/wp\/v2\/posts\/2318\/revisions\/2319"}],"wp:featuredmedia":[{"embeddable":true,"href":"https:\/\/voxsahel.com\/index.php?rest_route=\/wp\/v2\/media\/2298"}],"wp:attachment":[{"href":"https:\/\/voxsahel.com\/index.php?rest_route=%2Fwp%2Fv2%2Fmedia&parent=2318"}],"wp:term":[{"taxonomy":"category","embeddable":true,"href":"https:\/\/voxsahel.com\/index.php?rest_route=%2Fwp%2Fv2%2Fcategories&post=2318"},{"taxonomy":"post_tag","embeddable":true,"href":"https:\/\/voxsahel.com\/index.php?rest_route=%2Fwp%2Fv2%2Ftags&post=2318"}],"curies":[{"name":"wp","href":"https:\/\/api.w.org\/{rel}","templated":true}]}}