{"id":2314,"date":"2025-07-13T22:41:33","date_gmt":"2025-07-13T22:41:33","guid":{"rendered":"https:\/\/voxsahel.com\/?p=2314"},"modified":"2025-07-13T22:43:10","modified_gmt":"2025-07-13T22:43:10","slug":"burkina-faso-des-pluies-intenses-attendues-les-agriculteurs-appeles-a-la-vigilance","status":"publish","type":"post","link":"https:\/\/voxsahel.com\/?p=2314","title":{"rendered":"Burkina Faso : Des pluies intenses attendues, les agriculteurs appel\u00e9s \u00e0 la vigilance"},"content":{"rendered":"<p class=\"p1\"><span class=\"s2\">Le dernier bulletin agrom\u00e9t\u00e9orologique d\u00e9cadaire de l\u2019Agence Nationale de la M\u00e9t\u00e9orologie (ANAM), couvrant la p\u00e9riode du 11 au 20 juillet 2025, annonce une intensification des activit\u00e9s pluvieuses sur l\u2019ensemble du territoire burkinab\u00e8, avec des implications majeures pour les producteurs agricoles.<\/span><\/p>\n<p class=\"p1\"><span class=\"s1\">\u00a0<b>Des pluies abondantes attendues autour du 17 et du 19 juillet<\/b><\/span><\/p>\n<p class=\"p1\"><span class=\"s2\">Le bulletin pr\u00e9voit un ciel majoritairement nuageux \u00e0 couvert, avec des orages isol\u00e9s accompagn\u00e9s de pluies, surtout en apr\u00e8s-midi et en d\u00e9but de nuit. Des \u00e9pisodes pluvio-orageux plus marqu\u00e9s sont attendus autour des 17 et 19 juillet. Les r\u00e9gions de <\/span><span class=\"s1\">Yaadga, Kadiogo, Oubri, Dj\u00f4r\u00f4, Tannounyan, Guiriko, Sourou et Bankui<\/span><span class=\"s2\"> pourraient enregistrer <\/span><span class=\"s1\">plus de 100 mm de pr\u00e9cipitations<\/span><span class=\"s2\">, un volume important n\u00e9cessitant des pr\u00e9cautions particuli\u00e8res.<\/span><\/p>\n<p class=\"p1\"><span class=\"s1\">\u00a0<strong>Temp\u00e9ratures mod\u00e9r\u00e9es mais propices \u00e0 la croissance<\/strong><\/span><\/p>\n<p class=\"p1\"><span class=\"s2\">Les temp\u00e9ratures minimales oscilleront entre <\/span><span class=\"s1\">20 et 26\u00b0C<\/span><span class=\"s2\">, tandis que les maximales atteindront entre <\/span><span class=\"s1\">30 et 36\u00b0C<\/span><span class=\"s2\">, des conditions relativement favorables au d\u00e9veloppement des cultures en phase de croissance.<\/span><\/p>\n<p class=\"p1\"><span class=\"s1\">\u00a0<b>Avancement des travaux agricoles<\/b><\/span><\/p>\n<p class=\"p1\"><span class=\"s2\">La campagne agricole bat son plein avec la poursuite de la <\/span><span class=\"s1\">pr\u00e9paration des champs<\/span><span class=\"s2\"> et <\/span><span class=\"s1\">l\u2019\u00e9pandage de fumure organique<\/span><span class=\"s2\"> dans plusieurs localit\u00e9s. Les <\/span><span class=\"s1\">labours et semis<\/span><span class=\"s2\"> sont toujours en cours, et de nombreux producteurs sont d\u00e9j\u00e0 engag\u00e9s dans la gestion des premi\u00e8res phases v\u00e9g\u00e9tatives.<\/span><\/p>\n<p class=\"p1\" style=\"text-align: center;\"><strong><span class=\"s1\">Phases ph\u00e9nologiques et diversit\u00e9 culturale<\/span><\/strong><\/p>\n<p class=\"p1\"><span class=\"s2\">Dans les zones de <\/span><span class=\"s1\">Tannounyan, Dj\u00f4r\u00f4, Guiriko, Nando, Nazinon, Kuils\u00e9, Bankui, Sourou et Kadiogo<\/span><span class=\"s2\">, plusieurs cultures telles que le riz pluvial, l\u2019arachide, l\u2019igname, le coton et le ma\u00efs sont au stade de <\/span><span class=\"s1\">lev\u00e9e<\/span><span class=\"s2\">. Le <\/span><span class=\"s1\">ma\u00efs<\/span><span class=\"s2\"> est en phase de <\/span><span class=\"s1\">montaison<\/span><span class=\"s2\">, tandis que le <\/span><span class=\"s1\">cotonnier, le riz pluvial et l\u2019arachide<\/span><span class=\"s2\"> entrent en <\/span><span class=\"s1\">phase de tallage ou de ramification<\/span><span class=\"s2\">, notamment \u00e0 Guiriko et Tannounyan.<\/span><\/p>\n<p class=\"p1\"><span class=\"s1\">\u00a0<strong>Menaces phytosanitaires : vigilance recommand\u00e9e<\/strong><\/span><\/p>\n<p class=\"p1\"><span class=\"s2\">L\u2019ANAM signale des <\/span><span class=\"s1\">cas d\u2019infestation de chenilles l\u00e9gionnaires d\u2019automne (CLA)<\/span><span class=\"s2\"> ainsi que la <\/span><span class=\"s1\">pr\u00e9sence accrue d\u2019oiseaux granivores<\/span><span class=\"s2\"> dans la r\u00e9gion du Guiriko, appelant \u00e0 une surveillance accrue pour limiter les pertes de rendement.<\/span><\/p>\n<p class=\"p1\"><strong><span class=\"s1\"> Conseils cl\u00e9s pour les producteurs<\/span><\/strong><!--more--><\/p>\n<p class=\"p1\"><span class=\"s2\">Les autorit\u00e9s m\u00e9t\u00e9orologiques et agricoles recommandent aux agriculteurs :<\/span><\/p>\n<ul class=\"ul1\">\n<li class=\"li1\"><span class=\"s1\">D\u2019achever rapidement la pr\u00e9paration des champs<\/span><span class=\"s2\"> et d\u2019<\/span><span class=\"s1\">acc\u00e9l\u00e9rer les semis<\/span><span class=\"s2\">, notamment pour les cultures c\u00e9r\u00e9ali\u00e8res ;<\/span><\/li>\n<li class=\"li1\"><span class=\"s1\">D\u2019\u00e9viter l\u2019utilisation d\u2019engins lourds<\/span><span class=\"s2\"> dans les zones non drain\u00e9es pour pr\u00e9server la structure des sols ;<\/span><\/li>\n<li class=\"li1\"><span class=\"s1\">De surveiller attentivement les cultures<\/span><span class=\"s2\"> pour d\u00e9tecter \u00e0 temps les attaques parasitaires ;<\/span><\/li>\n<li class=\"li1\"><span class=\"s1\">De prot\u00e9ger les biens sensibles \u00e0 l\u2019humidit\u00e9<\/span><span class=\"s2\"> en pr\u00e9vision des pluies intenses ;<\/span><\/li>\n<li class=\"li1\"><span class=\"s1\">D\u2019adopter des techniques de conservation de l\u2019humidit\u00e9<\/span><span class=\"s2\">, telles que le <\/span><span class=\"s1\">zai<\/span><span class=\"s2\">, le <\/span><span class=\"s1\">paillage<\/span><span class=\"s2\"> et les <\/span><span class=\"s1\">demi-lunes<\/span><span class=\"s2\">, surtout dans les zones expos\u00e9es \u00e0 des s\u00e9quences s\u00e8ches, comme <\/span><span class=\"s1\">Liptako, Soum, Kuils\u00e9, Yaadga, Sirba et Oubri<\/span><span class=\"s2\"> ;<\/span><\/li>\n<li class=\"li1\"><span class=\"s1\">D\u2019observer les consignes de s\u00e9curit\u00e9<\/span><span class=\"s2\"> en p\u00e9riode d\u2019orage, notamment en \u00e9vitant de s\u2019abriter sous les arbres ou pr\u00e8s des installations \u00e9lectriques.<\/span><\/li>\n<\/ul>\n<p class=\"p1\"><span class=\"s2\">\u00a0<\/span><span class=\"s4\">Ce bulletin est un outil essentiel pour une gestion proactive de la saison agricole. Les producteurs sont appel\u00e9s \u00e0 s\u2019informer r\u00e9guli\u00e8rement pour adapter leurs pratiques aux conditions climatiques changeantes.<\/span><\/p>\n<p class=\"p1\"><span class=\"s2\">Consultez le bulletin int\u00e9gral ici : http:\/\/bit.ly\/3U8htYr<\/span><\/p>\n<p class=\"p1\"><span class=\"s2\">Rejoignez notre cha\u00eene WhatsApp : https:\/\/whatsapp.com\/channel\/0029Val5qdWEKyZKE8Skpj1V<\/span><\/p>\n","protected":false},"excerpt":{"rendered":"<p>Le dernier bulletin agrom\u00e9t\u00e9orologique d\u00e9cadaire de l\u2019Agence Nationale de la M\u00e9t\u00e9orologie (ANAM), couvrant la p\u00e9riode<\/p>\n","protected":false},"author":2,"featured_media":2316,"comment_status":"open","ping_status":"open","sticky":false,"template":"","format":"standard","meta":{"_et_pb_use_builder":"","_et_pb_old_content":"","_et_gb_content_width":"","footnotes":""},"categories":[1],"tags":[734,81,18,665,664],"class_list":["post-2314","post","type-post","status-publish","format-standard","has-post-thumbnail","hentry","category-faits-divers","tag-agence-nationale-de-la-meteorologie","tag-agriculture","tag-burkina-faso","tag-meteo","tag-meteorologie"],"yoast_head":"<!-- This site is optimized with the Yoast SEO plugin v27.5 - https:\/\/yoast.com\/product\/yoast-seo-wordpress\/ -->\n<title>Burkina Faso : Des pluies intenses attendues, les agriculteurs appel\u00e9s \u00e0 la vigilance - Vox Sahel<\/title>\n<meta name=\"robots\" content=\"index, follow, max-snippet:-1, max-image-preview:large, max-video-preview:-1\" \/>\n<link rel=\"canonical\" href=\"https:\/\/voxsahel.com\/?p=2314\" \/>\n<meta property=\"og:locale\" content=\"fr_FR\" \/>\n<meta property=\"og:type\" content=\"article\" \/>\n<meta property=\"og:title\" content=\"Burkina Faso : Des pluies intenses attendues, les agriculteurs appel\u00e9s \u00e0 la vigilance - Vox Sahel\" \/>\n<meta property=\"og:description\" content=\"Le dernier bulletin agrom\u00e9t\u00e9orologique d\u00e9cadaire de l\u2019Agence Nationale de la M\u00e9t\u00e9orologie (ANAM), couvrant la p\u00e9riode\" \/>\n<meta property=\"og:url\" content=\"https:\/\/voxsahel.com\/?p=2314\" \/>\n<meta property=\"og:site_name\" content=\"Vox Sahel\" \/>\n<meta property=\"article:publisher\" content=\"https:\/\/www.facebook.com\/journal.voxsahel\" \/>\n<meta property=\"article:published_time\" content=\"2025-07-13T22:41:33+00:00\" \/>\n<meta property=\"article:modified_time\" content=\"2025-07-13T22:43:10+00:00\" \/>\n<meta property=\"og:image\" content=\"https:\/\/voxsahel.com\/wp-content\/uploads\/2025\/07\/f930f76c-297c-41c6-b7b4-39125c1922ec.jpeg\" \/>\n\t<meta property=\"og:image:width\" content=\"608\" \/>\n\t<meta property=\"og:image:height\" content=\"606\" \/>\n\t<meta property=\"og:image:type\" content=\"image\/jpeg\" \/>\n<meta name=\"author\" content=\"Vox Sahel\" \/>\n<meta name=\"twitter:card\" content=\"summary_large_image\" \/>\n<meta name=\"twitter:label1\" content=\"\u00c9crit par\" \/>\n\t<meta name=\"twitter:data1\" content=\"Vox Sahel\" \/>\n\t<meta name=\"twitter:label2\" content=\"Dur\u00e9e de lecture estim\u00e9e\" \/>\n\t<meta name=\"twitter:data2\" content=\"3 minutes\" \/>\n<script type=\"application\/ld+json\" class=\"yoast-schema-graph\">{\"@context\":\"https:\\\/\\\/schema.org\",\"@graph\":[{\"@type\":\"Article\",\"@id\":\"https:\\\/\\\/voxsahel.com\\\/?p=2314#article\",\"isPartOf\":{\"@id\":\"https:\\\/\\\/voxsahel.com\\\/?p=2314\"},\"author\":{\"name\":\"Vox Sahel\",\"@id\":\"https:\\\/\\\/voxsahel.com\\\/#\\\/schema\\\/person\\\/b4043608248f8fa227cd760e7ff1e19e\"},\"headline\":\"Burkina Faso : Des pluies intenses attendues, les agriculteurs appel\u00e9s \u00e0 la vigilance\",\"datePublished\":\"2025-07-13T22:41:33+00:00\",\"dateModified\":\"2025-07-13T22:43:10+00:00\",\"mainEntityOfPage\":{\"@id\":\"https:\\\/\\\/voxsahel.com\\\/?p=2314\"},\"wordCount\":557,\"commentCount\":0,\"publisher\":{\"@id\":\"https:\\\/\\\/voxsahel.com\\\/#organization\"},\"image\":{\"@id\":\"https:\\\/\\\/voxsahel.com\\\/?p=2314#primaryimage\"},\"thumbnailUrl\":\"https:\\\/\\\/voxsahel.com\\\/wp-content\\\/uploads\\\/2025\\\/07\\\/f930f76c-297c-41c6-b7b4-39125c1922ec.jpeg\",\"keywords\":[\"Agence Nationale de la M\u00e9t\u00e9orologie\",\"Agriculture\",\"Burkina Faso\",\"M\u00e9t\u00e9o\",\"M\u00e9t\u00e9orologie\"],\"articleSection\":[\"FAITS DIVERS\"],\"inLanguage\":\"fr-FR\",\"potentialAction\":[{\"@type\":\"CommentAction\",\"name\":\"Comment\",\"target\":[\"https:\\\/\\\/voxsahel.com\\\/?p=2314#respond\"]}]},{\"@type\":\"WebPage\",\"@id\":\"https:\\\/\\\/voxsahel.com\\\/?p=2314\",\"url\":\"https:\\\/\\\/voxsahel.com\\\/?p=2314\",\"name\":\"Burkina Faso : Des pluies intenses attendues, les agriculteurs appel\u00e9s \u00e0 la vigilance - Vox Sahel\",\"isPartOf\":{\"@id\":\"https:\\\/\\\/voxsahel.com\\\/#website\"},\"primaryImageOfPage\":{\"@id\":\"https:\\\/\\\/voxsahel.com\\\/?p=2314#primaryimage\"},\"image\":{\"@id\":\"https:\\\/\\\/voxsahel.com\\\/?p=2314#primaryimage\"},\"thumbnailUrl\":\"https:\\\/\\\/voxsahel.com\\\/wp-content\\\/uploads\\\/2025\\\/07\\\/f930f76c-297c-41c6-b7b4-39125c1922ec.jpeg\",\"datePublished\":\"2025-07-13T22:41:33+00:00\",\"dateModified\":\"2025-07-13T22:43:10+00:00\",\"breadcrumb\":{\"@id\":\"https:\\\/\\\/voxsahel.com\\\/?p=2314#breadcrumb\"},\"inLanguage\":\"fr-FR\",\"potentialAction\":[{\"@type\":\"ReadAction\",\"target\":[\"https:\\\/\\\/voxsahel.com\\\/?p=2314\"]}]},{\"@type\":\"ImageObject\",\"inLanguage\":\"fr-FR\",\"@id\":\"https:\\\/\\\/voxsahel.com\\\/?p=2314#primaryimage\",\"url\":\"https:\\\/\\\/voxsahel.com\\\/wp-content\\\/uploads\\\/2025\\\/07\\\/f930f76c-297c-41c6-b7b4-39125c1922ec.jpeg\",\"contentUrl\":\"https:\\\/\\\/voxsahel.com\\\/wp-content\\\/uploads\\\/2025\\\/07\\\/f930f76c-297c-41c6-b7b4-39125c1922ec.jpeg\",\"width\":608,\"height\":606},{\"@type\":\"BreadcrumbList\",\"@id\":\"https:\\\/\\\/voxsahel.com\\\/?p=2314#breadcrumb\",\"itemListElement\":[{\"@type\":\"ListItem\",\"position\":1,\"name\":\"Home\",\"item\":\"https:\\\/\\\/voxsahel.com\\\/\"},{\"@type\":\"ListItem\",\"position\":2,\"name\":\"Burkina Faso : Des pluies intenses attendues, les agriculteurs appel\u00e9s \u00e0 la vigilance\"}]},{\"@type\":\"WebSite\",\"@id\":\"https:\\\/\\\/voxsahel.com\\\/#website\",\"url\":\"https:\\\/\\\/voxsahel.com\\\/\",\"name\":\"Vox Sahel\",\"description\":\"Informez-vous sur le Sahel en un clic\",\"publisher\":{\"@id\":\"https:\\\/\\\/voxsahel.com\\\/#organization\"},\"potentialAction\":[{\"@type\":\"SearchAction\",\"target\":{\"@type\":\"EntryPoint\",\"urlTemplate\":\"https:\\\/\\\/voxsahel.com\\\/?s={search_term_string}\"},\"query-input\":{\"@type\":\"PropertyValueSpecification\",\"valueRequired\":true,\"valueName\":\"search_term_string\"}}],\"inLanguage\":\"fr-FR\"},{\"@type\":\"Organization\",\"@id\":\"https:\\\/\\\/voxsahel.com\\\/#organization\",\"name\":\"Vox Sahel\",\"url\":\"https:\\\/\\\/voxsahel.com\\\/\",\"logo\":{\"@type\":\"ImageObject\",\"inLanguage\":\"fr-FR\",\"@id\":\"https:\\\/\\\/voxsahel.com\\\/#\\\/schema\\\/logo\\\/image\\\/\",\"url\":\"https:\\\/\\\/voxsahel.com\\\/wp-content\\\/uploads\\\/2024\\\/09\\\/Logo-Vox-Sahel.jpg\",\"contentUrl\":\"https:\\\/\\\/voxsahel.com\\\/wp-content\\\/uploads\\\/2024\\\/09\\\/Logo-Vox-Sahel.jpg\",\"width\":1181,\"height\":848,\"caption\":\"Vox Sahel\"},\"image\":{\"@id\":\"https:\\\/\\\/voxsahel.com\\\/#\\\/schema\\\/logo\\\/image\\\/\"},\"sameAs\":[\"https:\\\/\\\/www.facebook.com\\\/journal.voxsahel\"]},{\"@type\":\"Person\",\"@id\":\"https:\\\/\\\/voxsahel.com\\\/#\\\/schema\\\/person\\\/b4043608248f8fa227cd760e7ff1e19e\",\"name\":\"Vox Sahel\",\"image\":{\"@type\":\"ImageObject\",\"inLanguage\":\"fr-FR\",\"@id\":\"https:\\\/\\\/secure.gravatar.com\\\/avatar\\\/f70e7fa0cb9b29d4a7c5788d6eb2e9ab4d3135cbae1c9161810fdf77a8964699?s=96&d=mm&r=g\",\"url\":\"https:\\\/\\\/secure.gravatar.com\\\/avatar\\\/f70e7fa0cb9b29d4a7c5788d6eb2e9ab4d3135cbae1c9161810fdf77a8964699?s=96&d=mm&r=g\",\"contentUrl\":\"https:\\\/\\\/secure.gravatar.com\\\/avatar\\\/f70e7fa0cb9b29d4a7c5788d6eb2e9ab4d3135cbae1c9161810fdf77a8964699?s=96&d=mm&r=g\",\"caption\":\"Vox Sahel\"},\"sameAs\":[\"http:\\\/\\\/www.voxsahel.com\"],\"url\":\"https:\\\/\\\/voxsahel.com\\\/?author=2\"}]}<\/script>\n<!-- \/ Yoast SEO plugin. -->","yoast_head_json":{"title":"Burkina Faso : Des pluies intenses attendues, les agriculteurs appel\u00e9s \u00e0 la vigilance - Vox Sahel","robots":{"index":"index","follow":"follow","max-snippet":"max-snippet:-1","max-image-preview":"max-image-preview:large","max-video-preview":"max-video-preview:-1"},"canonical":"https:\/\/voxsahel.com\/?p=2314","og_locale":"fr_FR","og_type":"article","og_title":"Burkina Faso : Des pluies intenses attendues, les agriculteurs appel\u00e9s \u00e0 la vigilance - Vox Sahel","og_description":"Le dernier bulletin agrom\u00e9t\u00e9orologique d\u00e9cadaire de l\u2019Agence Nationale de la M\u00e9t\u00e9orologie (ANAM), couvrant la p\u00e9riode","og_url":"https:\/\/voxsahel.com\/?p=2314","og_site_name":"Vox Sahel","article_publisher":"https:\/\/www.facebook.com\/journal.voxsahel","article_published_time":"2025-07-13T22:41:33+00:00","article_modified_time":"2025-07-13T22:43:10+00:00","og_image":[{"width":608,"height":606,"url":"https:\/\/voxsahel.com\/wp-content\/uploads\/2025\/07\/f930f76c-297c-41c6-b7b4-39125c1922ec.jpeg","type":"image\/jpeg"}],"author":"Vox Sahel","twitter_card":"summary_large_image","twitter_misc":{"\u00c9crit par":"Vox Sahel","Dur\u00e9e de lecture estim\u00e9e":"3 minutes"},"schema":{"@context":"https:\/\/schema.org","@graph":[{"@type":"Article","@id":"https:\/\/voxsahel.com\/?p=2314#article","isPartOf":{"@id":"https:\/\/voxsahel.com\/?p=2314"},"author":{"name":"Vox Sahel","@id":"https:\/\/voxsahel.com\/#\/schema\/person\/b4043608248f8fa227cd760e7ff1e19e"},"headline":"Burkina Faso : Des pluies intenses attendues, les agriculteurs appel\u00e9s \u00e0 la vigilance","datePublished":"2025-07-13T22:41:33+00:00","dateModified":"2025-07-13T22:43:10+00:00","mainEntityOfPage":{"@id":"https:\/\/voxsahel.com\/?p=2314"},"wordCount":557,"commentCount":0,"publisher":{"@id":"https:\/\/voxsahel.com\/#organization"},"image":{"@id":"https:\/\/voxsahel.com\/?p=2314#primaryimage"},"thumbnailUrl":"https:\/\/voxsahel.com\/wp-content\/uploads\/2025\/07\/f930f76c-297c-41c6-b7b4-39125c1922ec.jpeg","keywords":["Agence Nationale de la M\u00e9t\u00e9orologie","Agriculture","Burkina Faso","M\u00e9t\u00e9o","M\u00e9t\u00e9orologie"],"articleSection":["FAITS DIVERS"],"inLanguage":"fr-FR","potentialAction":[{"@type":"CommentAction","name":"Comment","target":["https:\/\/voxsahel.com\/?p=2314#respond"]}]},{"@type":"WebPage","@id":"https:\/\/voxsahel.com\/?p=2314","url":"https:\/\/voxsahel.com\/?p=2314","name":"Burkina Faso : Des pluies intenses attendues, les agriculteurs appel\u00e9s \u00e0 la vigilance - Vox Sahel","isPartOf":{"@id":"https:\/\/voxsahel.com\/#website"},"primaryImageOfPage":{"@id":"https:\/\/voxsahel.com\/?p=2314#primaryimage"},"image":{"@id":"https:\/\/voxsahel.com\/?p=2314#primaryimage"},"thumbnailUrl":"https:\/\/voxsahel.com\/wp-content\/uploads\/2025\/07\/f930f76c-297c-41c6-b7b4-39125c1922ec.jpeg","datePublished":"2025-07-13T22:41:33+00:00","dateModified":"2025-07-13T22:43:10+00:00","breadcrumb":{"@id":"https:\/\/voxsahel.com\/?p=2314#breadcrumb"},"inLanguage":"fr-FR","potentialAction":[{"@type":"ReadAction","target":["https:\/\/voxsahel.com\/?p=2314"]}]},{"@type":"ImageObject","inLanguage":"fr-FR","@id":"https:\/\/voxsahel.com\/?p=2314#primaryimage","url":"https:\/\/voxsahel.com\/wp-content\/uploads\/2025\/07\/f930f76c-297c-41c6-b7b4-39125c1922ec.jpeg","contentUrl":"https:\/\/voxsahel.com\/wp-content\/uploads\/2025\/07\/f930f76c-297c-41c6-b7b4-39125c1922ec.jpeg","width":608,"height":606},{"@type":"BreadcrumbList","@id":"https:\/\/voxsahel.com\/?p=2314#breadcrumb","itemListElement":[{"@type":"ListItem","position":1,"name":"Home","item":"https:\/\/voxsahel.com\/"},{"@type":"ListItem","position":2,"name":"Burkina Faso : Des pluies intenses attendues, les agriculteurs appel\u00e9s \u00e0 la vigilance"}]},{"@type":"WebSite","@id":"https:\/\/voxsahel.com\/#website","url":"https:\/\/voxsahel.com\/","name":"Vox Sahel","description":"Informez-vous sur le Sahel en un clic","publisher":{"@id":"https:\/\/voxsahel.com\/#organization"},"potentialAction":[{"@type":"SearchAction","target":{"@type":"EntryPoint","urlTemplate":"https:\/\/voxsahel.com\/?s={search_term_string}"},"query-input":{"@type":"PropertyValueSpecification","valueRequired":true,"valueName":"search_term_string"}}],"inLanguage":"fr-FR"},{"@type":"Organization","@id":"https:\/\/voxsahel.com\/#organization","name":"Vox Sahel","url":"https:\/\/voxsahel.com\/","logo":{"@type":"ImageObject","inLanguage":"fr-FR","@id":"https:\/\/voxsahel.com\/#\/schema\/logo\/image\/","url":"https:\/\/voxsahel.com\/wp-content\/uploads\/2024\/09\/Logo-Vox-Sahel.jpg","contentUrl":"https:\/\/voxsahel.com\/wp-content\/uploads\/2024\/09\/Logo-Vox-Sahel.jpg","width":1181,"height":848,"caption":"Vox Sahel"},"image":{"@id":"https:\/\/voxsahel.com\/#\/schema\/logo\/image\/"},"sameAs":["https:\/\/www.facebook.com\/journal.voxsahel"]},{"@type":"Person","@id":"https:\/\/voxsahel.com\/#\/schema\/person\/b4043608248f8fa227cd760e7ff1e19e","name":"Vox Sahel","image":{"@type":"ImageObject","inLanguage":"fr-FR","@id":"https:\/\/secure.gravatar.com\/avatar\/f70e7fa0cb9b29d4a7c5788d6eb2e9ab4d3135cbae1c9161810fdf77a8964699?s=96&d=mm&r=g","url":"https:\/\/secure.gravatar.com\/avatar\/f70e7fa0cb9b29d4a7c5788d6eb2e9ab4d3135cbae1c9161810fdf77a8964699?s=96&d=mm&r=g","contentUrl":"https:\/\/secure.gravatar.com\/avatar\/f70e7fa0cb9b29d4a7c5788d6eb2e9ab4d3135cbae1c9161810fdf77a8964699?s=96&d=mm&r=g","caption":"Vox Sahel"},"sameAs":["http:\/\/www.voxsahel.com"],"url":"https:\/\/voxsahel.com\/?author=2"}]}},"_links":{"self":[{"href":"https:\/\/voxsahel.com\/index.php?rest_route=\/wp\/v2\/posts\/2314","targetHints":{"allow":["GET"]}}],"collection":[{"href":"https:\/\/voxsahel.com\/index.php?rest_route=\/wp\/v2\/posts"}],"about":[{"href":"https:\/\/voxsahel.com\/index.php?rest_route=\/wp\/v2\/types\/post"}],"author":[{"embeddable":true,"href":"https:\/\/voxsahel.com\/index.php?rest_route=\/wp\/v2\/users\/2"}],"replies":[{"embeddable":true,"href":"https:\/\/voxsahel.com\/index.php?rest_route=%2Fwp%2Fv2%2Fcomments&post=2314"}],"version-history":[{"count":1,"href":"https:\/\/voxsahel.com\/index.php?rest_route=\/wp\/v2\/posts\/2314\/revisions"}],"predecessor-version":[{"id":2317,"href":"https:\/\/voxsahel.com\/index.php?rest_route=\/wp\/v2\/posts\/2314\/revisions\/2317"}],"wp:featuredmedia":[{"embeddable":true,"href":"https:\/\/voxsahel.com\/index.php?rest_route=\/wp\/v2\/media\/2316"}],"wp:attachment":[{"href":"https:\/\/voxsahel.com\/index.php?rest_route=%2Fwp%2Fv2%2Fmedia&parent=2314"}],"wp:term":[{"taxonomy":"category","embeddable":true,"href":"https:\/\/voxsahel.com\/index.php?rest_route=%2Fwp%2Fv2%2Fcategories&post=2314"},{"taxonomy":"post_tag","embeddable":true,"href":"https:\/\/voxsahel.com\/index.php?rest_route=%2Fwp%2Fv2%2Ftags&post=2314"}],"curies":[{"name":"wp","href":"https:\/\/api.w.org\/{rel}","templated":true}]}}