{"id":2308,"date":"2025-07-13T09:56:48","date_gmt":"2025-07-13T09:56:48","guid":{"rendered":"https:\/\/voxsahel.com\/?p=2308"},"modified":"2025-07-13T09:56:48","modified_gmt":"2025-07-13T09:56:48","slug":"islam-et-reseaux-sociaux-la-faib-forme-plus-de-250-imams-et-precheurs-a-un-discours-responsable-a-lere-numerique","status":"publish","type":"post","link":"https:\/\/voxsahel.com\/?p=2308","title":{"rendered":"Islam et r\u00e9seaux sociaux : la FAIB forme plus de 250 imams et pr\u00eacheurs \u00e0 un discours responsable \u00e0 l\u2019\u00e8re num\u00e9rique"},"content":{"rendered":"<p class=\"p1\">Face \u00e0 la mont\u00e9e des discours haineux et \u00e0 la mauvaise utilisation des r\u00e9seaux sociaux, la F\u00e9d\u00e9ration des associations islamiques du Burkina (FAIB) a lanc\u00e9, ce samedi 12 juillet \u00e0 Ouagadougou, une session de formation \u00e0 l\u2019intention de plus de 250 imams, pr\u00eacheurs et pr\u00e9dicateurs. L\u2019initiative, qui se tient sur deux jours, porte sur l\u2019harmonisation du discours islamique et l\u2019utilisation responsable des r\u00e9seaux sociaux.<\/p>\n<p class=\"p1\"><span class=\"s2\">Plac\u00e9e sous le th\u00e8me <\/span><span class=\"s3\">\u00ab L\u2019\u00e9thique du discours islamique \u00e0 l\u2019\u00e8re du num\u00e9rique \u00bb<\/span><span class=\"s2\">, la formation vise \u00e0 promouvoir une parole religieuse apais\u00e9e, conforme aux enseignements de l\u2019islam, respectueuse de la diversit\u00e9 et au service de la coh\u00e9sion sociale au Burkina Faso.<\/span><\/p>\n<p class=\"p1\"><span class=\"s2\">Selon le pr\u00e9sident du pr\u00e9sidium de la FAIB, Aboubacar Yugo, il s\u2019agit de contribuer \u00e0 harmoniser le message islamique dans une dynamique de paix et de vivre-ensemble :<br \/>\n<\/span><span class=\"s3\">\u00ab Les r\u00e9seaux sociaux, en tant qu\u2019outils de communication, peuvent \u00eatre nuisibles s\u2019ils sont mal utilis\u00e9s. Ils doivent servir la v\u00e9rit\u00e9 et l\u2019unit\u00e9, et non la discorde \u00bb,<\/span><span class=\"s2\"> a-t-il martel\u00e9.<\/span><\/p>\n<p class=\"p1\"><span class=\"s2\">Pour renforcer cette sensibilisation, la Brigade centrale de lutte contre la cybercriminalit\u00e9 (BCLCC) a \u00e9t\u00e9 associ\u00e9e \u00e0 la session afin d\u2019outiller les participants sur les dangers des discours haineux en ligne. Une d\u00e9marche salu\u00e9e par le ministre de la S\u00e9curit\u00e9, Mahamadou Sana, pr\u00e9sent \u00e0 la c\u00e9r\u00e9monie d\u2019ouverture. Il a soulign\u00e9 l\u2019importance de l\u2019initiative dans un contexte s\u00e9curitaire tendu :<br \/>\n<\/span><span class=\"s3\">\u00ab La lutte contre les discours de haine sur les r\u00e9seaux sociaux est un enjeu majeur pour pr\u00e9server la coh\u00e9sion nationale \u00bb,<\/span><span class=\"s2\"> a-t-il d\u00e9clar\u00e9.<\/span><\/p>\n<p class=\"p1\"><span class=\"s2\">La formation a \u00e9t\u00e9 ponctu\u00e9e par une conf\u00e9rence en arabe anim\u00e9e par le Dr Cheick Aboubacar Doukour\u00e9, qui a d\u00e9velopp\u00e9 le th\u00e8me principal : <\/span><span class=\"s3\">\u00ab Le discours islamique : fondements, contenu, finalit\u00e9s spirituelles et m\u00e9thodologies p\u00e9dagogiques en lien avec la tradition proph\u00e9tique \u00bb<\/span><span class=\"s2\">.<\/span><\/p>\n<p class=\"p1\"><span class=\"s2\">\u00c0 l\u2019issue des travaux, les participants ont convenu de l\u2019\u00e9laboration d\u2019un <\/span><span class=\"s1\">code de conduite<\/span><span class=\"s2\"> pour encadrer la parole publique islamique au Burkina Faso. Ce document, une fois finalis\u00e9, servira de boussole \u00e9thique pour les pr\u00e9dicateurs dans leurs interventions publiques, notamment sur les plateformes num\u00e9riques.<\/span><\/p>\n<p class=\"p1\"><span class=\"s2\">Cette formation s\u2019inscrit dans la continuit\u00e9 d\u2019une action amorc\u00e9e le 7 juillet dernier, lorsque la FAIB avait remis au gouvernement un <\/span><span class=\"s1\">guide du discours alternatif \u00e0 la propagande terroriste<\/span><span class=\"s2\">. Ce document invite les musulmans burkinab\u00e8 \u00e0 rejeter les discours de haine, de division et de violence propag\u00e9s par les groupes extr\u00e9mistes.<\/span><\/p>\n<p class=\"p1\"><span class=\"s2\">En renfor\u00e7ant les capacit\u00e9s des leaders religieux sur les enjeux du num\u00e9rique, la FAIB entend ainsi jouer pleinement sa partition dans la lutte contre la radicalisation et la pr\u00e9servation du vivre-ensemble au Burkina Faso.<\/span><\/p>\n<p class=\"p1\" style=\"text-align: right;\"><span class=\"s2\"><b>Par Vox Sahel <\/b><\/span><\/p>\n","protected":false},"excerpt":{"rendered":"<p>Face \u00e0 la mont\u00e9e des discours haineux et \u00e0 la mauvaise utilisation des r\u00e9seaux sociaux,<\/p>\n","protected":false},"author":2,"featured_media":2309,"comment_status":"open","ping_status":"open","sticky":false,"template":"","format":"standard","meta":{"_et_pb_use_builder":"","_et_pb_old_content":"","_et_gb_content_width":"","footnotes":""},"categories":[5],"tags":[18,368,676,397,670,367,387,227,139,20],"class_list":["post-2308","post","type-post","status-publish","format-standard","has-post-thumbnail","hentry","category-societe","tag-burkina-faso","tag-communaute-musulmane-du-burkina-faso","tag-crise-securitaire","tag-federation-des-associations-islamiques-du-burkina","tag-islam","tag-paix","tag-religion","tag-reseaux-sociaux","tag-securite","tag-terrorisme"],"yoast_head":"<!-- This site is optimized with the Yoast SEO plugin v27.5 - https:\/\/yoast.com\/product\/yoast-seo-wordpress\/ -->\n<title>Islam et r\u00e9seaux sociaux : la FAIB forme plus de 250 imams et pr\u00eacheurs \u00e0 un discours responsable \u00e0 l\u2019\u00e8re num\u00e9rique - Vox Sahel<\/title>\n<meta name=\"robots\" content=\"index, follow, max-snippet:-1, max-image-preview:large, max-video-preview:-1\" \/>\n<link rel=\"canonical\" href=\"https:\/\/voxsahel.com\/?p=2308\" \/>\n<meta property=\"og:locale\" content=\"fr_FR\" \/>\n<meta property=\"og:type\" content=\"article\" \/>\n<meta property=\"og:title\" content=\"Islam et r\u00e9seaux sociaux : la FAIB forme plus de 250 imams et pr\u00eacheurs \u00e0 un discours responsable \u00e0 l\u2019\u00e8re num\u00e9rique - Vox Sahel\" \/>\n<meta property=\"og:description\" content=\"Face \u00e0 la mont\u00e9e des discours haineux et \u00e0 la mauvaise utilisation des r\u00e9seaux sociaux,\" \/>\n<meta property=\"og:url\" content=\"https:\/\/voxsahel.com\/?p=2308\" \/>\n<meta property=\"og:site_name\" content=\"Vox Sahel\" \/>\n<meta property=\"article:publisher\" content=\"https:\/\/www.facebook.com\/journal.voxsahel\" \/>\n<meta property=\"article:published_time\" content=\"2025-07-13T09:56:48+00:00\" \/>\n<meta property=\"og:image\" content=\"https:\/\/voxsahel.com\/wp-content\/uploads\/2025\/07\/IMG_2432.jpeg\" \/>\n\t<meta property=\"og:image:width\" content=\"1280\" \/>\n\t<meta property=\"og:image:height\" content=\"567\" \/>\n\t<meta property=\"og:image:type\" content=\"image\/jpeg\" \/>\n<meta name=\"author\" content=\"Vox Sahel\" \/>\n<meta name=\"twitter:card\" content=\"summary_large_image\" \/>\n<meta name=\"twitter:label1\" content=\"\u00c9crit par\" \/>\n\t<meta name=\"twitter:data1\" content=\"Vox Sahel\" \/>\n\t<meta name=\"twitter:label2\" content=\"Dur\u00e9e de lecture estim\u00e9e\" \/>\n\t<meta name=\"twitter:data2\" content=\"3 minutes\" \/>\n<script type=\"application\/ld+json\" class=\"yoast-schema-graph\">{\"@context\":\"https:\\\/\\\/schema.org\",\"@graph\":[{\"@type\":\"Article\",\"@id\":\"https:\\\/\\\/voxsahel.com\\\/?p=2308#article\",\"isPartOf\":{\"@id\":\"https:\\\/\\\/voxsahel.com\\\/?p=2308\"},\"author\":{\"name\":\"Vox Sahel\",\"@id\":\"https:\\\/\\\/voxsahel.com\\\/#\\\/schema\\\/person\\\/b4043608248f8fa227cd760e7ff1e19e\"},\"headline\":\"Islam et r\u00e9seaux sociaux : la FAIB forme plus de 250 imams et pr\u00eacheurs \u00e0 un discours responsable \u00e0 l\u2019\u00e8re num\u00e9rique\",\"datePublished\":\"2025-07-13T09:56:48+00:00\",\"mainEntityOfPage\":{\"@id\":\"https:\\\/\\\/voxsahel.com\\\/?p=2308\"},\"wordCount\":483,\"commentCount\":0,\"publisher\":{\"@id\":\"https:\\\/\\\/voxsahel.com\\\/#organization\"},\"image\":{\"@id\":\"https:\\\/\\\/voxsahel.com\\\/?p=2308#primaryimage\"},\"thumbnailUrl\":\"https:\\\/\\\/voxsahel.com\\\/wp-content\\\/uploads\\\/2025\\\/07\\\/IMG_2432.jpeg\",\"keywords\":[\"Burkina Faso\",\"Communaut\u00e9 musulmane du Burkina Faso\",\"Crise s\u00e9curitaire\",\"F\u00e9d\u00e9ration des associations islamiques du Burkina\",\"Islam\",\"Paix\",\"Religion\",\"R\u00e9seaux sociaux\",\"S\u00e9curit\u00e9\",\"Terrorisme\"],\"articleSection\":[\"SOCIETE\"],\"inLanguage\":\"fr-FR\",\"potentialAction\":[{\"@type\":\"CommentAction\",\"name\":\"Comment\",\"target\":[\"https:\\\/\\\/voxsahel.com\\\/?p=2308#respond\"]}]},{\"@type\":\"WebPage\",\"@id\":\"https:\\\/\\\/voxsahel.com\\\/?p=2308\",\"url\":\"https:\\\/\\\/voxsahel.com\\\/?p=2308\",\"name\":\"Islam et r\u00e9seaux sociaux : la FAIB forme plus de 250 imams et pr\u00eacheurs \u00e0 un discours responsable \u00e0 l\u2019\u00e8re num\u00e9rique - Vox Sahel\",\"isPartOf\":{\"@id\":\"https:\\\/\\\/voxsahel.com\\\/#website\"},\"primaryImageOfPage\":{\"@id\":\"https:\\\/\\\/voxsahel.com\\\/?p=2308#primaryimage\"},\"image\":{\"@id\":\"https:\\\/\\\/voxsahel.com\\\/?p=2308#primaryimage\"},\"thumbnailUrl\":\"https:\\\/\\\/voxsahel.com\\\/wp-content\\\/uploads\\\/2025\\\/07\\\/IMG_2432.jpeg\",\"datePublished\":\"2025-07-13T09:56:48+00:00\",\"breadcrumb\":{\"@id\":\"https:\\\/\\\/voxsahel.com\\\/?p=2308#breadcrumb\"},\"inLanguage\":\"fr-FR\",\"potentialAction\":[{\"@type\":\"ReadAction\",\"target\":[\"https:\\\/\\\/voxsahel.com\\\/?p=2308\"]}]},{\"@type\":\"ImageObject\",\"inLanguage\":\"fr-FR\",\"@id\":\"https:\\\/\\\/voxsahel.com\\\/?p=2308#primaryimage\",\"url\":\"https:\\\/\\\/voxsahel.com\\\/wp-content\\\/uploads\\\/2025\\\/07\\\/IMG_2432.jpeg\",\"contentUrl\":\"https:\\\/\\\/voxsahel.com\\\/wp-content\\\/uploads\\\/2025\\\/07\\\/IMG_2432.jpeg\",\"width\":1280,\"height\":567},{\"@type\":\"BreadcrumbList\",\"@id\":\"https:\\\/\\\/voxsahel.com\\\/?p=2308#breadcrumb\",\"itemListElement\":[{\"@type\":\"ListItem\",\"position\":1,\"name\":\"Home\",\"item\":\"https:\\\/\\\/voxsahel.com\\\/\"},{\"@type\":\"ListItem\",\"position\":2,\"name\":\"Islam et r\u00e9seaux sociaux : la FAIB forme plus de 250 imams et pr\u00eacheurs \u00e0 un discours responsable \u00e0 l\u2019\u00e8re num\u00e9rique\"}]},{\"@type\":\"WebSite\",\"@id\":\"https:\\\/\\\/voxsahel.com\\\/#website\",\"url\":\"https:\\\/\\\/voxsahel.com\\\/\",\"name\":\"Vox Sahel\",\"description\":\"Informez-vous sur le Sahel en un clic\",\"publisher\":{\"@id\":\"https:\\\/\\\/voxsahel.com\\\/#organization\"},\"potentialAction\":[{\"@type\":\"SearchAction\",\"target\":{\"@type\":\"EntryPoint\",\"urlTemplate\":\"https:\\\/\\\/voxsahel.com\\\/?s={search_term_string}\"},\"query-input\":{\"@type\":\"PropertyValueSpecification\",\"valueRequired\":true,\"valueName\":\"search_term_string\"}}],\"inLanguage\":\"fr-FR\"},{\"@type\":\"Organization\",\"@id\":\"https:\\\/\\\/voxsahel.com\\\/#organization\",\"name\":\"Vox Sahel\",\"url\":\"https:\\\/\\\/voxsahel.com\\\/\",\"logo\":{\"@type\":\"ImageObject\",\"inLanguage\":\"fr-FR\",\"@id\":\"https:\\\/\\\/voxsahel.com\\\/#\\\/schema\\\/logo\\\/image\\\/\",\"url\":\"https:\\\/\\\/voxsahel.com\\\/wp-content\\\/uploads\\\/2024\\\/09\\\/Logo-Vox-Sahel.jpg\",\"contentUrl\":\"https:\\\/\\\/voxsahel.com\\\/wp-content\\\/uploads\\\/2024\\\/09\\\/Logo-Vox-Sahel.jpg\",\"width\":1181,\"height\":848,\"caption\":\"Vox Sahel\"},\"image\":{\"@id\":\"https:\\\/\\\/voxsahel.com\\\/#\\\/schema\\\/logo\\\/image\\\/\"},\"sameAs\":[\"https:\\\/\\\/www.facebook.com\\\/journal.voxsahel\"]},{\"@type\":\"Person\",\"@id\":\"https:\\\/\\\/voxsahel.com\\\/#\\\/schema\\\/person\\\/b4043608248f8fa227cd760e7ff1e19e\",\"name\":\"Vox Sahel\",\"image\":{\"@type\":\"ImageObject\",\"inLanguage\":\"fr-FR\",\"@id\":\"https:\\\/\\\/secure.gravatar.com\\\/avatar\\\/f70e7fa0cb9b29d4a7c5788d6eb2e9ab4d3135cbae1c9161810fdf77a8964699?s=96&d=mm&r=g\",\"url\":\"https:\\\/\\\/secure.gravatar.com\\\/avatar\\\/f70e7fa0cb9b29d4a7c5788d6eb2e9ab4d3135cbae1c9161810fdf77a8964699?s=96&d=mm&r=g\",\"contentUrl\":\"https:\\\/\\\/secure.gravatar.com\\\/avatar\\\/f70e7fa0cb9b29d4a7c5788d6eb2e9ab4d3135cbae1c9161810fdf77a8964699?s=96&d=mm&r=g\",\"caption\":\"Vox Sahel\"},\"sameAs\":[\"http:\\\/\\\/www.voxsahel.com\"],\"url\":\"https:\\\/\\\/voxsahel.com\\\/?author=2\"}]}<\/script>\n<!-- \/ Yoast SEO plugin. -->","yoast_head_json":{"title":"Islam et r\u00e9seaux sociaux : la FAIB forme plus de 250 imams et pr\u00eacheurs \u00e0 un discours responsable \u00e0 l\u2019\u00e8re num\u00e9rique - Vox Sahel","robots":{"index":"index","follow":"follow","max-snippet":"max-snippet:-1","max-image-preview":"max-image-preview:large","max-video-preview":"max-video-preview:-1"},"canonical":"https:\/\/voxsahel.com\/?p=2308","og_locale":"fr_FR","og_type":"article","og_title":"Islam et r\u00e9seaux sociaux : la FAIB forme plus de 250 imams et pr\u00eacheurs \u00e0 un discours responsable \u00e0 l\u2019\u00e8re num\u00e9rique - Vox Sahel","og_description":"Face \u00e0 la mont\u00e9e des discours haineux et \u00e0 la mauvaise utilisation des r\u00e9seaux sociaux,","og_url":"https:\/\/voxsahel.com\/?p=2308","og_site_name":"Vox Sahel","article_publisher":"https:\/\/www.facebook.com\/journal.voxsahel","article_published_time":"2025-07-13T09:56:48+00:00","og_image":[{"width":1280,"height":567,"url":"https:\/\/voxsahel.com\/wp-content\/uploads\/2025\/07\/IMG_2432.jpeg","type":"image\/jpeg"}],"author":"Vox Sahel","twitter_card":"summary_large_image","twitter_misc":{"\u00c9crit par":"Vox Sahel","Dur\u00e9e de lecture estim\u00e9e":"3 minutes"},"schema":{"@context":"https:\/\/schema.org","@graph":[{"@type":"Article","@id":"https:\/\/voxsahel.com\/?p=2308#article","isPartOf":{"@id":"https:\/\/voxsahel.com\/?p=2308"},"author":{"name":"Vox Sahel","@id":"https:\/\/voxsahel.com\/#\/schema\/person\/b4043608248f8fa227cd760e7ff1e19e"},"headline":"Islam et r\u00e9seaux sociaux : la FAIB forme plus de 250 imams et pr\u00eacheurs \u00e0 un discours responsable \u00e0 l\u2019\u00e8re num\u00e9rique","datePublished":"2025-07-13T09:56:48+00:00","mainEntityOfPage":{"@id":"https:\/\/voxsahel.com\/?p=2308"},"wordCount":483,"commentCount":0,"publisher":{"@id":"https:\/\/voxsahel.com\/#organization"},"image":{"@id":"https:\/\/voxsahel.com\/?p=2308#primaryimage"},"thumbnailUrl":"https:\/\/voxsahel.com\/wp-content\/uploads\/2025\/07\/IMG_2432.jpeg","keywords":["Burkina Faso","Communaut\u00e9 musulmane du Burkina Faso","Crise s\u00e9curitaire","F\u00e9d\u00e9ration des associations islamiques du Burkina","Islam","Paix","Religion","R\u00e9seaux sociaux","S\u00e9curit\u00e9","Terrorisme"],"articleSection":["SOCIETE"],"inLanguage":"fr-FR","potentialAction":[{"@type":"CommentAction","name":"Comment","target":["https:\/\/voxsahel.com\/?p=2308#respond"]}]},{"@type":"WebPage","@id":"https:\/\/voxsahel.com\/?p=2308","url":"https:\/\/voxsahel.com\/?p=2308","name":"Islam et r\u00e9seaux sociaux : la FAIB forme plus de 250 imams et pr\u00eacheurs \u00e0 un discours responsable \u00e0 l\u2019\u00e8re num\u00e9rique - Vox Sahel","isPartOf":{"@id":"https:\/\/voxsahel.com\/#website"},"primaryImageOfPage":{"@id":"https:\/\/voxsahel.com\/?p=2308#primaryimage"},"image":{"@id":"https:\/\/voxsahel.com\/?p=2308#primaryimage"},"thumbnailUrl":"https:\/\/voxsahel.com\/wp-content\/uploads\/2025\/07\/IMG_2432.jpeg","datePublished":"2025-07-13T09:56:48+00:00","breadcrumb":{"@id":"https:\/\/voxsahel.com\/?p=2308#breadcrumb"},"inLanguage":"fr-FR","potentialAction":[{"@type":"ReadAction","target":["https:\/\/voxsahel.com\/?p=2308"]}]},{"@type":"ImageObject","inLanguage":"fr-FR","@id":"https:\/\/voxsahel.com\/?p=2308#primaryimage","url":"https:\/\/voxsahel.com\/wp-content\/uploads\/2025\/07\/IMG_2432.jpeg","contentUrl":"https:\/\/voxsahel.com\/wp-content\/uploads\/2025\/07\/IMG_2432.jpeg","width":1280,"height":567},{"@type":"BreadcrumbList","@id":"https:\/\/voxsahel.com\/?p=2308#breadcrumb","itemListElement":[{"@type":"ListItem","position":1,"name":"Home","item":"https:\/\/voxsahel.com\/"},{"@type":"ListItem","position":2,"name":"Islam et r\u00e9seaux sociaux : la FAIB forme plus de 250 imams et pr\u00eacheurs \u00e0 un discours responsable \u00e0 l\u2019\u00e8re num\u00e9rique"}]},{"@type":"WebSite","@id":"https:\/\/voxsahel.com\/#website","url":"https:\/\/voxsahel.com\/","name":"Vox Sahel","description":"Informez-vous sur le Sahel en un clic","publisher":{"@id":"https:\/\/voxsahel.com\/#organization"},"potentialAction":[{"@type":"SearchAction","target":{"@type":"EntryPoint","urlTemplate":"https:\/\/voxsahel.com\/?s={search_term_string}"},"query-input":{"@type":"PropertyValueSpecification","valueRequired":true,"valueName":"search_term_string"}}],"inLanguage":"fr-FR"},{"@type":"Organization","@id":"https:\/\/voxsahel.com\/#organization","name":"Vox Sahel","url":"https:\/\/voxsahel.com\/","logo":{"@type":"ImageObject","inLanguage":"fr-FR","@id":"https:\/\/voxsahel.com\/#\/schema\/logo\/image\/","url":"https:\/\/voxsahel.com\/wp-content\/uploads\/2024\/09\/Logo-Vox-Sahel.jpg","contentUrl":"https:\/\/voxsahel.com\/wp-content\/uploads\/2024\/09\/Logo-Vox-Sahel.jpg","width":1181,"height":848,"caption":"Vox Sahel"},"image":{"@id":"https:\/\/voxsahel.com\/#\/schema\/logo\/image\/"},"sameAs":["https:\/\/www.facebook.com\/journal.voxsahel"]},{"@type":"Person","@id":"https:\/\/voxsahel.com\/#\/schema\/person\/b4043608248f8fa227cd760e7ff1e19e","name":"Vox Sahel","image":{"@type":"ImageObject","inLanguage":"fr-FR","@id":"https:\/\/secure.gravatar.com\/avatar\/f70e7fa0cb9b29d4a7c5788d6eb2e9ab4d3135cbae1c9161810fdf77a8964699?s=96&d=mm&r=g","url":"https:\/\/secure.gravatar.com\/avatar\/f70e7fa0cb9b29d4a7c5788d6eb2e9ab4d3135cbae1c9161810fdf77a8964699?s=96&d=mm&r=g","contentUrl":"https:\/\/secure.gravatar.com\/avatar\/f70e7fa0cb9b29d4a7c5788d6eb2e9ab4d3135cbae1c9161810fdf77a8964699?s=96&d=mm&r=g","caption":"Vox Sahel"},"sameAs":["http:\/\/www.voxsahel.com"],"url":"https:\/\/voxsahel.com\/?author=2"}]}},"_links":{"self":[{"href":"https:\/\/voxsahel.com\/index.php?rest_route=\/wp\/v2\/posts\/2308","targetHints":{"allow":["GET"]}}],"collection":[{"href":"https:\/\/voxsahel.com\/index.php?rest_route=\/wp\/v2\/posts"}],"about":[{"href":"https:\/\/voxsahel.com\/index.php?rest_route=\/wp\/v2\/types\/post"}],"author":[{"embeddable":true,"href":"https:\/\/voxsahel.com\/index.php?rest_route=\/wp\/v2\/users\/2"}],"replies":[{"embeddable":true,"href":"https:\/\/voxsahel.com\/index.php?rest_route=%2Fwp%2Fv2%2Fcomments&post=2308"}],"version-history":[{"count":1,"href":"https:\/\/voxsahel.com\/index.php?rest_route=\/wp\/v2\/posts\/2308\/revisions"}],"predecessor-version":[{"id":2310,"href":"https:\/\/voxsahel.com\/index.php?rest_route=\/wp\/v2\/posts\/2308\/revisions\/2310"}],"wp:featuredmedia":[{"embeddable":true,"href":"https:\/\/voxsahel.com\/index.php?rest_route=\/wp\/v2\/media\/2309"}],"wp:attachment":[{"href":"https:\/\/voxsahel.com\/index.php?rest_route=%2Fwp%2Fv2%2Fmedia&parent=2308"}],"wp:term":[{"taxonomy":"category","embeddable":true,"href":"https:\/\/voxsahel.com\/index.php?rest_route=%2Fwp%2Fv2%2Fcategories&post=2308"},{"taxonomy":"post_tag","embeddable":true,"href":"https:\/\/voxsahel.com\/index.php?rest_route=%2Fwp%2Fv2%2Ftags&post=2308"}],"curies":[{"name":"wp","href":"https:\/\/api.w.org\/{rel}","templated":true}]}}